{"id":257122,"date":"2021-04-20T09:38:07","date_gmt":"2021-04-20T07:38:07","guid":{"rendered":"https:\/\/acefootball.com\/da\/?p=257122"},"modified":"2021-04-20T10:07:03","modified_gmt":"2021-04-20T08:07:03","slug":"real-boss-taler-ud-derfor-laver-vi-super-league","status":"publish","type":"post","link":"https:\/\/acefootball.com\/da\/fodboldnyheder\/real-boss-taler-ud-derfor-laver-vi-super-league\/","title":{"rendered":"Real-boss taler ud: Derfor laver vi Super League"},"content":{"rendered":"\n<h2 id=\"h-real-madrid-pr-sident-florentino-perez-har-i-et-interview-forklaret-bev-ggrundene-bag-den-nye-super-league\">Real Madrid-pr\u00e6sident Florentino Perez har i et interview forklaret bev\u00e6ggrundene bag den nye Super League<\/h2>\n\n\n\n<p>Den europ\u00e6iske Super League har modtaget storsl\u00e5et kritik for at \u00f8del\u00e6gge fodbolden, men det er ikke den holdning, de grundl\u00e6ggende klubber har.<\/p>\n\n\n\n<p>I stedet er m\u00e5let at redde fodbolden. Det forklarer Real Madrid-pr\u00e6sident, Florentino Perez, der st\u00e5r i spidsen for udbryderligaen.<\/p>\n\n\n\n<p>&#8220;N\u00e5r du ikke har indt\u00e6gter ud over tv-pengene, er l\u00f8sningen at spille mere attraktive kampe. S\u00e5dan kom vi i gang. Vi kom frem til, at ved at lave en Super League i midtugen i stedet for Champions League, ville vi kunne indhente de tabte indt\u00e6gter,&#8221; fort\u00e6ller Perez if\u00f8lge <a href=\"https:\/\/www.mundodeportivo.com\/futbol\/real-madrid\/20210420\/493320637904\/florentino-los-clubes-importantes-tienen-que-dar-una-solucion-a-la-mala-situacion-del-futbol.html\" target=\"_blank\" rel=\"noreferrer noopener\">Mundo Deportivo<\/a>.<\/p>\n\n\n\n<p>Real-bossen fort\u00e6ller samtidig, at Champions League er ved at miste interessen, og der m\u00e5tte \u00e6ndringer til for at bevare fanbasen.<\/p>\n\n\n\n<p>&#8220;Det attraktive er, at de store spiller mod hinanden. Vi g\u00f8r det for at redde fodbolden, som befinder sig i en kritisk periode. Det, der giver penge, er tv, og pengene er til alle. Hvis os i toppen tjener penge, bliver de formidlet videre ned i systemet.&#8221;<\/p>\n\n\n\n<p>Perez giver heller ikke meget for tanken om, at Super League er en lukket afdeling. Alle har muligheden for at komme med men med m\u00e5de.<\/p>\n\n\n\n<p>&#8220;Der er ikke 50 klubber, der kan kvalificere sig. Men klubber som Napoli og Roma kan ogs\u00e5 komme med. Hvis ikke det ene \u00e5r, s\u00e5 det n\u00e6ste. Men det, der giver penge, er de 15 faste medlemmer, som spiller mod hinanden hver uge. Det er det vigtige.&#8221;<\/p>\n\n\n\n<p>Super League kan dog m\u00e5ske blive to medlemmer fattigere, da et par engelske klubber er ved at f\u00e5 kolde f\u00f8dder. L\u00e6s mere her:<\/p>\n\n\n\n<figure class=\"wp-block-embed is-type-wp-embed is-provider-ace-football-danmark wp-block-embed-ace-football-danmark\"><div class=\"wp-block-embed__wrapper\">\n<blockquote class=\"wp-embedded-content\" data-secret=\"mEwpnnV4ER\"><a href=\"https:\/\/acefootball.com\/da\/fodboldnyheder\/journalist-to-engelske-klubber-overvejer-at-droppe-super-league\/\">Journalist: To engelske klubber overvejer at droppe Super League<\/a><\/blockquote><iframe class=\"wp-embedded-content\" sandbox=\"allow-scripts\" security=\"restricted\" style=\"position: absolute; clip: rect(1px, 1px, 1px, 1px);\" title=\"&#8220;Journalist: To engelske klubber overvejer at droppe Super League&#8221; &#8212; Ace Football Danmark\" src=\"https:\/\/acefootball.com\/da\/fodboldnyheder\/journalist-to-engelske-klubber-overvejer-at-droppe-super-league\/embed\/#?secret=mEwpnnV4ER\" data-secret=\"mEwpnnV4ER\" width=\"600\" height=\"338\" frameborder=\"0\" marginwidth=\"0\" marginheight=\"0\" scrolling=\"no\"><\/iframe>\n<\/div><\/figure>\n","protected":false},"excerpt":{"rendered":"<p>Real Madrid-pr\u00e6sident Florentino Perez har i et interview forklaret bev\u00e6ggrundene bag den nye Super League<\/p>\n","protected":false},"author":705,"featured_media":256881,"comment_status":"open","ping_status":"closed","sticky":false,"template":"","format":"standard","meta":{"om_disable_all_campaigns":false,"push_articles_ronaldo":{"active":false,"canonical":0,"publish":false},"force_updates":null},"categories":[8204],"tags":[303,85],"enet_tags":{"league":["87"],"team":["8633"],"sport_events":[]},"yoast_head":"<!-- This site is optimized with the Yoast SEO plugin v18.3 - https:\/\/yoast.com\/wordpress\/plugins\/seo\/ -->\n<title>Real-boss taler ud: Derfor laver vi Super League<\/title>\n<meta name=\"description\" content=\"Real Madrid-pr\u00e6sident Florentino Perez har i et interview forklaret bev\u00e6ggrundene bag den nye Super League\" \/>\n<meta name=\"robots\" content=\"index, follow, max-snippet:-1, max-image-preview:large, max-video-preview:-1\" \/>\n<link rel=\"canonical\" href=\"https:\/\/acefootball.com\/da\/fodboldnyheder\/real-boss-taler-ud-derfor-laver-vi-super-league\/\" \/>\n<meta property=\"og:locale\" content=\"en_US\" \/>\n<meta property=\"og:type\" content=\"article\" \/>\n<meta property=\"og:title\" content=\"Real-boss taler ud: Derfor laver vi Super League\" \/>\n<meta property=\"og:description\" content=\"Real Madrid-pr\u00e6sident Florentino Perez har i et interview forklaret bev\u00e6ggrundene bag den nye Super League\" \/>\n<meta property=\"og:url\" content=\"https:\/\/acefootball.com\/da\/fodboldnyheder\/real-boss-taler-ud-derfor-laver-vi-super-league\/\" \/>\n<meta property=\"og:site_name\" content=\"Ace Football Danmark\" \/>\n<meta property=\"article:publisher\" content=\"https:\/\/www.facebook.com\/acefootballdk\" \/>\n<meta property=\"article:published_time\" content=\"2021-04-20T07:38:07+00:00\" \/>\n<meta property=\"article:modified_time\" content=\"2021-04-20T08:07:03+00:00\" \/>\n<meta property=\"og:image\" content=\"https:\/\/acefootball.com\/da\/wp-content\/uploads\/sites\/2\/2021\/04\/Laes-mere-generel-2021-04-20T093743.575.jpg\" \/>\n\t<meta property=\"og:image:width\" content=\"1920\" \/>\n\t<meta property=\"og:image:height\" content=\"1008\" \/>\n\t<meta property=\"og:image:type\" content=\"image\/jpeg\" \/>\n<meta name=\"twitter:card\" content=\"summary_large_image\" \/>\n<meta name=\"twitter:label1\" content=\"Written by\" \/>\n\t<meta name=\"twitter:data1\" content=\"Mads Dreyer\" \/>\n\t<meta name=\"twitter:label2\" content=\"Est. reading time\" \/>\n\t<meta name=\"twitter:data2\" content=\"2 minutes\" \/>\n<script type=\"application\/ld+json\" class=\"yoast-schema-graph\">{\"@context\":\"https:\/\/schema.org\",\"@graph\":[{\"@type\":\"Organization\",\"@id\":\"https:\/\/acefootball.com\/da\/#organization\",\"name\":\"Ace Football\",\"url\":\"https:\/\/acefootball.com\/da\/\",\"sameAs\":[\"https:\/\/www.facebook.com\/acefootballdk\"],\"logo\":{\"@type\":\"ImageObject\",\"@id\":\"https:\/\/acefootball.com\/da\/#logo\",\"inLanguage\":\"en-US\",\"url\":\"https:\/\/acefootball.com\/da\/wp-content\/uploads\/sites\/2\/2020\/07\/Ace-Football-30-07-2020-2.png\",\"contentUrl\":\"https:\/\/acefootball.com\/da\/wp-content\/uploads\/sites\/2\/2020\/07\/Ace-Football-30-07-2020-2.png\",\"width\":1200,\"height\":600,\"caption\":\"Ace Football\"},\"image\":{\"@id\":\"https:\/\/acefootball.com\/da\/#logo\"}},{\"@type\":\"WebSite\",\"@id\":\"https:\/\/acefootball.com\/da\/#website\",\"url\":\"https:\/\/acefootball.com\/da\/\",\"name\":\"Ace Football Danmark\",\"description\":\"Nyheder, Spiltips &amp; Livescore\",\"publisher\":{\"@id\":\"https:\/\/acefootball.com\/da\/#organization\"},\"potentialAction\":[{\"@type\":\"SearchAction\",\"target\":{\"@type\":\"EntryPoint\",\"urlTemplate\":\"https:\/\/acefootball.com\/da\/?s={search_term_string}\"},\"query-input\":\"required name=search_term_string\"}],\"inLanguage\":\"en-US\"},{\"@type\":\"ImageObject\",\"@id\":\"https:\/\/acefootball.com\/da\/fodboldnyheder\/real-boss-taler-ud-derfor-laver-vi-super-league\/#primaryimage\",\"inLanguage\":\"en-US\",\"url\":\"https:\/\/acefootball.com\/da\/wp-content\/uploads\/sites\/2\/2021\/04\/Laes-mere-generel-2021-04-20T093743.575.jpg\",\"contentUrl\":\"https:\/\/acefootball.com\/da\/wp-content\/uploads\/sites\/2\/2021\/04\/Laes-mere-generel-2021-04-20T093743.575.jpg\",\"width\":1920,\"height\":1008,\"caption\":\"real madrid\"},{\"@type\":\"WebPage\",\"@id\":\"https:\/\/acefootball.com\/da\/fodboldnyheder\/real-boss-taler-ud-derfor-laver-vi-super-league\/#webpage\",\"url\":\"https:\/\/acefootball.com\/da\/fodboldnyheder\/real-boss-taler-ud-derfor-laver-vi-super-league\/\",\"name\":\"Real-boss taler ud: Derfor laver vi Super League\",\"isPartOf\":{\"@id\":\"https:\/\/acefootball.com\/da\/#website\"},\"primaryImageOfPage\":{\"@id\":\"https:\/\/acefootball.com\/da\/fodboldnyheder\/real-boss-taler-ud-derfor-laver-vi-super-league\/#primaryimage\"},\"datePublished\":\"2021-04-20T07:38:07+00:00\",\"dateModified\":\"2021-04-20T08:07:03+00:00\",\"description\":\"Real Madrid-pr\u00e6sident Florentino Perez har i et interview forklaret bev\u00e6ggrundene bag den nye Super League\",\"breadcrumb\":{\"@id\":\"https:\/\/acefootball.com\/da\/fodboldnyheder\/real-boss-taler-ud-derfor-laver-vi-super-league\/#breadcrumb\"},\"inLanguage\":\"en-US\",\"potentialAction\":[{\"@type\":\"ReadAction\",\"target\":[\"https:\/\/acefootball.com\/da\/fodboldnyheder\/real-boss-taler-ud-derfor-laver-vi-super-league\/\"]}]},{\"@type\":\"BreadcrumbList\",\"@id\":\"https:\/\/acefootball.com\/da\/fodboldnyheder\/real-boss-taler-ud-derfor-laver-vi-super-league\/#breadcrumb\",\"itemListElement\":[{\"@type\":\"ListItem\",\"position\":1,\"name\":\"Home\",\"item\":\"https:\/\/acefootball.com\/da\/\"},{\"@type\":\"ListItem\",\"position\":2,\"name\":\"Real-boss taler ud: Derfor laver vi Super League\"}]},{\"@type\":\"Article\",\"@id\":\"https:\/\/acefootball.com\/da\/fodboldnyheder\/real-boss-taler-ud-derfor-laver-vi-super-league\/#article\",\"isPartOf\":{\"@id\":\"https:\/\/acefootball.com\/da\/fodboldnyheder\/real-boss-taler-ud-derfor-laver-vi-super-league\/#webpage\"},\"author\":{\"@id\":\"https:\/\/acefootball.com\/da\/#\/schema\/person\/ee67e9cf04a276f144100ffa722f10cd\"},\"headline\":\"Real-boss taler ud: Derfor laver vi Super League\",\"datePublished\":\"2021-04-20T07:38:07+00:00\",\"dateModified\":\"2021-04-20T08:07:03+00:00\",\"mainEntityOfPage\":{\"@id\":\"https:\/\/acefootball.com\/da\/fodboldnyheder\/real-boss-taler-ud-derfor-laver-vi-super-league\/#webpage\"},\"wordCount\":304,\"commentCount\":0,\"publisher\":{\"@id\":\"https:\/\/acefootball.com\/da\/#organization\"},\"image\":{\"@id\":\"https:\/\/acefootball.com\/da\/fodboldnyheder\/real-boss-taler-ud-derfor-laver-vi-super-league\/#primaryimage\"},\"thumbnailUrl\":\"https:\/\/acefootball.com\/da\/wp-content\/uploads\/sites\/2\/2021\/04\/GettyImages-1208030988.jpg\",\"keywords\":[\"La Liga\",\"Real Madrid\"],\"articleSection\":[\"Udtalelse\"],\"inLanguage\":\"en-US\",\"potentialAction\":[{\"@type\":\"CommentAction\",\"name\":\"Comment\",\"target\":[\"https:\/\/acefootball.com\/da\/fodboldnyheder\/real-boss-taler-ud-derfor-laver-vi-super-league\/#respond\"]}]},{\"@type\":\"Person\",\"@id\":\"https:\/\/acefootball.com\/da\/#\/schema\/person\/ee67e9cf04a276f144100ffa722f10cd\",\"name\":\"Mads Dreyer\",\"image\":{\"@type\":\"ImageObject\",\"@id\":\"https:\/\/acefootball.com\/da\/#personlogo\",\"inLanguage\":\"en-US\",\"url\":\"https:\/\/secure.gravatar.com\/avatar\/7c7abf72cfde9902b6a60efe60c88d4c?s=96&d=mm&r=g\",\"contentUrl\":\"https:\/\/secure.gravatar.com\/avatar\/7c7abf72cfde9902b6a60efe60c88d4c?s=96&d=mm&r=g\",\"caption\":\"Mads Dreyer\"},\"description\":\"Skribent og fodboldn\u00f8rd, der lige nu fort\u00e6ller om alt og intet i fodboldverdenen p\u00e5 acefootball.com. Uddannet i kommunikation fra Aalborg Universitet.\",\"sameAs\":[\"https:\/\/www.linkedin.com\/in\/mads-dreyer-b9b08266\/\"],\"url\":\"https:\/\/acefootball.com\/da\/fodboldnyheder\/author\/mdnronaldo\/\"}]}<\/script>\n<!-- \/ Yoast SEO plugin. -->","yoast_head_json":{"title":"Real-boss taler ud: Derfor laver vi Super League","description":"Real Madrid-pr\u00e6sident Florentino Perez har i et interview forklaret bev\u00e6ggrundene bag den nye Super League","robots":{"index":"index","follow":"follow","max-snippet":"max-snippet:-1","max-image-preview":"max-image-preview:large","max-video-preview":"max-video-preview:-1"},"canonical":"https:\/\/acefootball.com\/da\/fodboldnyheder\/real-boss-taler-ud-derfor-laver-vi-super-league\/","og_locale":"en_US","og_type":"article","og_title":"Real-boss taler ud: Derfor laver vi Super League","og_description":"Real Madrid-pr\u00e6sident Florentino Perez har i et interview forklaret bev\u00e6ggrundene bag den nye Super League","og_url":"https:\/\/acefootball.com\/da\/fodboldnyheder\/real-boss-taler-ud-derfor-laver-vi-super-league\/","og_site_name":"Ace Football Danmark","article_publisher":"https:\/\/www.facebook.com\/acefootballdk","article_published_time":"2021-04-20T07:38:07+00:00","article_modified_time":"2021-04-20T08:07:03+00:00","og_image":[{"width":1920,"height":1008,"url":"https:\/\/acefootball.com\/da\/wp-content\/uploads\/sites\/2\/2021\/04\/Laes-mere-generel-2021-04-20T093743.575.jpg","type":"image\/jpeg"}],"twitter_card":"summary_large_image","twitter_misc":{"Written by":"Mads Dreyer","Est. reading time":"2 minutes"},"schema":{"@context":"https:\/\/schema.org","@graph":[{"@type":"Organization","@id":"https:\/\/acefootball.com\/da\/#organization","name":"Ace Football","url":"https:\/\/acefootball.com\/da\/","sameAs":["https:\/\/www.facebook.com\/acefootballdk"],"logo":{"@type":"ImageObject","@id":"https:\/\/acefootball.com\/da\/#logo","inLanguage":"en-US","url":"https:\/\/acefootball.com\/da\/wp-content\/uploads\/sites\/2\/2020\/07\/Ace-Football-30-07-2020-2.png","contentUrl":"https:\/\/acefootball.com\/da\/wp-content\/uploads\/sites\/2\/2020\/07\/Ace-Football-30-07-2020-2.png","width":1200,"height":600,"caption":"Ace Football"},"image":{"@id":"https:\/\/acefootball.com\/da\/#logo"}},{"@type":"WebSite","@id":"https:\/\/acefootball.com\/da\/#website","url":"https:\/\/acefootball.com\/da\/","name":"Ace Football Danmark","description":"Nyheder, Spiltips &amp; Livescore","publisher":{"@id":"https:\/\/acefootball.com\/da\/#organization"},"potentialAction":[{"@type":"SearchAction","target":{"@type":"EntryPoint","urlTemplate":"https:\/\/acefootball.com\/da\/?s={search_term_string}"},"query-input":"required name=search_term_string"}],"inLanguage":"en-US"},{"@type":"ImageObject","@id":"https:\/\/acefootball.com\/da\/fodboldnyheder\/real-boss-taler-ud-derfor-laver-vi-super-league\/#primaryimage","inLanguage":"en-US","url":"https:\/\/acefootball.com\/da\/wp-content\/uploads\/sites\/2\/2021\/04\/Laes-mere-generel-2021-04-20T093743.575.jpg","contentUrl":"https:\/\/acefootball.com\/da\/wp-content\/uploads\/sites\/2\/2021\/04\/Laes-mere-generel-2021-04-20T093743.575.jpg","width":1920,"height":1008,"caption":"real madrid"},{"@type":"WebPage","@id":"https:\/\/acefootball.com\/da\/fodboldnyheder\/real-boss-taler-ud-derfor-laver-vi-super-league\/#webpage","url":"https:\/\/acefootball.com\/da\/fodboldnyheder\/real-boss-taler-ud-derfor-laver-vi-super-league\/","name":"Real-boss taler ud: Derfor laver vi Super League","isPartOf":{"@id":"https:\/\/acefootball.com\/da\/#website"},"primaryImageOfPage":{"@id":"https:\/\/acefootball.com\/da\/fodboldnyheder\/real-boss-taler-ud-derfor-laver-vi-super-league\/#primaryimage"},"datePublished":"2021-04-20T07:38:07+00:00","dateModified":"2021-04-20T08:07:03+00:00","description":"Real Madrid-pr\u00e6sident Florentino Perez har i et interview forklaret bev\u00e6ggrundene bag den nye Super League","breadcrumb":{"@id":"https:\/\/acefootball.com\/da\/fodboldnyheder\/real-boss-taler-ud-derfor-laver-vi-super-league\/#breadcrumb"},"inLanguage":"en-US","potentialAction":[{"@type":"ReadAction","target":["https:\/\/acefootball.com\/da\/fodboldnyheder\/real-boss-taler-ud-derfor-laver-vi-super-league\/"]}]},{"@type":"BreadcrumbList","@id":"https:\/\/acefootball.com\/da\/fodboldnyheder\/real-boss-taler-ud-derfor-laver-vi-super-league\/#breadcrumb","itemListElement":[{"@type":"ListItem","position":1,"name":"Home","item":"https:\/\/acefootball.com\/da\/"},{"@type":"ListItem","position":2,"name":"Real-boss taler ud: Derfor laver vi Super League"}]},{"@type":"Article","@id":"https:\/\/acefootball.com\/da\/fodboldnyheder\/real-boss-taler-ud-derfor-laver-vi-super-league\/#article","isPartOf":{"@id":"https:\/\/acefootball.com\/da\/fodboldnyheder\/real-boss-taler-ud-derfor-laver-vi-super-league\/#webpage"},"author":{"@id":"https:\/\/acefootball.com\/da\/#\/schema\/person\/ee67e9cf04a276f144100ffa722f10cd"},"headline":"Real-boss taler ud: Derfor laver vi Super League","datePublished":"2021-04-20T07:38:07+00:00","dateModified":"2021-04-20T08:07:03+00:00","mainEntityOfPage":{"@id":"https:\/\/acefootball.com\/da\/fodboldnyheder\/real-boss-taler-ud-derfor-laver-vi-super-league\/#webpage"},"wordCount":304,"commentCount":0,"publisher":{"@id":"https:\/\/acefootball.com\/da\/#organization"},"image":{"@id":"https:\/\/acefootball.com\/da\/fodboldnyheder\/real-boss-taler-ud-derfor-laver-vi-super-league\/#primaryimage"},"thumbnailUrl":"https:\/\/acefootball.com\/da\/wp-content\/uploads\/sites\/2\/2021\/04\/GettyImages-1208030988.jpg","keywords":["La Liga","Real Madrid"],"articleSection":["Udtalelse"],"inLanguage":"en-US","potentialAction":[{"@type":"CommentAction","name":"Comment","target":["https:\/\/acefootball.com\/da\/fodboldnyheder\/real-boss-taler-ud-derfor-laver-vi-super-league\/#respond"]}]},{"@type":"Person","@id":"https:\/\/acefootball.com\/da\/#\/schema\/person\/ee67e9cf04a276f144100ffa722f10cd","name":"Mads Dreyer","image":{"@type":"ImageObject","@id":"https:\/\/acefootball.com\/da\/#personlogo","inLanguage":"en-US","url":"https:\/\/secure.gravatar.com\/avatar\/7c7abf72cfde9902b6a60efe60c88d4c?s=96&d=mm&r=g","contentUrl":"https:\/\/secure.gravatar.com\/avatar\/7c7abf72cfde9902b6a60efe60c88d4c?s=96&d=mm&r=g","caption":"Mads Dreyer"},"description":"Skribent og fodboldn\u00f8rd, der lige nu fort\u00e6ller om alt og intet i fodboldverdenen p\u00e5 acefootball.com. Uddannet i kommunikation fra Aalborg Universitet.","sameAs":["https:\/\/www.linkedin.com\/in\/mads-dreyer-b9b08266\/"],"url":"https:\/\/acefootball.com\/da\/fodboldnyheder\/author\/mdnronaldo\/"}]}},"fimg_url":"https:\/\/acefootball.com\/da\/wp-content\/uploads\/sites\/2\/2021\/04\/GettyImages-1208030988.jpg","_links":{"self":[{"href":"https:\/\/acefootball.com\/da\/wp-json\/wp\/v2\/posts\/257122"}],"collection":[{"href":"https:\/\/acefootball.com\/da\/wp-json\/wp\/v2\/posts"}],"about":[{"href":"https:\/\/acefootball.com\/da\/wp-json\/wp\/v2\/types\/post"}],"author":[{"embeddable":true,"href":"https:\/\/acefootball.com\/da\/wp-json\/wp\/v2\/users\/705"}],"replies":[{"embeddable":true,"href":"https:\/\/acefootball.com\/da\/wp-json\/wp\/v2\/comments?post=257122"}],"version-history":[{"count":0,"href":"https:\/\/acefootball.com\/da\/wp-json\/wp\/v2\/posts\/257122\/revisions"}],"wp:featuredmedia":[{"embeddable":true,"href":"https:\/\/acefootball.com\/da\/wp-json\/wp\/v2\/media\/256881"}],"wp:attachment":[{"href":"https:\/\/acefootball.com\/da\/wp-json\/wp\/v2\/media?parent=257122"}],"wp:term":[{"taxonomy":"category","embeddable":true,"href":"https:\/\/acefootball.com\/da\/wp-json\/wp\/v2\/categories?post=257122"},{"taxonomy":"post_tag","embeddable":true,"href":"https:\/\/acefootball.com\/da\/wp-json\/wp\/v2\/tags?post=257122"}],"curies":[{"name":"wp","href":"https:\/\/api.w.org\/{rel}","templated":true}]}}