{"id":257039,"date":"2021-04-17T20:03:33","date_gmt":"2021-04-17T18:03:33","guid":{"rendered":"https:\/\/acefootball.com\/da\/?p=257039"},"modified":"2021-04-17T20:04:04","modified_gmt":"2021-04-17T18:04:04","slug":"braithwaite-om-tidlig-nedtur-det-var-en-virkelig-haard-tid","status":"publish","type":"post","link":"https:\/\/acefootball.com\/da\/fodboldnyheder\/braithwaite-om-tidlig-nedtur-det-var-en-virkelig-haard-tid\/","title":{"rendered":"Braithwaite deler chokerende barndomsminde: Det var en virkelig h\u00e5rd tid"},"content":{"rendered":"\n<h2 id=\"h-martin-braithwaite-sad-som-barn-to-r-i-k-restol-og-det-er-en-tid-barcelona-spilleren-helst-glemmer-alt-om\">Martin Braithwaite sad som barn to \u00e5r i k\u00f8restol, og det er en tid, Barcelona-spilleren helst glemmer alt om<\/h2>\n\n\n\n<p>Martin Braithwaite nyder i \u00f8jeblikket livet som stjerne i FC Barcelona, men det har ikke altid ligget i kortene, at det skulle g\u00e5 s\u00e5 godt.<\/p>\n\n\n\n<p>Faktisk var karrieren som fodboldspiller i voldsom fare allerede i en tidlig alder, da han i alderen fem til syv sad i k\u00f8restol. Braithwaite led af hoftesygdommen Legg-Calv\u00e9-Perthes, som i v\u00e6rste tilf\u00e6lde kunne have givet deformer p\u00e5 l\u00e5rbenet.<\/p>\n\n\n\n<p>&#8220;Jeg har ikke s\u00e5 mange minder, fordi det er s\u00e5 s\u00f8rgeligt. Du ser rundt p\u00e5 alle de andre b\u00f8rn, der l\u00f8ber rundt, smiler, spiller. Det g\u00f8r ondt. Det var en virkelig h\u00e5rd tid i mit liv,&#8221; fort\u00e6ller Braithwaite til <a href=\"https:\/\/edition.cnn.com\/2021\/04\/16\/football\/martin-braithwaite-journey-to-barcelona-spt-intl\/index.html\" target=\"_blank\" rel=\"noreferrer noopener\">CNN<\/a>.<\/p>\n\n\n\n<p>&#8220;Jeg husker f\u00f8lelsen af flovhed over at v\u00e6re anderledes. Det var ikke en opm\u00e6rksomhed, man \u00f8nskede sig.&#8221;<\/p>\n\n\n\n<p>Det endte dog med, at landsholdsprofilen fik sit dr\u00f8mmeskifte til Barcelona i vinteren 2020, da han endelig fik overbevist en af Europas st\u00f8rste klubber om talentet.<\/p>\n\n\n\n<p>&#8220;De kunne se, at jeg havde evnerne til at spille p\u00e5 et meget h\u00f8jere niveau. De kunne ogs\u00e5 se, at de manglede mit spil. Det er ogs\u00e5, hvad de sagde til mig. At jeg havde mentaliteten til at spille i en stor klub med presset, der f\u00f8lger med. N\u00e5r jeg ser tilbage, viser det bare, at de havde ret.&#8221;<\/p>\n\n\n\n<p>Martin Braithwaite er dukket op p\u00e5 et gammelt billede af Lionel Messi. Se det her:<\/p>\n\n\n\n<figure class=\"wp-block-embed is-type-wp-embed is-provider-ace-football-danmark wp-block-embed-ace-football-danmark\"><div class=\"wp-block-embed__wrapper\">\n<blockquote class=\"wp-embedded-content\" data-secret=\"HbOOdk5E5j\"><a href=\"https:\/\/acefootball.com\/da\/fodboldnyheder\/vildt-braithwaite-spottet-paa-syv-aar-gammelt-messi-billede\/\">VILDT! &#8211; Braithwaite spottet p\u00e5 syv \u00e5r gammelt Messi-billede<\/a><\/blockquote><iframe class=\"wp-embedded-content\" sandbox=\"allow-scripts\" security=\"restricted\" style=\"position: absolute; clip: rect(1px, 1px, 1px, 1px);\" title=\"&#8220;VILDT! &#8211; Braithwaite spottet p\u00e5 syv \u00e5r gammelt Messi-billede&#8221; &#8212; Ace Football Danmark\" src=\"https:\/\/acefootball.com\/da\/fodboldnyheder\/vildt-braithwaite-spottet-paa-syv-aar-gammelt-messi-billede\/embed\/#?secret=HbOOdk5E5j\" data-secret=\"HbOOdk5E5j\" width=\"600\" height=\"338\" frameborder=\"0\" marginwidth=\"0\" marginheight=\"0\" scrolling=\"no\"><\/iframe>\n<\/div><\/figure>\n","protected":false},"excerpt":{"rendered":"<p>Martin Braithwaite sad som barn to \u00e5r i k\u00f8restol, og det er en tid, Barcelona-spilleren helst glemmer alt om<\/p>\n","protected":false},"author":705,"featured_media":235503,"comment_status":"open","ping_status":"closed","sticky":false,"template":"","format":"standard","meta":{"om_disable_all_campaigns":false,"push_articles_ronaldo":{"active":false,"canonical":0,"publish":false},"force_updates":null},"categories":[8204],"tags":[692,41,303,236],"enet_tags":{"team":["8238","8634"],"league":["87"],"player":["169865"],"sport_events":[]},"yoast_head":"<!-- This site is optimized with the Yoast SEO plugin v18.3 - https:\/\/yoast.com\/wordpress\/plugins\/seo\/ -->\n<title>Braithwaite deler chokerende barndomsminde: Det var en virkelig h\u00e5rd tid<\/title>\n<meta name=\"description\" content=\"Martin Braithwaite sad som barn to \u00e5r i k\u00f8restol, og det er en tid, Barcelona-spilleren helst glemmer alt om\" \/>\n<meta name=\"robots\" content=\"index, follow, max-snippet:-1, max-image-preview:large, max-video-preview:-1\" \/>\n<link rel=\"canonical\" href=\"https:\/\/acefootball.com\/da\/fodboldnyheder\/braithwaite-om-tidlig-nedtur-det-var-en-virkelig-haard-tid\/\" \/>\n<meta property=\"og:locale\" content=\"en_US\" \/>\n<meta property=\"og:type\" content=\"article\" \/>\n<meta property=\"og:title\" content=\"Braithwaite deler chokerende barndomsminde: Det var en virkelig h\u00e5rd tid\" \/>\n<meta property=\"og:description\" content=\"Martin Braithwaite sad som barn to \u00e5r i k\u00f8restol, og det er en tid, Barcelona-spilleren helst glemmer alt om\" \/>\n<meta property=\"og:url\" content=\"https:\/\/acefootball.com\/da\/fodboldnyheder\/braithwaite-om-tidlig-nedtur-det-var-en-virkelig-haard-tid\/\" \/>\n<meta property=\"og:site_name\" content=\"Ace Football Danmark\" \/>\n<meta property=\"article:publisher\" content=\"https:\/\/www.facebook.com\/acefootballdk\" \/>\n<meta property=\"article:published_time\" content=\"2021-04-17T18:03:33+00:00\" \/>\n<meta property=\"article:modified_time\" content=\"2021-04-17T18:04:04+00:00\" \/>\n<meta property=\"og:image\" content=\"https:\/\/acefootball.com\/da\/wp-content\/uploads\/sites\/2\/2021\/03\/Laes-mere-generel-7-2.jpg\" \/>\n\t<meta property=\"og:image:width\" content=\"1920\" \/>\n\t<meta property=\"og:image:height\" content=\"1008\" \/>\n\t<meta property=\"og:image:type\" content=\"image\/jpeg\" \/>\n<meta name=\"twitter:card\" content=\"summary_large_image\" \/>\n<meta name=\"twitter:label1\" content=\"Written by\" \/>\n\t<meta name=\"twitter:data1\" content=\"Mads Dreyer\" \/>\n\t<meta name=\"twitter:label2\" content=\"Est. reading time\" \/>\n\t<meta name=\"twitter:data2\" content=\"2 minutes\" \/>\n<script type=\"application\/ld+json\" class=\"yoast-schema-graph\">{\"@context\":\"https:\/\/schema.org\",\"@graph\":[{\"@type\":\"Organization\",\"@id\":\"https:\/\/acefootball.com\/da\/#organization\",\"name\":\"Ace Football\",\"url\":\"https:\/\/acefootball.com\/da\/\",\"sameAs\":[\"https:\/\/www.facebook.com\/acefootballdk\"],\"logo\":{\"@type\":\"ImageObject\",\"@id\":\"https:\/\/acefootball.com\/da\/#logo\",\"inLanguage\":\"en-US\",\"url\":\"https:\/\/acefootball.com\/da\/wp-content\/uploads\/sites\/2\/2020\/07\/Ace-Football-30-07-2020-2.png\",\"contentUrl\":\"https:\/\/acefootball.com\/da\/wp-content\/uploads\/sites\/2\/2020\/07\/Ace-Football-30-07-2020-2.png\",\"width\":1200,\"height\":600,\"caption\":\"Ace Football\"},\"image\":{\"@id\":\"https:\/\/acefootball.com\/da\/#logo\"}},{\"@type\":\"WebSite\",\"@id\":\"https:\/\/acefootball.com\/da\/#website\",\"url\":\"https:\/\/acefootball.com\/da\/\",\"name\":\"Ace Football Danmark\",\"description\":\"Nyheder, Spiltips &amp; Livescore\",\"publisher\":{\"@id\":\"https:\/\/acefootball.com\/da\/#organization\"},\"potentialAction\":[{\"@type\":\"SearchAction\",\"target\":{\"@type\":\"EntryPoint\",\"urlTemplate\":\"https:\/\/acefootball.com\/da\/?s={search_term_string}\"},\"query-input\":\"required name=search_term_string\"}],\"inLanguage\":\"en-US\"},{\"@type\":\"ImageObject\",\"@id\":\"https:\/\/acefootball.com\/da\/fodboldnyheder\/braithwaite-om-tidlig-nedtur-det-var-en-virkelig-haard-tid\/#primaryimage\",\"inLanguage\":\"en-US\",\"url\":\"https:\/\/acefootball.com\/da\/wp-content\/uploads\/sites\/2\/2021\/03\/Laes-mere-generel-7-2.jpg\",\"contentUrl\":\"https:\/\/acefootball.com\/da\/wp-content\/uploads\/sites\/2\/2021\/03\/Laes-mere-generel-7-2.jpg\",\"width\":1920,\"height\":1008,\"caption\":\"braithwaite\"},{\"@type\":\"WebPage\",\"@id\":\"https:\/\/acefootball.com\/da\/fodboldnyheder\/braithwaite-om-tidlig-nedtur-det-var-en-virkelig-haard-tid\/#webpage\",\"url\":\"https:\/\/acefootball.com\/da\/fodboldnyheder\/braithwaite-om-tidlig-nedtur-det-var-en-virkelig-haard-tid\/\",\"name\":\"Braithwaite deler chokerende barndomsminde: Det var en virkelig h\u00e5rd tid\",\"isPartOf\":{\"@id\":\"https:\/\/acefootball.com\/da\/#website\"},\"primaryImageOfPage\":{\"@id\":\"https:\/\/acefootball.com\/da\/fodboldnyheder\/braithwaite-om-tidlig-nedtur-det-var-en-virkelig-haard-tid\/#primaryimage\"},\"datePublished\":\"2021-04-17T18:03:33+00:00\",\"dateModified\":\"2021-04-17T18:04:04+00:00\",\"description\":\"Martin Braithwaite sad som barn to \u00e5r i k\u00f8restol, og det er en tid, Barcelona-spilleren helst glemmer alt om\",\"breadcrumb\":{\"@id\":\"https:\/\/acefootball.com\/da\/fodboldnyheder\/braithwaite-om-tidlig-nedtur-det-var-en-virkelig-haard-tid\/#breadcrumb\"},\"inLanguage\":\"en-US\",\"potentialAction\":[{\"@type\":\"ReadAction\",\"target\":[\"https:\/\/acefootball.com\/da\/fodboldnyheder\/braithwaite-om-tidlig-nedtur-det-var-en-virkelig-haard-tid\/\"]}]},{\"@type\":\"BreadcrumbList\",\"@id\":\"https:\/\/acefootball.com\/da\/fodboldnyheder\/braithwaite-om-tidlig-nedtur-det-var-en-virkelig-haard-tid\/#breadcrumb\",\"itemListElement\":[{\"@type\":\"ListItem\",\"position\":1,\"name\":\"Home\",\"item\":\"https:\/\/acefootball.com\/da\/\"},{\"@type\":\"ListItem\",\"position\":2,\"name\":\"Braithwaite deler chokerende barndomsminde: Det var en virkelig h\u00e5rd tid\"}]},{\"@type\":\"Article\",\"@id\":\"https:\/\/acefootball.com\/da\/fodboldnyheder\/braithwaite-om-tidlig-nedtur-det-var-en-virkelig-haard-tid\/#article\",\"isPartOf\":{\"@id\":\"https:\/\/acefootball.com\/da\/fodboldnyheder\/braithwaite-om-tidlig-nedtur-det-var-en-virkelig-haard-tid\/#webpage\"},\"author\":{\"@id\":\"https:\/\/acefootball.com\/da\/#\/schema\/person\/ee67e9cf04a276f144100ffa722f10cd\"},\"headline\":\"Braithwaite deler chokerende barndomsminde: Det var en virkelig h\u00e5rd tid\",\"datePublished\":\"2021-04-17T18:03:33+00:00\",\"dateModified\":\"2021-04-17T18:04:04+00:00\",\"mainEntityOfPage\":{\"@id\":\"https:\/\/acefootball.com\/da\/fodboldnyheder\/braithwaite-om-tidlig-nedtur-det-var-en-virkelig-haard-tid\/#webpage\"},\"wordCount\":275,\"commentCount\":0,\"publisher\":{\"@id\":\"https:\/\/acefootball.com\/da\/#organization\"},\"image\":{\"@id\":\"https:\/\/acefootball.com\/da\/fodboldnyheder\/braithwaite-om-tidlig-nedtur-det-var-en-virkelig-haard-tid\/#primaryimage\"},\"thumbnailUrl\":\"https:\/\/acefootball.com\/da\/wp-content\/uploads\/sites\/2\/2020\/08\/GettyImages-1211140220.jpg\",\"keywords\":[\"Danmark\",\"FC Barcelona\",\"La Liga\",\"Martin Braithwaite\"],\"articleSection\":[\"Udtalelse\"],\"inLanguage\":\"en-US\",\"potentialAction\":[{\"@type\":\"CommentAction\",\"name\":\"Comment\",\"target\":[\"https:\/\/acefootball.com\/da\/fodboldnyheder\/braithwaite-om-tidlig-nedtur-det-var-en-virkelig-haard-tid\/#respond\"]}]},{\"@type\":\"Person\",\"@id\":\"https:\/\/acefootball.com\/da\/#\/schema\/person\/ee67e9cf04a276f144100ffa722f10cd\",\"name\":\"Mads Dreyer\",\"image\":{\"@type\":\"ImageObject\",\"@id\":\"https:\/\/acefootball.com\/da\/#personlogo\",\"inLanguage\":\"en-US\",\"url\":\"https:\/\/secure.gravatar.com\/avatar\/7c7abf72cfde9902b6a60efe60c88d4c?s=96&d=mm&r=g\",\"contentUrl\":\"https:\/\/secure.gravatar.com\/avatar\/7c7abf72cfde9902b6a60efe60c88d4c?s=96&d=mm&r=g\",\"caption\":\"Mads Dreyer\"},\"description\":\"Skribent og fodboldn\u00f8rd, der lige nu fort\u00e6ller om alt og intet i fodboldverdenen p\u00e5 acefootball.com. Uddannet i kommunikation fra Aalborg Universitet.\",\"sameAs\":[\"https:\/\/www.linkedin.com\/in\/mads-dreyer-b9b08266\/\"],\"url\":\"https:\/\/acefootball.com\/da\/fodboldnyheder\/author\/mdnronaldo\/\"}]}<\/script>\n<!-- \/ Yoast SEO plugin. -->","yoast_head_json":{"title":"Braithwaite deler chokerende barndomsminde: Det var en virkelig h\u00e5rd tid","description":"Martin Braithwaite sad som barn to \u00e5r i k\u00f8restol, og det er en tid, Barcelona-spilleren helst glemmer alt om","robots":{"index":"index","follow":"follow","max-snippet":"max-snippet:-1","max-image-preview":"max-image-preview:large","max-video-preview":"max-video-preview:-1"},"canonical":"https:\/\/acefootball.com\/da\/fodboldnyheder\/braithwaite-om-tidlig-nedtur-det-var-en-virkelig-haard-tid\/","og_locale":"en_US","og_type":"article","og_title":"Braithwaite deler chokerende barndomsminde: Det var en virkelig h\u00e5rd tid","og_description":"Martin Braithwaite sad som barn to \u00e5r i k\u00f8restol, og det er en tid, Barcelona-spilleren helst glemmer alt om","og_url":"https:\/\/acefootball.com\/da\/fodboldnyheder\/braithwaite-om-tidlig-nedtur-det-var-en-virkelig-haard-tid\/","og_site_name":"Ace Football Danmark","article_publisher":"https:\/\/www.facebook.com\/acefootballdk","article_published_time":"2021-04-17T18:03:33+00:00","article_modified_time":"2021-04-17T18:04:04+00:00","og_image":[{"width":1920,"height":1008,"url":"https:\/\/acefootball.com\/da\/wp-content\/uploads\/sites\/2\/2021\/03\/Laes-mere-generel-7-2.jpg","type":"image\/jpeg"}],"twitter_card":"summary_large_image","twitter_misc":{"Written by":"Mads Dreyer","Est. reading time":"2 minutes"},"schema":{"@context":"https:\/\/schema.org","@graph":[{"@type":"Organization","@id":"https:\/\/acefootball.com\/da\/#organization","name":"Ace Football","url":"https:\/\/acefootball.com\/da\/","sameAs":["https:\/\/www.facebook.com\/acefootballdk"],"logo":{"@type":"ImageObject","@id":"https:\/\/acefootball.com\/da\/#logo","inLanguage":"en-US","url":"https:\/\/acefootball.com\/da\/wp-content\/uploads\/sites\/2\/2020\/07\/Ace-Football-30-07-2020-2.png","contentUrl":"https:\/\/acefootball.com\/da\/wp-content\/uploads\/sites\/2\/2020\/07\/Ace-Football-30-07-2020-2.png","width":1200,"height":600,"caption":"Ace Football"},"image":{"@id":"https:\/\/acefootball.com\/da\/#logo"}},{"@type":"WebSite","@id":"https:\/\/acefootball.com\/da\/#website","url":"https:\/\/acefootball.com\/da\/","name":"Ace Football Danmark","description":"Nyheder, Spiltips &amp; Livescore","publisher":{"@id":"https:\/\/acefootball.com\/da\/#organization"},"potentialAction":[{"@type":"SearchAction","target":{"@type":"EntryPoint","urlTemplate":"https:\/\/acefootball.com\/da\/?s={search_term_string}"},"query-input":"required name=search_term_string"}],"inLanguage":"en-US"},{"@type":"ImageObject","@id":"https:\/\/acefootball.com\/da\/fodboldnyheder\/braithwaite-om-tidlig-nedtur-det-var-en-virkelig-haard-tid\/#primaryimage","inLanguage":"en-US","url":"https:\/\/acefootball.com\/da\/wp-content\/uploads\/sites\/2\/2021\/03\/Laes-mere-generel-7-2.jpg","contentUrl":"https:\/\/acefootball.com\/da\/wp-content\/uploads\/sites\/2\/2021\/03\/Laes-mere-generel-7-2.jpg","width":1920,"height":1008,"caption":"braithwaite"},{"@type":"WebPage","@id":"https:\/\/acefootball.com\/da\/fodboldnyheder\/braithwaite-om-tidlig-nedtur-det-var-en-virkelig-haard-tid\/#webpage","url":"https:\/\/acefootball.com\/da\/fodboldnyheder\/braithwaite-om-tidlig-nedtur-det-var-en-virkelig-haard-tid\/","name":"Braithwaite deler chokerende barndomsminde: Det var en virkelig h\u00e5rd tid","isPartOf":{"@id":"https:\/\/acefootball.com\/da\/#website"},"primaryImageOfPage":{"@id":"https:\/\/acefootball.com\/da\/fodboldnyheder\/braithwaite-om-tidlig-nedtur-det-var-en-virkelig-haard-tid\/#primaryimage"},"datePublished":"2021-04-17T18:03:33+00:00","dateModified":"2021-04-17T18:04:04+00:00","description":"Martin Braithwaite sad som barn to \u00e5r i k\u00f8restol, og det er en tid, Barcelona-spilleren helst glemmer alt om","breadcrumb":{"@id":"https:\/\/acefootball.com\/da\/fodboldnyheder\/braithwaite-om-tidlig-nedtur-det-var-en-virkelig-haard-tid\/#breadcrumb"},"inLanguage":"en-US","potentialAction":[{"@type":"ReadAction","target":["https:\/\/acefootball.com\/da\/fodboldnyheder\/braithwaite-om-tidlig-nedtur-det-var-en-virkelig-haard-tid\/"]}]},{"@type":"BreadcrumbList","@id":"https:\/\/acefootball.com\/da\/fodboldnyheder\/braithwaite-om-tidlig-nedtur-det-var-en-virkelig-haard-tid\/#breadcrumb","itemListElement":[{"@type":"ListItem","position":1,"name":"Home","item":"https:\/\/acefootball.com\/da\/"},{"@type":"ListItem","position":2,"name":"Braithwaite deler chokerende barndomsminde: Det var en virkelig h\u00e5rd tid"}]},{"@type":"Article","@id":"https:\/\/acefootball.com\/da\/fodboldnyheder\/braithwaite-om-tidlig-nedtur-det-var-en-virkelig-haard-tid\/#article","isPartOf":{"@id":"https:\/\/acefootball.com\/da\/fodboldnyheder\/braithwaite-om-tidlig-nedtur-det-var-en-virkelig-haard-tid\/#webpage"},"author":{"@id":"https:\/\/acefootball.com\/da\/#\/schema\/person\/ee67e9cf04a276f144100ffa722f10cd"},"headline":"Braithwaite deler chokerende barndomsminde: Det var en virkelig h\u00e5rd tid","datePublished":"2021-04-17T18:03:33+00:00","dateModified":"2021-04-17T18:04:04+00:00","mainEntityOfPage":{"@id":"https:\/\/acefootball.com\/da\/fodboldnyheder\/braithwaite-om-tidlig-nedtur-det-var-en-virkelig-haard-tid\/#webpage"},"wordCount":275,"commentCount":0,"publisher":{"@id":"https:\/\/acefootball.com\/da\/#organization"},"image":{"@id":"https:\/\/acefootball.com\/da\/fodboldnyheder\/braithwaite-om-tidlig-nedtur-det-var-en-virkelig-haard-tid\/#primaryimage"},"thumbnailUrl":"https:\/\/acefootball.com\/da\/wp-content\/uploads\/sites\/2\/2020\/08\/GettyImages-1211140220.jpg","keywords":["Danmark","FC Barcelona","La Liga","Martin Braithwaite"],"articleSection":["Udtalelse"],"inLanguage":"en-US","potentialAction":[{"@type":"CommentAction","name":"Comment","target":["https:\/\/acefootball.com\/da\/fodboldnyheder\/braithwaite-om-tidlig-nedtur-det-var-en-virkelig-haard-tid\/#respond"]}]},{"@type":"Person","@id":"https:\/\/acefootball.com\/da\/#\/schema\/person\/ee67e9cf04a276f144100ffa722f10cd","name":"Mads Dreyer","image":{"@type":"ImageObject","@id":"https:\/\/acefootball.com\/da\/#personlogo","inLanguage":"en-US","url":"https:\/\/secure.gravatar.com\/avatar\/7c7abf72cfde9902b6a60efe60c88d4c?s=96&d=mm&r=g","contentUrl":"https:\/\/secure.gravatar.com\/avatar\/7c7abf72cfde9902b6a60efe60c88d4c?s=96&d=mm&r=g","caption":"Mads Dreyer"},"description":"Skribent og fodboldn\u00f8rd, der lige nu fort\u00e6ller om alt og intet i fodboldverdenen p\u00e5 acefootball.com. Uddannet i kommunikation fra Aalborg Universitet.","sameAs":["https:\/\/www.linkedin.com\/in\/mads-dreyer-b9b08266\/"],"url":"https:\/\/acefootball.com\/da\/fodboldnyheder\/author\/mdnronaldo\/"}]}},"fimg_url":"https:\/\/acefootball.com\/da\/wp-content\/uploads\/sites\/2\/2020\/08\/GettyImages-1211140220.jpg","_links":{"self":[{"href":"https:\/\/acefootball.com\/da\/wp-json\/wp\/v2\/posts\/257039"}],"collection":[{"href":"https:\/\/acefootball.com\/da\/wp-json\/wp\/v2\/posts"}],"about":[{"href":"https:\/\/acefootball.com\/da\/wp-json\/wp\/v2\/types\/post"}],"author":[{"embeddable":true,"href":"https:\/\/acefootball.com\/da\/wp-json\/wp\/v2\/users\/705"}],"replies":[{"embeddable":true,"href":"https:\/\/acefootball.com\/da\/wp-json\/wp\/v2\/comments?post=257039"}],"version-history":[{"count":0,"href":"https:\/\/acefootball.com\/da\/wp-json\/wp\/v2\/posts\/257039\/revisions"}],"wp:featuredmedia":[{"embeddable":true,"href":"https:\/\/acefootball.com\/da\/wp-json\/wp\/v2\/media\/235503"}],"wp:attachment":[{"href":"https:\/\/acefootball.com\/da\/wp-json\/wp\/v2\/media?parent=257039"}],"wp:term":[{"taxonomy":"category","embeddable":true,"href":"https:\/\/acefootball.com\/da\/wp-json\/wp\/v2\/categories?post=257039"},{"taxonomy":"post_tag","embeddable":true,"href":"https:\/\/acefootball.com\/da\/wp-json\/wp\/v2\/tags?post=257039"}],"curies":[{"name":"wp","href":"https:\/\/api.w.org\/{rel}","templated":true}]}}