{"id":257033,"date":"2021-04-17T17:43:14","date_gmt":"2021-04-17T15:43:14","guid":{"rendered":"https:\/\/acefootball.com\/da\/?p=257033"},"modified":"2021-04-17T17:43:14","modified_gmt":"2021-04-17T15:43:14","slug":"vanvittigt-krav-saa-meget-skal-aguero-have-i-loen","status":"publish","type":"post","link":"https:\/\/acefootball.com\/da\/fodboldnyheder\/vanvittigt-krav-saa-meget-skal-aguero-have-i-loen\/","title":{"rendered":"Vanvittigt krav: S\u00e5 meget skal Ag\u00fcero have i l\u00f8n"},"content":{"rendered":"\n<h2 id=\"h-sergio-ag-ero-er-fri-p-markedet-til-sommer-men-argentinerens-l-nkrav-skr-mmer-nok-de-fleste-bejlere-v-k\">Sergio Ag\u00fcero er fri p\u00e5 markedet til sommer, men argentinerens l\u00f8nkrav skr\u00e6mmer nok de fleste bejlere v\u00e6k<\/h2>\n\n\n\n<p>Sergio Ag\u00fcero meddelte tidligere p\u00e5 for\u00e5ret, at han til sommer siger farvel til Manchester City efter ti s\u00e6soner.<\/p>\n\n\n\n<p>Hvor argentineren forts\u00e6tter, er endnu ikke bekr\u00e6ftet, og det er da heller ikke givet, at der er en aftale p\u00e5 plads.<\/p>\n\n\n\n<p>Blandt mulige bejlere har klubber som FC Barcelona, PSG og Juventus v\u00e6ret n\u00e6vnt, og det er da formentlig ogs\u00e5 kun Europas allerst\u00f8rste, der har de \u00f8konomiske muskler til at l\u00f8fte Ag\u00fceros l\u00f8nkrav.<\/p>\n\n\n\n<p>If\u00f8lge Gazzetta dello Sport kr\u00e6ver Premier League-stjernen nemlig en \u00e5rsl\u00f8n p\u00e5 82 millioner kroner, hvilket svarer til en ugel\u00f8n p\u00e5 godt 1,7 millioner.<\/p>\n\n\n\n<p>Med tanke p\u00e5 Ag\u00fceros fremskredne alder af 32 \u00e5r, samt en kritisk skadeshistorik de seneste s\u00e6soner, vil det nok f\u00e5 interesserede klubber til at t\u00e6nke sig om en ekstra gang.<\/p>\n\n\n\n<p>Sergio Ag\u00fcero har kun spillet 517 minutters fodbold i denne s\u00e6son.<\/p>\n\n\n\n<p>Martin Braithwaite er dukket op p\u00e5 et gammel billede af Lionel Messi. Du kan se det her:<\/p>\n\n\n\n<figure class=\"wp-block-embed is-type-wp-embed is-provider-ace-football-danmark wp-block-embed-ace-football-danmark\"><div class=\"wp-block-embed__wrapper\">\n<blockquote class=\"wp-embedded-content\" data-secret=\"Q6SASVG0DT\"><a href=\"https:\/\/acefootball.com\/da\/fodboldnyheder\/vildt-braithwaite-spottet-paa-syv-aar-gammelt-messi-billede\/\">VILDT! &#8211; Braithwaite spottet p\u00e5 syv \u00e5r gammelt Messi-billede<\/a><\/blockquote><iframe class=\"wp-embedded-content\" sandbox=\"allow-scripts\" security=\"restricted\" style=\"position: absolute; clip: rect(1px, 1px, 1px, 1px);\" title=\"&#8220;VILDT! &#8211; Braithwaite spottet p\u00e5 syv \u00e5r gammelt Messi-billede&#8221; &#8212; Ace Football Danmark\" src=\"https:\/\/acefootball.com\/da\/fodboldnyheder\/vildt-braithwaite-spottet-paa-syv-aar-gammelt-messi-billede\/embed\/#?secret=Q6SASVG0DT\" data-secret=\"Q6SASVG0DT\" width=\"600\" height=\"338\" frameborder=\"0\" marginwidth=\"0\" marginheight=\"0\" scrolling=\"no\"><\/iframe>\n<\/div><\/figure>\n","protected":false},"excerpt":{"rendered":"<p>Sergio Ag\u00fcero er fri p\u00e5 markedet til sommer, men argentinerens l\u00f8nkrav skr\u00e6mmer nok de fleste bejlere v\u00e6k<\/p>\n","protected":false},"author":705,"featured_media":254031,"comment_status":"open","ping_status":"closed","sticky":false,"template":"","format":"standard","meta":{"om_disable_all_campaigns":false,"push_articles_ronaldo":{"active":false,"canonical":0,"publish":false},"force_updates":null},"categories":[1],"tags":[41,65,44,461,134,1245],"enet_tags":{"team":["8634","9885","8456","9847"],"league":["47"],"player":["37412"],"sport_events":[]},"yoast_head":"<!-- This site is optimized with the Yoast SEO plugin v18.3 - https:\/\/yoast.com\/wordpress\/plugins\/seo\/ -->\n<title>Vanvittigt krav: S\u00e5 meget skal Ag\u00fcero have i l\u00f8n<\/title>\n<meta name=\"description\" content=\"Sergio Ag\u00fcero er fri p\u00e5 markedet til sommer, men argentinerens l\u00f8nkrav skr\u00e6mmer nok de fleste bejlere v\u00e6k\" \/>\n<meta name=\"robots\" content=\"index, follow, max-snippet:-1, max-image-preview:large, max-video-preview:-1\" \/>\n<link rel=\"canonical\" href=\"https:\/\/acefootball.com\/da\/fodboldnyheder\/vanvittigt-krav-saa-meget-skal-aguero-have-i-loen\/\" \/>\n<meta property=\"og:locale\" content=\"en_US\" \/>\n<meta property=\"og:type\" content=\"article\" \/>\n<meta property=\"og:title\" content=\"Vanvittigt krav: S\u00e5 meget skal Ag\u00fcero have i l\u00f8n\" \/>\n<meta property=\"og:description\" content=\"Sergio Ag\u00fcero er fri p\u00e5 markedet til sommer, men argentinerens l\u00f8nkrav skr\u00e6mmer nok de fleste bejlere v\u00e6k\" \/>\n<meta property=\"og:url\" content=\"https:\/\/acefootball.com\/da\/fodboldnyheder\/vanvittigt-krav-saa-meget-skal-aguero-have-i-loen\/\" \/>\n<meta property=\"og:site_name\" content=\"Ace Football Danmark\" \/>\n<meta property=\"article:publisher\" content=\"https:\/\/www.facebook.com\/acefootballdk\" \/>\n<meta property=\"article:published_time\" content=\"2021-04-17T15:43:14+00:00\" \/>\n<meta property=\"og:image\" content=\"https:\/\/acefootball.com\/da\/wp-content\/uploads\/sites\/2\/2021\/03\/Laes-mere-generel-1-6.jpg\" \/>\n\t<meta property=\"og:image:width\" content=\"1920\" \/>\n\t<meta property=\"og:image:height\" content=\"1008\" \/>\n\t<meta property=\"og:image:type\" content=\"image\/jpeg\" \/>\n<meta name=\"twitter:card\" content=\"summary_large_image\" \/>\n<meta name=\"twitter:label1\" content=\"Written by\" \/>\n\t<meta name=\"twitter:data1\" content=\"Mads Dreyer\" \/>\n\t<meta name=\"twitter:label2\" content=\"Est. reading time\" \/>\n\t<meta name=\"twitter:data2\" content=\"1 minute\" \/>\n<script type=\"application\/ld+json\" class=\"yoast-schema-graph\">{\"@context\":\"https:\/\/schema.org\",\"@graph\":[{\"@type\":\"Organization\",\"@id\":\"https:\/\/acefootball.com\/da\/#organization\",\"name\":\"Ace Football\",\"url\":\"https:\/\/acefootball.com\/da\/\",\"sameAs\":[\"https:\/\/www.facebook.com\/acefootballdk\"],\"logo\":{\"@type\":\"ImageObject\",\"@id\":\"https:\/\/acefootball.com\/da\/#logo\",\"inLanguage\":\"en-US\",\"url\":\"https:\/\/acefootball.com\/da\/wp-content\/uploads\/sites\/2\/2020\/07\/Ace-Football-30-07-2020-2.png\",\"contentUrl\":\"https:\/\/acefootball.com\/da\/wp-content\/uploads\/sites\/2\/2020\/07\/Ace-Football-30-07-2020-2.png\",\"width\":1200,\"height\":600,\"caption\":\"Ace Football\"},\"image\":{\"@id\":\"https:\/\/acefootball.com\/da\/#logo\"}},{\"@type\":\"WebSite\",\"@id\":\"https:\/\/acefootball.com\/da\/#website\",\"url\":\"https:\/\/acefootball.com\/da\/\",\"name\":\"Ace Football Danmark\",\"description\":\"Nyheder, Spiltips &amp; Livescore\",\"publisher\":{\"@id\":\"https:\/\/acefootball.com\/da\/#organization\"},\"potentialAction\":[{\"@type\":\"SearchAction\",\"target\":{\"@type\":\"EntryPoint\",\"urlTemplate\":\"https:\/\/acefootball.com\/da\/?s={search_term_string}\"},\"query-input\":\"required name=search_term_string\"}],\"inLanguage\":\"en-US\"},{\"@type\":\"ImageObject\",\"@id\":\"https:\/\/acefootball.com\/da\/fodboldnyheder\/vanvittigt-krav-saa-meget-skal-aguero-have-i-loen\/#primaryimage\",\"inLanguage\":\"en-US\",\"url\":\"https:\/\/acefootball.com\/da\/wp-content\/uploads\/sites\/2\/2021\/03\/Laes-mere-generel-1-6.jpg\",\"contentUrl\":\"https:\/\/acefootball.com\/da\/wp-content\/uploads\/sites\/2\/2021\/03\/Laes-mere-generel-1-6.jpg\",\"width\":1920,\"height\":1008,\"caption\":\"aguero\"},{\"@type\":\"WebPage\",\"@id\":\"https:\/\/acefootball.com\/da\/fodboldnyheder\/vanvittigt-krav-saa-meget-skal-aguero-have-i-loen\/#webpage\",\"url\":\"https:\/\/acefootball.com\/da\/fodboldnyheder\/vanvittigt-krav-saa-meget-skal-aguero-have-i-loen\/\",\"name\":\"Vanvittigt krav: S\u00e5 meget skal Ag\u00fcero have i l\u00f8n\",\"isPartOf\":{\"@id\":\"https:\/\/acefootball.com\/da\/#website\"},\"primaryImageOfPage\":{\"@id\":\"https:\/\/acefootball.com\/da\/fodboldnyheder\/vanvittigt-krav-saa-meget-skal-aguero-have-i-loen\/#primaryimage\"},\"datePublished\":\"2021-04-17T15:43:14+00:00\",\"dateModified\":\"2021-04-17T15:43:14+00:00\",\"description\":\"Sergio Ag\u00fcero er fri p\u00e5 markedet til sommer, men argentinerens l\u00f8nkrav skr\u00e6mmer nok de fleste bejlere v\u00e6k\",\"breadcrumb\":{\"@id\":\"https:\/\/acefootball.com\/da\/fodboldnyheder\/vanvittigt-krav-saa-meget-skal-aguero-have-i-loen\/#breadcrumb\"},\"inLanguage\":\"en-US\",\"potentialAction\":[{\"@type\":\"ReadAction\",\"target\":[\"https:\/\/acefootball.com\/da\/fodboldnyheder\/vanvittigt-krav-saa-meget-skal-aguero-have-i-loen\/\"]}]},{\"@type\":\"BreadcrumbList\",\"@id\":\"https:\/\/acefootball.com\/da\/fodboldnyheder\/vanvittigt-krav-saa-meget-skal-aguero-have-i-loen\/#breadcrumb\",\"itemListElement\":[{\"@type\":\"ListItem\",\"position\":1,\"name\":\"Home\",\"item\":\"https:\/\/acefootball.com\/da\/\"},{\"@type\":\"ListItem\",\"position\":2,\"name\":\"Vanvittigt krav: S\u00e5 meget skal Ag\u00fcero have i l\u00f8n\"}]},{\"@type\":\"Article\",\"@id\":\"https:\/\/acefootball.com\/da\/fodboldnyheder\/vanvittigt-krav-saa-meget-skal-aguero-have-i-loen\/#article\",\"isPartOf\":{\"@id\":\"https:\/\/acefootball.com\/da\/fodboldnyheder\/vanvittigt-krav-saa-meget-skal-aguero-have-i-loen\/#webpage\"},\"author\":{\"@id\":\"https:\/\/acefootball.com\/da\/#\/schema\/person\/ee67e9cf04a276f144100ffa722f10cd\"},\"headline\":\"Vanvittigt krav: S\u00e5 meget skal Ag\u00fcero have i l\u00f8n\",\"datePublished\":\"2021-04-17T15:43:14+00:00\",\"dateModified\":\"2021-04-17T15:43:14+00:00\",\"mainEntityOfPage\":{\"@id\":\"https:\/\/acefootball.com\/da\/fodboldnyheder\/vanvittigt-krav-saa-meget-skal-aguero-have-i-loen\/#webpage\"},\"wordCount\":206,\"commentCount\":0,\"publisher\":{\"@id\":\"https:\/\/acefootball.com\/da\/#organization\"},\"image\":{\"@id\":\"https:\/\/acefootball.com\/da\/fodboldnyheder\/vanvittigt-krav-saa-meget-skal-aguero-have-i-loen\/#primaryimage\"},\"thumbnailUrl\":\"https:\/\/acefootball.com\/da\/wp-content\/uploads\/sites\/2\/2021\/03\/GettyImages-1304401358.jpg\",\"keywords\":[\"FC Barcelona\",\"Juventus\",\"Manchester City\",\"Paris Saint-Germain\",\"Premier League\",\"Sergio Ag\u00fcero\"],\"articleSection\":[\"Nyhed\"],\"inLanguage\":\"en-US\",\"potentialAction\":[{\"@type\":\"CommentAction\",\"name\":\"Comment\",\"target\":[\"https:\/\/acefootball.com\/da\/fodboldnyheder\/vanvittigt-krav-saa-meget-skal-aguero-have-i-loen\/#respond\"]}]},{\"@type\":\"Person\",\"@id\":\"https:\/\/acefootball.com\/da\/#\/schema\/person\/ee67e9cf04a276f144100ffa722f10cd\",\"name\":\"Mads Dreyer\",\"image\":{\"@type\":\"ImageObject\",\"@id\":\"https:\/\/acefootball.com\/da\/#personlogo\",\"inLanguage\":\"en-US\",\"url\":\"https:\/\/secure.gravatar.com\/avatar\/7c7abf72cfde9902b6a60efe60c88d4c?s=96&d=mm&r=g\",\"contentUrl\":\"https:\/\/secure.gravatar.com\/avatar\/7c7abf72cfde9902b6a60efe60c88d4c?s=96&d=mm&r=g\",\"caption\":\"Mads Dreyer\"},\"description\":\"Skribent og fodboldn\u00f8rd, der lige nu fort\u00e6ller om alt og intet i fodboldverdenen p\u00e5 acefootball.com. Uddannet i kommunikation fra Aalborg Universitet.\",\"sameAs\":[\"https:\/\/www.linkedin.com\/in\/mads-dreyer-b9b08266\/\"],\"url\":\"https:\/\/acefootball.com\/da\/fodboldnyheder\/author\/mdnronaldo\/\"}]}<\/script>\n<!-- \/ Yoast SEO plugin. -->","yoast_head_json":{"title":"Vanvittigt krav: S\u00e5 meget skal Ag\u00fcero have i l\u00f8n","description":"Sergio Ag\u00fcero er fri p\u00e5 markedet til sommer, men argentinerens l\u00f8nkrav skr\u00e6mmer nok de fleste bejlere v\u00e6k","robots":{"index":"index","follow":"follow","max-snippet":"max-snippet:-1","max-image-preview":"max-image-preview:large","max-video-preview":"max-video-preview:-1"},"canonical":"https:\/\/acefootball.com\/da\/fodboldnyheder\/vanvittigt-krav-saa-meget-skal-aguero-have-i-loen\/","og_locale":"en_US","og_type":"article","og_title":"Vanvittigt krav: S\u00e5 meget skal Ag\u00fcero have i l\u00f8n","og_description":"Sergio Ag\u00fcero er fri p\u00e5 markedet til sommer, men argentinerens l\u00f8nkrav skr\u00e6mmer nok de fleste bejlere v\u00e6k","og_url":"https:\/\/acefootball.com\/da\/fodboldnyheder\/vanvittigt-krav-saa-meget-skal-aguero-have-i-loen\/","og_site_name":"Ace Football Danmark","article_publisher":"https:\/\/www.facebook.com\/acefootballdk","article_published_time":"2021-04-17T15:43:14+00:00","og_image":[{"width":1920,"height":1008,"url":"https:\/\/acefootball.com\/da\/wp-content\/uploads\/sites\/2\/2021\/03\/Laes-mere-generel-1-6.jpg","type":"image\/jpeg"}],"twitter_card":"summary_large_image","twitter_misc":{"Written by":"Mads Dreyer","Est. reading time":"1 minute"},"schema":{"@context":"https:\/\/schema.org","@graph":[{"@type":"Organization","@id":"https:\/\/acefootball.com\/da\/#organization","name":"Ace Football","url":"https:\/\/acefootball.com\/da\/","sameAs":["https:\/\/www.facebook.com\/acefootballdk"],"logo":{"@type":"ImageObject","@id":"https:\/\/acefootball.com\/da\/#logo","inLanguage":"en-US","url":"https:\/\/acefootball.com\/da\/wp-content\/uploads\/sites\/2\/2020\/07\/Ace-Football-30-07-2020-2.png","contentUrl":"https:\/\/acefootball.com\/da\/wp-content\/uploads\/sites\/2\/2020\/07\/Ace-Football-30-07-2020-2.png","width":1200,"height":600,"caption":"Ace Football"},"image":{"@id":"https:\/\/acefootball.com\/da\/#logo"}},{"@type":"WebSite","@id":"https:\/\/acefootball.com\/da\/#website","url":"https:\/\/acefootball.com\/da\/","name":"Ace Football Danmark","description":"Nyheder, Spiltips &amp; Livescore","publisher":{"@id":"https:\/\/acefootball.com\/da\/#organization"},"potentialAction":[{"@type":"SearchAction","target":{"@type":"EntryPoint","urlTemplate":"https:\/\/acefootball.com\/da\/?s={search_term_string}"},"query-input":"required name=search_term_string"}],"inLanguage":"en-US"},{"@type":"ImageObject","@id":"https:\/\/acefootball.com\/da\/fodboldnyheder\/vanvittigt-krav-saa-meget-skal-aguero-have-i-loen\/#primaryimage","inLanguage":"en-US","url":"https:\/\/acefootball.com\/da\/wp-content\/uploads\/sites\/2\/2021\/03\/Laes-mere-generel-1-6.jpg","contentUrl":"https:\/\/acefootball.com\/da\/wp-content\/uploads\/sites\/2\/2021\/03\/Laes-mere-generel-1-6.jpg","width":1920,"height":1008,"caption":"aguero"},{"@type":"WebPage","@id":"https:\/\/acefootball.com\/da\/fodboldnyheder\/vanvittigt-krav-saa-meget-skal-aguero-have-i-loen\/#webpage","url":"https:\/\/acefootball.com\/da\/fodboldnyheder\/vanvittigt-krav-saa-meget-skal-aguero-have-i-loen\/","name":"Vanvittigt krav: S\u00e5 meget skal Ag\u00fcero have i l\u00f8n","isPartOf":{"@id":"https:\/\/acefootball.com\/da\/#website"},"primaryImageOfPage":{"@id":"https:\/\/acefootball.com\/da\/fodboldnyheder\/vanvittigt-krav-saa-meget-skal-aguero-have-i-loen\/#primaryimage"},"datePublished":"2021-04-17T15:43:14+00:00","dateModified":"2021-04-17T15:43:14+00:00","description":"Sergio Ag\u00fcero er fri p\u00e5 markedet til sommer, men argentinerens l\u00f8nkrav skr\u00e6mmer nok de fleste bejlere v\u00e6k","breadcrumb":{"@id":"https:\/\/acefootball.com\/da\/fodboldnyheder\/vanvittigt-krav-saa-meget-skal-aguero-have-i-loen\/#breadcrumb"},"inLanguage":"en-US","potentialAction":[{"@type":"ReadAction","target":["https:\/\/acefootball.com\/da\/fodboldnyheder\/vanvittigt-krav-saa-meget-skal-aguero-have-i-loen\/"]}]},{"@type":"BreadcrumbList","@id":"https:\/\/acefootball.com\/da\/fodboldnyheder\/vanvittigt-krav-saa-meget-skal-aguero-have-i-loen\/#breadcrumb","itemListElement":[{"@type":"ListItem","position":1,"name":"Home","item":"https:\/\/acefootball.com\/da\/"},{"@type":"ListItem","position":2,"name":"Vanvittigt krav: S\u00e5 meget skal Ag\u00fcero have i l\u00f8n"}]},{"@type":"Article","@id":"https:\/\/acefootball.com\/da\/fodboldnyheder\/vanvittigt-krav-saa-meget-skal-aguero-have-i-loen\/#article","isPartOf":{"@id":"https:\/\/acefootball.com\/da\/fodboldnyheder\/vanvittigt-krav-saa-meget-skal-aguero-have-i-loen\/#webpage"},"author":{"@id":"https:\/\/acefootball.com\/da\/#\/schema\/person\/ee67e9cf04a276f144100ffa722f10cd"},"headline":"Vanvittigt krav: S\u00e5 meget skal Ag\u00fcero have i l\u00f8n","datePublished":"2021-04-17T15:43:14+00:00","dateModified":"2021-04-17T15:43:14+00:00","mainEntityOfPage":{"@id":"https:\/\/acefootball.com\/da\/fodboldnyheder\/vanvittigt-krav-saa-meget-skal-aguero-have-i-loen\/#webpage"},"wordCount":206,"commentCount":0,"publisher":{"@id":"https:\/\/acefootball.com\/da\/#organization"},"image":{"@id":"https:\/\/acefootball.com\/da\/fodboldnyheder\/vanvittigt-krav-saa-meget-skal-aguero-have-i-loen\/#primaryimage"},"thumbnailUrl":"https:\/\/acefootball.com\/da\/wp-content\/uploads\/sites\/2\/2021\/03\/GettyImages-1304401358.jpg","keywords":["FC Barcelona","Juventus","Manchester City","Paris Saint-Germain","Premier League","Sergio Ag\u00fcero"],"articleSection":["Nyhed"],"inLanguage":"en-US","potentialAction":[{"@type":"CommentAction","name":"Comment","target":["https:\/\/acefootball.com\/da\/fodboldnyheder\/vanvittigt-krav-saa-meget-skal-aguero-have-i-loen\/#respond"]}]},{"@type":"Person","@id":"https:\/\/acefootball.com\/da\/#\/schema\/person\/ee67e9cf04a276f144100ffa722f10cd","name":"Mads Dreyer","image":{"@type":"ImageObject","@id":"https:\/\/acefootball.com\/da\/#personlogo","inLanguage":"en-US","url":"https:\/\/secure.gravatar.com\/avatar\/7c7abf72cfde9902b6a60efe60c88d4c?s=96&d=mm&r=g","contentUrl":"https:\/\/secure.gravatar.com\/avatar\/7c7abf72cfde9902b6a60efe60c88d4c?s=96&d=mm&r=g","caption":"Mads Dreyer"},"description":"Skribent og fodboldn\u00f8rd, der lige nu fort\u00e6ller om alt og intet i fodboldverdenen p\u00e5 acefootball.com. Uddannet i kommunikation fra Aalborg Universitet.","sameAs":["https:\/\/www.linkedin.com\/in\/mads-dreyer-b9b08266\/"],"url":"https:\/\/acefootball.com\/da\/fodboldnyheder\/author\/mdnronaldo\/"}]}},"fimg_url":"https:\/\/acefootball.com\/da\/wp-content\/uploads\/sites\/2\/2021\/03\/GettyImages-1304401358.jpg","_links":{"self":[{"href":"https:\/\/acefootball.com\/da\/wp-json\/wp\/v2\/posts\/257033"}],"collection":[{"href":"https:\/\/acefootball.com\/da\/wp-json\/wp\/v2\/posts"}],"about":[{"href":"https:\/\/acefootball.com\/da\/wp-json\/wp\/v2\/types\/post"}],"author":[{"embeddable":true,"href":"https:\/\/acefootball.com\/da\/wp-json\/wp\/v2\/users\/705"}],"replies":[{"embeddable":true,"href":"https:\/\/acefootball.com\/da\/wp-json\/wp\/v2\/comments?post=257033"}],"version-history":[{"count":0,"href":"https:\/\/acefootball.com\/da\/wp-json\/wp\/v2\/posts\/257033\/revisions"}],"wp:featuredmedia":[{"embeddable":true,"href":"https:\/\/acefootball.com\/da\/wp-json\/wp\/v2\/media\/254031"}],"wp:attachment":[{"href":"https:\/\/acefootball.com\/da\/wp-json\/wp\/v2\/media?parent=257033"}],"wp:term":[{"taxonomy":"category","embeddable":true,"href":"https:\/\/acefootball.com\/da\/wp-json\/wp\/v2\/categories?post=257033"},{"taxonomy":"post_tag","embeddable":true,"href":"https:\/\/acefootball.com\/da\/wp-json\/wp\/v2\/tags?post=257033"}],"curies":[{"name":"wp","href":"https:\/\/api.w.org\/{rel}","templated":true}]}}