{"id":256992,"date":"2021-04-15T14:40:41","date_gmt":"2021-04-15T12:40:41","guid":{"rendered":"https:\/\/acefootball.com\/da\/?p=256992"},"modified":"2021-04-15T14:40:42","modified_gmt":"2021-04-15T12:40:42","slug":"aab-talent-soeger-vaek-aaben-for-baade-danmark-og-udland","status":"publish","type":"post","link":"https:\/\/acefootball.com\/da\/fodboldnyheder\/aab-talent-soeger-vaek-aaben-for-baade-danmark-og-udland\/","title":{"rendered":"AaB-talent s\u00f8ger v\u00e6k: \u00c5ben for b\u00e5de Danmark og udland"},"content":{"rendered":"\n<h2 id=\"h-aab-talentet-lukas-klitten-har-udl-b-til-sommer-og-aftalen-ser-ikke-ud-til-at-blive-forl-nget\">AaB-talentet Lukas Klitten har udl\u00f8b til sommer, og aftalen ser ikke ud til at blive forl\u00e6nget<\/h2>\n\n\n\n<p>Det er i denne s\u00e6son ikke blevet til meget spilletid for AaB&#8217;s Lukas Klitten, som i de fleste af kampene har m\u00e5tte se Jakob Ahlmann tage pladsen som venstre back.<\/p>\n\n\n\n<p>Det er 20-\u00e5rige Klitten skuffet over, da han savner den tillid, han f\u00f8ler klubben havde givet udtryk for at give. Det fort\u00e6ller han til <a href=\"https:\/\/ekstrabladet.dk\/sport\/fodbold\/dansk_fodbold\/superligaen\/aab\/skuffet-over-klubben-nu-vil-han-vaek\/8533718\" target=\"_blank\" rel=\"noreferrer noopener\">Ekstra Bladet<\/a>.<\/p>\n\n\n\n<p>Nu st\u00e5r AaB-talentet over for et kontraktudl\u00f8b til sommer, og han forbereder sig s\u00e5 sm\u00e5t p\u00e5 et exit i AaB, da der ingen forhandlinger om en forl\u00e6ngelse er i gang.<\/p>\n\n\n\n<p>I vinter var der l\u00f8se rygter om interesse fra Serie A-klubben Sampdoria, mens ogs\u00e5 FC Midtjylland og AGF var inde i billedet if\u00f8lge <a href=\"https:\/\/ekstrabladet.dk\/sport\/fodbold\/dansk_fodbold\/superligaen\/aab\/skuffet-over-klubben-nu-vil-han-vaek\/8533718\" target=\"_blank\" rel=\"noreferrer noopener\">Ekstra Bladet<\/a>, og Klitten holder fortsat alle d\u00f8re \u00e5bne.<\/p>\n\n\n\n<p>&#8220;Jeg h\u00f8rte godt om interessen fra Sampdoria i vinter, men det kom aldrig helt t\u00e6t p\u00e5. Lige nu er jeg \u00e5ben for b\u00e5de Danmark og udlandet. Jeg tror, det er sundt for mig, at n\u00e5r jeg sidder med den her holdning, s\u00e5 m\u00e5 jeg ogs\u00e5 st\u00e5 ved den,&#8221; fort\u00e6ller Klitten til samme medie.<\/p>\n\n\n\n<p>Lukas Klitten har i denne s\u00e6son spillet 14 Superliga-kampe, hvoraf de 5 har v\u00e6ret fra start.<\/p>\n\n\n\n<figure class=\"wp-block-embed is-type-wp-embed is-provider-ace-football-danmark wp-block-embed-ace-football-danmark\"><div class=\"wp-block-embed__wrapper\">\n<blockquote class=\"wp-embedded-content\" data-secret=\"jgoiWEfdFJ\"><a href=\"https:\/\/acefootball.com\/da\/fodboldnyheder\/boost-til-dansk-mester-champions-league-plads-kommer-taettere-paa\/\">Boost til dansk mester: Champions League-plads kommer t\u00e6ttere p\u00e5<\/a><\/blockquote><iframe class=\"wp-embedded-content\" sandbox=\"allow-scripts\" security=\"restricted\" style=\"position: absolute; clip: rect(1px, 1px, 1px, 1px);\" title=\"&#8220;Boost til dansk mester: Champions League-plads kommer t\u00e6ttere p\u00e5&#8221; &#8212; Ace Football Danmark\" src=\"https:\/\/acefootball.com\/da\/fodboldnyheder\/boost-til-dansk-mester-champions-league-plads-kommer-taettere-paa\/embed\/#?secret=jgoiWEfdFJ\" data-secret=\"jgoiWEfdFJ\" width=\"600\" height=\"338\" frameborder=\"0\" marginwidth=\"0\" marginheight=\"0\" scrolling=\"no\"><\/iframe>\n<\/div><\/figure>\n","protected":false},"excerpt":{"rendered":"<p>AaB-talentet Lukas Klitten har udl\u00f8b til sommer, og aftalen ser ikke ud til at blive forl\u00e6nget<\/p>\n","protected":false},"author":705,"featured_media":249089,"comment_status":"open","ping_status":"closed","sticky":false,"template":"","format":"standard","meta":{"om_disable_all_campaigns":false,"push_articles_ronaldo":{"active":false,"canonical":0,"publish":false},"force_updates":null},"categories":[7],"tags":[17,7695,588],"enet_tags":{"team":["8470"],"player":["935393"],"league":["46"],"sport_events":[]},"yoast_head":"<!-- This site is optimized with the Yoast SEO plugin v18.3 - https:\/\/yoast.com\/wordpress\/plugins\/seo\/ -->\n<title>AaB-talent s\u00f8ger v\u00e6k: \u00c5ben for b\u00e5de Danmark og udland<\/title>\n<meta name=\"description\" content=\"AaB-talentet Lukas Klitten har udl\u00f8b til sommer, og aftalen ser ikke ud til at blive forl\u00e6nget\" \/>\n<meta name=\"robots\" content=\"index, follow, max-snippet:-1, max-image-preview:large, max-video-preview:-1\" \/>\n<link rel=\"canonical\" href=\"https:\/\/acefootball.com\/da\/fodboldnyheder\/aab-talent-soeger-vaek-aaben-for-baade-danmark-og-udland\/\" \/>\n<meta property=\"og:locale\" content=\"en_US\" \/>\n<meta property=\"og:type\" content=\"article\" \/>\n<meta property=\"og:title\" content=\"AaB-talent s\u00f8ger v\u00e6k: \u00c5ben for b\u00e5de Danmark og udland\" \/>\n<meta property=\"og:description\" content=\"AaB-talentet Lukas Klitten har udl\u00f8b til sommer, og aftalen ser ikke ud til at blive forl\u00e6nget\" \/>\n<meta property=\"og:url\" content=\"https:\/\/acefootball.com\/da\/fodboldnyheder\/aab-talent-soeger-vaek-aaben-for-baade-danmark-og-udland\/\" \/>\n<meta property=\"og:site_name\" content=\"Ace Football Danmark\" \/>\n<meta property=\"article:publisher\" content=\"https:\/\/www.facebook.com\/acefootballdk\" \/>\n<meta property=\"article:published_time\" content=\"2021-04-15T12:40:41+00:00\" \/>\n<meta property=\"article:modified_time\" content=\"2021-04-15T12:40:42+00:00\" \/>\n<meta property=\"og:image\" content=\"https:\/\/acefootball.com\/da\/wp-content\/uploads\/sites\/2\/2021\/04\/Laes-mere-generel-2021-04-15T143954.130.jpg\" \/>\n\t<meta property=\"og:image:width\" content=\"1920\" \/>\n\t<meta property=\"og:image:height\" content=\"1008\" \/>\n\t<meta property=\"og:image:type\" content=\"image\/jpeg\" \/>\n<meta name=\"twitter:card\" content=\"summary_large_image\" \/>\n<meta name=\"twitter:label1\" content=\"Written by\" \/>\n\t<meta name=\"twitter:data1\" content=\"Mads Dreyer\" \/>\n\t<meta name=\"twitter:label2\" content=\"Est. reading time\" \/>\n\t<meta name=\"twitter:data2\" content=\"1 minute\" \/>\n<script type=\"application\/ld+json\" class=\"yoast-schema-graph\">{\"@context\":\"https:\/\/schema.org\",\"@graph\":[{\"@type\":\"Organization\",\"@id\":\"https:\/\/acefootball.com\/da\/#organization\",\"name\":\"Ace Football\",\"url\":\"https:\/\/acefootball.com\/da\/\",\"sameAs\":[\"https:\/\/www.facebook.com\/acefootballdk\"],\"logo\":{\"@type\":\"ImageObject\",\"@id\":\"https:\/\/acefootball.com\/da\/#logo\",\"inLanguage\":\"en-US\",\"url\":\"https:\/\/acefootball.com\/da\/wp-content\/uploads\/sites\/2\/2020\/07\/Ace-Football-30-07-2020-2.png\",\"contentUrl\":\"https:\/\/acefootball.com\/da\/wp-content\/uploads\/sites\/2\/2020\/07\/Ace-Football-30-07-2020-2.png\",\"width\":1200,\"height\":600,\"caption\":\"Ace Football\"},\"image\":{\"@id\":\"https:\/\/acefootball.com\/da\/#logo\"}},{\"@type\":\"WebSite\",\"@id\":\"https:\/\/acefootball.com\/da\/#website\",\"url\":\"https:\/\/acefootball.com\/da\/\",\"name\":\"Ace Football Danmark\",\"description\":\"Nyheder, Spiltips &amp; Livescore\",\"publisher\":{\"@id\":\"https:\/\/acefootball.com\/da\/#organization\"},\"potentialAction\":[{\"@type\":\"SearchAction\",\"target\":{\"@type\":\"EntryPoint\",\"urlTemplate\":\"https:\/\/acefootball.com\/da\/?s={search_term_string}\"},\"query-input\":\"required name=search_term_string\"}],\"inLanguage\":\"en-US\"},{\"@type\":\"ImageObject\",\"@id\":\"https:\/\/acefootball.com\/da\/fodboldnyheder\/aab-talent-soeger-vaek-aaben-for-baade-danmark-og-udland\/#primaryimage\",\"inLanguage\":\"en-US\",\"url\":\"https:\/\/acefootball.com\/da\/wp-content\/uploads\/sites\/2\/2021\/04\/Laes-mere-generel-2021-04-15T143954.130.jpg\",\"contentUrl\":\"https:\/\/acefootball.com\/da\/wp-content\/uploads\/sites\/2\/2021\/04\/Laes-mere-generel-2021-04-15T143954.130.jpg\",\"width\":1920,\"height\":1008,\"caption\":\"klitten\"},{\"@type\":\"WebPage\",\"@id\":\"https:\/\/acefootball.com\/da\/fodboldnyheder\/aab-talent-soeger-vaek-aaben-for-baade-danmark-og-udland\/#webpage\",\"url\":\"https:\/\/acefootball.com\/da\/fodboldnyheder\/aab-talent-soeger-vaek-aaben-for-baade-danmark-og-udland\/\",\"name\":\"AaB-talent s\u00f8ger v\u00e6k: \u00c5ben for b\u00e5de Danmark og udland\",\"isPartOf\":{\"@id\":\"https:\/\/acefootball.com\/da\/#website\"},\"primaryImageOfPage\":{\"@id\":\"https:\/\/acefootball.com\/da\/fodboldnyheder\/aab-talent-soeger-vaek-aaben-for-baade-danmark-og-udland\/#primaryimage\"},\"datePublished\":\"2021-04-15T12:40:41+00:00\",\"dateModified\":\"2021-04-15T12:40:42+00:00\",\"description\":\"AaB-talentet Lukas Klitten har udl\u00f8b til sommer, og aftalen ser ikke ud til at blive forl\u00e6nget\",\"breadcrumb\":{\"@id\":\"https:\/\/acefootball.com\/da\/fodboldnyheder\/aab-talent-soeger-vaek-aaben-for-baade-danmark-og-udland\/#breadcrumb\"},\"inLanguage\":\"en-US\",\"potentialAction\":[{\"@type\":\"ReadAction\",\"target\":[\"https:\/\/acefootball.com\/da\/fodboldnyheder\/aab-talent-soeger-vaek-aaben-for-baade-danmark-og-udland\/\"]}]},{\"@type\":\"BreadcrumbList\",\"@id\":\"https:\/\/acefootball.com\/da\/fodboldnyheder\/aab-talent-soeger-vaek-aaben-for-baade-danmark-og-udland\/#breadcrumb\",\"itemListElement\":[{\"@type\":\"ListItem\",\"position\":1,\"name\":\"Home\",\"item\":\"https:\/\/acefootball.com\/da\/\"},{\"@type\":\"ListItem\",\"position\":2,\"name\":\"AaB-talent s\u00f8ger v\u00e6k: \u00c5ben for b\u00e5de Danmark og udland\"}]},{\"@type\":\"Article\",\"@id\":\"https:\/\/acefootball.com\/da\/fodboldnyheder\/aab-talent-soeger-vaek-aaben-for-baade-danmark-og-udland\/#article\",\"isPartOf\":{\"@id\":\"https:\/\/acefootball.com\/da\/fodboldnyheder\/aab-talent-soeger-vaek-aaben-for-baade-danmark-og-udland\/#webpage\"},\"author\":{\"@id\":\"https:\/\/acefootball.com\/da\/#\/schema\/person\/ee67e9cf04a276f144100ffa722f10cd\"},\"headline\":\"AaB-talent s\u00f8ger v\u00e6k: \u00c5ben for b\u00e5de Danmark og udland\",\"datePublished\":\"2021-04-15T12:40:41+00:00\",\"dateModified\":\"2021-04-15T12:40:42+00:00\",\"mainEntityOfPage\":{\"@id\":\"https:\/\/acefootball.com\/da\/fodboldnyheder\/aab-talent-soeger-vaek-aaben-for-baade-danmark-og-udland\/#webpage\"},\"wordCount\":240,\"commentCount\":0,\"publisher\":{\"@id\":\"https:\/\/acefootball.com\/da\/#organization\"},\"image\":{\"@id\":\"https:\/\/acefootball.com\/da\/fodboldnyheder\/aab-talent-soeger-vaek-aaben-for-baade-danmark-og-udland\/#primaryimage\"},\"thumbnailUrl\":\"https:\/\/acefootball.com\/da\/wp-content\/uploads\/sites\/2\/2021\/01\/GettyImages-1214804877.jpg\",\"keywords\":[\"AaB\",\"Lukas Klitten\",\"Superligaen\"],\"articleSection\":[\"Transfer\"],\"inLanguage\":\"en-US\",\"potentialAction\":[{\"@type\":\"CommentAction\",\"name\":\"Comment\",\"target\":[\"https:\/\/acefootball.com\/da\/fodboldnyheder\/aab-talent-soeger-vaek-aaben-for-baade-danmark-og-udland\/#respond\"]}]},{\"@type\":\"Person\",\"@id\":\"https:\/\/acefootball.com\/da\/#\/schema\/person\/ee67e9cf04a276f144100ffa722f10cd\",\"name\":\"Mads Dreyer\",\"image\":{\"@type\":\"ImageObject\",\"@id\":\"https:\/\/acefootball.com\/da\/#personlogo\",\"inLanguage\":\"en-US\",\"url\":\"https:\/\/secure.gravatar.com\/avatar\/7c7abf72cfde9902b6a60efe60c88d4c?s=96&d=mm&r=g\",\"contentUrl\":\"https:\/\/secure.gravatar.com\/avatar\/7c7abf72cfde9902b6a60efe60c88d4c?s=96&d=mm&r=g\",\"caption\":\"Mads Dreyer\"},\"description\":\"Skribent og fodboldn\u00f8rd, der lige nu fort\u00e6ller om alt og intet i fodboldverdenen p\u00e5 acefootball.com. Uddannet i kommunikation fra Aalborg Universitet.\",\"sameAs\":[\"https:\/\/www.linkedin.com\/in\/mads-dreyer-b9b08266\/\"],\"url\":\"https:\/\/acefootball.com\/da\/fodboldnyheder\/author\/mdnronaldo\/\"}]}<\/script>\n<!-- \/ Yoast SEO plugin. -->","yoast_head_json":{"title":"AaB-talent s\u00f8ger v\u00e6k: \u00c5ben for b\u00e5de Danmark og udland","description":"AaB-talentet Lukas Klitten har udl\u00f8b til sommer, og aftalen ser ikke ud til at blive forl\u00e6nget","robots":{"index":"index","follow":"follow","max-snippet":"max-snippet:-1","max-image-preview":"max-image-preview:large","max-video-preview":"max-video-preview:-1"},"canonical":"https:\/\/acefootball.com\/da\/fodboldnyheder\/aab-talent-soeger-vaek-aaben-for-baade-danmark-og-udland\/","og_locale":"en_US","og_type":"article","og_title":"AaB-talent s\u00f8ger v\u00e6k: \u00c5ben for b\u00e5de Danmark og udland","og_description":"AaB-talentet Lukas Klitten har udl\u00f8b til sommer, og aftalen ser ikke ud til at blive forl\u00e6nget","og_url":"https:\/\/acefootball.com\/da\/fodboldnyheder\/aab-talent-soeger-vaek-aaben-for-baade-danmark-og-udland\/","og_site_name":"Ace Football Danmark","article_publisher":"https:\/\/www.facebook.com\/acefootballdk","article_published_time":"2021-04-15T12:40:41+00:00","article_modified_time":"2021-04-15T12:40:42+00:00","og_image":[{"width":1920,"height":1008,"url":"https:\/\/acefootball.com\/da\/wp-content\/uploads\/sites\/2\/2021\/04\/Laes-mere-generel-2021-04-15T143954.130.jpg","type":"image\/jpeg"}],"twitter_card":"summary_large_image","twitter_misc":{"Written by":"Mads Dreyer","Est. reading time":"1 minute"},"schema":{"@context":"https:\/\/schema.org","@graph":[{"@type":"Organization","@id":"https:\/\/acefootball.com\/da\/#organization","name":"Ace Football","url":"https:\/\/acefootball.com\/da\/","sameAs":["https:\/\/www.facebook.com\/acefootballdk"],"logo":{"@type":"ImageObject","@id":"https:\/\/acefootball.com\/da\/#logo","inLanguage":"en-US","url":"https:\/\/acefootball.com\/da\/wp-content\/uploads\/sites\/2\/2020\/07\/Ace-Football-30-07-2020-2.png","contentUrl":"https:\/\/acefootball.com\/da\/wp-content\/uploads\/sites\/2\/2020\/07\/Ace-Football-30-07-2020-2.png","width":1200,"height":600,"caption":"Ace Football"},"image":{"@id":"https:\/\/acefootball.com\/da\/#logo"}},{"@type":"WebSite","@id":"https:\/\/acefootball.com\/da\/#website","url":"https:\/\/acefootball.com\/da\/","name":"Ace Football Danmark","description":"Nyheder, Spiltips &amp; Livescore","publisher":{"@id":"https:\/\/acefootball.com\/da\/#organization"},"potentialAction":[{"@type":"SearchAction","target":{"@type":"EntryPoint","urlTemplate":"https:\/\/acefootball.com\/da\/?s={search_term_string}"},"query-input":"required name=search_term_string"}],"inLanguage":"en-US"},{"@type":"ImageObject","@id":"https:\/\/acefootball.com\/da\/fodboldnyheder\/aab-talent-soeger-vaek-aaben-for-baade-danmark-og-udland\/#primaryimage","inLanguage":"en-US","url":"https:\/\/acefootball.com\/da\/wp-content\/uploads\/sites\/2\/2021\/04\/Laes-mere-generel-2021-04-15T143954.130.jpg","contentUrl":"https:\/\/acefootball.com\/da\/wp-content\/uploads\/sites\/2\/2021\/04\/Laes-mere-generel-2021-04-15T143954.130.jpg","width":1920,"height":1008,"caption":"klitten"},{"@type":"WebPage","@id":"https:\/\/acefootball.com\/da\/fodboldnyheder\/aab-talent-soeger-vaek-aaben-for-baade-danmark-og-udland\/#webpage","url":"https:\/\/acefootball.com\/da\/fodboldnyheder\/aab-talent-soeger-vaek-aaben-for-baade-danmark-og-udland\/","name":"AaB-talent s\u00f8ger v\u00e6k: \u00c5ben for b\u00e5de Danmark og udland","isPartOf":{"@id":"https:\/\/acefootball.com\/da\/#website"},"primaryImageOfPage":{"@id":"https:\/\/acefootball.com\/da\/fodboldnyheder\/aab-talent-soeger-vaek-aaben-for-baade-danmark-og-udland\/#primaryimage"},"datePublished":"2021-04-15T12:40:41+00:00","dateModified":"2021-04-15T12:40:42+00:00","description":"AaB-talentet Lukas Klitten har udl\u00f8b til sommer, og aftalen ser ikke ud til at blive forl\u00e6nget","breadcrumb":{"@id":"https:\/\/acefootball.com\/da\/fodboldnyheder\/aab-talent-soeger-vaek-aaben-for-baade-danmark-og-udland\/#breadcrumb"},"inLanguage":"en-US","potentialAction":[{"@type":"ReadAction","target":["https:\/\/acefootball.com\/da\/fodboldnyheder\/aab-talent-soeger-vaek-aaben-for-baade-danmark-og-udland\/"]}]},{"@type":"BreadcrumbList","@id":"https:\/\/acefootball.com\/da\/fodboldnyheder\/aab-talent-soeger-vaek-aaben-for-baade-danmark-og-udland\/#breadcrumb","itemListElement":[{"@type":"ListItem","position":1,"name":"Home","item":"https:\/\/acefootball.com\/da\/"},{"@type":"ListItem","position":2,"name":"AaB-talent s\u00f8ger v\u00e6k: \u00c5ben for b\u00e5de Danmark og udland"}]},{"@type":"Article","@id":"https:\/\/acefootball.com\/da\/fodboldnyheder\/aab-talent-soeger-vaek-aaben-for-baade-danmark-og-udland\/#article","isPartOf":{"@id":"https:\/\/acefootball.com\/da\/fodboldnyheder\/aab-talent-soeger-vaek-aaben-for-baade-danmark-og-udland\/#webpage"},"author":{"@id":"https:\/\/acefootball.com\/da\/#\/schema\/person\/ee67e9cf04a276f144100ffa722f10cd"},"headline":"AaB-talent s\u00f8ger v\u00e6k: \u00c5ben for b\u00e5de Danmark og udland","datePublished":"2021-04-15T12:40:41+00:00","dateModified":"2021-04-15T12:40:42+00:00","mainEntityOfPage":{"@id":"https:\/\/acefootball.com\/da\/fodboldnyheder\/aab-talent-soeger-vaek-aaben-for-baade-danmark-og-udland\/#webpage"},"wordCount":240,"commentCount":0,"publisher":{"@id":"https:\/\/acefootball.com\/da\/#organization"},"image":{"@id":"https:\/\/acefootball.com\/da\/fodboldnyheder\/aab-talent-soeger-vaek-aaben-for-baade-danmark-og-udland\/#primaryimage"},"thumbnailUrl":"https:\/\/acefootball.com\/da\/wp-content\/uploads\/sites\/2\/2021\/01\/GettyImages-1214804877.jpg","keywords":["AaB","Lukas Klitten","Superligaen"],"articleSection":["Transfer"],"inLanguage":"en-US","potentialAction":[{"@type":"CommentAction","name":"Comment","target":["https:\/\/acefootball.com\/da\/fodboldnyheder\/aab-talent-soeger-vaek-aaben-for-baade-danmark-og-udland\/#respond"]}]},{"@type":"Person","@id":"https:\/\/acefootball.com\/da\/#\/schema\/person\/ee67e9cf04a276f144100ffa722f10cd","name":"Mads Dreyer","image":{"@type":"ImageObject","@id":"https:\/\/acefootball.com\/da\/#personlogo","inLanguage":"en-US","url":"https:\/\/secure.gravatar.com\/avatar\/7c7abf72cfde9902b6a60efe60c88d4c?s=96&d=mm&r=g","contentUrl":"https:\/\/secure.gravatar.com\/avatar\/7c7abf72cfde9902b6a60efe60c88d4c?s=96&d=mm&r=g","caption":"Mads Dreyer"},"description":"Skribent og fodboldn\u00f8rd, der lige nu fort\u00e6ller om alt og intet i fodboldverdenen p\u00e5 acefootball.com. Uddannet i kommunikation fra Aalborg Universitet.","sameAs":["https:\/\/www.linkedin.com\/in\/mads-dreyer-b9b08266\/"],"url":"https:\/\/acefootball.com\/da\/fodboldnyheder\/author\/mdnronaldo\/"}]}},"fimg_url":"https:\/\/acefootball.com\/da\/wp-content\/uploads\/sites\/2\/2021\/01\/GettyImages-1214804877.jpg","_links":{"self":[{"href":"https:\/\/acefootball.com\/da\/wp-json\/wp\/v2\/posts\/256992"}],"collection":[{"href":"https:\/\/acefootball.com\/da\/wp-json\/wp\/v2\/posts"}],"about":[{"href":"https:\/\/acefootball.com\/da\/wp-json\/wp\/v2\/types\/post"}],"author":[{"embeddable":true,"href":"https:\/\/acefootball.com\/da\/wp-json\/wp\/v2\/users\/705"}],"replies":[{"embeddable":true,"href":"https:\/\/acefootball.com\/da\/wp-json\/wp\/v2\/comments?post=256992"}],"version-history":[{"count":0,"href":"https:\/\/acefootball.com\/da\/wp-json\/wp\/v2\/posts\/256992\/revisions"}],"wp:featuredmedia":[{"embeddable":true,"href":"https:\/\/acefootball.com\/da\/wp-json\/wp\/v2\/media\/249089"}],"wp:attachment":[{"href":"https:\/\/acefootball.com\/da\/wp-json\/wp\/v2\/media?parent=256992"}],"wp:term":[{"taxonomy":"category","embeddable":true,"href":"https:\/\/acefootball.com\/da\/wp-json\/wp\/v2\/categories?post=256992"},{"taxonomy":"post_tag","embeddable":true,"href":"https:\/\/acefootball.com\/da\/wp-json\/wp\/v2\/tags?post=256992"}],"curies":[{"name":"wp","href":"https:\/\/api.w.org\/{rel}","templated":true}]}}