{"id":256976,"date":"2021-04-15T10:16:00","date_gmt":"2021-04-15T08:16:00","guid":{"rendered":"https:\/\/acefootball.com\/da\/?p=256976"},"modified":"2021-04-15T10:16:01","modified_gmt":"2021-04-15T08:16:01","slug":"mediechef-hylder-broendby-hvor-er-det-fedt","status":"publish","type":"post","link":"https:\/\/acefootball.com\/da\/fodboldnyheder\/mediechef-hylder-broendby-hvor-er-det-fedt\/","title":{"rendered":"Mediechef hylder Br\u00f8ndby: Hvor er det fedt!"},"content":{"rendered":"\n<h2 id=\"h-sportschef-p-ekstra-bladet-allan-olsen-hylder-br-ndby-og-klubbens-fans-for-at-g-forrest-i-qatar-debatten\">Sportschef p\u00e5 Ekstra Bladet, Allan Olsen, hylder Br\u00f8ndby og klubbens fans for at g\u00e5 forrest i Qatar-debatten<\/h2>\n\n\n\n<p>Br\u00f8ndby gav tirsdag sin holdning til beslutningen om at give Qatar v\u00e6rtsskabet for VM-slutrunden i 2022.<\/p>\n\n\n\n<p>Her opfordrede man til st\u00f8rre dialog med blandt andre fans, samarbejdspartnere og andre nationale forbund med henblik p\u00e5 at skabe forandringer i det st\u00e6rkt kritiserede land i Mellem\u00f8sten.<\/p>\n\n\n\n<p>Du kan l\u00e6se Br\u00f8ndbys udmelding her:<\/p>\n\n\n\n<figure class=\"wp-block-embed is-type-wp-embed is-provider-ace-football-danmark wp-block-embed-ace-football-danmark\"><div class=\"wp-block-embed__wrapper\">\n<blockquote class=\"wp-embedded-content\" data-secret=\"5VfiaEfrr8\"><a href=\"https:\/\/acefootball.com\/da\/fodboldnyheder\/broendby-fans-med-staerk-qatar-udmelding-nu-svarer-klubben\/\">Br\u00f8ndby-fans med st\u00e6rk Qatar-udmelding: Nu svarer klubben<\/a><\/blockquote><iframe class=\"wp-embedded-content\" sandbox=\"allow-scripts\" security=\"restricted\" style=\"position: absolute; clip: rect(1px, 1px, 1px, 1px);\" title=\"&#8220;Br\u00f8ndby-fans med st\u00e6rk Qatar-udmelding: Nu svarer klubben&#8221; &#8212; Ace Football Danmark\" src=\"https:\/\/acefootball.com\/da\/fodboldnyheder\/broendby-fans-med-staerk-qatar-udmelding-nu-svarer-klubben\/embed\/#?secret=5VfiaEfrr8\" data-secret=\"5VfiaEfrr8\" width=\"600\" height=\"338\" frameborder=\"0\" marginwidth=\"0\" marginheight=\"0\" scrolling=\"no\"><\/iframe>\n<\/div><\/figure>\n\n\n\n<p>Beslutningen om at give sin holdning til kende har modtaget stor ros fra omverdenen, og nu bliver den ogs\u00e5 hyldet af Ekstra Bladets sportschef Allan Olsen.<\/p>\n\n\n\n<p>&#8220;Hvor er det fedt, befriende og i \u00f8jenh\u00f8jde med de fleste fodboldfans, at Br\u00f8ndby t\u00f8r t\u00e6nke en selvst\u00e6ndig tanke,&#8221; skriver Olsen blandt andet p\u00e5 avisens <a href=\"https:\/\/ekstrabladet.dk\/sport\/kommentarer\/allanolsen\/den-sidder-lige-i-skabet-broendby\/8532820\" target=\"_blank\" rel=\"noreferrer noopener\">hjemmeside<\/a>.<\/p>\n\n\n\n<p>Br\u00f8ndby bliver desuden ogs\u00e5 rost for at lytte til klubbens fans og bakke dem op i sagen.<\/p>\n\n\n\n<p>Der er lavet en sjov sammenligning af den nye sportsdirekt\u00f8r i AGF, Stig Inge Bj\u00f8rnebye, og Br\u00f8ndbys Carsten V. Jensen. Se den her:<\/p>\n\n\n\n<figure class=\"wp-block-embed is-type-wp-embed is-provider-ace-football-danmark wp-block-embed-ace-football-danmark\"><div class=\"wp-block-embed__wrapper\">\n<blockquote class=\"wp-embedded-content\" data-secret=\"7o1KlxI57j\"><a href=\"https:\/\/acefootball.com\/da\/fodboldnyheder\/hvem-er-hvem-har-agf-hentet-broendby-boss\/\">Hvem er hvem: Har AGF hentet Br\u00f8ndby-boss?<\/a><\/blockquote><iframe class=\"wp-embedded-content\" sandbox=\"allow-scripts\" security=\"restricted\" style=\"position: absolute; clip: rect(1px, 1px, 1px, 1px);\" title=\"&#8220;Hvem er hvem: Har AGF hentet Br\u00f8ndby-boss?&#8221; &#8212; Ace Football Danmark\" src=\"https:\/\/acefootball.com\/da\/fodboldnyheder\/hvem-er-hvem-har-agf-hentet-broendby-boss\/embed\/#?secret=7o1KlxI57j\" data-secret=\"7o1KlxI57j\" width=\"600\" height=\"338\" frameborder=\"0\" marginwidth=\"0\" marginheight=\"0\" scrolling=\"no\"><\/iframe>\n<\/div><\/figure>\n","protected":false},"excerpt":{"rendered":"<p>Sportschef p\u00e5 Ekstra Bladet, Allan Olsen, hylder Br\u00f8ndby og klubbens fans for at g\u00e5 forrest i Qatar-debatten<\/p>\n","protected":false},"author":705,"featured_media":255674,"comment_status":"open","ping_status":"closed","sticky":false,"template":"","format":"standard","meta":{"om_disable_all_campaigns":false,"push_articles_ronaldo":{"active":false,"canonical":0,"publish":false},"force_updates":null},"categories":[8060],"tags":[53,588],"enet_tags":{"team":["8595"],"league":["46"],"sport_events":[]},"yoast_head":"<!-- This site is optimized with the Yoast SEO plugin v18.3 - https:\/\/yoast.com\/wordpress\/plugins\/seo\/ -->\n<title>Mediechef hylder Br\u00f8ndby: Hvor er det fedt!<\/title>\n<meta name=\"description\" content=\"Sportschef p\u00e5 Ekstra Bladet, Allan Olsen, hylder Br\u00f8ndby og klubbens fans for at g\u00e5 forrest i Qatar-debatten\" \/>\n<meta name=\"robots\" content=\"index, follow, max-snippet:-1, max-image-preview:large, max-video-preview:-1\" \/>\n<link rel=\"canonical\" href=\"https:\/\/acefootball.com\/da\/fodboldnyheder\/mediechef-hylder-broendby-hvor-er-det-fedt\/\" \/>\n<meta property=\"og:locale\" content=\"en_US\" \/>\n<meta property=\"og:type\" content=\"article\" \/>\n<meta property=\"og:title\" content=\"Mediechef hylder Br\u00f8ndby: Hvor er det fedt!\" \/>\n<meta property=\"og:description\" content=\"Sportschef p\u00e5 Ekstra Bladet, Allan Olsen, hylder Br\u00f8ndby og klubbens fans for at g\u00e5 forrest i Qatar-debatten\" \/>\n<meta property=\"og:url\" content=\"https:\/\/acefootball.com\/da\/fodboldnyheder\/mediechef-hylder-broendby-hvor-er-det-fedt\/\" \/>\n<meta property=\"og:site_name\" content=\"Ace Football Danmark\" \/>\n<meta property=\"article:publisher\" content=\"https:\/\/www.facebook.com\/acefootballdk\" \/>\n<meta property=\"article:published_time\" content=\"2021-04-15T08:16:00+00:00\" \/>\n<meta property=\"article:modified_time\" content=\"2021-04-15T08:16:01+00:00\" \/>\n<meta property=\"og:image\" content=\"https:\/\/acefootball.com\/da\/wp-content\/uploads\/sites\/2\/2021\/03\/Brondby-2021-03-25T091618.506.jpg\" \/>\n\t<meta property=\"og:image:width\" content=\"1920\" \/>\n\t<meta property=\"og:image:height\" content=\"1008\" \/>\n\t<meta property=\"og:image:type\" content=\"image\/jpeg\" \/>\n<meta name=\"twitter:card\" content=\"summary_large_image\" \/>\n<meta name=\"twitter:label1\" content=\"Written by\" \/>\n\t<meta name=\"twitter:data1\" content=\"Mads Dreyer\" \/>\n\t<meta name=\"twitter:label2\" content=\"Est. reading time\" \/>\n\t<meta name=\"twitter:data2\" content=\"1 minute\" \/>\n<script type=\"application\/ld+json\" class=\"yoast-schema-graph\">{\"@context\":\"https:\/\/schema.org\",\"@graph\":[{\"@type\":\"Organization\",\"@id\":\"https:\/\/acefootball.com\/da\/#organization\",\"name\":\"Ace Football\",\"url\":\"https:\/\/acefootball.com\/da\/\",\"sameAs\":[\"https:\/\/www.facebook.com\/acefootballdk\"],\"logo\":{\"@type\":\"ImageObject\",\"@id\":\"https:\/\/acefootball.com\/da\/#logo\",\"inLanguage\":\"en-US\",\"url\":\"https:\/\/acefootball.com\/da\/wp-content\/uploads\/sites\/2\/2020\/07\/Ace-Football-30-07-2020-2.png\",\"contentUrl\":\"https:\/\/acefootball.com\/da\/wp-content\/uploads\/sites\/2\/2020\/07\/Ace-Football-30-07-2020-2.png\",\"width\":1200,\"height\":600,\"caption\":\"Ace Football\"},\"image\":{\"@id\":\"https:\/\/acefootball.com\/da\/#logo\"}},{\"@type\":\"WebSite\",\"@id\":\"https:\/\/acefootball.com\/da\/#website\",\"url\":\"https:\/\/acefootball.com\/da\/\",\"name\":\"Ace Football Danmark\",\"description\":\"Nyheder, Spiltips &amp; Livescore\",\"publisher\":{\"@id\":\"https:\/\/acefootball.com\/da\/#organization\"},\"potentialAction\":[{\"@type\":\"SearchAction\",\"target\":{\"@type\":\"EntryPoint\",\"urlTemplate\":\"https:\/\/acefootball.com\/da\/?s={search_term_string}\"},\"query-input\":\"required name=search_term_string\"}],\"inLanguage\":\"en-US\"},{\"@type\":\"ImageObject\",\"@id\":\"https:\/\/acefootball.com\/da\/fodboldnyheder\/mediechef-hylder-broendby-hvor-er-det-fedt\/#primaryimage\",\"inLanguage\":\"en-US\",\"url\":\"https:\/\/acefootball.com\/da\/wp-content\/uploads\/sites\/2\/2021\/03\/Brondby-2021-03-25T091618.506.jpg\",\"contentUrl\":\"https:\/\/acefootball.com\/da\/wp-content\/uploads\/sites\/2\/2021\/03\/Brondby-2021-03-25T091618.506.jpg\",\"width\":1920,\"height\":1008},{\"@type\":\"WebPage\",\"@id\":\"https:\/\/acefootball.com\/da\/fodboldnyheder\/mediechef-hylder-broendby-hvor-er-det-fedt\/#webpage\",\"url\":\"https:\/\/acefootball.com\/da\/fodboldnyheder\/mediechef-hylder-broendby-hvor-er-det-fedt\/\",\"name\":\"Mediechef hylder Br\u00f8ndby: Hvor er det fedt!\",\"isPartOf\":{\"@id\":\"https:\/\/acefootball.com\/da\/#website\"},\"primaryImageOfPage\":{\"@id\":\"https:\/\/acefootball.com\/da\/fodboldnyheder\/mediechef-hylder-broendby-hvor-er-det-fedt\/#primaryimage\"},\"datePublished\":\"2021-04-15T08:16:00+00:00\",\"dateModified\":\"2021-04-15T08:16:01+00:00\",\"description\":\"Sportschef p\u00e5 Ekstra Bladet, Allan Olsen, hylder Br\u00f8ndby og klubbens fans for at g\u00e5 forrest i Qatar-debatten\",\"breadcrumb\":{\"@id\":\"https:\/\/acefootball.com\/da\/fodboldnyheder\/mediechef-hylder-broendby-hvor-er-det-fedt\/#breadcrumb\"},\"inLanguage\":\"en-US\",\"potentialAction\":[{\"@type\":\"ReadAction\",\"target\":[\"https:\/\/acefootball.com\/da\/fodboldnyheder\/mediechef-hylder-broendby-hvor-er-det-fedt\/\"]}]},{\"@type\":\"BreadcrumbList\",\"@id\":\"https:\/\/acefootball.com\/da\/fodboldnyheder\/mediechef-hylder-broendby-hvor-er-det-fedt\/#breadcrumb\",\"itemListElement\":[{\"@type\":\"ListItem\",\"position\":1,\"name\":\"Home\",\"item\":\"https:\/\/acefootball.com\/da\/\"},{\"@type\":\"ListItem\",\"position\":2,\"name\":\"Mediechef hylder Br\u00f8ndby: Hvor er det fedt!\"}]},{\"@type\":\"Article\",\"@id\":\"https:\/\/acefootball.com\/da\/fodboldnyheder\/mediechef-hylder-broendby-hvor-er-det-fedt\/#article\",\"isPartOf\":{\"@id\":\"https:\/\/acefootball.com\/da\/fodboldnyheder\/mediechef-hylder-broendby-hvor-er-det-fedt\/#webpage\"},\"author\":{\"@id\":\"https:\/\/acefootball.com\/da\/#\/schema\/person\/ee67e9cf04a276f144100ffa722f10cd\"},\"headline\":\"Mediechef hylder Br\u00f8ndby: Hvor er det fedt!\",\"datePublished\":\"2021-04-15T08:16:00+00:00\",\"dateModified\":\"2021-04-15T08:16:01+00:00\",\"mainEntityOfPage\":{\"@id\":\"https:\/\/acefootball.com\/da\/fodboldnyheder\/mediechef-hylder-broendby-hvor-er-det-fedt\/#webpage\"},\"wordCount\":195,\"commentCount\":0,\"publisher\":{\"@id\":\"https:\/\/acefootball.com\/da\/#organization\"},\"image\":{\"@id\":\"https:\/\/acefootball.com\/da\/fodboldnyheder\/mediechef-hylder-broendby-hvor-er-det-fedt\/#primaryimage\"},\"thumbnailUrl\":\"https:\/\/acefootball.com\/da\/wp-content\/uploads\/sites\/2\/2021\/03\/GettyImages-1231311811-2.jpg\",\"keywords\":[\"Br\u00f8ndby IF\",\"Superligaen\"],\"articleSection\":[\"Reaktion\"],\"inLanguage\":\"en-US\",\"potentialAction\":[{\"@type\":\"CommentAction\",\"name\":\"Comment\",\"target\":[\"https:\/\/acefootball.com\/da\/fodboldnyheder\/mediechef-hylder-broendby-hvor-er-det-fedt\/#respond\"]}]},{\"@type\":\"Person\",\"@id\":\"https:\/\/acefootball.com\/da\/#\/schema\/person\/ee67e9cf04a276f144100ffa722f10cd\",\"name\":\"Mads Dreyer\",\"image\":{\"@type\":\"ImageObject\",\"@id\":\"https:\/\/acefootball.com\/da\/#personlogo\",\"inLanguage\":\"en-US\",\"url\":\"https:\/\/secure.gravatar.com\/avatar\/7c7abf72cfde9902b6a60efe60c88d4c?s=96&d=mm&r=g\",\"contentUrl\":\"https:\/\/secure.gravatar.com\/avatar\/7c7abf72cfde9902b6a60efe60c88d4c?s=96&d=mm&r=g\",\"caption\":\"Mads Dreyer\"},\"description\":\"Skribent og fodboldn\u00f8rd, der lige nu fort\u00e6ller om alt og intet i fodboldverdenen p\u00e5 acefootball.com. Uddannet i kommunikation fra Aalborg Universitet.\",\"sameAs\":[\"https:\/\/www.linkedin.com\/in\/mads-dreyer-b9b08266\/\"],\"url\":\"https:\/\/acefootball.com\/da\/fodboldnyheder\/author\/mdnronaldo\/\"}]}<\/script>\n<!-- \/ Yoast SEO plugin. -->","yoast_head_json":{"title":"Mediechef hylder Br\u00f8ndby: Hvor er det fedt!","description":"Sportschef p\u00e5 Ekstra Bladet, Allan Olsen, hylder Br\u00f8ndby og klubbens fans for at g\u00e5 forrest i Qatar-debatten","robots":{"index":"index","follow":"follow","max-snippet":"max-snippet:-1","max-image-preview":"max-image-preview:large","max-video-preview":"max-video-preview:-1"},"canonical":"https:\/\/acefootball.com\/da\/fodboldnyheder\/mediechef-hylder-broendby-hvor-er-det-fedt\/","og_locale":"en_US","og_type":"article","og_title":"Mediechef hylder Br\u00f8ndby: Hvor er det fedt!","og_description":"Sportschef p\u00e5 Ekstra Bladet, Allan Olsen, hylder Br\u00f8ndby og klubbens fans for at g\u00e5 forrest i Qatar-debatten","og_url":"https:\/\/acefootball.com\/da\/fodboldnyheder\/mediechef-hylder-broendby-hvor-er-det-fedt\/","og_site_name":"Ace Football Danmark","article_publisher":"https:\/\/www.facebook.com\/acefootballdk","article_published_time":"2021-04-15T08:16:00+00:00","article_modified_time":"2021-04-15T08:16:01+00:00","og_image":[{"width":1920,"height":1008,"url":"https:\/\/acefootball.com\/da\/wp-content\/uploads\/sites\/2\/2021\/03\/Brondby-2021-03-25T091618.506.jpg","type":"image\/jpeg"}],"twitter_card":"summary_large_image","twitter_misc":{"Written by":"Mads Dreyer","Est. reading time":"1 minute"},"schema":{"@context":"https:\/\/schema.org","@graph":[{"@type":"Organization","@id":"https:\/\/acefootball.com\/da\/#organization","name":"Ace Football","url":"https:\/\/acefootball.com\/da\/","sameAs":["https:\/\/www.facebook.com\/acefootballdk"],"logo":{"@type":"ImageObject","@id":"https:\/\/acefootball.com\/da\/#logo","inLanguage":"en-US","url":"https:\/\/acefootball.com\/da\/wp-content\/uploads\/sites\/2\/2020\/07\/Ace-Football-30-07-2020-2.png","contentUrl":"https:\/\/acefootball.com\/da\/wp-content\/uploads\/sites\/2\/2020\/07\/Ace-Football-30-07-2020-2.png","width":1200,"height":600,"caption":"Ace Football"},"image":{"@id":"https:\/\/acefootball.com\/da\/#logo"}},{"@type":"WebSite","@id":"https:\/\/acefootball.com\/da\/#website","url":"https:\/\/acefootball.com\/da\/","name":"Ace Football Danmark","description":"Nyheder, Spiltips &amp; Livescore","publisher":{"@id":"https:\/\/acefootball.com\/da\/#organization"},"potentialAction":[{"@type":"SearchAction","target":{"@type":"EntryPoint","urlTemplate":"https:\/\/acefootball.com\/da\/?s={search_term_string}"},"query-input":"required name=search_term_string"}],"inLanguage":"en-US"},{"@type":"ImageObject","@id":"https:\/\/acefootball.com\/da\/fodboldnyheder\/mediechef-hylder-broendby-hvor-er-det-fedt\/#primaryimage","inLanguage":"en-US","url":"https:\/\/acefootball.com\/da\/wp-content\/uploads\/sites\/2\/2021\/03\/Brondby-2021-03-25T091618.506.jpg","contentUrl":"https:\/\/acefootball.com\/da\/wp-content\/uploads\/sites\/2\/2021\/03\/Brondby-2021-03-25T091618.506.jpg","width":1920,"height":1008},{"@type":"WebPage","@id":"https:\/\/acefootball.com\/da\/fodboldnyheder\/mediechef-hylder-broendby-hvor-er-det-fedt\/#webpage","url":"https:\/\/acefootball.com\/da\/fodboldnyheder\/mediechef-hylder-broendby-hvor-er-det-fedt\/","name":"Mediechef hylder Br\u00f8ndby: Hvor er det fedt!","isPartOf":{"@id":"https:\/\/acefootball.com\/da\/#website"},"primaryImageOfPage":{"@id":"https:\/\/acefootball.com\/da\/fodboldnyheder\/mediechef-hylder-broendby-hvor-er-det-fedt\/#primaryimage"},"datePublished":"2021-04-15T08:16:00+00:00","dateModified":"2021-04-15T08:16:01+00:00","description":"Sportschef p\u00e5 Ekstra Bladet, Allan Olsen, hylder Br\u00f8ndby og klubbens fans for at g\u00e5 forrest i Qatar-debatten","breadcrumb":{"@id":"https:\/\/acefootball.com\/da\/fodboldnyheder\/mediechef-hylder-broendby-hvor-er-det-fedt\/#breadcrumb"},"inLanguage":"en-US","potentialAction":[{"@type":"ReadAction","target":["https:\/\/acefootball.com\/da\/fodboldnyheder\/mediechef-hylder-broendby-hvor-er-det-fedt\/"]}]},{"@type":"BreadcrumbList","@id":"https:\/\/acefootball.com\/da\/fodboldnyheder\/mediechef-hylder-broendby-hvor-er-det-fedt\/#breadcrumb","itemListElement":[{"@type":"ListItem","position":1,"name":"Home","item":"https:\/\/acefootball.com\/da\/"},{"@type":"ListItem","position":2,"name":"Mediechef hylder Br\u00f8ndby: Hvor er det fedt!"}]},{"@type":"Article","@id":"https:\/\/acefootball.com\/da\/fodboldnyheder\/mediechef-hylder-broendby-hvor-er-det-fedt\/#article","isPartOf":{"@id":"https:\/\/acefootball.com\/da\/fodboldnyheder\/mediechef-hylder-broendby-hvor-er-det-fedt\/#webpage"},"author":{"@id":"https:\/\/acefootball.com\/da\/#\/schema\/person\/ee67e9cf04a276f144100ffa722f10cd"},"headline":"Mediechef hylder Br\u00f8ndby: Hvor er det fedt!","datePublished":"2021-04-15T08:16:00+00:00","dateModified":"2021-04-15T08:16:01+00:00","mainEntityOfPage":{"@id":"https:\/\/acefootball.com\/da\/fodboldnyheder\/mediechef-hylder-broendby-hvor-er-det-fedt\/#webpage"},"wordCount":195,"commentCount":0,"publisher":{"@id":"https:\/\/acefootball.com\/da\/#organization"},"image":{"@id":"https:\/\/acefootball.com\/da\/fodboldnyheder\/mediechef-hylder-broendby-hvor-er-det-fedt\/#primaryimage"},"thumbnailUrl":"https:\/\/acefootball.com\/da\/wp-content\/uploads\/sites\/2\/2021\/03\/GettyImages-1231311811-2.jpg","keywords":["Br\u00f8ndby IF","Superligaen"],"articleSection":["Reaktion"],"inLanguage":"en-US","potentialAction":[{"@type":"CommentAction","name":"Comment","target":["https:\/\/acefootball.com\/da\/fodboldnyheder\/mediechef-hylder-broendby-hvor-er-det-fedt\/#respond"]}]},{"@type":"Person","@id":"https:\/\/acefootball.com\/da\/#\/schema\/person\/ee67e9cf04a276f144100ffa722f10cd","name":"Mads Dreyer","image":{"@type":"ImageObject","@id":"https:\/\/acefootball.com\/da\/#personlogo","inLanguage":"en-US","url":"https:\/\/secure.gravatar.com\/avatar\/7c7abf72cfde9902b6a60efe60c88d4c?s=96&d=mm&r=g","contentUrl":"https:\/\/secure.gravatar.com\/avatar\/7c7abf72cfde9902b6a60efe60c88d4c?s=96&d=mm&r=g","caption":"Mads Dreyer"},"description":"Skribent og fodboldn\u00f8rd, der lige nu fort\u00e6ller om alt og intet i fodboldverdenen p\u00e5 acefootball.com. Uddannet i kommunikation fra Aalborg Universitet.","sameAs":["https:\/\/www.linkedin.com\/in\/mads-dreyer-b9b08266\/"],"url":"https:\/\/acefootball.com\/da\/fodboldnyheder\/author\/mdnronaldo\/"}]}},"fimg_url":"https:\/\/acefootball.com\/da\/wp-content\/uploads\/sites\/2\/2021\/03\/GettyImages-1231311811-2.jpg","_links":{"self":[{"href":"https:\/\/acefootball.com\/da\/wp-json\/wp\/v2\/posts\/256976"}],"collection":[{"href":"https:\/\/acefootball.com\/da\/wp-json\/wp\/v2\/posts"}],"about":[{"href":"https:\/\/acefootball.com\/da\/wp-json\/wp\/v2\/types\/post"}],"author":[{"embeddable":true,"href":"https:\/\/acefootball.com\/da\/wp-json\/wp\/v2\/users\/705"}],"replies":[{"embeddable":true,"href":"https:\/\/acefootball.com\/da\/wp-json\/wp\/v2\/comments?post=256976"}],"version-history":[{"count":0,"href":"https:\/\/acefootball.com\/da\/wp-json\/wp\/v2\/posts\/256976\/revisions"}],"wp:featuredmedia":[{"embeddable":true,"href":"https:\/\/acefootball.com\/da\/wp-json\/wp\/v2\/media\/255674"}],"wp:attachment":[{"href":"https:\/\/acefootball.com\/da\/wp-json\/wp\/v2\/media?parent=256976"}],"wp:term":[{"taxonomy":"category","embeddable":true,"href":"https:\/\/acefootball.com\/da\/wp-json\/wp\/v2\/categories?post=256976"},{"taxonomy":"post_tag","embeddable":true,"href":"https:\/\/acefootball.com\/da\/wp-json\/wp\/v2\/tags?post=256976"}],"curies":[{"name":"wp","href":"https:\/\/api.w.org\/{rel}","templated":true}]}}