{"id":256971,"date":"2021-04-15T09:00:20","date_gmt":"2021-04-15T07:00:20","guid":{"rendered":"https:\/\/acefootball.com\/da\/?p=256971"},"modified":"2021-04-15T09:00:21","modified_gmt":"2021-04-15T07:00:21","slug":"stoppede-paa-grund-af-datters-sygdom-nu-er-jacob-friis-tilbage","status":"publish","type":"post","link":"https:\/\/acefootball.com\/da\/fodboldnyheder\/stoppede-paa-grund-af-datters-sygdom-nu-er-jacob-friis-tilbage\/","title":{"rendered":"Stoppede p\u00e5 grund af datters sygdom: Nu er Jacob Friis tilbage"},"content":{"rendered":"\n<h2 id=\"h-jacob-friis-stoppede-i-efter-ret-som-cheftr-ner-for-aab-men-nu-er-han-vendt-tilbage-til-tr-nergerningen-i-1-divisionsklub\">Jacob Friis stoppede i efter\u00e5ret som cheftr\u00e6ner for AaB, men nu er han vendt tilbage til tr\u00e6nergerningen i 1. Divisionsklub<\/h2>\n\n\n\n<p>I oktober sidste \u00e5r valgte Jacob Friis at tr\u00e6kke sig som cheftr\u00e6ner i AaB, da jobbet ikke l\u00e6ngere kunne forenes med det private liv.<\/p>\n\n\n\n<p>Meget af tiden blev brugt i sygehusv\u00e6senet p\u00e5 grund af Friis&#8217; leuk\u00e6miramte datter, og derfor valgte den 44-\u00e5rige tr\u00e6ner at s\u00e6tte karrieren p\u00e5 pause.<\/p>\n\n\n\n<p>Nu er han imidlertid vendt tilbage til tr\u00e6nergerningen, da han er blevet pr\u00e6senteret som assistenttr\u00e6ner i Hobro, hvor han skal arbejde sammen med den midlertidige cheftr\u00e6ner, Michael Kryger.<\/p>\n\n\n\n<p>&#8220;Timingen for mig var rigtig god. Der er kommet ro p\u00e5 i mit privatliv og jeg f\u00f8lte, at jeg nu er klar til at komme tilbage p\u00e5 tr\u00e6ningsbanen. Hobro IK har tidligere charmeret hele Fodbolddanmark og jeg har den st\u00f8rste sympati for klubben. Jeg synes Hobro IK-projektet er rigtig sp\u00e6ndende med en masse dygtige spillere og jeg har et oprigtigt \u00f8nske, om at hj\u00e6lpe klubben resten af s\u00e6sonen,&#8221; lyder det fra Friis p\u00e5 Hobros <a href=\"https:\/\/hobroik.dk\/hobro-ik-styrker-traenerteamet\/\" target=\"_blank\" rel=\"noreferrer noopener\">hjemmeside<\/a>.<\/p>\n\n\n\n<p>Foruden Jacob Friis har Hobro ogs\u00e5 ansat klubbens tidligere profil, Anders Egholm, der ligeledes tiltr\u00e6der som assistenttr\u00e6ner.<\/p>\n\n\n\n<p>De har begge f\u00e5et en kontakt for resten af den nuv\u00e6rende s\u00e6son.<\/p>\n\n\n\n<p>Et tilskuerfors\u00f8g giver Divisionsforeningen stor tro p\u00e5, at der snart kan komme tilskuere tilbage p\u00e5 de danske stadions. L\u00e6s mere her:<\/p>\n\n\n\n<figure class=\"wp-block-embed is-type-wp-embed is-provider-ace-football-danmark wp-block-embed-ace-football-danmark\"><div class=\"wp-block-embed__wrapper\">\n<blockquote class=\"wp-embedded-content\" data-secret=\"EMNiar9cKQ\"><a href=\"https:\/\/acefootball.com\/da\/fodboldnyheder\/nyt-tilskuerforsoeg-giver-haab-for-superliga-fans-resultaterne-er-positive\/\">Nyt tilskuerfors\u00f8g giver h\u00e5b for Superliga-fans: Resultaterne er positive<\/a><\/blockquote><iframe class=\"wp-embedded-content\" sandbox=\"allow-scripts\" security=\"restricted\" style=\"position: absolute; clip: rect(1px, 1px, 1px, 1px);\" title=\"&#8220;Nyt tilskuerfors\u00f8g giver h\u00e5b for Superliga-fans: Resultaterne er positive&#8221; &#8212; Ace Football Danmark\" src=\"https:\/\/acefootball.com\/da\/fodboldnyheder\/nyt-tilskuerforsoeg-giver-haab-for-superliga-fans-resultaterne-er-positive\/embed\/#?secret=EMNiar9cKQ\" data-secret=\"EMNiar9cKQ\" width=\"600\" height=\"338\" frameborder=\"0\" marginwidth=\"0\" marginheight=\"0\" scrolling=\"no\"><\/iframe>\n<\/div><\/figure>\n","protected":false},"excerpt":{"rendered":"<p>Jacob Friis stoppede i efter\u00e5ret som cheftr\u00e6ner for AaB, men nu er han vendt tilbage til tr\u00e6nergerningen i 1. Divisionsklub<\/p>\n","protected":false},"author":705,"featured_media":236744,"comment_status":"open","ping_status":"closed","sticky":false,"template":"","format":"standard","meta":{"om_disable_all_campaigns":false,"push_articles_ronaldo":{"active":false,"canonical":0,"publish":false},"force_updates":null},"categories":[1],"tags":[750,17,149,1890,588],"enet_tags":{"league":["862329","46"],"team":["8470","9950"],"player":["939334"],"sport_events":[]},"yoast_head":"<!-- This site is optimized with the Yoast SEO plugin v18.3 - https:\/\/yoast.com\/wordpress\/plugins\/seo\/ -->\n<title>Stoppede p\u00e5 grund af datters sygdom: Nu er Jacob Friis tilbage<\/title>\n<meta name=\"description\" content=\"Jacob Friis stoppede i efter\u00e5ret som cheftr\u00e6ner for AaB, men nu er han vendt tilbage til tr\u00e6nergerningen i 1. Divisionsklub\" \/>\n<meta name=\"robots\" content=\"index, follow, max-snippet:-1, max-image-preview:large, max-video-preview:-1\" \/>\n<link rel=\"canonical\" href=\"https:\/\/acefootball.com\/da\/fodboldnyheder\/stoppede-paa-grund-af-datters-sygdom-nu-er-jacob-friis-tilbage\/\" \/>\n<meta property=\"og:locale\" content=\"en_US\" \/>\n<meta property=\"og:type\" content=\"article\" \/>\n<meta property=\"og:title\" content=\"Stoppede p\u00e5 grund af datters sygdom: Nu er Jacob Friis tilbage\" \/>\n<meta property=\"og:description\" content=\"Jacob Friis stoppede i efter\u00e5ret som cheftr\u00e6ner for AaB, men nu er han vendt tilbage til tr\u00e6nergerningen i 1. Divisionsklub\" \/>\n<meta property=\"og:url\" content=\"https:\/\/acefootball.com\/da\/fodboldnyheder\/stoppede-paa-grund-af-datters-sygdom-nu-er-jacob-friis-tilbage\/\" \/>\n<meta property=\"og:site_name\" content=\"Ace Football Danmark\" \/>\n<meta property=\"article:publisher\" content=\"https:\/\/www.facebook.com\/acefootballdk\" \/>\n<meta property=\"article:published_time\" content=\"2021-04-15T07:00:20+00:00\" \/>\n<meta property=\"article:modified_time\" content=\"2021-04-15T07:00:21+00:00\" \/>\n<meta property=\"og:image\" content=\"https:\/\/acefootball.com\/da\/wp-content\/uploads\/sites\/2\/2021\/04\/Laes-mere-generel-2021-04-15T085947.019.jpg\" \/>\n\t<meta property=\"og:image:width\" content=\"1920\" \/>\n\t<meta property=\"og:image:height\" content=\"1008\" \/>\n\t<meta property=\"og:image:type\" content=\"image\/jpeg\" \/>\n<meta name=\"twitter:card\" content=\"summary_large_image\" \/>\n<meta name=\"twitter:label1\" content=\"Written by\" \/>\n\t<meta name=\"twitter:data1\" content=\"Mads Dreyer\" \/>\n\t<meta name=\"twitter:label2\" content=\"Est. reading time\" \/>\n\t<meta name=\"twitter:data2\" content=\"1 minute\" \/>\n<script type=\"application\/ld+json\" class=\"yoast-schema-graph\">{\"@context\":\"https:\/\/schema.org\",\"@graph\":[{\"@type\":\"Organization\",\"@id\":\"https:\/\/acefootball.com\/da\/#organization\",\"name\":\"Ace Football\",\"url\":\"https:\/\/acefootball.com\/da\/\",\"sameAs\":[\"https:\/\/www.facebook.com\/acefootballdk\"],\"logo\":{\"@type\":\"ImageObject\",\"@id\":\"https:\/\/acefootball.com\/da\/#logo\",\"inLanguage\":\"en-US\",\"url\":\"https:\/\/acefootball.com\/da\/wp-content\/uploads\/sites\/2\/2020\/07\/Ace-Football-30-07-2020-2.png\",\"contentUrl\":\"https:\/\/acefootball.com\/da\/wp-content\/uploads\/sites\/2\/2020\/07\/Ace-Football-30-07-2020-2.png\",\"width\":1200,\"height\":600,\"caption\":\"Ace Football\"},\"image\":{\"@id\":\"https:\/\/acefootball.com\/da\/#logo\"}},{\"@type\":\"WebSite\",\"@id\":\"https:\/\/acefootball.com\/da\/#website\",\"url\":\"https:\/\/acefootball.com\/da\/\",\"name\":\"Ace Football Danmark\",\"description\":\"Nyheder, Spiltips &amp; Livescore\",\"publisher\":{\"@id\":\"https:\/\/acefootball.com\/da\/#organization\"},\"potentialAction\":[{\"@type\":\"SearchAction\",\"target\":{\"@type\":\"EntryPoint\",\"urlTemplate\":\"https:\/\/acefootball.com\/da\/?s={search_term_string}\"},\"query-input\":\"required name=search_term_string\"}],\"inLanguage\":\"en-US\"},{\"@type\":\"ImageObject\",\"@id\":\"https:\/\/acefootball.com\/da\/fodboldnyheder\/stoppede-paa-grund-af-datters-sygdom-nu-er-jacob-friis-tilbage\/#primaryimage\",\"inLanguage\":\"en-US\",\"url\":\"https:\/\/acefootball.com\/da\/wp-content\/uploads\/sites\/2\/2021\/04\/Laes-mere-generel-2021-04-15T085947.019.jpg\",\"contentUrl\":\"https:\/\/acefootball.com\/da\/wp-content\/uploads\/sites\/2\/2021\/04\/Laes-mere-generel-2021-04-15T085947.019.jpg\",\"width\":1920,\"height\":1008,\"caption\":\"friis\"},{\"@type\":\"WebPage\",\"@id\":\"https:\/\/acefootball.com\/da\/fodboldnyheder\/stoppede-paa-grund-af-datters-sygdom-nu-er-jacob-friis-tilbage\/#webpage\",\"url\":\"https:\/\/acefootball.com\/da\/fodboldnyheder\/stoppede-paa-grund-af-datters-sygdom-nu-er-jacob-friis-tilbage\/\",\"name\":\"Stoppede p\u00e5 grund af datters sygdom: Nu er Jacob Friis tilbage\",\"isPartOf\":{\"@id\":\"https:\/\/acefootball.com\/da\/#website\"},\"primaryImageOfPage\":{\"@id\":\"https:\/\/acefootball.com\/da\/fodboldnyheder\/stoppede-paa-grund-af-datters-sygdom-nu-er-jacob-friis-tilbage\/#primaryimage\"},\"datePublished\":\"2021-04-15T07:00:20+00:00\",\"dateModified\":\"2021-04-15T07:00:21+00:00\",\"description\":\"Jacob Friis stoppede i efter\u00e5ret som cheftr\u00e6ner for AaB, men nu er han vendt tilbage til tr\u00e6nergerningen i 1. Divisionsklub\",\"breadcrumb\":{\"@id\":\"https:\/\/acefootball.com\/da\/fodboldnyheder\/stoppede-paa-grund-af-datters-sygdom-nu-er-jacob-friis-tilbage\/#breadcrumb\"},\"inLanguage\":\"en-US\",\"potentialAction\":[{\"@type\":\"ReadAction\",\"target\":[\"https:\/\/acefootball.com\/da\/fodboldnyheder\/stoppede-paa-grund-af-datters-sygdom-nu-er-jacob-friis-tilbage\/\"]}]},{\"@type\":\"BreadcrumbList\",\"@id\":\"https:\/\/acefootball.com\/da\/fodboldnyheder\/stoppede-paa-grund-af-datters-sygdom-nu-er-jacob-friis-tilbage\/#breadcrumb\",\"itemListElement\":[{\"@type\":\"ListItem\",\"position\":1,\"name\":\"Home\",\"item\":\"https:\/\/acefootball.com\/da\/\"},{\"@type\":\"ListItem\",\"position\":2,\"name\":\"Stoppede p\u00e5 grund af datters sygdom: Nu er Jacob Friis tilbage\"}]},{\"@type\":\"Article\",\"@id\":\"https:\/\/acefootball.com\/da\/fodboldnyheder\/stoppede-paa-grund-af-datters-sygdom-nu-er-jacob-friis-tilbage\/#article\",\"isPartOf\":{\"@id\":\"https:\/\/acefootball.com\/da\/fodboldnyheder\/stoppede-paa-grund-af-datters-sygdom-nu-er-jacob-friis-tilbage\/#webpage\"},\"author\":{\"@id\":\"https:\/\/acefootball.com\/da\/#\/schema\/person\/ee67e9cf04a276f144100ffa722f10cd\"},\"headline\":\"Stoppede p\u00e5 grund af datters sygdom: Nu er Jacob Friis tilbage\",\"datePublished\":\"2021-04-15T07:00:20+00:00\",\"dateModified\":\"2021-04-15T07:00:21+00:00\",\"mainEntityOfPage\":{\"@id\":\"https:\/\/acefootball.com\/da\/fodboldnyheder\/stoppede-paa-grund-af-datters-sygdom-nu-er-jacob-friis-tilbage\/#webpage\"},\"wordCount\":265,\"commentCount\":0,\"publisher\":{\"@id\":\"https:\/\/acefootball.com\/da\/#organization\"},\"image\":{\"@id\":\"https:\/\/acefootball.com\/da\/fodboldnyheder\/stoppede-paa-grund-af-datters-sygdom-nu-er-jacob-friis-tilbage\/#primaryimage\"},\"thumbnailUrl\":\"https:\/\/acefootball.com\/da\/wp-content\/uploads\/sites\/2\/2020\/09\/GettyImages-1202852080.jpg\",\"keywords\":[\"1. Division\",\"AaB\",\"Hobro IK\",\"Jacob Friis\",\"Superligaen\"],\"articleSection\":[\"Nyhed\"],\"inLanguage\":\"en-US\",\"potentialAction\":[{\"@type\":\"CommentAction\",\"name\":\"Comment\",\"target\":[\"https:\/\/acefootball.com\/da\/fodboldnyheder\/stoppede-paa-grund-af-datters-sygdom-nu-er-jacob-friis-tilbage\/#respond\"]}]},{\"@type\":\"Person\",\"@id\":\"https:\/\/acefootball.com\/da\/#\/schema\/person\/ee67e9cf04a276f144100ffa722f10cd\",\"name\":\"Mads Dreyer\",\"image\":{\"@type\":\"ImageObject\",\"@id\":\"https:\/\/acefootball.com\/da\/#personlogo\",\"inLanguage\":\"en-US\",\"url\":\"https:\/\/secure.gravatar.com\/avatar\/7c7abf72cfde9902b6a60efe60c88d4c?s=96&d=mm&r=g\",\"contentUrl\":\"https:\/\/secure.gravatar.com\/avatar\/7c7abf72cfde9902b6a60efe60c88d4c?s=96&d=mm&r=g\",\"caption\":\"Mads Dreyer\"},\"description\":\"Skribent og fodboldn\u00f8rd, der lige nu fort\u00e6ller om alt og intet i fodboldverdenen p\u00e5 acefootball.com. Uddannet i kommunikation fra Aalborg Universitet.\",\"sameAs\":[\"https:\/\/www.linkedin.com\/in\/mads-dreyer-b9b08266\/\"],\"url\":\"https:\/\/acefootball.com\/da\/fodboldnyheder\/author\/mdnronaldo\/\"}]}<\/script>\n<!-- \/ Yoast SEO plugin. -->","yoast_head_json":{"title":"Stoppede p\u00e5 grund af datters sygdom: Nu er Jacob Friis tilbage","description":"Jacob Friis stoppede i efter\u00e5ret som cheftr\u00e6ner for AaB, men nu er han vendt tilbage til tr\u00e6nergerningen i 1. Divisionsklub","robots":{"index":"index","follow":"follow","max-snippet":"max-snippet:-1","max-image-preview":"max-image-preview:large","max-video-preview":"max-video-preview:-1"},"canonical":"https:\/\/acefootball.com\/da\/fodboldnyheder\/stoppede-paa-grund-af-datters-sygdom-nu-er-jacob-friis-tilbage\/","og_locale":"en_US","og_type":"article","og_title":"Stoppede p\u00e5 grund af datters sygdom: Nu er Jacob Friis tilbage","og_description":"Jacob Friis stoppede i efter\u00e5ret som cheftr\u00e6ner for AaB, men nu er han vendt tilbage til tr\u00e6nergerningen i 1. Divisionsklub","og_url":"https:\/\/acefootball.com\/da\/fodboldnyheder\/stoppede-paa-grund-af-datters-sygdom-nu-er-jacob-friis-tilbage\/","og_site_name":"Ace Football Danmark","article_publisher":"https:\/\/www.facebook.com\/acefootballdk","article_published_time":"2021-04-15T07:00:20+00:00","article_modified_time":"2021-04-15T07:00:21+00:00","og_image":[{"width":1920,"height":1008,"url":"https:\/\/acefootball.com\/da\/wp-content\/uploads\/sites\/2\/2021\/04\/Laes-mere-generel-2021-04-15T085947.019.jpg","type":"image\/jpeg"}],"twitter_card":"summary_large_image","twitter_misc":{"Written by":"Mads Dreyer","Est. reading time":"1 minute"},"schema":{"@context":"https:\/\/schema.org","@graph":[{"@type":"Organization","@id":"https:\/\/acefootball.com\/da\/#organization","name":"Ace Football","url":"https:\/\/acefootball.com\/da\/","sameAs":["https:\/\/www.facebook.com\/acefootballdk"],"logo":{"@type":"ImageObject","@id":"https:\/\/acefootball.com\/da\/#logo","inLanguage":"en-US","url":"https:\/\/acefootball.com\/da\/wp-content\/uploads\/sites\/2\/2020\/07\/Ace-Football-30-07-2020-2.png","contentUrl":"https:\/\/acefootball.com\/da\/wp-content\/uploads\/sites\/2\/2020\/07\/Ace-Football-30-07-2020-2.png","width":1200,"height":600,"caption":"Ace Football"},"image":{"@id":"https:\/\/acefootball.com\/da\/#logo"}},{"@type":"WebSite","@id":"https:\/\/acefootball.com\/da\/#website","url":"https:\/\/acefootball.com\/da\/","name":"Ace Football Danmark","description":"Nyheder, Spiltips &amp; Livescore","publisher":{"@id":"https:\/\/acefootball.com\/da\/#organization"},"potentialAction":[{"@type":"SearchAction","target":{"@type":"EntryPoint","urlTemplate":"https:\/\/acefootball.com\/da\/?s={search_term_string}"},"query-input":"required name=search_term_string"}],"inLanguage":"en-US"},{"@type":"ImageObject","@id":"https:\/\/acefootball.com\/da\/fodboldnyheder\/stoppede-paa-grund-af-datters-sygdom-nu-er-jacob-friis-tilbage\/#primaryimage","inLanguage":"en-US","url":"https:\/\/acefootball.com\/da\/wp-content\/uploads\/sites\/2\/2021\/04\/Laes-mere-generel-2021-04-15T085947.019.jpg","contentUrl":"https:\/\/acefootball.com\/da\/wp-content\/uploads\/sites\/2\/2021\/04\/Laes-mere-generel-2021-04-15T085947.019.jpg","width":1920,"height":1008,"caption":"friis"},{"@type":"WebPage","@id":"https:\/\/acefootball.com\/da\/fodboldnyheder\/stoppede-paa-grund-af-datters-sygdom-nu-er-jacob-friis-tilbage\/#webpage","url":"https:\/\/acefootball.com\/da\/fodboldnyheder\/stoppede-paa-grund-af-datters-sygdom-nu-er-jacob-friis-tilbage\/","name":"Stoppede p\u00e5 grund af datters sygdom: Nu er Jacob Friis tilbage","isPartOf":{"@id":"https:\/\/acefootball.com\/da\/#website"},"primaryImageOfPage":{"@id":"https:\/\/acefootball.com\/da\/fodboldnyheder\/stoppede-paa-grund-af-datters-sygdom-nu-er-jacob-friis-tilbage\/#primaryimage"},"datePublished":"2021-04-15T07:00:20+00:00","dateModified":"2021-04-15T07:00:21+00:00","description":"Jacob Friis stoppede i efter\u00e5ret som cheftr\u00e6ner for AaB, men nu er han vendt tilbage til tr\u00e6nergerningen i 1. Divisionsklub","breadcrumb":{"@id":"https:\/\/acefootball.com\/da\/fodboldnyheder\/stoppede-paa-grund-af-datters-sygdom-nu-er-jacob-friis-tilbage\/#breadcrumb"},"inLanguage":"en-US","potentialAction":[{"@type":"ReadAction","target":["https:\/\/acefootball.com\/da\/fodboldnyheder\/stoppede-paa-grund-af-datters-sygdom-nu-er-jacob-friis-tilbage\/"]}]},{"@type":"BreadcrumbList","@id":"https:\/\/acefootball.com\/da\/fodboldnyheder\/stoppede-paa-grund-af-datters-sygdom-nu-er-jacob-friis-tilbage\/#breadcrumb","itemListElement":[{"@type":"ListItem","position":1,"name":"Home","item":"https:\/\/acefootball.com\/da\/"},{"@type":"ListItem","position":2,"name":"Stoppede p\u00e5 grund af datters sygdom: Nu er Jacob Friis tilbage"}]},{"@type":"Article","@id":"https:\/\/acefootball.com\/da\/fodboldnyheder\/stoppede-paa-grund-af-datters-sygdom-nu-er-jacob-friis-tilbage\/#article","isPartOf":{"@id":"https:\/\/acefootball.com\/da\/fodboldnyheder\/stoppede-paa-grund-af-datters-sygdom-nu-er-jacob-friis-tilbage\/#webpage"},"author":{"@id":"https:\/\/acefootball.com\/da\/#\/schema\/person\/ee67e9cf04a276f144100ffa722f10cd"},"headline":"Stoppede p\u00e5 grund af datters sygdom: Nu er Jacob Friis tilbage","datePublished":"2021-04-15T07:00:20+00:00","dateModified":"2021-04-15T07:00:21+00:00","mainEntityOfPage":{"@id":"https:\/\/acefootball.com\/da\/fodboldnyheder\/stoppede-paa-grund-af-datters-sygdom-nu-er-jacob-friis-tilbage\/#webpage"},"wordCount":265,"commentCount":0,"publisher":{"@id":"https:\/\/acefootball.com\/da\/#organization"},"image":{"@id":"https:\/\/acefootball.com\/da\/fodboldnyheder\/stoppede-paa-grund-af-datters-sygdom-nu-er-jacob-friis-tilbage\/#primaryimage"},"thumbnailUrl":"https:\/\/acefootball.com\/da\/wp-content\/uploads\/sites\/2\/2020\/09\/GettyImages-1202852080.jpg","keywords":["1. Division","AaB","Hobro IK","Jacob Friis","Superligaen"],"articleSection":["Nyhed"],"inLanguage":"en-US","potentialAction":[{"@type":"CommentAction","name":"Comment","target":["https:\/\/acefootball.com\/da\/fodboldnyheder\/stoppede-paa-grund-af-datters-sygdom-nu-er-jacob-friis-tilbage\/#respond"]}]},{"@type":"Person","@id":"https:\/\/acefootball.com\/da\/#\/schema\/person\/ee67e9cf04a276f144100ffa722f10cd","name":"Mads Dreyer","image":{"@type":"ImageObject","@id":"https:\/\/acefootball.com\/da\/#personlogo","inLanguage":"en-US","url":"https:\/\/secure.gravatar.com\/avatar\/7c7abf72cfde9902b6a60efe60c88d4c?s=96&d=mm&r=g","contentUrl":"https:\/\/secure.gravatar.com\/avatar\/7c7abf72cfde9902b6a60efe60c88d4c?s=96&d=mm&r=g","caption":"Mads Dreyer"},"description":"Skribent og fodboldn\u00f8rd, der lige nu fort\u00e6ller om alt og intet i fodboldverdenen p\u00e5 acefootball.com. Uddannet i kommunikation fra Aalborg Universitet.","sameAs":["https:\/\/www.linkedin.com\/in\/mads-dreyer-b9b08266\/"],"url":"https:\/\/acefootball.com\/da\/fodboldnyheder\/author\/mdnronaldo\/"}]}},"fimg_url":"https:\/\/acefootball.com\/da\/wp-content\/uploads\/sites\/2\/2020\/09\/GettyImages-1202852080.jpg","_links":{"self":[{"href":"https:\/\/acefootball.com\/da\/wp-json\/wp\/v2\/posts\/256971"}],"collection":[{"href":"https:\/\/acefootball.com\/da\/wp-json\/wp\/v2\/posts"}],"about":[{"href":"https:\/\/acefootball.com\/da\/wp-json\/wp\/v2\/types\/post"}],"author":[{"embeddable":true,"href":"https:\/\/acefootball.com\/da\/wp-json\/wp\/v2\/users\/705"}],"replies":[{"embeddable":true,"href":"https:\/\/acefootball.com\/da\/wp-json\/wp\/v2\/comments?post=256971"}],"version-history":[{"count":0,"href":"https:\/\/acefootball.com\/da\/wp-json\/wp\/v2\/posts\/256971\/revisions"}],"wp:featuredmedia":[{"embeddable":true,"href":"https:\/\/acefootball.com\/da\/wp-json\/wp\/v2\/media\/236744"}],"wp:attachment":[{"href":"https:\/\/acefootball.com\/da\/wp-json\/wp\/v2\/media?parent=256971"}],"wp:term":[{"taxonomy":"category","embeddable":true,"href":"https:\/\/acefootball.com\/da\/wp-json\/wp\/v2\/categories?post=256971"},{"taxonomy":"post_tag","embeddable":true,"href":"https:\/\/acefootball.com\/da\/wp-json\/wp\/v2\/tags?post=256971"}],"curies":[{"name":"wp","href":"https:\/\/api.w.org\/{rel}","templated":true}]}}