{"id":256886,"date":"2021-04-13T13:34:43","date_gmt":"2021-04-13T11:34:43","guid":{"rendered":"https:\/\/acefootball.com\/da\/?p=256886"},"modified":"2021-04-13T13:36:26","modified_gmt":"2021-04-13T11:36:26","slug":"dbu-boss-staar-fast-deler-ikke-broendby-fans-oenske","status":"publish","type":"post","link":"https:\/\/acefootball.com\/da\/fodboldnyheder\/dbu-boss-staar-fast-deler-ikke-broendby-fans-oenske\/","title":{"rendered":"DBU-boss st\u00e5r fast: Deler ikke Br\u00f8ndby-fans&#8217; \u00f8nske"},"content":{"rendered":"\n<h2 id=\"h-dbu-chef-jakob-jensen-deler-ikke-nsket-fra-br-ndby-fans-om-at-boykotte-vm-slutrunden-i-qatar\">DBU-chef Jakob Jensen deler ikke \u00f8nsket fra Br\u00f8ndby-fans om at boykotte VM-slutrunden i Qatar<\/h2>\n\n\n\n<p>En sammenslutning af Br\u00f8ndby-fans gav tidligere tirsdag klar besked om, hvad man mener om den danske deltagelse ved VM-slutrunden i Qatar, som har f\u00e5et massiv kritik for arbejdsforholdene.<\/p>\n\n\n\n<p>I meddelelsen opfordrer de bl\u00e5gule fans til, at DBU boykotter slutrunden for at l\u00e6gge maksimalt pres p\u00e5 den mellem\u00f8stlige nation, men den id\u00e9 f\u00f8lger DBU-direkt\u00f8r, Jakob Jensen, ikke.<\/p>\n\n\n\n<p>&#8220;Jeg deler fansenes frustration omkring Qatar, men jeg deler ikke \u00f8nsket om at boykotte. Vi g\u00f8r den st\u00f8rste forskel ved at ud\u00f8ve pres og ikke ved at blive v\u00e6k. Og s\u00e5 noterer jeg mig ogs\u00e5, at Br\u00f8ndbys fans siger boykot\u00a0<em>eller\u00a0<\/em>noget andet,&#8221; udtaler Jakob Jensen til <a href=\"https:\/\/www.bt.dk\/fodbold\/dbu-reagerer-paa-broendby-kritik-jeg-deler-deres-frustration-men?referrer=RSS\" target=\"_blank\" rel=\"noreferrer noopener\">B.T.<\/a><\/p>\n\n\n\n<figure class=\"wp-block-embed is-type-wp-embed is-provider-ace-football-danmark wp-block-embed-ace-football-danmark\"><div class=\"wp-block-embed__wrapper\">\n<blockquote class=\"wp-embedded-content\" data-secret=\"i8XhlUvCOJ\"><a href=\"https:\/\/acefootball.com\/da\/fodboldnyheder\/hvis-kampene-sluttede-ved-halvleg-saadan-ville-superliga-stillingen-se-ud\/\">Hvis kampene sluttede ved halvleg: S\u00e5dan ville Superliga-stillingen se ud<\/a><\/blockquote><iframe class=\"wp-embedded-content\" sandbox=\"allow-scripts\" security=\"restricted\" style=\"position: absolute; clip: rect(1px, 1px, 1px, 1px);\" title=\"&#8220;Hvis kampene sluttede ved halvleg: S\u00e5dan ville Superliga-stillingen se ud&#8221; &#8212; Ace Football Danmark\" src=\"https:\/\/acefootball.com\/da\/fodboldnyheder\/hvis-kampene-sluttede-ved-halvleg-saadan-ville-superliga-stillingen-se-ud\/embed\/#?secret=i8XhlUvCOJ\" data-secret=\"i8XhlUvCOJ\" width=\"600\" height=\"338\" frameborder=\"0\" marginwidth=\"0\" marginheight=\"0\" scrolling=\"no\"><\/iframe>\n<\/div><\/figure>\n\n\n\n<p>Den anden tilgang, Br\u00f8ndby-fansene opfordrer til, er, at DBU kun sender den sportslige delegation til VM, undlader at facilitere billetsalg og markerer modstanden ved kampene.<\/p>\n\n\n\n<p>Br\u00f8ndby har ogs\u00e5 selv kommenteret p\u00e5 fansenes udmelding. Du kan se svaret her:<\/p>\n\n\n\n<figure class=\"wp-block-embed is-type-wp-embed is-provider-ace-football-danmark wp-block-embed-ace-football-danmark\"><div class=\"wp-block-embed__wrapper\">\n<blockquote class=\"wp-embedded-content\" data-secret=\"5hsIGqDgYG\"><a href=\"https:\/\/acefootball.com\/da\/fodboldnyheder\/broendby-fans-med-staerk-qatar-udmelding-nu-svarer-klubben\/\">Br\u00f8ndby-fans med st\u00e6rk Qatar-udmelding: Nu svarer klubben<\/a><\/blockquote><iframe class=\"wp-embedded-content\" sandbox=\"allow-scripts\" security=\"restricted\" style=\"position: absolute; clip: rect(1px, 1px, 1px, 1px);\" title=\"&#8220;Br\u00f8ndby-fans med st\u00e6rk Qatar-udmelding: Nu svarer klubben&#8221; &#8212; Ace Football Danmark\" src=\"https:\/\/acefootball.com\/da\/fodboldnyheder\/broendby-fans-med-staerk-qatar-udmelding-nu-svarer-klubben\/embed\/#?secret=5hsIGqDgYG\" data-secret=\"5hsIGqDgYG\" width=\"600\" height=\"338\" frameborder=\"0\" marginwidth=\"0\" marginheight=\"0\" scrolling=\"no\"><\/iframe>\n<\/div><\/figure>\n","protected":false},"excerpt":{"rendered":"<p>DBU-chef Jakob Jensen deler ikke \u00f8nsket fra Br\u00f8ndby-fans om at boykotte VM-slutrunden i Qatar<\/p>\n","protected":false},"author":705,"featured_media":253088,"comment_status":"open","ping_status":"closed","sticky":false,"template":"","format":"standard","meta":{"om_disable_all_campaigns":false,"push_articles_ronaldo":{"active":false,"canonical":0,"publish":false},"force_updates":null},"categories":[8060],"tags":[53,692,588],"enet_tags":{"team":["8595","8238"],"league":["46"],"sport_events":[]},"yoast_head":"<!-- This site is optimized with the Yoast SEO plugin v18.3 - https:\/\/yoast.com\/wordpress\/plugins\/seo\/ -->\n<title>DBU-boss st\u00e5r fast: Deler ikke Br\u00f8ndby-fans&#039; \u00f8nske<\/title>\n<meta name=\"description\" content=\"DBU-chef Jakob Jensen deler ikke \u00f8nsket fra Br\u00f8ndby-fans om at boykotte VM-slutrunden i Qatar\" \/>\n<meta name=\"robots\" content=\"index, follow, max-snippet:-1, max-image-preview:large, max-video-preview:-1\" \/>\n<link rel=\"canonical\" href=\"https:\/\/acefootball.com\/da\/fodboldnyheder\/dbu-boss-staar-fast-deler-ikke-broendby-fans-oenske\/\" \/>\n<meta property=\"og:locale\" content=\"en_US\" \/>\n<meta property=\"og:type\" content=\"article\" \/>\n<meta property=\"og:title\" content=\"DBU-boss st\u00e5r fast: Deler ikke Br\u00f8ndby-fans&#039; \u00f8nske\" \/>\n<meta property=\"og:description\" content=\"DBU-chef Jakob Jensen deler ikke \u00f8nsket fra Br\u00f8ndby-fans om at boykotte VM-slutrunden i Qatar\" \/>\n<meta property=\"og:url\" content=\"https:\/\/acefootball.com\/da\/fodboldnyheder\/dbu-boss-staar-fast-deler-ikke-broendby-fans-oenske\/\" \/>\n<meta property=\"og:site_name\" content=\"Ace Football Danmark\" \/>\n<meta property=\"article:publisher\" content=\"https:\/\/www.facebook.com\/acefootballdk\" \/>\n<meta property=\"article:published_time\" content=\"2021-04-13T11:34:43+00:00\" \/>\n<meta property=\"article:modified_time\" content=\"2021-04-13T11:36:26+00:00\" \/>\n<meta property=\"og:image\" content=\"https:\/\/acefootball.com\/da\/wp-content\/uploads\/sites\/2\/2021\/03\/Brondby-45.jpg\" \/>\n\t<meta property=\"og:image:width\" content=\"1920\" \/>\n\t<meta property=\"og:image:height\" content=\"1008\" \/>\n\t<meta property=\"og:image:type\" content=\"image\/jpeg\" \/>\n<meta name=\"twitter:card\" content=\"summary_large_image\" \/>\n<meta name=\"twitter:label1\" content=\"Written by\" \/>\n\t<meta name=\"twitter:data1\" content=\"Mads Dreyer\" \/>\n\t<meta name=\"twitter:label2\" content=\"Est. reading time\" \/>\n\t<meta name=\"twitter:data2\" content=\"1 minute\" \/>\n<script type=\"application\/ld+json\" class=\"yoast-schema-graph\">{\"@context\":\"https:\/\/schema.org\",\"@graph\":[{\"@type\":\"Organization\",\"@id\":\"https:\/\/acefootball.com\/da\/#organization\",\"name\":\"Ace Football\",\"url\":\"https:\/\/acefootball.com\/da\/\",\"sameAs\":[\"https:\/\/www.facebook.com\/acefootballdk\"],\"logo\":{\"@type\":\"ImageObject\",\"@id\":\"https:\/\/acefootball.com\/da\/#logo\",\"inLanguage\":\"en-US\",\"url\":\"https:\/\/acefootball.com\/da\/wp-content\/uploads\/sites\/2\/2020\/07\/Ace-Football-30-07-2020-2.png\",\"contentUrl\":\"https:\/\/acefootball.com\/da\/wp-content\/uploads\/sites\/2\/2020\/07\/Ace-Football-30-07-2020-2.png\",\"width\":1200,\"height\":600,\"caption\":\"Ace Football\"},\"image\":{\"@id\":\"https:\/\/acefootball.com\/da\/#logo\"}},{\"@type\":\"WebSite\",\"@id\":\"https:\/\/acefootball.com\/da\/#website\",\"url\":\"https:\/\/acefootball.com\/da\/\",\"name\":\"Ace Football Danmark\",\"description\":\"Nyheder, Spiltips &amp; Livescore\",\"publisher\":{\"@id\":\"https:\/\/acefootball.com\/da\/#organization\"},\"potentialAction\":[{\"@type\":\"SearchAction\",\"target\":{\"@type\":\"EntryPoint\",\"urlTemplate\":\"https:\/\/acefootball.com\/da\/?s={search_term_string}\"},\"query-input\":\"required name=search_term_string\"}],\"inLanguage\":\"en-US\"},{\"@type\":\"ImageObject\",\"@id\":\"https:\/\/acefootball.com\/da\/fodboldnyheder\/dbu-boss-staar-fast-deler-ikke-broendby-fans-oenske\/#primaryimage\",\"inLanguage\":\"en-US\",\"url\":\"https:\/\/acefootball.com\/da\/wp-content\/uploads\/sites\/2\/2021\/03\/Brondby-45.jpg\",\"contentUrl\":\"https:\/\/acefootball.com\/da\/wp-content\/uploads\/sites\/2\/2021\/03\/Brondby-45.jpg\",\"width\":1920,\"height\":1008},{\"@type\":\"WebPage\",\"@id\":\"https:\/\/acefootball.com\/da\/fodboldnyheder\/dbu-boss-staar-fast-deler-ikke-broendby-fans-oenske\/#webpage\",\"url\":\"https:\/\/acefootball.com\/da\/fodboldnyheder\/dbu-boss-staar-fast-deler-ikke-broendby-fans-oenske\/\",\"name\":\"DBU-boss st\u00e5r fast: Deler ikke Br\u00f8ndby-fans' \u00f8nske\",\"isPartOf\":{\"@id\":\"https:\/\/acefootball.com\/da\/#website\"},\"primaryImageOfPage\":{\"@id\":\"https:\/\/acefootball.com\/da\/fodboldnyheder\/dbu-boss-staar-fast-deler-ikke-broendby-fans-oenske\/#primaryimage\"},\"datePublished\":\"2021-04-13T11:34:43+00:00\",\"dateModified\":\"2021-04-13T11:36:26+00:00\",\"description\":\"DBU-chef Jakob Jensen deler ikke \u00f8nsket fra Br\u00f8ndby-fans om at boykotte VM-slutrunden i Qatar\",\"breadcrumb\":{\"@id\":\"https:\/\/acefootball.com\/da\/fodboldnyheder\/dbu-boss-staar-fast-deler-ikke-broendby-fans-oenske\/#breadcrumb\"},\"inLanguage\":\"en-US\",\"potentialAction\":[{\"@type\":\"ReadAction\",\"target\":[\"https:\/\/acefootball.com\/da\/fodboldnyheder\/dbu-boss-staar-fast-deler-ikke-broendby-fans-oenske\/\"]}]},{\"@type\":\"BreadcrumbList\",\"@id\":\"https:\/\/acefootball.com\/da\/fodboldnyheder\/dbu-boss-staar-fast-deler-ikke-broendby-fans-oenske\/#breadcrumb\",\"itemListElement\":[{\"@type\":\"ListItem\",\"position\":1,\"name\":\"Home\",\"item\":\"https:\/\/acefootball.com\/da\/\"},{\"@type\":\"ListItem\",\"position\":2,\"name\":\"DBU-boss st\u00e5r fast: Deler ikke Br\u00f8ndby-fans&#8217; \u00f8nske\"}]},{\"@type\":\"Article\",\"@id\":\"https:\/\/acefootball.com\/da\/fodboldnyheder\/dbu-boss-staar-fast-deler-ikke-broendby-fans-oenske\/#article\",\"isPartOf\":{\"@id\":\"https:\/\/acefootball.com\/da\/fodboldnyheder\/dbu-boss-staar-fast-deler-ikke-broendby-fans-oenske\/#webpage\"},\"author\":{\"@id\":\"https:\/\/acefootball.com\/da\/#\/schema\/person\/ee67e9cf04a276f144100ffa722f10cd\"},\"headline\":\"DBU-boss st\u00e5r fast: Deler ikke Br\u00f8ndby-fans&#8217; \u00f8nske\",\"datePublished\":\"2021-04-13T11:34:43+00:00\",\"dateModified\":\"2021-04-13T11:36:26+00:00\",\"mainEntityOfPage\":{\"@id\":\"https:\/\/acefootball.com\/da\/fodboldnyheder\/dbu-boss-staar-fast-deler-ikke-broendby-fans-oenske\/#webpage\"},\"wordCount\":193,\"commentCount\":0,\"publisher\":{\"@id\":\"https:\/\/acefootball.com\/da\/#organization\"},\"image\":{\"@id\":\"https:\/\/acefootball.com\/da\/fodboldnyheder\/dbu-boss-staar-fast-deler-ikke-broendby-fans-oenske\/#primaryimage\"},\"thumbnailUrl\":\"https:\/\/acefootball.com\/da\/wp-content\/uploads\/sites\/2\/2021\/03\/GettyImages-1015647296.jpg\",\"keywords\":[\"Br\u00f8ndby IF\",\"Danmark\",\"Superligaen\"],\"articleSection\":[\"Reaktion\"],\"inLanguage\":\"en-US\",\"potentialAction\":[{\"@type\":\"CommentAction\",\"name\":\"Comment\",\"target\":[\"https:\/\/acefootball.com\/da\/fodboldnyheder\/dbu-boss-staar-fast-deler-ikke-broendby-fans-oenske\/#respond\"]}]},{\"@type\":\"Person\",\"@id\":\"https:\/\/acefootball.com\/da\/#\/schema\/person\/ee67e9cf04a276f144100ffa722f10cd\",\"name\":\"Mads Dreyer\",\"image\":{\"@type\":\"ImageObject\",\"@id\":\"https:\/\/acefootball.com\/da\/#personlogo\",\"inLanguage\":\"en-US\",\"url\":\"https:\/\/secure.gravatar.com\/avatar\/7c7abf72cfde9902b6a60efe60c88d4c?s=96&d=mm&r=g\",\"contentUrl\":\"https:\/\/secure.gravatar.com\/avatar\/7c7abf72cfde9902b6a60efe60c88d4c?s=96&d=mm&r=g\",\"caption\":\"Mads Dreyer\"},\"description\":\"Skribent og fodboldn\u00f8rd, der lige nu fort\u00e6ller om alt og intet i fodboldverdenen p\u00e5 acefootball.com. Uddannet i kommunikation fra Aalborg Universitet.\",\"sameAs\":[\"https:\/\/www.linkedin.com\/in\/mads-dreyer-b9b08266\/\"],\"url\":\"https:\/\/acefootball.com\/da\/fodboldnyheder\/author\/mdnronaldo\/\"}]}<\/script>\n<!-- \/ Yoast SEO plugin. -->","yoast_head_json":{"title":"DBU-boss st\u00e5r fast: Deler ikke Br\u00f8ndby-fans' \u00f8nske","description":"DBU-chef Jakob Jensen deler ikke \u00f8nsket fra Br\u00f8ndby-fans om at boykotte VM-slutrunden i Qatar","robots":{"index":"index","follow":"follow","max-snippet":"max-snippet:-1","max-image-preview":"max-image-preview:large","max-video-preview":"max-video-preview:-1"},"canonical":"https:\/\/acefootball.com\/da\/fodboldnyheder\/dbu-boss-staar-fast-deler-ikke-broendby-fans-oenske\/","og_locale":"en_US","og_type":"article","og_title":"DBU-boss st\u00e5r fast: Deler ikke Br\u00f8ndby-fans' \u00f8nske","og_description":"DBU-chef Jakob Jensen deler ikke \u00f8nsket fra Br\u00f8ndby-fans om at boykotte VM-slutrunden i Qatar","og_url":"https:\/\/acefootball.com\/da\/fodboldnyheder\/dbu-boss-staar-fast-deler-ikke-broendby-fans-oenske\/","og_site_name":"Ace Football Danmark","article_publisher":"https:\/\/www.facebook.com\/acefootballdk","article_published_time":"2021-04-13T11:34:43+00:00","article_modified_time":"2021-04-13T11:36:26+00:00","og_image":[{"width":1920,"height":1008,"url":"https:\/\/acefootball.com\/da\/wp-content\/uploads\/sites\/2\/2021\/03\/Brondby-45.jpg","type":"image\/jpeg"}],"twitter_card":"summary_large_image","twitter_misc":{"Written by":"Mads Dreyer","Est. reading time":"1 minute"},"schema":{"@context":"https:\/\/schema.org","@graph":[{"@type":"Organization","@id":"https:\/\/acefootball.com\/da\/#organization","name":"Ace Football","url":"https:\/\/acefootball.com\/da\/","sameAs":["https:\/\/www.facebook.com\/acefootballdk"],"logo":{"@type":"ImageObject","@id":"https:\/\/acefootball.com\/da\/#logo","inLanguage":"en-US","url":"https:\/\/acefootball.com\/da\/wp-content\/uploads\/sites\/2\/2020\/07\/Ace-Football-30-07-2020-2.png","contentUrl":"https:\/\/acefootball.com\/da\/wp-content\/uploads\/sites\/2\/2020\/07\/Ace-Football-30-07-2020-2.png","width":1200,"height":600,"caption":"Ace Football"},"image":{"@id":"https:\/\/acefootball.com\/da\/#logo"}},{"@type":"WebSite","@id":"https:\/\/acefootball.com\/da\/#website","url":"https:\/\/acefootball.com\/da\/","name":"Ace Football Danmark","description":"Nyheder, Spiltips &amp; Livescore","publisher":{"@id":"https:\/\/acefootball.com\/da\/#organization"},"potentialAction":[{"@type":"SearchAction","target":{"@type":"EntryPoint","urlTemplate":"https:\/\/acefootball.com\/da\/?s={search_term_string}"},"query-input":"required name=search_term_string"}],"inLanguage":"en-US"},{"@type":"ImageObject","@id":"https:\/\/acefootball.com\/da\/fodboldnyheder\/dbu-boss-staar-fast-deler-ikke-broendby-fans-oenske\/#primaryimage","inLanguage":"en-US","url":"https:\/\/acefootball.com\/da\/wp-content\/uploads\/sites\/2\/2021\/03\/Brondby-45.jpg","contentUrl":"https:\/\/acefootball.com\/da\/wp-content\/uploads\/sites\/2\/2021\/03\/Brondby-45.jpg","width":1920,"height":1008},{"@type":"WebPage","@id":"https:\/\/acefootball.com\/da\/fodboldnyheder\/dbu-boss-staar-fast-deler-ikke-broendby-fans-oenske\/#webpage","url":"https:\/\/acefootball.com\/da\/fodboldnyheder\/dbu-boss-staar-fast-deler-ikke-broendby-fans-oenske\/","name":"DBU-boss st\u00e5r fast: Deler ikke Br\u00f8ndby-fans' \u00f8nske","isPartOf":{"@id":"https:\/\/acefootball.com\/da\/#website"},"primaryImageOfPage":{"@id":"https:\/\/acefootball.com\/da\/fodboldnyheder\/dbu-boss-staar-fast-deler-ikke-broendby-fans-oenske\/#primaryimage"},"datePublished":"2021-04-13T11:34:43+00:00","dateModified":"2021-04-13T11:36:26+00:00","description":"DBU-chef Jakob Jensen deler ikke \u00f8nsket fra Br\u00f8ndby-fans om at boykotte VM-slutrunden i Qatar","breadcrumb":{"@id":"https:\/\/acefootball.com\/da\/fodboldnyheder\/dbu-boss-staar-fast-deler-ikke-broendby-fans-oenske\/#breadcrumb"},"inLanguage":"en-US","potentialAction":[{"@type":"ReadAction","target":["https:\/\/acefootball.com\/da\/fodboldnyheder\/dbu-boss-staar-fast-deler-ikke-broendby-fans-oenske\/"]}]},{"@type":"BreadcrumbList","@id":"https:\/\/acefootball.com\/da\/fodboldnyheder\/dbu-boss-staar-fast-deler-ikke-broendby-fans-oenske\/#breadcrumb","itemListElement":[{"@type":"ListItem","position":1,"name":"Home","item":"https:\/\/acefootball.com\/da\/"},{"@type":"ListItem","position":2,"name":"DBU-boss st\u00e5r fast: Deler ikke Br\u00f8ndby-fans&#8217; \u00f8nske"}]},{"@type":"Article","@id":"https:\/\/acefootball.com\/da\/fodboldnyheder\/dbu-boss-staar-fast-deler-ikke-broendby-fans-oenske\/#article","isPartOf":{"@id":"https:\/\/acefootball.com\/da\/fodboldnyheder\/dbu-boss-staar-fast-deler-ikke-broendby-fans-oenske\/#webpage"},"author":{"@id":"https:\/\/acefootball.com\/da\/#\/schema\/person\/ee67e9cf04a276f144100ffa722f10cd"},"headline":"DBU-boss st\u00e5r fast: Deler ikke Br\u00f8ndby-fans&#8217; \u00f8nske","datePublished":"2021-04-13T11:34:43+00:00","dateModified":"2021-04-13T11:36:26+00:00","mainEntityOfPage":{"@id":"https:\/\/acefootball.com\/da\/fodboldnyheder\/dbu-boss-staar-fast-deler-ikke-broendby-fans-oenske\/#webpage"},"wordCount":193,"commentCount":0,"publisher":{"@id":"https:\/\/acefootball.com\/da\/#organization"},"image":{"@id":"https:\/\/acefootball.com\/da\/fodboldnyheder\/dbu-boss-staar-fast-deler-ikke-broendby-fans-oenske\/#primaryimage"},"thumbnailUrl":"https:\/\/acefootball.com\/da\/wp-content\/uploads\/sites\/2\/2021\/03\/GettyImages-1015647296.jpg","keywords":["Br\u00f8ndby IF","Danmark","Superligaen"],"articleSection":["Reaktion"],"inLanguage":"en-US","potentialAction":[{"@type":"CommentAction","name":"Comment","target":["https:\/\/acefootball.com\/da\/fodboldnyheder\/dbu-boss-staar-fast-deler-ikke-broendby-fans-oenske\/#respond"]}]},{"@type":"Person","@id":"https:\/\/acefootball.com\/da\/#\/schema\/person\/ee67e9cf04a276f144100ffa722f10cd","name":"Mads Dreyer","image":{"@type":"ImageObject","@id":"https:\/\/acefootball.com\/da\/#personlogo","inLanguage":"en-US","url":"https:\/\/secure.gravatar.com\/avatar\/7c7abf72cfde9902b6a60efe60c88d4c?s=96&d=mm&r=g","contentUrl":"https:\/\/secure.gravatar.com\/avatar\/7c7abf72cfde9902b6a60efe60c88d4c?s=96&d=mm&r=g","caption":"Mads Dreyer"},"description":"Skribent og fodboldn\u00f8rd, der lige nu fort\u00e6ller om alt og intet i fodboldverdenen p\u00e5 acefootball.com. Uddannet i kommunikation fra Aalborg Universitet.","sameAs":["https:\/\/www.linkedin.com\/in\/mads-dreyer-b9b08266\/"],"url":"https:\/\/acefootball.com\/da\/fodboldnyheder\/author\/mdnronaldo\/"}]}},"fimg_url":"https:\/\/acefootball.com\/da\/wp-content\/uploads\/sites\/2\/2021\/03\/GettyImages-1015647296.jpg","_links":{"self":[{"href":"https:\/\/acefootball.com\/da\/wp-json\/wp\/v2\/posts\/256886"}],"collection":[{"href":"https:\/\/acefootball.com\/da\/wp-json\/wp\/v2\/posts"}],"about":[{"href":"https:\/\/acefootball.com\/da\/wp-json\/wp\/v2\/types\/post"}],"author":[{"embeddable":true,"href":"https:\/\/acefootball.com\/da\/wp-json\/wp\/v2\/users\/705"}],"replies":[{"embeddable":true,"href":"https:\/\/acefootball.com\/da\/wp-json\/wp\/v2\/comments?post=256886"}],"version-history":[{"count":0,"href":"https:\/\/acefootball.com\/da\/wp-json\/wp\/v2\/posts\/256886\/revisions"}],"wp:featuredmedia":[{"embeddable":true,"href":"https:\/\/acefootball.com\/da\/wp-json\/wp\/v2\/media\/253088"}],"wp:attachment":[{"href":"https:\/\/acefootball.com\/da\/wp-json\/wp\/v2\/media?parent=256886"}],"wp:term":[{"taxonomy":"category","embeddable":true,"href":"https:\/\/acefootball.com\/da\/wp-json\/wp\/v2\/categories?post=256886"},{"taxonomy":"post_tag","embeddable":true,"href":"https:\/\/acefootball.com\/da\/wp-json\/wp\/v2\/tags?post=256886"}],"curies":[{"name":"wp","href":"https:\/\/api.w.org\/{rel}","templated":true}]}}