{"id":256878,"date":"2021-04-13T12:02:06","date_gmt":"2021-04-13T10:02:06","guid":{"rendered":"https:\/\/acefootball.com\/da\/?p=256878"},"modified":"2021-04-13T12:02:06","modified_gmt":"2021-04-13T10:02:06","slug":"praesidenten-fortsaetter-i-real-madrid-her-er-de-store-transferplaner","status":"publish","type":"post","link":"https:\/\/acefootball.com\/da\/fodboldnyheder\/praesidenten-fortsaetter-i-real-madrid-her-er-de-store-transferplaner\/","title":{"rendered":"Pr\u00e6sidenten forts\u00e6tter i Real Madrid: Her er de store transferplaner"},"content":{"rendered":"\n<h2 id=\"h-florentino-perez-forts-tter-som-pr-sident-i-real-madrid-frem-til-2025-efter-han-vandt-valget-uden-modstand\">Florentino Perez forts\u00e6tter som pr\u00e6sident i Real Madrid frem til 2025, efter han vandt valget uden modstand<\/h2>\n\n\n\n<p>Der er ikke meget, der har \u00e6ndret sig i toppen af Real Madrid, hvor Florentino Perez har siddet i pr\u00e6sidents\u00e6det siden 2009.<\/p>\n\n\n\n<p>Nu ligger det ogs\u00e5 klart, at Perez tager roret frem til 2025, da ingen modkandidat stillede op til det nylige valg.<\/p>\n\n\n\n<figure class=\"wp-block-embed is-type-rich is-provider-twitter wp-block-embed-twitter\"><div class=\"wp-block-embed__wrapper\">\n<blockquote class=\"twitter-tweet\" data-width=\"550\" data-dnt=\"true\"><p lang=\"es\" dir=\"ltr\">Florentino P\u00e9rez, named president of Real Madrid until 2025.<a href=\"https:\/\/twitter.com\/hashtag\/RealMadrid?src=hash&amp;ref_src=twsrc%5Etfw\">#RealMadrid<\/a><\/p>&mdash; Real Madrid C.F. \ud83c\uddec\ud83c\udde7\ud83c\uddfa\ud83c\uddf8 (@realmadriden) <a href=\"https:\/\/twitter.com\/realmadriden\/status\/1381895485594726401?ref_src=twsrc%5Etfw\">April 13, 2021<\/a><\/blockquote><script async src=\"https:\/\/platform.twitter.com\/widgets.js\" charset=\"utf-8\"><\/script>\n<\/div><\/figure>\n\n\n\n<p>Der er da ogs\u00e5 stor tilfredshed med Florentino Perez blandt Real Madrid-fansene, ikke mindst grundet forh\u00e5bningerne om et stort transfervindue i den spanske hovedstad.<\/p>\n\n\n\n<p>Perez har allerede planen klar, og den involverer indk\u00f8b af b\u00e5de Kylian Mbapp\u00e9 og Erling H\u00e5land, der skal v\u00e6re med til at skabe et nyt &#8216;Galacticos&#8217;.<\/p>\n\n\n\n<p>Der er if\u00f8lge <a href=\"https:\/\/www.marca.com\/en\/football\/real-madrid\/2021\/04\/13\/60756209268e3e73418b459a.html\" target=\"_blank\" rel=\"noreferrer noopener\">Marca<\/a> gode chancer for at lokke Mbapp\u00e9 til klubben, da han ikke ser ud til at ville forl\u00e6nge med PSG, mens der er mere tvivl om H\u00e5land, om Dortmund ikke har i sinde at s\u00e6lge.<\/p>\n\n\n\n<figure class=\"wp-block-embed is-type-wp-embed is-provider-ace-football-danmark wp-block-embed-ace-football-danmark\"><div class=\"wp-block-embed__wrapper\">\n<blockquote class=\"wp-embedded-content\" data-secret=\"HneTvHhGlQ\"><a href=\"https:\/\/acefootball.com\/da\/fodboldnyheder\/fans-forstaar-ikke-real-spiller-vil-tage-smertestillende-til-liverpool-moede\/\">Fans forst\u00e5r ikke Real-spiller: Vil tage smertestillende til Liverpool-m\u00f8de<\/a><\/blockquote><iframe class=\"wp-embedded-content\" sandbox=\"allow-scripts\" security=\"restricted\" style=\"position: absolute; clip: rect(1px, 1px, 1px, 1px);\" title=\"&#8220;Fans forst\u00e5r ikke Real-spiller: Vil tage smertestillende til Liverpool-m\u00f8de&#8221; &#8212; Ace Football Danmark\" src=\"https:\/\/acefootball.com\/da\/fodboldnyheder\/fans-forstaar-ikke-real-spiller-vil-tage-smertestillende-til-liverpool-moede\/embed\/#?secret=HneTvHhGlQ\" data-secret=\"HneTvHhGlQ\" width=\"600\" height=\"338\" frameborder=\"0\" marginwidth=\"0\" marginheight=\"0\" scrolling=\"no\"><\/iframe>\n<\/div><\/figure>\n\n\n\n<p>Derudover vil Real Madrid g\u00e5 efter at tilknytte stortalentet Eduardo Camavinga, der har udl\u00f8b i 2022. Til forsvaret g\u00e5r de fleste blot og venter p\u00e5, at Bayern M\u00fcnchens David Alaba bliver pr\u00e6senteret.<\/p>\n\n\n\n<p>En stor udfordring for Florentino Perez bliver til geng\u00e6ld at f\u00e5r forl\u00e6nget med anf\u00f8rer Sergio Ramos.<\/p>\n\n\n\n<p>Real Madrid er desuden blevet vippet af pinden som verdens mest v\u00e6rdifulde klub. L\u00e6s mere her:<\/p>\n\n\n\n<figure class=\"wp-block-embed is-type-wp-embed is-provider-ace-football-danmark wp-block-embed-ace-football-danmark\"><div class=\"wp-block-embed__wrapper\">\n<blockquote class=\"wp-embedded-content\" data-secret=\"i7S82ORqMs\"><a href=\"https:\/\/acefootball.com\/da\/fodboldnyheder\/vipper-real-madrid-af-pinden-her-er-verdens-mest-vaerdifulde-klub\/\">Vipper Real Madrid af pinden: Her er verdens mest v\u00e6rdifulde klub<\/a><\/blockquote><iframe class=\"wp-embedded-content\" sandbox=\"allow-scripts\" security=\"restricted\" style=\"position: absolute; clip: rect(1px, 1px, 1px, 1px);\" title=\"&#8220;Vipper Real Madrid af pinden: Her er verdens mest v\u00e6rdifulde klub&#8221; &#8212; Ace Football Danmark\" src=\"https:\/\/acefootball.com\/da\/fodboldnyheder\/vipper-real-madrid-af-pinden-her-er-verdens-mest-vaerdifulde-klub\/embed\/#?secret=i7S82ORqMs\" data-secret=\"i7S82ORqMs\" width=\"600\" height=\"338\" frameborder=\"0\" marginwidth=\"0\" marginheight=\"0\" scrolling=\"no\"><\/iframe>\n<\/div><\/figure>\n","protected":false},"excerpt":{"rendered":"<p>Florentino Perez forts\u00e6tter som pr\u00e6sident i Real Madrid frem til 2025, efter han vandt valget uden modstand<\/p>\n","protected":false},"author":705,"featured_media":256881,"comment_status":"open","ping_status":"closed","sticky":false,"template":"","format":"standard","meta":{"om_disable_all_campaigns":false,"push_articles_ronaldo":{"active":false,"canonical":0,"publish":false},"force_updates":null},"categories":[7],"tags":[303,85],"enet_tags":{"league":["87"],"team":["8633"],"sport_events":[]},"yoast_head":"<!-- This site is optimized with the Yoast SEO plugin v18.3 - https:\/\/yoast.com\/wordpress\/plugins\/seo\/ -->\n<title>Pr\u00e6sidenten forts\u00e6tter i Real Madrid: Her er de store transferplaner<\/title>\n<meta name=\"description\" content=\"Florentino Perez forts\u00e6tter som pr\u00e6sident i Real Madrid frem til 2025, efter han vandt valget uden modstand\" \/>\n<meta name=\"robots\" content=\"index, follow, max-snippet:-1, max-image-preview:large, max-video-preview:-1\" \/>\n<link rel=\"canonical\" href=\"https:\/\/acefootball.com\/da\/fodboldnyheder\/praesidenten-fortsaetter-i-real-madrid-her-er-de-store-transferplaner\/\" \/>\n<meta property=\"og:locale\" content=\"en_US\" \/>\n<meta property=\"og:type\" content=\"article\" \/>\n<meta property=\"og:title\" content=\"Pr\u00e6sidenten forts\u00e6tter i Real Madrid: Her er de store transferplaner\" \/>\n<meta property=\"og:description\" content=\"Florentino Perez forts\u00e6tter som pr\u00e6sident i Real Madrid frem til 2025, efter han vandt valget uden modstand\" \/>\n<meta property=\"og:url\" content=\"https:\/\/acefootball.com\/da\/fodboldnyheder\/praesidenten-fortsaetter-i-real-madrid-her-er-de-store-transferplaner\/\" \/>\n<meta property=\"og:site_name\" content=\"Ace Football Danmark\" \/>\n<meta property=\"article:publisher\" content=\"https:\/\/www.facebook.com\/acefootballdk\" \/>\n<meta property=\"article:published_time\" content=\"2021-04-13T10:02:06+00:00\" \/>\n<meta property=\"og:image\" content=\"https:\/\/acefootball.com\/da\/wp-content\/uploads\/sites\/2\/2021\/04\/Laes-mere-generel-2021-04-13T120131.217.jpg\" \/>\n\t<meta property=\"og:image:width\" content=\"1920\" \/>\n\t<meta property=\"og:image:height\" content=\"1008\" \/>\n\t<meta property=\"og:image:type\" content=\"image\/jpeg\" \/>\n<meta name=\"twitter:card\" content=\"summary_large_image\" \/>\n<meta name=\"twitter:label1\" content=\"Written by\" \/>\n\t<meta name=\"twitter:data1\" content=\"Mads Dreyer\" \/>\n\t<meta name=\"twitter:label2\" content=\"Est. reading time\" \/>\n\t<meta name=\"twitter:data2\" content=\"1 minute\" \/>\n<script type=\"application\/ld+json\" class=\"yoast-schema-graph\">{\"@context\":\"https:\/\/schema.org\",\"@graph\":[{\"@type\":\"Organization\",\"@id\":\"https:\/\/acefootball.com\/da\/#organization\",\"name\":\"Ace Football\",\"url\":\"https:\/\/acefootball.com\/da\/\",\"sameAs\":[\"https:\/\/www.facebook.com\/acefootballdk\"],\"logo\":{\"@type\":\"ImageObject\",\"@id\":\"https:\/\/acefootball.com\/da\/#logo\",\"inLanguage\":\"en-US\",\"url\":\"https:\/\/acefootball.com\/da\/wp-content\/uploads\/sites\/2\/2020\/07\/Ace-Football-30-07-2020-2.png\",\"contentUrl\":\"https:\/\/acefootball.com\/da\/wp-content\/uploads\/sites\/2\/2020\/07\/Ace-Football-30-07-2020-2.png\",\"width\":1200,\"height\":600,\"caption\":\"Ace Football\"},\"image\":{\"@id\":\"https:\/\/acefootball.com\/da\/#logo\"}},{\"@type\":\"WebSite\",\"@id\":\"https:\/\/acefootball.com\/da\/#website\",\"url\":\"https:\/\/acefootball.com\/da\/\",\"name\":\"Ace Football Danmark\",\"description\":\"Nyheder, Spiltips &amp; Livescore\",\"publisher\":{\"@id\":\"https:\/\/acefootball.com\/da\/#organization\"},\"potentialAction\":[{\"@type\":\"SearchAction\",\"target\":{\"@type\":\"EntryPoint\",\"urlTemplate\":\"https:\/\/acefootball.com\/da\/?s={search_term_string}\"},\"query-input\":\"required name=search_term_string\"}],\"inLanguage\":\"en-US\"},{\"@type\":\"ImageObject\",\"@id\":\"https:\/\/acefootball.com\/da\/fodboldnyheder\/praesidenten-fortsaetter-i-real-madrid-her-er-de-store-transferplaner\/#primaryimage\",\"inLanguage\":\"en-US\",\"url\":\"https:\/\/acefootball.com\/da\/wp-content\/uploads\/sites\/2\/2021\/04\/Laes-mere-generel-2021-04-13T120131.217.jpg\",\"contentUrl\":\"https:\/\/acefootball.com\/da\/wp-content\/uploads\/sites\/2\/2021\/04\/Laes-mere-generel-2021-04-13T120131.217.jpg\",\"width\":1920,\"height\":1008,\"caption\":\"perez\"},{\"@type\":\"WebPage\",\"@id\":\"https:\/\/acefootball.com\/da\/fodboldnyheder\/praesidenten-fortsaetter-i-real-madrid-her-er-de-store-transferplaner\/#webpage\",\"url\":\"https:\/\/acefootball.com\/da\/fodboldnyheder\/praesidenten-fortsaetter-i-real-madrid-her-er-de-store-transferplaner\/\",\"name\":\"Pr\u00e6sidenten forts\u00e6tter i Real Madrid: Her er de store transferplaner\",\"isPartOf\":{\"@id\":\"https:\/\/acefootball.com\/da\/#website\"},\"primaryImageOfPage\":{\"@id\":\"https:\/\/acefootball.com\/da\/fodboldnyheder\/praesidenten-fortsaetter-i-real-madrid-her-er-de-store-transferplaner\/#primaryimage\"},\"datePublished\":\"2021-04-13T10:02:06+00:00\",\"dateModified\":\"2021-04-13T10:02:06+00:00\",\"description\":\"Florentino Perez forts\u00e6tter som pr\u00e6sident i Real Madrid frem til 2025, efter han vandt valget uden modstand\",\"breadcrumb\":{\"@id\":\"https:\/\/acefootball.com\/da\/fodboldnyheder\/praesidenten-fortsaetter-i-real-madrid-her-er-de-store-transferplaner\/#breadcrumb\"},\"inLanguage\":\"en-US\",\"potentialAction\":[{\"@type\":\"ReadAction\",\"target\":[\"https:\/\/acefootball.com\/da\/fodboldnyheder\/praesidenten-fortsaetter-i-real-madrid-her-er-de-store-transferplaner\/\"]}]},{\"@type\":\"BreadcrumbList\",\"@id\":\"https:\/\/acefootball.com\/da\/fodboldnyheder\/praesidenten-fortsaetter-i-real-madrid-her-er-de-store-transferplaner\/#breadcrumb\",\"itemListElement\":[{\"@type\":\"ListItem\",\"position\":1,\"name\":\"Home\",\"item\":\"https:\/\/acefootball.com\/da\/\"},{\"@type\":\"ListItem\",\"position\":2,\"name\":\"Pr\u00e6sidenten forts\u00e6tter i Real Madrid: Her er de store transferplaner\"}]},{\"@type\":\"Article\",\"@id\":\"https:\/\/acefootball.com\/da\/fodboldnyheder\/praesidenten-fortsaetter-i-real-madrid-her-er-de-store-transferplaner\/#article\",\"isPartOf\":{\"@id\":\"https:\/\/acefootball.com\/da\/fodboldnyheder\/praesidenten-fortsaetter-i-real-madrid-her-er-de-store-transferplaner\/#webpage\"},\"author\":{\"@id\":\"https:\/\/acefootball.com\/da\/#\/schema\/person\/ee67e9cf04a276f144100ffa722f10cd\"},\"headline\":\"Pr\u00e6sidenten forts\u00e6tter i Real Madrid: Her er de store transferplaner\",\"datePublished\":\"2021-04-13T10:02:06+00:00\",\"dateModified\":\"2021-04-13T10:02:06+00:00\",\"mainEntityOfPage\":{\"@id\":\"https:\/\/acefootball.com\/da\/fodboldnyheder\/praesidenten-fortsaetter-i-real-madrid-her-er-de-store-transferplaner\/#webpage\"},\"wordCount\":260,\"commentCount\":0,\"publisher\":{\"@id\":\"https:\/\/acefootball.com\/da\/#organization\"},\"image\":{\"@id\":\"https:\/\/acefootball.com\/da\/fodboldnyheder\/praesidenten-fortsaetter-i-real-madrid-her-er-de-store-transferplaner\/#primaryimage\"},\"thumbnailUrl\":\"https:\/\/acefootball.com\/da\/wp-content\/uploads\/sites\/2\/2021\/04\/GettyImages-1208030988.jpg\",\"keywords\":[\"La Liga\",\"Real Madrid\"],\"articleSection\":[\"Transfer\"],\"inLanguage\":\"en-US\",\"potentialAction\":[{\"@type\":\"CommentAction\",\"name\":\"Comment\",\"target\":[\"https:\/\/acefootball.com\/da\/fodboldnyheder\/praesidenten-fortsaetter-i-real-madrid-her-er-de-store-transferplaner\/#respond\"]}]},{\"@type\":\"Person\",\"@id\":\"https:\/\/acefootball.com\/da\/#\/schema\/person\/ee67e9cf04a276f144100ffa722f10cd\",\"name\":\"Mads Dreyer\",\"image\":{\"@type\":\"ImageObject\",\"@id\":\"https:\/\/acefootball.com\/da\/#personlogo\",\"inLanguage\":\"en-US\",\"url\":\"https:\/\/secure.gravatar.com\/avatar\/7c7abf72cfde9902b6a60efe60c88d4c?s=96&d=mm&r=g\",\"contentUrl\":\"https:\/\/secure.gravatar.com\/avatar\/7c7abf72cfde9902b6a60efe60c88d4c?s=96&d=mm&r=g\",\"caption\":\"Mads Dreyer\"},\"description\":\"Skribent og fodboldn\u00f8rd, der lige nu fort\u00e6ller om alt og intet i fodboldverdenen p\u00e5 acefootball.com. Uddannet i kommunikation fra Aalborg Universitet.\",\"sameAs\":[\"https:\/\/www.linkedin.com\/in\/mads-dreyer-b9b08266\/\"],\"url\":\"https:\/\/acefootball.com\/da\/fodboldnyheder\/author\/mdnronaldo\/\"}]}<\/script>\n<!-- \/ Yoast SEO plugin. -->","yoast_head_json":{"title":"Pr\u00e6sidenten forts\u00e6tter i Real Madrid: Her er de store transferplaner","description":"Florentino Perez forts\u00e6tter som pr\u00e6sident i Real Madrid frem til 2025, efter han vandt valget uden modstand","robots":{"index":"index","follow":"follow","max-snippet":"max-snippet:-1","max-image-preview":"max-image-preview:large","max-video-preview":"max-video-preview:-1"},"canonical":"https:\/\/acefootball.com\/da\/fodboldnyheder\/praesidenten-fortsaetter-i-real-madrid-her-er-de-store-transferplaner\/","og_locale":"en_US","og_type":"article","og_title":"Pr\u00e6sidenten forts\u00e6tter i Real Madrid: Her er de store transferplaner","og_description":"Florentino Perez forts\u00e6tter som pr\u00e6sident i Real Madrid frem til 2025, efter han vandt valget uden modstand","og_url":"https:\/\/acefootball.com\/da\/fodboldnyheder\/praesidenten-fortsaetter-i-real-madrid-her-er-de-store-transferplaner\/","og_site_name":"Ace Football Danmark","article_publisher":"https:\/\/www.facebook.com\/acefootballdk","article_published_time":"2021-04-13T10:02:06+00:00","og_image":[{"width":1920,"height":1008,"url":"https:\/\/acefootball.com\/da\/wp-content\/uploads\/sites\/2\/2021\/04\/Laes-mere-generel-2021-04-13T120131.217.jpg","type":"image\/jpeg"}],"twitter_card":"summary_large_image","twitter_misc":{"Written by":"Mads Dreyer","Est. reading time":"1 minute"},"schema":{"@context":"https:\/\/schema.org","@graph":[{"@type":"Organization","@id":"https:\/\/acefootball.com\/da\/#organization","name":"Ace Football","url":"https:\/\/acefootball.com\/da\/","sameAs":["https:\/\/www.facebook.com\/acefootballdk"],"logo":{"@type":"ImageObject","@id":"https:\/\/acefootball.com\/da\/#logo","inLanguage":"en-US","url":"https:\/\/acefootball.com\/da\/wp-content\/uploads\/sites\/2\/2020\/07\/Ace-Football-30-07-2020-2.png","contentUrl":"https:\/\/acefootball.com\/da\/wp-content\/uploads\/sites\/2\/2020\/07\/Ace-Football-30-07-2020-2.png","width":1200,"height":600,"caption":"Ace Football"},"image":{"@id":"https:\/\/acefootball.com\/da\/#logo"}},{"@type":"WebSite","@id":"https:\/\/acefootball.com\/da\/#website","url":"https:\/\/acefootball.com\/da\/","name":"Ace Football Danmark","description":"Nyheder, Spiltips &amp; Livescore","publisher":{"@id":"https:\/\/acefootball.com\/da\/#organization"},"potentialAction":[{"@type":"SearchAction","target":{"@type":"EntryPoint","urlTemplate":"https:\/\/acefootball.com\/da\/?s={search_term_string}"},"query-input":"required name=search_term_string"}],"inLanguage":"en-US"},{"@type":"ImageObject","@id":"https:\/\/acefootball.com\/da\/fodboldnyheder\/praesidenten-fortsaetter-i-real-madrid-her-er-de-store-transferplaner\/#primaryimage","inLanguage":"en-US","url":"https:\/\/acefootball.com\/da\/wp-content\/uploads\/sites\/2\/2021\/04\/Laes-mere-generel-2021-04-13T120131.217.jpg","contentUrl":"https:\/\/acefootball.com\/da\/wp-content\/uploads\/sites\/2\/2021\/04\/Laes-mere-generel-2021-04-13T120131.217.jpg","width":1920,"height":1008,"caption":"perez"},{"@type":"WebPage","@id":"https:\/\/acefootball.com\/da\/fodboldnyheder\/praesidenten-fortsaetter-i-real-madrid-her-er-de-store-transferplaner\/#webpage","url":"https:\/\/acefootball.com\/da\/fodboldnyheder\/praesidenten-fortsaetter-i-real-madrid-her-er-de-store-transferplaner\/","name":"Pr\u00e6sidenten forts\u00e6tter i Real Madrid: Her er de store transferplaner","isPartOf":{"@id":"https:\/\/acefootball.com\/da\/#website"},"primaryImageOfPage":{"@id":"https:\/\/acefootball.com\/da\/fodboldnyheder\/praesidenten-fortsaetter-i-real-madrid-her-er-de-store-transferplaner\/#primaryimage"},"datePublished":"2021-04-13T10:02:06+00:00","dateModified":"2021-04-13T10:02:06+00:00","description":"Florentino Perez forts\u00e6tter som pr\u00e6sident i Real Madrid frem til 2025, efter han vandt valget uden modstand","breadcrumb":{"@id":"https:\/\/acefootball.com\/da\/fodboldnyheder\/praesidenten-fortsaetter-i-real-madrid-her-er-de-store-transferplaner\/#breadcrumb"},"inLanguage":"en-US","potentialAction":[{"@type":"ReadAction","target":["https:\/\/acefootball.com\/da\/fodboldnyheder\/praesidenten-fortsaetter-i-real-madrid-her-er-de-store-transferplaner\/"]}]},{"@type":"BreadcrumbList","@id":"https:\/\/acefootball.com\/da\/fodboldnyheder\/praesidenten-fortsaetter-i-real-madrid-her-er-de-store-transferplaner\/#breadcrumb","itemListElement":[{"@type":"ListItem","position":1,"name":"Home","item":"https:\/\/acefootball.com\/da\/"},{"@type":"ListItem","position":2,"name":"Pr\u00e6sidenten forts\u00e6tter i Real Madrid: Her er de store transferplaner"}]},{"@type":"Article","@id":"https:\/\/acefootball.com\/da\/fodboldnyheder\/praesidenten-fortsaetter-i-real-madrid-her-er-de-store-transferplaner\/#article","isPartOf":{"@id":"https:\/\/acefootball.com\/da\/fodboldnyheder\/praesidenten-fortsaetter-i-real-madrid-her-er-de-store-transferplaner\/#webpage"},"author":{"@id":"https:\/\/acefootball.com\/da\/#\/schema\/person\/ee67e9cf04a276f144100ffa722f10cd"},"headline":"Pr\u00e6sidenten forts\u00e6tter i Real Madrid: Her er de store transferplaner","datePublished":"2021-04-13T10:02:06+00:00","dateModified":"2021-04-13T10:02:06+00:00","mainEntityOfPage":{"@id":"https:\/\/acefootball.com\/da\/fodboldnyheder\/praesidenten-fortsaetter-i-real-madrid-her-er-de-store-transferplaner\/#webpage"},"wordCount":260,"commentCount":0,"publisher":{"@id":"https:\/\/acefootball.com\/da\/#organization"},"image":{"@id":"https:\/\/acefootball.com\/da\/fodboldnyheder\/praesidenten-fortsaetter-i-real-madrid-her-er-de-store-transferplaner\/#primaryimage"},"thumbnailUrl":"https:\/\/acefootball.com\/da\/wp-content\/uploads\/sites\/2\/2021\/04\/GettyImages-1208030988.jpg","keywords":["La Liga","Real Madrid"],"articleSection":["Transfer"],"inLanguage":"en-US","potentialAction":[{"@type":"CommentAction","name":"Comment","target":["https:\/\/acefootball.com\/da\/fodboldnyheder\/praesidenten-fortsaetter-i-real-madrid-her-er-de-store-transferplaner\/#respond"]}]},{"@type":"Person","@id":"https:\/\/acefootball.com\/da\/#\/schema\/person\/ee67e9cf04a276f144100ffa722f10cd","name":"Mads Dreyer","image":{"@type":"ImageObject","@id":"https:\/\/acefootball.com\/da\/#personlogo","inLanguage":"en-US","url":"https:\/\/secure.gravatar.com\/avatar\/7c7abf72cfde9902b6a60efe60c88d4c?s=96&d=mm&r=g","contentUrl":"https:\/\/secure.gravatar.com\/avatar\/7c7abf72cfde9902b6a60efe60c88d4c?s=96&d=mm&r=g","caption":"Mads Dreyer"},"description":"Skribent og fodboldn\u00f8rd, der lige nu fort\u00e6ller om alt og intet i fodboldverdenen p\u00e5 acefootball.com. Uddannet i kommunikation fra Aalborg Universitet.","sameAs":["https:\/\/www.linkedin.com\/in\/mads-dreyer-b9b08266\/"],"url":"https:\/\/acefootball.com\/da\/fodboldnyheder\/author\/mdnronaldo\/"}]}},"fimg_url":"https:\/\/acefootball.com\/da\/wp-content\/uploads\/sites\/2\/2021\/04\/GettyImages-1208030988.jpg","_links":{"self":[{"href":"https:\/\/acefootball.com\/da\/wp-json\/wp\/v2\/posts\/256878"}],"collection":[{"href":"https:\/\/acefootball.com\/da\/wp-json\/wp\/v2\/posts"}],"about":[{"href":"https:\/\/acefootball.com\/da\/wp-json\/wp\/v2\/types\/post"}],"author":[{"embeddable":true,"href":"https:\/\/acefootball.com\/da\/wp-json\/wp\/v2\/users\/705"}],"replies":[{"embeddable":true,"href":"https:\/\/acefootball.com\/da\/wp-json\/wp\/v2\/comments?post=256878"}],"version-history":[{"count":0,"href":"https:\/\/acefootball.com\/da\/wp-json\/wp\/v2\/posts\/256878\/revisions"}],"wp:featuredmedia":[{"embeddable":true,"href":"https:\/\/acefootball.com\/da\/wp-json\/wp\/v2\/media\/256881"}],"wp:attachment":[{"href":"https:\/\/acefootball.com\/da\/wp-json\/wp\/v2\/media?parent=256878"}],"wp:term":[{"taxonomy":"category","embeddable":true,"href":"https:\/\/acefootball.com\/da\/wp-json\/wp\/v2\/categories?post=256878"},{"taxonomy":"post_tag","embeddable":true,"href":"https:\/\/acefootball.com\/da\/wp-json\/wp\/v2\/tags?post=256878"}],"curies":[{"name":"wp","href":"https:\/\/api.w.org\/{rel}","templated":true}]}}