{"id":256870,"date":"2021-04-13T11:36:00","date_gmt":"2021-04-13T09:36:00","guid":{"rendered":"https:\/\/acefootball.com\/da\/?p=256870"},"modified":"2021-04-13T11:36:01","modified_gmt":"2021-04-13T09:36:01","slug":"fans-forstaar-ikke-real-spiller-vil-tage-smertestillende-til-liverpool-moede","status":"publish","type":"post","link":"https:\/\/acefootball.com\/da\/fodboldnyheder\/fans-forstaar-ikke-real-spiller-vil-tage-smertestillende-til-liverpool-moede\/","title":{"rendered":"Fans forst\u00e5r ikke Real-spiller: Vil tage smertestillende til Liverpool-m\u00f8de"},"content":{"rendered":"\n<h2 id=\"h-flere-fans-undrer-sig-over-hvorfor-fede-valverde-v-lger-at-s-tte-sit-helbred-p-spil-ved-at-spille-med-en-skade-i-returkampen-mod-liverpool\">Flere fans undrer sig over, hvorfor Fede Valverde v\u00e6lger at s\u00e6tte sit helbred p\u00e5 spil ved at spille med en skade i returkampen mod Liverpool<\/h2>\n\n\n\n<div class=\"wp-block-si-widget wp-block-si-widget--center\"><si-lb-widget widget-id=\"MatchInfo\" width=\"440\" data-nopadding=\"true\" data-card=\"true\" data-event-id=\"3557618\" data-theme-appearance=\"dark\"><\/si-lb-widget><\/div>\n\n\n\n<p>Real Madrid skal i morgen fors\u00f8ge at g\u00f8re det flotte arbejde fra f\u00f8rste Champions League-kvartfinales 3-1 sejr over Liverpool f\u00e6rdigt, n\u00e5r de skal spille returopg\u00f8r p\u00e5 Anfield.<\/p>\n\n\n\n<p>Til kampen m\u00e5 Los Blancos undv\u00e6re en r\u00e6kke defensive profiler som Sergio Ramos, Raphael Varane, Dani Carvajal og den vikarierende h\u00f8jre back Lucas Vasquez.<\/p>\n\n\n\n<p>Ogs\u00e5 den alsidige midtbanespiller Federico Valverde har v\u00e6ret tvivlsom til kampen, da han efter at have haltet fra banen i weekendens El Clasico-m\u00f8de mod FC Barcelona har tr\u00e6net alene og haft store smerter.<\/p>\n\n\n\n<figure class=\"wp-block-embed is-type-wp-embed is-provider-ace-football-danmark wp-block-embed-ace-football-danmark\"><div class=\"wp-block-embed__wrapper\">\n<blockquote class=\"wp-embedded-content\" data-secret=\"9k68Sv8YLl\"><a href=\"https:\/\/acefootball.com\/da\/fodboldnyheder\/real-madrid-profil-ude-med-benbrud\/\">Real Madrid-profil ude med benbrud<\/a><\/blockquote><iframe class=\"wp-embedded-content\" sandbox=\"allow-scripts\" security=\"restricted\" style=\"position: absolute; clip: rect(1px, 1px, 1px, 1px);\" title=\"&#8220;Real Madrid-profil ude med benbrud&#8221; &#8212; Ace Football Danmark\" src=\"https:\/\/acefootball.com\/da\/fodboldnyheder\/real-madrid-profil-ude-med-benbrud\/embed\/#?secret=9k68Sv8YLl\" data-secret=\"9k68Sv8YLl\" width=\"600\" height=\"338\" frameborder=\"0\" marginwidth=\"0\" marginheight=\"0\" scrolling=\"no\"><\/iframe>\n<\/div><\/figure>\n\n\n\n<p>If\u00f8lge den store spanske avis <a href=\"https:\/\/www.marca.com\/futbol\/real-madrid\/2021\/04\/12\/60742bad46163f46ac8b4574.html\" target=\"_blank\" rel=\"noreferrer noopener\">Marca <\/a>skulle Valverde nemlig have indvilget i at spille kampen p\u00e5 smertestillende medicin, da han f\u00f8ler sig n\u00f8dsaget til at hj\u00e6lpe med at d\u00e6kke for sine skadede kollegaer.<\/p>\n\n\n\n<p>Denne beslutning m\u00f8der delte meninger blandt fans, der b\u00e5de hylder ham for sit mod, men samtidig ogs\u00e5 synes, at det er en un\u00f8dvendig risiko at tage for uruguayaneren. Du kan l\u00e6se nogle af kommentarerne til hans beslutningen herunder.<\/p>\n\n\n\n<figure class=\"wp-block-image size-large\"><img loading=\"lazy\" width=\"640\" height=\"89\" src=\"https:\/\/acefootball.com\/da\/wp-content\/uploads\/sites\/2\/2021\/04\/image-15.png\" alt=\"\" class=\"wp-image-256873\" srcset=\"https:\/\/acefootball.com\/da\/wp-content\/uploads\/sites\/2\/2021\/04\/image-15.png 640w, https:\/\/acefootball.com\/da\/wp-content\/uploads\/sites\/2\/2021\/04\/image-15-300x42.png 300w\" sizes=\"(max-width: 640px) 100vw, 640px\" \/><\/figure>\n\n\n\n<figure class=\"wp-block-image size-large\"><img loading=\"lazy\" width=\"551\" height=\"103\" src=\"https:\/\/acefootball.com\/da\/wp-content\/uploads\/sites\/2\/2021\/04\/image-13.png\" alt=\"\" class=\"wp-image-256871\" srcset=\"https:\/\/acefootball.com\/da\/wp-content\/uploads\/sites\/2\/2021\/04\/image-13.png 551w, https:\/\/acefootball.com\/da\/wp-content\/uploads\/sites\/2\/2021\/04\/image-13-300x56.png 300w\" sizes=\"(max-width: 551px) 100vw, 551px\" \/><\/figure>\n\n\n\n<figure class=\"wp-block-image size-large\"><img loading=\"lazy\" width=\"641\" height=\"90\" src=\"https:\/\/acefootball.com\/da\/wp-content\/uploads\/sites\/2\/2021\/04\/image-14.png\" alt=\"\" class=\"wp-image-256872\" srcset=\"https:\/\/acefootball.com\/da\/wp-content\/uploads\/sites\/2\/2021\/04\/image-14.png 641w, https:\/\/acefootball.com\/da\/wp-content\/uploads\/sites\/2\/2021\/04\/image-14-300x42.png 300w\" sizes=\"(max-width: 641px) 100vw, 641px\" \/><\/figure>\n\n\n\n<figure class=\"wp-block-image size-large\"><img loading=\"lazy\" width=\"638\" height=\"96\" src=\"https:\/\/acefootball.com\/da\/wp-content\/uploads\/sites\/2\/2021\/04\/image-16.png\" alt=\"\" class=\"wp-image-256874\" srcset=\"https:\/\/acefootball.com\/da\/wp-content\/uploads\/sites\/2\/2021\/04\/image-16.png 638w, https:\/\/acefootball.com\/da\/wp-content\/uploads\/sites\/2\/2021\/04\/image-16-300x45.png 300w\" sizes=\"(max-width: 638px) 100vw, 638px\" \/><\/figure>\n\n\n\n<figure class=\"wp-block-image size-large\"><img loading=\"lazy\" width=\"361\" height=\"108\" src=\"https:\/\/acefootball.com\/da\/wp-content\/uploads\/sites\/2\/2021\/04\/image-17.png\" alt=\"\" class=\"wp-image-256875\" srcset=\"https:\/\/acefootball.com\/da\/wp-content\/uploads\/sites\/2\/2021\/04\/image-17.png 361w, https:\/\/acefootball.com\/da\/wp-content\/uploads\/sites\/2\/2021\/04\/image-17-300x90.png 300w, https:\/\/acefootball.com\/da\/wp-content\/uploads\/sites\/2\/2021\/04\/image-17-356x108.png 356w\" sizes=\"(max-width: 361px) 100vw, 361px\" \/><\/figure>\n\n\n\n<figure class=\"wp-block-embed is-type-wp-embed is-provider-ace-football-danmark wp-block-embed-ace-football-danmark\"><div class=\"wp-block-embed__wrapper\">\n<blockquote class=\"wp-embedded-content\" data-secret=\"EWfGoTkPnV\"><a href=\"https:\/\/acefootball.com\/da\/fodboldnyheder\/vipper-real-madrid-af-pinden-her-er-verdens-mest-vaerdifulde-klub\/\">Vipper Real Madrid af pinden: Her er verdens mest v\u00e6rdifulde klub<\/a><\/blockquote><iframe class=\"wp-embedded-content\" sandbox=\"allow-scripts\" security=\"restricted\" style=\"position: absolute; clip: rect(1px, 1px, 1px, 1px);\" title=\"&#8220;Vipper Real Madrid af pinden: Her er verdens mest v\u00e6rdifulde klub&#8221; &#8212; Ace Football Danmark\" src=\"https:\/\/acefootball.com\/da\/fodboldnyheder\/vipper-real-madrid-af-pinden-her-er-verdens-mest-vaerdifulde-klub\/embed\/#?secret=EWfGoTkPnV\" data-secret=\"EWfGoTkPnV\" width=\"600\" height=\"338\" frameborder=\"0\" marginwidth=\"0\" marginheight=\"0\" scrolling=\"no\"><\/iframe>\n<\/div><\/figure>\n","protected":false},"excerpt":{"rendered":"<p>Flere fans undrer sig over, hvorfor Fede Valverde v\u00e6lger at s\u00e6tte sit helbred p\u00e5 spil ved at spille med en skade i returkampen mod Liverpool<\/p>\n","protected":false},"author":74,"featured_media":240614,"comment_status":"open","ping_status":"closed","sticky":false,"template":"","format":"standard","meta":{"om_disable_all_campaigns":false,"push_articles_ronaldo":{"active":false,"canonical":0,"publish":false},"force_updates":null},"categories":[8060],"tags":[6470,132,85],"enet_tags":{"player":["743533"],"team":["8650","8633"],"sport_events":[3557618]},"yoast_head":"<!-- This site is optimized with the Yoast SEO plugin v18.3 - https:\/\/yoast.com\/wordpress\/plugins\/seo\/ -->\n<title>Fans forst\u00e5r ikke Real-spiller: Vil tage smertestillende til Liverpool-m\u00f8de<\/title>\n<meta name=\"description\" content=\"Flere fans undrer sig over, hvorfor Fede Valverde v\u00e6lger at s\u00e6tte sit helbred p\u00e5 spil ved at spille med en skade i returkampen mod Liverpool\" \/>\n<meta name=\"robots\" content=\"index, follow, max-snippet:-1, max-image-preview:large, max-video-preview:-1\" \/>\n<link rel=\"canonical\" href=\"https:\/\/acefootball.com\/da\/fodboldnyheder\/fans-forstaar-ikke-real-spiller-vil-tage-smertestillende-til-liverpool-moede\/\" \/>\n<meta property=\"og:locale\" content=\"en_US\" \/>\n<meta property=\"og:type\" content=\"article\" \/>\n<meta property=\"og:title\" content=\"Fans forst\u00e5r ikke Real-spiller: Vil tage smertestillende til Liverpool-m\u00f8de\" \/>\n<meta property=\"og:description\" content=\"Flere fans undrer sig over, hvorfor Fede Valverde v\u00e6lger at s\u00e6tte sit helbred p\u00e5 spil ved at spille med en skade i returkampen mod Liverpool\" \/>\n<meta property=\"og:url\" content=\"https:\/\/acefootball.com\/da\/fodboldnyheder\/fans-forstaar-ikke-real-spiller-vil-tage-smertestillende-til-liverpool-moede\/\" \/>\n<meta property=\"og:site_name\" content=\"Ace Football Danmark\" \/>\n<meta property=\"article:publisher\" content=\"https:\/\/www.facebook.com\/acefootballdk\" \/>\n<meta property=\"article:published_time\" content=\"2021-04-13T09:36:00+00:00\" \/>\n<meta property=\"article:modified_time\" content=\"2021-04-13T09:36:01+00:00\" \/>\n<meta property=\"og:image\" content=\"https:\/\/acefootball.com\/da\/wp-content\/uploads\/sites\/2\/2021\/04\/Laes-mere-generel-32.jpg\" \/>\n\t<meta property=\"og:image:width\" content=\"1920\" \/>\n\t<meta property=\"og:image:height\" content=\"1008\" \/>\n\t<meta property=\"og:image:type\" content=\"image\/jpeg\" \/>\n<meta name=\"twitter:card\" content=\"summary_large_image\" \/>\n<meta name=\"twitter:label1\" content=\"Written by\" \/>\n\t<meta name=\"twitter:data1\" content=\"Patrick Hesselb\u00e6k\" \/>\n\t<meta name=\"twitter:label2\" content=\"Est. reading time\" \/>\n\t<meta name=\"twitter:data2\" content=\"2 minutes\" \/>\n<script type=\"application\/ld+json\" class=\"yoast-schema-graph\">{\"@context\":\"https:\/\/schema.org\",\"@graph\":[{\"@type\":\"Organization\",\"@id\":\"https:\/\/acefootball.com\/da\/#organization\",\"name\":\"Ace Football\",\"url\":\"https:\/\/acefootball.com\/da\/\",\"sameAs\":[\"https:\/\/www.facebook.com\/acefootballdk\"],\"logo\":{\"@type\":\"ImageObject\",\"@id\":\"https:\/\/acefootball.com\/da\/#logo\",\"inLanguage\":\"en-US\",\"url\":\"https:\/\/acefootball.com\/da\/wp-content\/uploads\/sites\/2\/2020\/07\/Ace-Football-30-07-2020-2.png\",\"contentUrl\":\"https:\/\/acefootball.com\/da\/wp-content\/uploads\/sites\/2\/2020\/07\/Ace-Football-30-07-2020-2.png\",\"width\":1200,\"height\":600,\"caption\":\"Ace Football\"},\"image\":{\"@id\":\"https:\/\/acefootball.com\/da\/#logo\"}},{\"@type\":\"WebSite\",\"@id\":\"https:\/\/acefootball.com\/da\/#website\",\"url\":\"https:\/\/acefootball.com\/da\/\",\"name\":\"Ace Football Danmark\",\"description\":\"Nyheder, Spiltips &amp; Livescore\",\"publisher\":{\"@id\":\"https:\/\/acefootball.com\/da\/#organization\"},\"potentialAction\":[{\"@type\":\"SearchAction\",\"target\":{\"@type\":\"EntryPoint\",\"urlTemplate\":\"https:\/\/acefootball.com\/da\/?s={search_term_string}\"},\"query-input\":\"required name=search_term_string\"}],\"inLanguage\":\"en-US\"},{\"@type\":\"ImageObject\",\"@id\":\"https:\/\/acefootball.com\/da\/fodboldnyheder\/fans-forstaar-ikke-real-spiller-vil-tage-smertestillende-til-liverpool-moede\/#primaryimage\",\"inLanguage\":\"en-US\",\"url\":\"https:\/\/acefootball.com\/da\/wp-content\/uploads\/sites\/2\/2021\/04\/Laes-mere-generel-32.jpg\",\"contentUrl\":\"https:\/\/acefootball.com\/da\/wp-content\/uploads\/sites\/2\/2021\/04\/Laes-mere-generel-32.jpg\",\"width\":1920,\"height\":1008},{\"@type\":\"WebPage\",\"@id\":\"https:\/\/acefootball.com\/da\/fodboldnyheder\/fans-forstaar-ikke-real-spiller-vil-tage-smertestillende-til-liverpool-moede\/#webpage\",\"url\":\"https:\/\/acefootball.com\/da\/fodboldnyheder\/fans-forstaar-ikke-real-spiller-vil-tage-smertestillende-til-liverpool-moede\/\",\"name\":\"Fans forst\u00e5r ikke Real-spiller: Vil tage smertestillende til Liverpool-m\u00f8de\",\"isPartOf\":{\"@id\":\"https:\/\/acefootball.com\/da\/#website\"},\"primaryImageOfPage\":{\"@id\":\"https:\/\/acefootball.com\/da\/fodboldnyheder\/fans-forstaar-ikke-real-spiller-vil-tage-smertestillende-til-liverpool-moede\/#primaryimage\"},\"datePublished\":\"2021-04-13T09:36:00+00:00\",\"dateModified\":\"2021-04-13T09:36:01+00:00\",\"description\":\"Flere fans undrer sig over, hvorfor Fede Valverde v\u00e6lger at s\u00e6tte sit helbred p\u00e5 spil ved at spille med en skade i returkampen mod Liverpool\",\"breadcrumb\":{\"@id\":\"https:\/\/acefootball.com\/da\/fodboldnyheder\/fans-forstaar-ikke-real-spiller-vil-tage-smertestillende-til-liverpool-moede\/#breadcrumb\"},\"inLanguage\":\"en-US\",\"potentialAction\":[{\"@type\":\"ReadAction\",\"target\":[\"https:\/\/acefootball.com\/da\/fodboldnyheder\/fans-forstaar-ikke-real-spiller-vil-tage-smertestillende-til-liverpool-moede\/\"]}]},{\"@type\":\"BreadcrumbList\",\"@id\":\"https:\/\/acefootball.com\/da\/fodboldnyheder\/fans-forstaar-ikke-real-spiller-vil-tage-smertestillende-til-liverpool-moede\/#breadcrumb\",\"itemListElement\":[{\"@type\":\"ListItem\",\"position\":1,\"name\":\"Home\",\"item\":\"https:\/\/acefootball.com\/da\/\"},{\"@type\":\"ListItem\",\"position\":2,\"name\":\"Fans forst\u00e5r ikke Real-spiller: Vil tage smertestillende til Liverpool-m\u00f8de\"}]},{\"@type\":\"Article\",\"@id\":\"https:\/\/acefootball.com\/da\/fodboldnyheder\/fans-forstaar-ikke-real-spiller-vil-tage-smertestillende-til-liverpool-moede\/#article\",\"isPartOf\":{\"@id\":\"https:\/\/acefootball.com\/da\/fodboldnyheder\/fans-forstaar-ikke-real-spiller-vil-tage-smertestillende-til-liverpool-moede\/#webpage\"},\"author\":{\"@id\":\"https:\/\/acefootball.com\/da\/#\/schema\/person\/fd6223a1c033400b41da7853ddf88c84\"},\"headline\":\"Fans forst\u00e5r ikke Real-spiller: Vil tage smertestillende til Liverpool-m\u00f8de\",\"datePublished\":\"2021-04-13T09:36:00+00:00\",\"dateModified\":\"2021-04-13T09:36:01+00:00\",\"mainEntityOfPage\":{\"@id\":\"https:\/\/acefootball.com\/da\/fodboldnyheder\/fans-forstaar-ikke-real-spiller-vil-tage-smertestillende-til-liverpool-moede\/#webpage\"},\"wordCount\":226,\"commentCount\":0,\"publisher\":{\"@id\":\"https:\/\/acefootball.com\/da\/#organization\"},\"image\":{\"@id\":\"https:\/\/acefootball.com\/da\/fodboldnyheder\/fans-forstaar-ikke-real-spiller-vil-tage-smertestillende-til-liverpool-moede\/#primaryimage\"},\"thumbnailUrl\":\"https:\/\/acefootball.com\/da\/wp-content\/uploads\/sites\/2\/2020\/10\/GettyImages-1209770773.jpg\",\"keywords\":[\"Federico Valverde\",\"Liverpool\",\"Real Madrid\"],\"articleSection\":[\"Reaktion\"],\"inLanguage\":\"en-US\",\"potentialAction\":[{\"@type\":\"CommentAction\",\"name\":\"Comment\",\"target\":[\"https:\/\/acefootball.com\/da\/fodboldnyheder\/fans-forstaar-ikke-real-spiller-vil-tage-smertestillende-til-liverpool-moede\/#respond\"]}]},{\"@type\":\"Person\",\"@id\":\"https:\/\/acefootball.com\/da\/#\/schema\/person\/fd6223a1c033400b41da7853ddf88c84\",\"name\":\"Patrick Hesselb\u00e6k\",\"image\":{\"@type\":\"ImageObject\",\"@id\":\"https:\/\/acefootball.com\/da\/#personlogo\",\"inLanguage\":\"en-US\",\"url\":\"https:\/\/secure.gravatar.com\/avatar\/7919060992759bffbffb199d6cbdce6f?s=96&d=mm&r=g\",\"contentUrl\":\"https:\/\/secure.gravatar.com\/avatar\/7919060992759bffbffb199d6cbdce6f?s=96&d=mm&r=g\",\"caption\":\"Patrick Hesselb\u00e6k\"},\"description\":\"Redakt\u00f8r p\u00e5 den danske Ace Football-redaktion. Uddannet i kommunikation fra Aalborg Universitet. Prim\u00e6rt fokus p\u00e5 den danske 3F Superliga og de st\u00f8rste europ\u00e6iske turneringer.\",\"sameAs\":[\"https:\/\/www.linkedin.com\/in\/patrick-hesselbk-2a4b1711a\/\"],\"url\":\"https:\/\/acefootball.com\/da\/fodboldnyheder\/author\/patrickhesselbaek\/\"}]}<\/script>\n<!-- \/ Yoast SEO plugin. -->","yoast_head_json":{"title":"Fans forst\u00e5r ikke Real-spiller: Vil tage smertestillende til Liverpool-m\u00f8de","description":"Flere fans undrer sig over, hvorfor Fede Valverde v\u00e6lger at s\u00e6tte sit helbred p\u00e5 spil ved at spille med en skade i returkampen mod Liverpool","robots":{"index":"index","follow":"follow","max-snippet":"max-snippet:-1","max-image-preview":"max-image-preview:large","max-video-preview":"max-video-preview:-1"},"canonical":"https:\/\/acefootball.com\/da\/fodboldnyheder\/fans-forstaar-ikke-real-spiller-vil-tage-smertestillende-til-liverpool-moede\/","og_locale":"en_US","og_type":"article","og_title":"Fans forst\u00e5r ikke Real-spiller: Vil tage smertestillende til Liverpool-m\u00f8de","og_description":"Flere fans undrer sig over, hvorfor Fede Valverde v\u00e6lger at s\u00e6tte sit helbred p\u00e5 spil ved at spille med en skade i returkampen mod Liverpool","og_url":"https:\/\/acefootball.com\/da\/fodboldnyheder\/fans-forstaar-ikke-real-spiller-vil-tage-smertestillende-til-liverpool-moede\/","og_site_name":"Ace Football Danmark","article_publisher":"https:\/\/www.facebook.com\/acefootballdk","article_published_time":"2021-04-13T09:36:00+00:00","article_modified_time":"2021-04-13T09:36:01+00:00","og_image":[{"width":1920,"height":1008,"url":"https:\/\/acefootball.com\/da\/wp-content\/uploads\/sites\/2\/2021\/04\/Laes-mere-generel-32.jpg","type":"image\/jpeg"}],"twitter_card":"summary_large_image","twitter_misc":{"Written by":"Patrick Hesselb\u00e6k","Est. reading time":"2 minutes"},"schema":{"@context":"https:\/\/schema.org","@graph":[{"@type":"Organization","@id":"https:\/\/acefootball.com\/da\/#organization","name":"Ace Football","url":"https:\/\/acefootball.com\/da\/","sameAs":["https:\/\/www.facebook.com\/acefootballdk"],"logo":{"@type":"ImageObject","@id":"https:\/\/acefootball.com\/da\/#logo","inLanguage":"en-US","url":"https:\/\/acefootball.com\/da\/wp-content\/uploads\/sites\/2\/2020\/07\/Ace-Football-30-07-2020-2.png","contentUrl":"https:\/\/acefootball.com\/da\/wp-content\/uploads\/sites\/2\/2020\/07\/Ace-Football-30-07-2020-2.png","width":1200,"height":600,"caption":"Ace Football"},"image":{"@id":"https:\/\/acefootball.com\/da\/#logo"}},{"@type":"WebSite","@id":"https:\/\/acefootball.com\/da\/#website","url":"https:\/\/acefootball.com\/da\/","name":"Ace Football Danmark","description":"Nyheder, Spiltips &amp; Livescore","publisher":{"@id":"https:\/\/acefootball.com\/da\/#organization"},"potentialAction":[{"@type":"SearchAction","target":{"@type":"EntryPoint","urlTemplate":"https:\/\/acefootball.com\/da\/?s={search_term_string}"},"query-input":"required name=search_term_string"}],"inLanguage":"en-US"},{"@type":"ImageObject","@id":"https:\/\/acefootball.com\/da\/fodboldnyheder\/fans-forstaar-ikke-real-spiller-vil-tage-smertestillende-til-liverpool-moede\/#primaryimage","inLanguage":"en-US","url":"https:\/\/acefootball.com\/da\/wp-content\/uploads\/sites\/2\/2021\/04\/Laes-mere-generel-32.jpg","contentUrl":"https:\/\/acefootball.com\/da\/wp-content\/uploads\/sites\/2\/2021\/04\/Laes-mere-generel-32.jpg","width":1920,"height":1008},{"@type":"WebPage","@id":"https:\/\/acefootball.com\/da\/fodboldnyheder\/fans-forstaar-ikke-real-spiller-vil-tage-smertestillende-til-liverpool-moede\/#webpage","url":"https:\/\/acefootball.com\/da\/fodboldnyheder\/fans-forstaar-ikke-real-spiller-vil-tage-smertestillende-til-liverpool-moede\/","name":"Fans forst\u00e5r ikke Real-spiller: Vil tage smertestillende til Liverpool-m\u00f8de","isPartOf":{"@id":"https:\/\/acefootball.com\/da\/#website"},"primaryImageOfPage":{"@id":"https:\/\/acefootball.com\/da\/fodboldnyheder\/fans-forstaar-ikke-real-spiller-vil-tage-smertestillende-til-liverpool-moede\/#primaryimage"},"datePublished":"2021-04-13T09:36:00+00:00","dateModified":"2021-04-13T09:36:01+00:00","description":"Flere fans undrer sig over, hvorfor Fede Valverde v\u00e6lger at s\u00e6tte sit helbred p\u00e5 spil ved at spille med en skade i returkampen mod Liverpool","breadcrumb":{"@id":"https:\/\/acefootball.com\/da\/fodboldnyheder\/fans-forstaar-ikke-real-spiller-vil-tage-smertestillende-til-liverpool-moede\/#breadcrumb"},"inLanguage":"en-US","potentialAction":[{"@type":"ReadAction","target":["https:\/\/acefootball.com\/da\/fodboldnyheder\/fans-forstaar-ikke-real-spiller-vil-tage-smertestillende-til-liverpool-moede\/"]}]},{"@type":"BreadcrumbList","@id":"https:\/\/acefootball.com\/da\/fodboldnyheder\/fans-forstaar-ikke-real-spiller-vil-tage-smertestillende-til-liverpool-moede\/#breadcrumb","itemListElement":[{"@type":"ListItem","position":1,"name":"Home","item":"https:\/\/acefootball.com\/da\/"},{"@type":"ListItem","position":2,"name":"Fans forst\u00e5r ikke Real-spiller: Vil tage smertestillende til Liverpool-m\u00f8de"}]},{"@type":"Article","@id":"https:\/\/acefootball.com\/da\/fodboldnyheder\/fans-forstaar-ikke-real-spiller-vil-tage-smertestillende-til-liverpool-moede\/#article","isPartOf":{"@id":"https:\/\/acefootball.com\/da\/fodboldnyheder\/fans-forstaar-ikke-real-spiller-vil-tage-smertestillende-til-liverpool-moede\/#webpage"},"author":{"@id":"https:\/\/acefootball.com\/da\/#\/schema\/person\/fd6223a1c033400b41da7853ddf88c84"},"headline":"Fans forst\u00e5r ikke Real-spiller: Vil tage smertestillende til Liverpool-m\u00f8de","datePublished":"2021-04-13T09:36:00+00:00","dateModified":"2021-04-13T09:36:01+00:00","mainEntityOfPage":{"@id":"https:\/\/acefootball.com\/da\/fodboldnyheder\/fans-forstaar-ikke-real-spiller-vil-tage-smertestillende-til-liverpool-moede\/#webpage"},"wordCount":226,"commentCount":0,"publisher":{"@id":"https:\/\/acefootball.com\/da\/#organization"},"image":{"@id":"https:\/\/acefootball.com\/da\/fodboldnyheder\/fans-forstaar-ikke-real-spiller-vil-tage-smertestillende-til-liverpool-moede\/#primaryimage"},"thumbnailUrl":"https:\/\/acefootball.com\/da\/wp-content\/uploads\/sites\/2\/2020\/10\/GettyImages-1209770773.jpg","keywords":["Federico Valverde","Liverpool","Real Madrid"],"articleSection":["Reaktion"],"inLanguage":"en-US","potentialAction":[{"@type":"CommentAction","name":"Comment","target":["https:\/\/acefootball.com\/da\/fodboldnyheder\/fans-forstaar-ikke-real-spiller-vil-tage-smertestillende-til-liverpool-moede\/#respond"]}]},{"@type":"Person","@id":"https:\/\/acefootball.com\/da\/#\/schema\/person\/fd6223a1c033400b41da7853ddf88c84","name":"Patrick Hesselb\u00e6k","image":{"@type":"ImageObject","@id":"https:\/\/acefootball.com\/da\/#personlogo","inLanguage":"en-US","url":"https:\/\/secure.gravatar.com\/avatar\/7919060992759bffbffb199d6cbdce6f?s=96&d=mm&r=g","contentUrl":"https:\/\/secure.gravatar.com\/avatar\/7919060992759bffbffb199d6cbdce6f?s=96&d=mm&r=g","caption":"Patrick Hesselb\u00e6k"},"description":"Redakt\u00f8r p\u00e5 den danske Ace Football-redaktion. Uddannet i kommunikation fra Aalborg Universitet. Prim\u00e6rt fokus p\u00e5 den danske 3F Superliga og de st\u00f8rste europ\u00e6iske turneringer.","sameAs":["https:\/\/www.linkedin.com\/in\/patrick-hesselbk-2a4b1711a\/"],"url":"https:\/\/acefootball.com\/da\/fodboldnyheder\/author\/patrickhesselbaek\/"}]}},"fimg_url":"https:\/\/acefootball.com\/da\/wp-content\/uploads\/sites\/2\/2020\/10\/GettyImages-1209770773.jpg","_links":{"self":[{"href":"https:\/\/acefootball.com\/da\/wp-json\/wp\/v2\/posts\/256870"}],"collection":[{"href":"https:\/\/acefootball.com\/da\/wp-json\/wp\/v2\/posts"}],"about":[{"href":"https:\/\/acefootball.com\/da\/wp-json\/wp\/v2\/types\/post"}],"author":[{"embeddable":true,"href":"https:\/\/acefootball.com\/da\/wp-json\/wp\/v2\/users\/74"}],"replies":[{"embeddable":true,"href":"https:\/\/acefootball.com\/da\/wp-json\/wp\/v2\/comments?post=256870"}],"version-history":[{"count":0,"href":"https:\/\/acefootball.com\/da\/wp-json\/wp\/v2\/posts\/256870\/revisions"}],"wp:featuredmedia":[{"embeddable":true,"href":"https:\/\/acefootball.com\/da\/wp-json\/wp\/v2\/media\/240614"}],"wp:attachment":[{"href":"https:\/\/acefootball.com\/da\/wp-json\/wp\/v2\/media?parent=256870"}],"wp:term":[{"taxonomy":"category","embeddable":true,"href":"https:\/\/acefootball.com\/da\/wp-json\/wp\/v2\/categories?post=256870"},{"taxonomy":"post_tag","embeddable":true,"href":"https:\/\/acefootball.com\/da\/wp-json\/wp\/v2\/tags?post=256870"}],"curies":[{"name":"wp","href":"https:\/\/api.w.org\/{rel}","templated":true}]}}