{"id":256843,"date":"2021-04-12T15:13:14","date_gmt":"2021-04-12T13:13:14","guid":{"rendered":"https:\/\/acefootball.com\/da\/?p=256843"},"modified":"2021-04-12T15:18:35","modified_gmt":"2021-04-12T13:18:35","slug":"broendby-boss-afviser-paastand-fra-tv-station-han-var-der-slet-ikke-selv","status":"publish","type":"post","link":"https:\/\/acefootball.com\/da\/fodboldnyheder\/broendby-boss-afviser-paastand-fra-tv-station-han-var-der-slet-ikke-selv\/","title":{"rendered":"Br\u00f8ndby-boss afviser p\u00e5stand fra TV-station: Han var der slet ikke selv"},"content":{"rendered":"\n<h2 id=\"h-br-ndbys-fodbolddirekt-r-carsten-v-jensen-fort-ller-at-han-hverken-var-rasende-eller-forlangte-taletid-p-tv-efter-g-rsdagens-k-benhavnerderby\">Br\u00f8ndbys fodbolddirekt\u00f8r Carsten V. Jensen fort\u00e6ller, at han hverken var rasende eller forlangte taletid p\u00e5 TV efter g\u00e5rsdagens k\u00f8benhavnerderby<\/h2>\n\n\n\n<p>B\u00f8lgerne gik h\u00f8jt i slutningen af g\u00e5rsdagens derby mellem Br\u00f8ndby IF og FC K\u00f8benhavn, da Mohamed Daramys m\u00e5l p\u00e5 en retur efter Kamil Wilczeks br\u00e6ndte straffespark.<\/p>\n\n\n\n\n        <div class=\"svf-video-single only-video\">\n            <div class=\"svf-video-container svf-embedded embedded\">\n                <script>(function(){const el = document.createElement('iframe');el.allow = 'autoplay';el.frameBorder = '0';el.classList.add('svf-video');el.allowFullscreen = true;document.currentScript.parentNode.style.display = 'none';el.src = \"https:\/\/www.viafree.dk\/embed\/sport\/id\/d6ea9120-5ad9-4868-be31-194943e80424?partnerId=a788403f-2c83-488f-adb0-2650ac7278a3\";el.addEventListener( 'load', function(){ this.parentNode.style.display = ''; });document.currentScript.parentNode.insertBefore(el, document.currentScript.nextSibling);})();<\/script>\n                <noscript><iframe allow=\"autoplay\" allowfullscreen frameborder=\"0\" class=\"svf-video\" src=\"https:\/\/www.viafree.dk\/embed\/sport\/id\/d6ea9120-5ad9-4868-be31-194943e80424?partnerId=a788403f-2c83-488f-adb0-2650ac7278a3\"><\/iframe><\/noscript>\n            <\/div>\n                    <\/div>\n        \n\n\n\n<p>Her var b\u00e5de spillere, tr\u00e6ner og eksperter efter kampen meget uforst\u00e5ende over situationen, og if\u00f8lge TV3 Sports sportschef, Kim Mikkelsen, var ogs\u00e5 Br\u00f8ndbys fodbolddirekt\u00f8r Carsten V. Jensen oppe i det r\u00f8de felt og forlangte if\u00f8lge dem taletid p\u00e5 TV for at komme ud med sit syn p\u00e5 sagen.<\/p>\n\n\n\n<p>Disse beskyldninger har &#8216;CV&#8217; dog afvist med en forklaring om, at Mikkelsen slet ikke ved, hvad der er foreg\u00e5et.<\/p>\n\n\n\n<p>&#8220;Vi var naturligvis opr\u00f8rte, men helt rolige, da vi kommunikerede med dommere og tv-ansvarlige. Kim Mikkelsen var ikke til stede og ved ikke, hvad der er foreg\u00e5et,&#8221; fort\u00e6ller &#8216;CV&#8217; til <a href=\"https:\/\/ekstrabladet.dk\/sport\/fodbold\/dansk_fodbold\/superligaen\/broendby\/afviser-tv-boss-paastand-forlangte-ikke-taletid\/8530686\" target=\"_blank\" rel=\"noreferrer noopener\">Ekstra Bladet<\/a>.<\/p>\n\n\n\n<p>Han tilf\u00f8jer desuden, at de p\u00e5 intet tidspunkt har forlangt taletid p\u00e5 TV. Du kan i artiklen herunder l\u00e6se, hvad sportschefen fra TV3 Sport sagde om &#8216;CV&#8217;.<\/p>\n\n\n\n<figure class=\"wp-block-embed is-type-wp-embed is-provider-ace-football-danmark wp-block-embed-ace-football-danmark\"><div class=\"wp-block-embed__wrapper\">\n<blockquote class=\"wp-embedded-content\" data-secret=\"V3O5ZVFgqH\"><a href=\"https:\/\/acefootball.com\/da\/fodboldnyheder\/tv-station-svarer-tilbage-paa-kritik-fra-rasende-cv-vi-har-ingen-retningslinjer\/\">TV-station svarer tilbage p\u00e5 kritik fra rasende CV: &#8216;Vi har ingen retningslinjer&#8217;<\/a><\/blockquote><iframe class=\"wp-embedded-content\" sandbox=\"allow-scripts\" security=\"restricted\" style=\"position: absolute; clip: rect(1px, 1px, 1px, 1px);\" title=\"&#8220;TV-station svarer tilbage p\u00e5 kritik fra rasende CV: &#8216;Vi har ingen retningslinjer&#8217;&#8221; &#8212; Ace Football Danmark\" src=\"https:\/\/acefootball.com\/da\/fodboldnyheder\/tv-station-svarer-tilbage-paa-kritik-fra-rasende-cv-vi-har-ingen-retningslinjer\/embed\/#?secret=V3O5ZVFgqH\" data-secret=\"V3O5ZVFgqH\" width=\"600\" height=\"338\" frameborder=\"0\" marginwidth=\"0\" marginheight=\"0\" scrolling=\"no\"><\/iframe>\n<\/div><\/figure>\n","protected":false},"excerpt":{"rendered":"<p>Br\u00f8ndbys fodbolddirekt\u00f8r Carsten V. Jensen fort\u00e6ller, at han hverken var rasende eller forlangte taletid p\u00e5 TV efter g\u00e5rsdagens k\u00f8benhavnerderby<\/p>\n","protected":false},"author":74,"featured_media":256599,"comment_status":"open","ping_status":"closed","sticky":false,"template":"","format":"standard","meta":{"om_disable_all_campaigns":false,"push_articles_ronaldo":{"active":false,"canonical":0,"publish":false},"force_updates":null},"categories":[8204],"tags":[53,588],"enet_tags":{"team":["8595"],"league":["46"],"sport_events":[]},"yoast_head":"<!-- This site is optimized with the Yoast SEO plugin v18.3 - https:\/\/yoast.com\/wordpress\/plugins\/seo\/ -->\n<title>Br\u00f8ndby-boss afviser p\u00e5stand fra TV-station: Han var der slet ikke selv<\/title>\n<meta name=\"description\" content=\"Br\u00f8ndbys fodbolddirekt\u00f8r Carsten V. Jensen fort\u00e6ller, at han hverken var rasende eller forlangte taletid p\u00e5 TV efter g\u00e5rsdagens k\u00f8benhavnerderby\" \/>\n<meta name=\"robots\" content=\"index, follow, max-snippet:-1, max-image-preview:large, max-video-preview:-1\" \/>\n<link rel=\"canonical\" href=\"https:\/\/acefootball.com\/da\/fodboldnyheder\/broendby-boss-afviser-paastand-fra-tv-station-han-var-der-slet-ikke-selv\/\" \/>\n<meta property=\"og:locale\" content=\"en_US\" \/>\n<meta property=\"og:type\" content=\"article\" \/>\n<meta property=\"og:title\" content=\"Br\u00f8ndby-boss afviser p\u00e5stand fra TV-station: Han var der slet ikke selv\" \/>\n<meta property=\"og:description\" content=\"Br\u00f8ndbys fodbolddirekt\u00f8r Carsten V. Jensen fort\u00e6ller, at han hverken var rasende eller forlangte taletid p\u00e5 TV efter g\u00e5rsdagens k\u00f8benhavnerderby\" \/>\n<meta property=\"og:url\" content=\"https:\/\/acefootball.com\/da\/fodboldnyheder\/broendby-boss-afviser-paastand-fra-tv-station-han-var-der-slet-ikke-selv\/\" \/>\n<meta property=\"og:site_name\" content=\"Ace Football Danmark\" \/>\n<meta property=\"article:publisher\" content=\"https:\/\/www.facebook.com\/acefootballdk\" \/>\n<meta property=\"article:published_time\" content=\"2021-04-12T13:13:14+00:00\" \/>\n<meta property=\"article:modified_time\" content=\"2021-04-12T13:18:35+00:00\" \/>\n<meta property=\"og:image\" content=\"https:\/\/acefootball.com\/da\/wp-content\/uploads\/sites\/2\/2021\/04\/Brondby-3.jpg\" \/>\n\t<meta property=\"og:image:width\" content=\"1920\" \/>\n\t<meta property=\"og:image:height\" content=\"1008\" \/>\n\t<meta property=\"og:image:type\" content=\"image\/jpeg\" \/>\n<meta name=\"twitter:card\" content=\"summary_large_image\" \/>\n<meta name=\"twitter:label1\" content=\"Written by\" \/>\n\t<meta name=\"twitter:data1\" content=\"Patrick Hesselb\u00e6k\" \/>\n\t<meta name=\"twitter:label2\" content=\"Est. reading time\" \/>\n\t<meta name=\"twitter:data2\" content=\"1 minute\" \/>\n<script type=\"application\/ld+json\" class=\"yoast-schema-graph\">{\"@context\":\"https:\/\/schema.org\",\"@graph\":[{\"@type\":\"Organization\",\"@id\":\"https:\/\/acefootball.com\/da\/#organization\",\"name\":\"Ace Football\",\"url\":\"https:\/\/acefootball.com\/da\/\",\"sameAs\":[\"https:\/\/www.facebook.com\/acefootballdk\"],\"logo\":{\"@type\":\"ImageObject\",\"@id\":\"https:\/\/acefootball.com\/da\/#logo\",\"inLanguage\":\"en-US\",\"url\":\"https:\/\/acefootball.com\/da\/wp-content\/uploads\/sites\/2\/2020\/07\/Ace-Football-30-07-2020-2.png\",\"contentUrl\":\"https:\/\/acefootball.com\/da\/wp-content\/uploads\/sites\/2\/2020\/07\/Ace-Football-30-07-2020-2.png\",\"width\":1200,\"height\":600,\"caption\":\"Ace Football\"},\"image\":{\"@id\":\"https:\/\/acefootball.com\/da\/#logo\"}},{\"@type\":\"WebSite\",\"@id\":\"https:\/\/acefootball.com\/da\/#website\",\"url\":\"https:\/\/acefootball.com\/da\/\",\"name\":\"Ace Football Danmark\",\"description\":\"Nyheder, Spiltips &amp; Livescore\",\"publisher\":{\"@id\":\"https:\/\/acefootball.com\/da\/#organization\"},\"potentialAction\":[{\"@type\":\"SearchAction\",\"target\":{\"@type\":\"EntryPoint\",\"urlTemplate\":\"https:\/\/acefootball.com\/da\/?s={search_term_string}\"},\"query-input\":\"required name=search_term_string\"}],\"inLanguage\":\"en-US\"},{\"@type\":\"ImageObject\",\"@id\":\"https:\/\/acefootball.com\/da\/fodboldnyheder\/broendby-boss-afviser-paastand-fra-tv-station-han-var-der-slet-ikke-selv\/#primaryimage\",\"inLanguage\":\"en-US\",\"url\":\"https:\/\/acefootball.com\/da\/wp-content\/uploads\/sites\/2\/2021\/04\/Brondby-3.jpg\",\"contentUrl\":\"https:\/\/acefootball.com\/da\/wp-content\/uploads\/sites\/2\/2021\/04\/Brondby-3.jpg\",\"width\":1920,\"height\":1008,\"caption\":\"BRONDBY, DENMARK - MARCH 21: Carsten V. Jensen, sports director of Brondby IF prior to the Danish 3F Superliga match between Brondby IF and AGF Aarhus at Brondby Stadion on March 21, 2021 in Brondby, Denmark. (Photo by Lars Ronbog \/ FrontZoneSport via Getty Images)\"},{\"@type\":\"WebPage\",\"@id\":\"https:\/\/acefootball.com\/da\/fodboldnyheder\/broendby-boss-afviser-paastand-fra-tv-station-han-var-der-slet-ikke-selv\/#webpage\",\"url\":\"https:\/\/acefootball.com\/da\/fodboldnyheder\/broendby-boss-afviser-paastand-fra-tv-station-han-var-der-slet-ikke-selv\/\",\"name\":\"Br\u00f8ndby-boss afviser p\u00e5stand fra TV-station: Han var der slet ikke selv\",\"isPartOf\":{\"@id\":\"https:\/\/acefootball.com\/da\/#website\"},\"primaryImageOfPage\":{\"@id\":\"https:\/\/acefootball.com\/da\/fodboldnyheder\/broendby-boss-afviser-paastand-fra-tv-station-han-var-der-slet-ikke-selv\/#primaryimage\"},\"datePublished\":\"2021-04-12T13:13:14+00:00\",\"dateModified\":\"2021-04-12T13:18:35+00:00\",\"description\":\"Br\u00f8ndbys fodbolddirekt\u00f8r Carsten V. Jensen fort\u00e6ller, at han hverken var rasende eller forlangte taletid p\u00e5 TV efter g\u00e5rsdagens k\u00f8benhavnerderby\",\"breadcrumb\":{\"@id\":\"https:\/\/acefootball.com\/da\/fodboldnyheder\/broendby-boss-afviser-paastand-fra-tv-station-han-var-der-slet-ikke-selv\/#breadcrumb\"},\"inLanguage\":\"en-US\",\"potentialAction\":[{\"@type\":\"ReadAction\",\"target\":[\"https:\/\/acefootball.com\/da\/fodboldnyheder\/broendby-boss-afviser-paastand-fra-tv-station-han-var-der-slet-ikke-selv\/\"]}]},{\"@type\":\"BreadcrumbList\",\"@id\":\"https:\/\/acefootball.com\/da\/fodboldnyheder\/broendby-boss-afviser-paastand-fra-tv-station-han-var-der-slet-ikke-selv\/#breadcrumb\",\"itemListElement\":[{\"@type\":\"ListItem\",\"position\":1,\"name\":\"Home\",\"item\":\"https:\/\/acefootball.com\/da\/\"},{\"@type\":\"ListItem\",\"position\":2,\"name\":\"Br\u00f8ndby-boss afviser p\u00e5stand fra TV-station: Han var der slet ikke selv\"}]},{\"@type\":\"Article\",\"@id\":\"https:\/\/acefootball.com\/da\/fodboldnyheder\/broendby-boss-afviser-paastand-fra-tv-station-han-var-der-slet-ikke-selv\/#article\",\"isPartOf\":{\"@id\":\"https:\/\/acefootball.com\/da\/fodboldnyheder\/broendby-boss-afviser-paastand-fra-tv-station-han-var-der-slet-ikke-selv\/#webpage\"},\"author\":{\"@id\":\"https:\/\/acefootball.com\/da\/#\/schema\/person\/fd6223a1c033400b41da7853ddf88c84\"},\"headline\":\"Br\u00f8ndby-boss afviser p\u00e5stand fra TV-station: Han var der slet ikke selv\",\"datePublished\":\"2021-04-12T13:13:14+00:00\",\"dateModified\":\"2021-04-12T13:18:35+00:00\",\"mainEntityOfPage\":{\"@id\":\"https:\/\/acefootball.com\/da\/fodboldnyheder\/broendby-boss-afviser-paastand-fra-tv-station-han-var-der-slet-ikke-selv\/#webpage\"},\"wordCount\":229,\"commentCount\":0,\"publisher\":{\"@id\":\"https:\/\/acefootball.com\/da\/#organization\"},\"image\":{\"@id\":\"https:\/\/acefootball.com\/da\/fodboldnyheder\/broendby-boss-afviser-paastand-fra-tv-station-han-var-der-slet-ikke-selv\/#primaryimage\"},\"thumbnailUrl\":\"https:\/\/acefootball.com\/da\/wp-content\/uploads\/sites\/2\/2021\/04\/GettyImages-1231859321.jpg\",\"keywords\":[\"Br\u00f8ndby IF\",\"Superligaen\"],\"articleSection\":[\"Udtalelse\"],\"inLanguage\":\"en-US\",\"potentialAction\":[{\"@type\":\"CommentAction\",\"name\":\"Comment\",\"target\":[\"https:\/\/acefootball.com\/da\/fodboldnyheder\/broendby-boss-afviser-paastand-fra-tv-station-han-var-der-slet-ikke-selv\/#respond\"]}]},{\"@type\":\"Person\",\"@id\":\"https:\/\/acefootball.com\/da\/#\/schema\/person\/fd6223a1c033400b41da7853ddf88c84\",\"name\":\"Patrick Hesselb\u00e6k\",\"image\":{\"@type\":\"ImageObject\",\"@id\":\"https:\/\/acefootball.com\/da\/#personlogo\",\"inLanguage\":\"en-US\",\"url\":\"https:\/\/secure.gravatar.com\/avatar\/7919060992759bffbffb199d6cbdce6f?s=96&d=mm&r=g\",\"contentUrl\":\"https:\/\/secure.gravatar.com\/avatar\/7919060992759bffbffb199d6cbdce6f?s=96&d=mm&r=g\",\"caption\":\"Patrick Hesselb\u00e6k\"},\"description\":\"Redakt\u00f8r p\u00e5 den danske Ace Football-redaktion. Uddannet i kommunikation fra Aalborg Universitet. Prim\u00e6rt fokus p\u00e5 den danske 3F Superliga og de st\u00f8rste europ\u00e6iske turneringer.\",\"sameAs\":[\"https:\/\/www.linkedin.com\/in\/patrick-hesselbk-2a4b1711a\/\"],\"url\":\"https:\/\/acefootball.com\/da\/fodboldnyheder\/author\/patrickhesselbaek\/\"}]}<\/script>\n<!-- \/ Yoast SEO plugin. -->","yoast_head_json":{"title":"Br\u00f8ndby-boss afviser p\u00e5stand fra TV-station: Han var der slet ikke selv","description":"Br\u00f8ndbys fodbolddirekt\u00f8r Carsten V. Jensen fort\u00e6ller, at han hverken var rasende eller forlangte taletid p\u00e5 TV efter g\u00e5rsdagens k\u00f8benhavnerderby","robots":{"index":"index","follow":"follow","max-snippet":"max-snippet:-1","max-image-preview":"max-image-preview:large","max-video-preview":"max-video-preview:-1"},"canonical":"https:\/\/acefootball.com\/da\/fodboldnyheder\/broendby-boss-afviser-paastand-fra-tv-station-han-var-der-slet-ikke-selv\/","og_locale":"en_US","og_type":"article","og_title":"Br\u00f8ndby-boss afviser p\u00e5stand fra TV-station: Han var der slet ikke selv","og_description":"Br\u00f8ndbys fodbolddirekt\u00f8r Carsten V. Jensen fort\u00e6ller, at han hverken var rasende eller forlangte taletid p\u00e5 TV efter g\u00e5rsdagens k\u00f8benhavnerderby","og_url":"https:\/\/acefootball.com\/da\/fodboldnyheder\/broendby-boss-afviser-paastand-fra-tv-station-han-var-der-slet-ikke-selv\/","og_site_name":"Ace Football Danmark","article_publisher":"https:\/\/www.facebook.com\/acefootballdk","article_published_time":"2021-04-12T13:13:14+00:00","article_modified_time":"2021-04-12T13:18:35+00:00","og_image":[{"width":1920,"height":1008,"url":"https:\/\/acefootball.com\/da\/wp-content\/uploads\/sites\/2\/2021\/04\/Brondby-3.jpg","type":"image\/jpeg"}],"twitter_card":"summary_large_image","twitter_misc":{"Written by":"Patrick Hesselb\u00e6k","Est. reading time":"1 minute"},"schema":{"@context":"https:\/\/schema.org","@graph":[{"@type":"Organization","@id":"https:\/\/acefootball.com\/da\/#organization","name":"Ace Football","url":"https:\/\/acefootball.com\/da\/","sameAs":["https:\/\/www.facebook.com\/acefootballdk"],"logo":{"@type":"ImageObject","@id":"https:\/\/acefootball.com\/da\/#logo","inLanguage":"en-US","url":"https:\/\/acefootball.com\/da\/wp-content\/uploads\/sites\/2\/2020\/07\/Ace-Football-30-07-2020-2.png","contentUrl":"https:\/\/acefootball.com\/da\/wp-content\/uploads\/sites\/2\/2020\/07\/Ace-Football-30-07-2020-2.png","width":1200,"height":600,"caption":"Ace Football"},"image":{"@id":"https:\/\/acefootball.com\/da\/#logo"}},{"@type":"WebSite","@id":"https:\/\/acefootball.com\/da\/#website","url":"https:\/\/acefootball.com\/da\/","name":"Ace Football Danmark","description":"Nyheder, Spiltips &amp; Livescore","publisher":{"@id":"https:\/\/acefootball.com\/da\/#organization"},"potentialAction":[{"@type":"SearchAction","target":{"@type":"EntryPoint","urlTemplate":"https:\/\/acefootball.com\/da\/?s={search_term_string}"},"query-input":"required name=search_term_string"}],"inLanguage":"en-US"},{"@type":"ImageObject","@id":"https:\/\/acefootball.com\/da\/fodboldnyheder\/broendby-boss-afviser-paastand-fra-tv-station-han-var-der-slet-ikke-selv\/#primaryimage","inLanguage":"en-US","url":"https:\/\/acefootball.com\/da\/wp-content\/uploads\/sites\/2\/2021\/04\/Brondby-3.jpg","contentUrl":"https:\/\/acefootball.com\/da\/wp-content\/uploads\/sites\/2\/2021\/04\/Brondby-3.jpg","width":1920,"height":1008,"caption":"BRONDBY, DENMARK - MARCH 21: Carsten V. Jensen, sports director of Brondby IF prior to the Danish 3F Superliga match between Brondby IF and AGF Aarhus at Brondby Stadion on March 21, 2021 in Brondby, Denmark. (Photo by Lars Ronbog \/ FrontZoneSport via Getty Images)"},{"@type":"WebPage","@id":"https:\/\/acefootball.com\/da\/fodboldnyheder\/broendby-boss-afviser-paastand-fra-tv-station-han-var-der-slet-ikke-selv\/#webpage","url":"https:\/\/acefootball.com\/da\/fodboldnyheder\/broendby-boss-afviser-paastand-fra-tv-station-han-var-der-slet-ikke-selv\/","name":"Br\u00f8ndby-boss afviser p\u00e5stand fra TV-station: Han var der slet ikke selv","isPartOf":{"@id":"https:\/\/acefootball.com\/da\/#website"},"primaryImageOfPage":{"@id":"https:\/\/acefootball.com\/da\/fodboldnyheder\/broendby-boss-afviser-paastand-fra-tv-station-han-var-der-slet-ikke-selv\/#primaryimage"},"datePublished":"2021-04-12T13:13:14+00:00","dateModified":"2021-04-12T13:18:35+00:00","description":"Br\u00f8ndbys fodbolddirekt\u00f8r Carsten V. Jensen fort\u00e6ller, at han hverken var rasende eller forlangte taletid p\u00e5 TV efter g\u00e5rsdagens k\u00f8benhavnerderby","breadcrumb":{"@id":"https:\/\/acefootball.com\/da\/fodboldnyheder\/broendby-boss-afviser-paastand-fra-tv-station-han-var-der-slet-ikke-selv\/#breadcrumb"},"inLanguage":"en-US","potentialAction":[{"@type":"ReadAction","target":["https:\/\/acefootball.com\/da\/fodboldnyheder\/broendby-boss-afviser-paastand-fra-tv-station-han-var-der-slet-ikke-selv\/"]}]},{"@type":"BreadcrumbList","@id":"https:\/\/acefootball.com\/da\/fodboldnyheder\/broendby-boss-afviser-paastand-fra-tv-station-han-var-der-slet-ikke-selv\/#breadcrumb","itemListElement":[{"@type":"ListItem","position":1,"name":"Home","item":"https:\/\/acefootball.com\/da\/"},{"@type":"ListItem","position":2,"name":"Br\u00f8ndby-boss afviser p\u00e5stand fra TV-station: Han var der slet ikke selv"}]},{"@type":"Article","@id":"https:\/\/acefootball.com\/da\/fodboldnyheder\/broendby-boss-afviser-paastand-fra-tv-station-han-var-der-slet-ikke-selv\/#article","isPartOf":{"@id":"https:\/\/acefootball.com\/da\/fodboldnyheder\/broendby-boss-afviser-paastand-fra-tv-station-han-var-der-slet-ikke-selv\/#webpage"},"author":{"@id":"https:\/\/acefootball.com\/da\/#\/schema\/person\/fd6223a1c033400b41da7853ddf88c84"},"headline":"Br\u00f8ndby-boss afviser p\u00e5stand fra TV-station: Han var der slet ikke selv","datePublished":"2021-04-12T13:13:14+00:00","dateModified":"2021-04-12T13:18:35+00:00","mainEntityOfPage":{"@id":"https:\/\/acefootball.com\/da\/fodboldnyheder\/broendby-boss-afviser-paastand-fra-tv-station-han-var-der-slet-ikke-selv\/#webpage"},"wordCount":229,"commentCount":0,"publisher":{"@id":"https:\/\/acefootball.com\/da\/#organization"},"image":{"@id":"https:\/\/acefootball.com\/da\/fodboldnyheder\/broendby-boss-afviser-paastand-fra-tv-station-han-var-der-slet-ikke-selv\/#primaryimage"},"thumbnailUrl":"https:\/\/acefootball.com\/da\/wp-content\/uploads\/sites\/2\/2021\/04\/GettyImages-1231859321.jpg","keywords":["Br\u00f8ndby IF","Superligaen"],"articleSection":["Udtalelse"],"inLanguage":"en-US","potentialAction":[{"@type":"CommentAction","name":"Comment","target":["https:\/\/acefootball.com\/da\/fodboldnyheder\/broendby-boss-afviser-paastand-fra-tv-station-han-var-der-slet-ikke-selv\/#respond"]}]},{"@type":"Person","@id":"https:\/\/acefootball.com\/da\/#\/schema\/person\/fd6223a1c033400b41da7853ddf88c84","name":"Patrick Hesselb\u00e6k","image":{"@type":"ImageObject","@id":"https:\/\/acefootball.com\/da\/#personlogo","inLanguage":"en-US","url":"https:\/\/secure.gravatar.com\/avatar\/7919060992759bffbffb199d6cbdce6f?s=96&d=mm&r=g","contentUrl":"https:\/\/secure.gravatar.com\/avatar\/7919060992759bffbffb199d6cbdce6f?s=96&d=mm&r=g","caption":"Patrick Hesselb\u00e6k"},"description":"Redakt\u00f8r p\u00e5 den danske Ace Football-redaktion. Uddannet i kommunikation fra Aalborg Universitet. Prim\u00e6rt fokus p\u00e5 den danske 3F Superliga og de st\u00f8rste europ\u00e6iske turneringer.","sameAs":["https:\/\/www.linkedin.com\/in\/patrick-hesselbk-2a4b1711a\/"],"url":"https:\/\/acefootball.com\/da\/fodboldnyheder\/author\/patrickhesselbaek\/"}]}},"fimg_url":"https:\/\/acefootball.com\/da\/wp-content\/uploads\/sites\/2\/2021\/04\/GettyImages-1231859321.jpg","_links":{"self":[{"href":"https:\/\/acefootball.com\/da\/wp-json\/wp\/v2\/posts\/256843"}],"collection":[{"href":"https:\/\/acefootball.com\/da\/wp-json\/wp\/v2\/posts"}],"about":[{"href":"https:\/\/acefootball.com\/da\/wp-json\/wp\/v2\/types\/post"}],"author":[{"embeddable":true,"href":"https:\/\/acefootball.com\/da\/wp-json\/wp\/v2\/users\/74"}],"replies":[{"embeddable":true,"href":"https:\/\/acefootball.com\/da\/wp-json\/wp\/v2\/comments?post=256843"}],"version-history":[{"count":0,"href":"https:\/\/acefootball.com\/da\/wp-json\/wp\/v2\/posts\/256843\/revisions"}],"wp:featuredmedia":[{"embeddable":true,"href":"https:\/\/acefootball.com\/da\/wp-json\/wp\/v2\/media\/256599"}],"wp:attachment":[{"href":"https:\/\/acefootball.com\/da\/wp-json\/wp\/v2\/media?parent=256843"}],"wp:term":[{"taxonomy":"category","embeddable":true,"href":"https:\/\/acefootball.com\/da\/wp-json\/wp\/v2\/categories?post=256843"},{"taxonomy":"post_tag","embeddable":true,"href":"https:\/\/acefootball.com\/da\/wp-json\/wp\/v2\/tags?post=256843"}],"curies":[{"name":"wp","href":"https:\/\/api.w.org\/{rel}","templated":true}]}}