{"id":256782,"date":"2021-04-11T17:14:01","date_gmt":"2021-04-11T15:14:01","guid":{"rendered":"https:\/\/acefootball.com\/da\/?p=256782"},"modified":"2021-04-11T17:26:09","modified_gmt":"2021-04-11T15:26:09","slug":"broendby-tweet-vaekker-vrede-er-det-muligt-at-gaa-i-mindre-sko","status":"publish","type":"post","link":"https:\/\/acefootball.com\/da\/fodboldnyheder\/broendby-tweet-vaekker-vrede-er-det-muligt-at-gaa-i-mindre-sko\/","title":{"rendered":"Br\u00f8ndby-tweet v\u00e6kker vrede: Er det muligt at g\u00e5 i mindre sko?"},"content":{"rendered":"\n<h2 id=\"h-en-liveopdatering-fra-br-ndby-if-ved-kamil-wilczeks-scoring-har-skabt-r-re-i-andedammen-p-twitter\">En liveopdatering fra Br\u00f8ndby IF ved Kamil Wilczeks scoring har skabt r\u00f8re i andedammen p\u00e5 Twitter<\/h2>\n\n\n\n<p>Ligesom ved seneste derby mellem Br\u00f8ndby og FC K\u00f8benhavn kom Kamil Wilczek igen s\u00f8ndag p\u00e5 tavlen, da han i f\u00f8rste halvleg bragte g\u00e6sterne foran.<\/p>\n\n\n\n<p>Det er selvf\u00f8lgelig ikke noget, man kan lide at se hos de bl\u00e5gule, efter Wilczek for et \u00e5r siden forlod klubben for en halvs\u00e6son senere at skifte til \u00e6rkerivalerne.<\/p>\n\n\n\n<p>Det er formentlig ogs\u00e5 grunden til, at polakken ikke blev n\u00e6vnt ved navn p\u00e5 Br\u00f8ndbys officielle liveopdatering p\u00e5 Twitter, hvor Wilczek blot blev identificeret som &#8220;Nr. 9 fra FCK.&#8221;<\/p>\n\n\n\n<figure class=\"wp-block-embed is-type-rich is-provider-twitter wp-block-embed-twitter\"><div class=\"wp-block-embed__wrapper\">\n<blockquote class=\"twitter-tweet\" data-width=\"550\" data-dnt=\"true\"><p lang=\"da\" dir=\"ltr\">Nr. 9 fra FCK sender bolden i nettet desv\u00e6rre.<br><br>\u23f1\ufe0f 38&#39;<br>\u26bd\ufe0f Br\u00f8ndby IF &#8211; FC K\u00f8benhavn<br>\ud83e\udd45 0-1<a href=\"https:\/\/twitter.com\/hashtag\/biffck?src=hash&amp;ref_src=twsrc%5Etfw\">#biffck<\/a> <a href=\"https:\/\/twitter.com\/hashtag\/biflive?src=hash&amp;ref_src=twsrc%5Etfw\">#biflive<\/a><\/p>&mdash; Br\u00f8ndby IF Live (@BrondbyLive) <a href=\"https:\/\/twitter.com\/BrondbyLive\/status\/1381255605076250629?ref_src=twsrc%5Etfw\">April 11, 2021<\/a><\/blockquote><script async src=\"https:\/\/platform.twitter.com\/widgets.js\" charset=\"utf-8\"><\/script>\n<\/div><\/figure>\n\n\n\n<p>Det er dog ikke alle, der synes lige godt om denne m\u00e5de at kommentere p\u00e5 fra klubbens egen konto. Du kan se nogle af reaktionerne her:<\/p>\n\n\n\n<figure class=\"wp-block-embed is-type-rich is-provider-twitter wp-block-embed-twitter\"><div class=\"wp-block-embed__wrapper\">\n<blockquote class=\"twitter-tweet\" data-width=\"550\" data-dnt=\"true\"><p lang=\"da\" dir=\"ltr\">Er det muligt at g\u00e5 i mindre sko? Hmmm, I Think not. Pinligt \ud83d\ude33<a href=\"https:\/\/twitter.com\/hashtag\/biffck?src=hash&amp;ref_src=twsrc%5Etfw\">#biffck<\/a> <a href=\"https:\/\/twitter.com\/hashtag\/sldk?src=hash&amp;ref_src=twsrc%5Etfw\">#sldk<\/a><a href=\"https:\/\/twitter.com\/hashtag\/fcklive?src=hash&amp;ref_src=twsrc%5Etfw\">#fcklive<\/a> <a href=\"https:\/\/t.co\/uQtSzk5Rf7\">https:\/\/t.co\/uQtSzk5Rf7<\/a><\/p>&mdash; Philip Akhtar Dar (@philipdar2001) <a href=\"https:\/\/twitter.com\/philipdar2001\/status\/1381257285213818889?ref_src=twsrc%5Etfw\">April 11, 2021<\/a><\/blockquote><script async src=\"https:\/\/platform.twitter.com\/widgets.js\" charset=\"utf-8\"><\/script>\n<\/div><\/figure>\n\n\n\n<figure class=\"wp-block-embed is-type-rich is-provider-twitter wp-block-embed-twitter\"><div class=\"wp-block-embed__wrapper\">\n<blockquote class=\"twitter-tweet\" data-width=\"550\" data-dnt=\"true\"><p lang=\"en\" dir=\"ltr\">Small club mentality.<br><br> <a href=\"https:\/\/twitter.com\/hashtag\/biffck?src=hash&amp;ref_src=twsrc%5Etfw\">#biffck<\/a> <a href=\"https:\/\/twitter.com\/hashtag\/sldk?src=hash&amp;ref_src=twsrc%5Etfw\">#sldk<\/a> <a href=\"https:\/\/twitter.com\/hashtag\/fcklive?src=hash&amp;ref_src=twsrc%5Etfw\">#fcklive<\/a> <a href=\"https:\/\/t.co\/HrALb2ULkZ\">https:\/\/t.co\/HrALb2ULkZ<\/a><\/p>&mdash; Nicklas Rothgarn (@NRothgarn) <a href=\"https:\/\/twitter.com\/NRothgarn\/status\/1381258324843331589?ref_src=twsrc%5Etfw\">April 11, 2021<\/a><\/blockquote><script async src=\"https:\/\/platform.twitter.com\/widgets.js\" charset=\"utf-8\"><\/script>\n<\/div><\/figure>\n\n\n\n<figure class=\"wp-block-embed is-type-rich is-provider-twitter wp-block-embed-twitter\"><div class=\"wp-block-embed__wrapper\">\n<blockquote class=\"twitter-tweet\" data-width=\"550\" data-dnt=\"true\"><p lang=\"da\" dir=\"ltr\">Seri\u00f8st? Er det den officielle holdning hos <a href=\"https:\/\/twitter.com\/BrondbyIF?ref_src=twsrc%5Etfw\">@BrondbyIF<\/a>, at man ikke vil n\u00e6vne en tidligere ansat, fordi han er skiftet til en rival? Hvor sm\u00e5 sko g\u00e5r i lige i? \ud83e\udd2f\ud83e\udd26\ud83c\udffb\u200d\u2642\ufe0f <a href=\"https:\/\/twitter.com\/hashtag\/sldk?src=hash&amp;ref_src=twsrc%5Etfw\">#sldk<\/a> <a href=\"https:\/\/twitter.com\/hashtag\/BIFFCK?src=hash&amp;ref_src=twsrc%5Etfw\">#BIFFCK<\/a> <a href=\"https:\/\/twitter.com\/hashtag\/fcklive?src=hash&amp;ref_src=twsrc%5Etfw\">#fcklive<\/a> <a href=\"https:\/\/t.co\/vjJ9hJkVmv\">https:\/\/t.co\/vjJ9hJkVmv<\/a><\/p>&mdash; Jakob Termansen (@termansen) <a href=\"https:\/\/twitter.com\/termansen\/status\/1381256543711158273?ref_src=twsrc%5Etfw\">April 11, 2021<\/a><\/blockquote><script async src=\"https:\/\/platform.twitter.com\/widgets.js\" charset=\"utf-8\"><\/script>\n<\/div><\/figure>\n","protected":false},"excerpt":{"rendered":"<p>En liveopdatering fra Br\u00f8ndby IF ved Kamil Wilczeks scoring har skabt r\u00f8re i andedammen p\u00e5 Twitter<\/p>\n","protected":false},"author":914,"featured_media":253724,"comment_status":"open","ping_status":"closed","sticky":false,"template":"","format":"standard","meta":{"om_disable_all_campaigns":false,"push_articles_ronaldo":{"active":false,"canonical":0,"publish":false},"force_updates":null},"categories":[8060],"tags":[53,958,588],"enet_tags":{"team":["8595"],"player":["105535"],"league":["46"],"sport_events":[]},"yoast_head":"<!-- This site is optimized with the Yoast SEO plugin v18.3 - https:\/\/yoast.com\/wordpress\/plugins\/seo\/ -->\n<title>Br\u00f8ndby-tweet v\u00e6kker vrede: Er det muligt at g\u00e5 i mindre sko?<\/title>\n<meta name=\"description\" content=\"En liveopdatering fra Br\u00f8ndby IF ved Kamil Wilczeks scoring har skabt r\u00f8re i andedammen p\u00e5 Twitter\" \/>\n<meta name=\"robots\" content=\"index, follow, max-snippet:-1, max-image-preview:large, max-video-preview:-1\" \/>\n<link rel=\"canonical\" href=\"https:\/\/acefootball.com\/da\/fodboldnyheder\/broendby-tweet-vaekker-vrede-er-det-muligt-at-gaa-i-mindre-sko\/\" \/>\n<meta property=\"og:locale\" content=\"en_US\" \/>\n<meta property=\"og:type\" content=\"article\" \/>\n<meta property=\"og:title\" content=\"Br\u00f8ndby-tweet v\u00e6kker vrede: Er det muligt at g\u00e5 i mindre sko?\" \/>\n<meta property=\"og:description\" content=\"En liveopdatering fra Br\u00f8ndby IF ved Kamil Wilczeks scoring har skabt r\u00f8re i andedammen p\u00e5 Twitter\" \/>\n<meta property=\"og:url\" content=\"https:\/\/acefootball.com\/da\/fodboldnyheder\/broendby-tweet-vaekker-vrede-er-det-muligt-at-gaa-i-mindre-sko\/\" \/>\n<meta property=\"og:site_name\" content=\"Ace Football Danmark\" \/>\n<meta property=\"article:publisher\" content=\"https:\/\/www.facebook.com\/acefootballdk\" \/>\n<meta property=\"article:published_time\" content=\"2021-04-11T15:14:01+00:00\" \/>\n<meta property=\"article:modified_time\" content=\"2021-04-11T15:26:09+00:00\" \/>\n<meta property=\"og:image\" content=\"https:\/\/acefootball.com\/da\/wp-content\/uploads\/sites\/2\/2021\/04\/Laes-mere-generel-2021-04-11T171340.056.jpg\" \/>\n\t<meta property=\"og:image:width\" content=\"1920\" \/>\n\t<meta property=\"og:image:height\" content=\"1008\" \/>\n\t<meta property=\"og:image:type\" content=\"image\/jpeg\" \/>\n<meta name=\"twitter:card\" content=\"summary_large_image\" \/>\n<meta name=\"twitter:label1\" content=\"Written by\" \/>\n\t<meta name=\"twitter:data1\" content=\"\" \/>\n\t<meta name=\"twitter:label2\" content=\"Est. reading time\" \/>\n\t<meta name=\"twitter:data2\" content=\"1 minute\" \/>\n<script type=\"application\/ld+json\" class=\"yoast-schema-graph\">{\"@context\":\"https:\/\/schema.org\",\"@graph\":[{\"@type\":\"Organization\",\"@id\":\"https:\/\/acefootball.com\/da\/#organization\",\"name\":\"Ace Football\",\"url\":\"https:\/\/acefootball.com\/da\/\",\"sameAs\":[\"https:\/\/www.facebook.com\/acefootballdk\"],\"logo\":{\"@type\":\"ImageObject\",\"@id\":\"https:\/\/acefootball.com\/da\/#logo\",\"inLanguage\":\"en-US\",\"url\":\"https:\/\/acefootball.com\/da\/wp-content\/uploads\/sites\/2\/2020\/07\/Ace-Football-30-07-2020-2.png\",\"contentUrl\":\"https:\/\/acefootball.com\/da\/wp-content\/uploads\/sites\/2\/2020\/07\/Ace-Football-30-07-2020-2.png\",\"width\":1200,\"height\":600,\"caption\":\"Ace Football\"},\"image\":{\"@id\":\"https:\/\/acefootball.com\/da\/#logo\"}},{\"@type\":\"WebSite\",\"@id\":\"https:\/\/acefootball.com\/da\/#website\",\"url\":\"https:\/\/acefootball.com\/da\/\",\"name\":\"Ace Football Danmark\",\"description\":\"Nyheder, Spiltips &amp; Livescore\",\"publisher\":{\"@id\":\"https:\/\/acefootball.com\/da\/#organization\"},\"potentialAction\":[{\"@type\":\"SearchAction\",\"target\":{\"@type\":\"EntryPoint\",\"urlTemplate\":\"https:\/\/acefootball.com\/da\/?s={search_term_string}\"},\"query-input\":\"required name=search_term_string\"}],\"inLanguage\":\"en-US\"},{\"@type\":\"ImageObject\",\"@id\":\"https:\/\/acefootball.com\/da\/fodboldnyheder\/broendby-tweet-vaekker-vrede-er-det-muligt-at-gaa-i-mindre-sko\/#primaryimage\",\"inLanguage\":\"en-US\",\"url\":\"https:\/\/acefootball.com\/da\/wp-content\/uploads\/sites\/2\/2021\/04\/Laes-mere-generel-2021-04-11T171340.056.jpg\",\"contentUrl\":\"https:\/\/acefootball.com\/da\/wp-content\/uploads\/sites\/2\/2021\/04\/Laes-mere-generel-2021-04-11T171340.056.jpg\",\"width\":1920,\"height\":1008},{\"@type\":\"WebPage\",\"@id\":\"https:\/\/acefootball.com\/da\/fodboldnyheder\/broendby-tweet-vaekker-vrede-er-det-muligt-at-gaa-i-mindre-sko\/#webpage\",\"url\":\"https:\/\/acefootball.com\/da\/fodboldnyheder\/broendby-tweet-vaekker-vrede-er-det-muligt-at-gaa-i-mindre-sko\/\",\"name\":\"Br\u00f8ndby-tweet v\u00e6kker vrede: Er det muligt at g\u00e5 i mindre sko?\",\"isPartOf\":{\"@id\":\"https:\/\/acefootball.com\/da\/#website\"},\"primaryImageOfPage\":{\"@id\":\"https:\/\/acefootball.com\/da\/fodboldnyheder\/broendby-tweet-vaekker-vrede-er-det-muligt-at-gaa-i-mindre-sko\/#primaryimage\"},\"datePublished\":\"2021-04-11T15:14:01+00:00\",\"dateModified\":\"2021-04-11T15:26:09+00:00\",\"description\":\"En liveopdatering fra Br\u00f8ndby IF ved Kamil Wilczeks scoring har skabt r\u00f8re i andedammen p\u00e5 Twitter\",\"breadcrumb\":{\"@id\":\"https:\/\/acefootball.com\/da\/fodboldnyheder\/broendby-tweet-vaekker-vrede-er-det-muligt-at-gaa-i-mindre-sko\/#breadcrumb\"},\"inLanguage\":\"en-US\",\"potentialAction\":[{\"@type\":\"ReadAction\",\"target\":[\"https:\/\/acefootball.com\/da\/fodboldnyheder\/broendby-tweet-vaekker-vrede-er-det-muligt-at-gaa-i-mindre-sko\/\"]}]},{\"@type\":\"BreadcrumbList\",\"@id\":\"https:\/\/acefootball.com\/da\/fodboldnyheder\/broendby-tweet-vaekker-vrede-er-det-muligt-at-gaa-i-mindre-sko\/#breadcrumb\",\"itemListElement\":[{\"@type\":\"ListItem\",\"position\":1,\"name\":\"Home\",\"item\":\"https:\/\/acefootball.com\/da\/\"},{\"@type\":\"ListItem\",\"position\":2,\"name\":\"Br\u00f8ndby-tweet v\u00e6kker vrede: Er det muligt at g\u00e5 i mindre sko?\"}]},{\"@type\":\"Article\",\"@id\":\"https:\/\/acefootball.com\/da\/fodboldnyheder\/broendby-tweet-vaekker-vrede-er-det-muligt-at-gaa-i-mindre-sko\/#article\",\"isPartOf\":{\"@id\":\"https:\/\/acefootball.com\/da\/fodboldnyheder\/broendby-tweet-vaekker-vrede-er-det-muligt-at-gaa-i-mindre-sko\/#webpage\"},\"author\":{\"@id\":\"\"},\"headline\":\"Br\u00f8ndby-tweet v\u00e6kker vrede: Er det muligt at g\u00e5 i mindre sko?\",\"datePublished\":\"2021-04-11T15:14:01+00:00\",\"dateModified\":\"2021-04-11T15:26:09+00:00\",\"mainEntityOfPage\":{\"@id\":\"https:\/\/acefootball.com\/da\/fodboldnyheder\/broendby-tweet-vaekker-vrede-er-det-muligt-at-gaa-i-mindre-sko\/#webpage\"},\"wordCount\":169,\"commentCount\":0,\"publisher\":{\"@id\":\"https:\/\/acefootball.com\/da\/#organization\"},\"image\":{\"@id\":\"https:\/\/acefootball.com\/da\/fodboldnyheder\/broendby-tweet-vaekker-vrede-er-det-muligt-at-gaa-i-mindre-sko\/#primaryimage\"},\"thumbnailUrl\":\"https:\/\/acefootball.com\/da\/wp-content\/uploads\/sites\/2\/2021\/03\/GettyImages-1231584885.jpg\",\"keywords\":[\"Br\u00f8ndby IF\",\"Kamil Wilczek\",\"Superligaen\"],\"articleSection\":[\"Reaktion\"],\"inLanguage\":\"en-US\",\"potentialAction\":[{\"@type\":\"CommentAction\",\"name\":\"Comment\",\"target\":[\"https:\/\/acefootball.com\/da\/fodboldnyheder\/broendby-tweet-vaekker-vrede-er-det-muligt-at-gaa-i-mindre-sko\/#respond\"]}]},{\"@type\":\"Person\",\"@id\":\"\",\"url\":\"https:\/\/acefootball.com\/da\/fodboldnyheder\/author\/\"}]}<\/script>\n<!-- \/ Yoast SEO plugin. -->","yoast_head_json":{"title":"Br\u00f8ndby-tweet v\u00e6kker vrede: Er det muligt at g\u00e5 i mindre sko?","description":"En liveopdatering fra Br\u00f8ndby IF ved Kamil Wilczeks scoring har skabt r\u00f8re i andedammen p\u00e5 Twitter","robots":{"index":"index","follow":"follow","max-snippet":"max-snippet:-1","max-image-preview":"max-image-preview:large","max-video-preview":"max-video-preview:-1"},"canonical":"https:\/\/acefootball.com\/da\/fodboldnyheder\/broendby-tweet-vaekker-vrede-er-det-muligt-at-gaa-i-mindre-sko\/","og_locale":"en_US","og_type":"article","og_title":"Br\u00f8ndby-tweet v\u00e6kker vrede: Er det muligt at g\u00e5 i mindre sko?","og_description":"En liveopdatering fra Br\u00f8ndby IF ved Kamil Wilczeks scoring har skabt r\u00f8re i andedammen p\u00e5 Twitter","og_url":"https:\/\/acefootball.com\/da\/fodboldnyheder\/broendby-tweet-vaekker-vrede-er-det-muligt-at-gaa-i-mindre-sko\/","og_site_name":"Ace Football Danmark","article_publisher":"https:\/\/www.facebook.com\/acefootballdk","article_published_time":"2021-04-11T15:14:01+00:00","article_modified_time":"2021-04-11T15:26:09+00:00","og_image":[{"width":1920,"height":1008,"url":"https:\/\/acefootball.com\/da\/wp-content\/uploads\/sites\/2\/2021\/04\/Laes-mere-generel-2021-04-11T171340.056.jpg","type":"image\/jpeg"}],"twitter_card":"summary_large_image","twitter_misc":{"Written by":"","Est. reading time":"1 minute"},"schema":{"@context":"https:\/\/schema.org","@graph":[{"@type":"Organization","@id":"https:\/\/acefootball.com\/da\/#organization","name":"Ace Football","url":"https:\/\/acefootball.com\/da\/","sameAs":["https:\/\/www.facebook.com\/acefootballdk"],"logo":{"@type":"ImageObject","@id":"https:\/\/acefootball.com\/da\/#logo","inLanguage":"en-US","url":"https:\/\/acefootball.com\/da\/wp-content\/uploads\/sites\/2\/2020\/07\/Ace-Football-30-07-2020-2.png","contentUrl":"https:\/\/acefootball.com\/da\/wp-content\/uploads\/sites\/2\/2020\/07\/Ace-Football-30-07-2020-2.png","width":1200,"height":600,"caption":"Ace Football"},"image":{"@id":"https:\/\/acefootball.com\/da\/#logo"}},{"@type":"WebSite","@id":"https:\/\/acefootball.com\/da\/#website","url":"https:\/\/acefootball.com\/da\/","name":"Ace Football Danmark","description":"Nyheder, Spiltips &amp; Livescore","publisher":{"@id":"https:\/\/acefootball.com\/da\/#organization"},"potentialAction":[{"@type":"SearchAction","target":{"@type":"EntryPoint","urlTemplate":"https:\/\/acefootball.com\/da\/?s={search_term_string}"},"query-input":"required name=search_term_string"}],"inLanguage":"en-US"},{"@type":"ImageObject","@id":"https:\/\/acefootball.com\/da\/fodboldnyheder\/broendby-tweet-vaekker-vrede-er-det-muligt-at-gaa-i-mindre-sko\/#primaryimage","inLanguage":"en-US","url":"https:\/\/acefootball.com\/da\/wp-content\/uploads\/sites\/2\/2021\/04\/Laes-mere-generel-2021-04-11T171340.056.jpg","contentUrl":"https:\/\/acefootball.com\/da\/wp-content\/uploads\/sites\/2\/2021\/04\/Laes-mere-generel-2021-04-11T171340.056.jpg","width":1920,"height":1008},{"@type":"WebPage","@id":"https:\/\/acefootball.com\/da\/fodboldnyheder\/broendby-tweet-vaekker-vrede-er-det-muligt-at-gaa-i-mindre-sko\/#webpage","url":"https:\/\/acefootball.com\/da\/fodboldnyheder\/broendby-tweet-vaekker-vrede-er-det-muligt-at-gaa-i-mindre-sko\/","name":"Br\u00f8ndby-tweet v\u00e6kker vrede: Er det muligt at g\u00e5 i mindre sko?","isPartOf":{"@id":"https:\/\/acefootball.com\/da\/#website"},"primaryImageOfPage":{"@id":"https:\/\/acefootball.com\/da\/fodboldnyheder\/broendby-tweet-vaekker-vrede-er-det-muligt-at-gaa-i-mindre-sko\/#primaryimage"},"datePublished":"2021-04-11T15:14:01+00:00","dateModified":"2021-04-11T15:26:09+00:00","description":"En liveopdatering fra Br\u00f8ndby IF ved Kamil Wilczeks scoring har skabt r\u00f8re i andedammen p\u00e5 Twitter","breadcrumb":{"@id":"https:\/\/acefootball.com\/da\/fodboldnyheder\/broendby-tweet-vaekker-vrede-er-det-muligt-at-gaa-i-mindre-sko\/#breadcrumb"},"inLanguage":"en-US","potentialAction":[{"@type":"ReadAction","target":["https:\/\/acefootball.com\/da\/fodboldnyheder\/broendby-tweet-vaekker-vrede-er-det-muligt-at-gaa-i-mindre-sko\/"]}]},{"@type":"BreadcrumbList","@id":"https:\/\/acefootball.com\/da\/fodboldnyheder\/broendby-tweet-vaekker-vrede-er-det-muligt-at-gaa-i-mindre-sko\/#breadcrumb","itemListElement":[{"@type":"ListItem","position":1,"name":"Home","item":"https:\/\/acefootball.com\/da\/"},{"@type":"ListItem","position":2,"name":"Br\u00f8ndby-tweet v\u00e6kker vrede: Er det muligt at g\u00e5 i mindre sko?"}]},{"@type":"Article","@id":"https:\/\/acefootball.com\/da\/fodboldnyheder\/broendby-tweet-vaekker-vrede-er-det-muligt-at-gaa-i-mindre-sko\/#article","isPartOf":{"@id":"https:\/\/acefootball.com\/da\/fodboldnyheder\/broendby-tweet-vaekker-vrede-er-det-muligt-at-gaa-i-mindre-sko\/#webpage"},"author":{"@id":""},"headline":"Br\u00f8ndby-tweet v\u00e6kker vrede: Er det muligt at g\u00e5 i mindre sko?","datePublished":"2021-04-11T15:14:01+00:00","dateModified":"2021-04-11T15:26:09+00:00","mainEntityOfPage":{"@id":"https:\/\/acefootball.com\/da\/fodboldnyheder\/broendby-tweet-vaekker-vrede-er-det-muligt-at-gaa-i-mindre-sko\/#webpage"},"wordCount":169,"commentCount":0,"publisher":{"@id":"https:\/\/acefootball.com\/da\/#organization"},"image":{"@id":"https:\/\/acefootball.com\/da\/fodboldnyheder\/broendby-tweet-vaekker-vrede-er-det-muligt-at-gaa-i-mindre-sko\/#primaryimage"},"thumbnailUrl":"https:\/\/acefootball.com\/da\/wp-content\/uploads\/sites\/2\/2021\/03\/GettyImages-1231584885.jpg","keywords":["Br\u00f8ndby IF","Kamil Wilczek","Superligaen"],"articleSection":["Reaktion"],"inLanguage":"en-US","potentialAction":[{"@type":"CommentAction","name":"Comment","target":["https:\/\/acefootball.com\/da\/fodboldnyheder\/broendby-tweet-vaekker-vrede-er-det-muligt-at-gaa-i-mindre-sko\/#respond"]}]},{"@type":"Person","@id":"","url":"https:\/\/acefootball.com\/da\/fodboldnyheder\/author\/"}]}},"fimg_url":"https:\/\/acefootball.com\/da\/wp-content\/uploads\/sites\/2\/2021\/03\/GettyImages-1231584885.jpg","_links":{"self":[{"href":"https:\/\/acefootball.com\/da\/wp-json\/wp\/v2\/posts\/256782"}],"collection":[{"href":"https:\/\/acefootball.com\/da\/wp-json\/wp\/v2\/posts"}],"about":[{"href":"https:\/\/acefootball.com\/da\/wp-json\/wp\/v2\/types\/post"}],"author":[{"embeddable":true,"href":"https:\/\/acefootball.com\/da\/wp-json\/wp\/v2\/users\/914"}],"replies":[{"embeddable":true,"href":"https:\/\/acefootball.com\/da\/wp-json\/wp\/v2\/comments?post=256782"}],"version-history":[{"count":0,"href":"https:\/\/acefootball.com\/da\/wp-json\/wp\/v2\/posts\/256782\/revisions"}],"wp:featuredmedia":[{"embeddable":true,"href":"https:\/\/acefootball.com\/da\/wp-json\/wp\/v2\/media\/253724"}],"wp:attachment":[{"href":"https:\/\/acefootball.com\/da\/wp-json\/wp\/v2\/media?parent=256782"}],"wp:term":[{"taxonomy":"category","embeddable":true,"href":"https:\/\/acefootball.com\/da\/wp-json\/wp\/v2\/categories?post=256782"},{"taxonomy":"post_tag","embeddable":true,"href":"https:\/\/acefootball.com\/da\/wp-json\/wp\/v2\/tags?post=256782"}],"curies":[{"name":"wp","href":"https:\/\/api.w.org\/{rel}","templated":true}]}}