{"id":256775,"date":"2021-04-11T15:04:41","date_gmt":"2021-04-11T13:04:41","guid":{"rendered":"https:\/\/acefootball.com\/da\/?p=256775"},"modified":"2021-04-11T15:04:41","modified_gmt":"2021-04-11T13:04:41","slug":"startopstillinger-fck-stjerner-igen-baenket-mod-broendby","status":"publish","type":"post","link":"https:\/\/acefootball.com\/da\/fodboldnyheder\/startopstillinger-fck-stjerner-igen-baenket-mod-broendby\/","title":{"rendered":"Startopstillinger: FCK-stjerner igen b\u00e6nket mod Br\u00f8ndby"},"content":{"rendered":"\n<h2 id=\"h-mathias-zanka-j-rgensen-og-kalle-johnsson-er-igen-blevet-b-nket-til-kampen-mod-br-ndby-som-stiller-u-ndret-op\">Mathias &#8216;Zanka&#8217; J\u00f8rgensen og Kalle Johnsson er igen blevet b\u00e6nket til kampen mod Br\u00f8ndby, som stiller u\u00e6ndret op<\/h2>\n\n\n\n<p>En time inden kampstart har b\u00e5de Br\u00f8ndby og FC K\u00f8benhavn nu sat navne p\u00e5 de 11 startende fra begge hold.<\/p>\n\n\n\n<p>Niels Frederiksen stiller op helt som forventeligt uden \u00e6ndringer i forhold til sidste runde, mens der er st\u00f8rre overraskelser i den modsatte lejr.<\/p>\n\n\n\n<p>Jess Thorup har valgt endnu en gang at b\u00e6nke Mathias &#8216;Zanka&#8217; J\u00f8rgensen og Kalle Johnsson, hvilket giver plads til unge Victor Kristiansen og Sten Grytebust.<\/p>\n\n\n\n<p>Du kan se, hvordan begge klubber stiller op herunder:<\/p>\n\n\n\n<figure class=\"wp-block-embed is-type-rich is-provider-twitter wp-block-embed-twitter\"><div class=\"wp-block-embed__wrapper\">\n<blockquote class=\"twitter-tweet\" data-width=\"550\" data-dnt=\"true\"><p lang=\"da\" dir=\"ltr\">Det er igen blevet tid til Derby, og her er vores startopstilling til opg\u00f8ret \ud83d\udcaa\ud83d\udc9b\ud83d\udc99 <a href=\"https:\/\/twitter.com\/hashtag\/BIFFCK?src=hash&amp;ref_src=twsrc%5Etfw\">#BIFFCK<\/a> <a href=\"https:\/\/t.co\/HO8JYrsxj3\">pic.twitter.com\/HO8JYrsxj3<\/a><\/p>&mdash; Br\u00f8ndby IF (@BrondbyIF) <a href=\"https:\/\/twitter.com\/BrondbyIF\/status\/1381231042690957312?ref_src=twsrc%5Etfw\">April 11, 2021<\/a><\/blockquote><script async src=\"https:\/\/platform.twitter.com\/widgets.js\" charset=\"utf-8\"><\/script>\n<\/div><\/figure>\n\n\n\n<figure class=\"wp-block-embed is-type-rich is-provider-twitter wp-block-embed-twitter\"><div class=\"wp-block-embed__wrapper\">\n<blockquote class=\"twitter-tweet\" data-width=\"550\" data-dnt=\"true\"><p lang=\"da\" dir=\"ltr\">Start-11 mod <a href=\"https:\/\/twitter.com\/BrondbyIF?ref_src=twsrc%5Etfw\">@BrondbyIF<\/a> pr\u00e6senteres i samarbejde med vores officielle samarbejdspartner <a href=\"https:\/\/twitter.com\/Unibet_Danmark?ref_src=twsrc%5Etfw\">@Unibet_Danmark<\/a> <a href=\"https:\/\/twitter.com\/hashtag\/fcklive?src=hash&amp;ref_src=twsrc%5Etfw\">#fcklive<\/a> <a href=\"https:\/\/twitter.com\/hashtag\/biffck?src=hash&amp;ref_src=twsrc%5Etfw\">#biffck<\/a> <a href=\"https:\/\/twitter.com\/hashtag\/sldk?src=hash&amp;ref_src=twsrc%5Etfw\">#sldk<\/a> <a href=\"https:\/\/t.co\/1rY5JrFvmM\">pic.twitter.com\/1rY5JrFvmM<\/a><\/p>&mdash; F.C. K\u00f8benhavn (@FCKobenhavn) <a href=\"https:\/\/twitter.com\/FCKobenhavn\/status\/1381228084351881222?ref_src=twsrc%5Etfw\">April 11, 2021<\/a><\/blockquote><script async src=\"https:\/\/platform.twitter.com\/widgets.js\" charset=\"utf-8\"><\/script>\n<\/div><\/figure>\n","protected":false},"excerpt":{"rendered":"<p>Mathias &#8216;Zanka&#8217; J\u00f8rgensen og Kalle Johnsson er igen blevet b\u00e6nket til kampen mod Br\u00f8ndby, som stiller u\u00e6ndret op<\/p>\n","protected":false},"author":705,"featured_media":252188,"comment_status":"open","ping_status":"closed","sticky":false,"template":"","format":"standard","meta":{"om_disable_all_campaigns":false,"push_articles_ronaldo":{"active":false,"canonical":0,"publish":false},"force_updates":null},"categories":[8062],"tags":[53,16,588],"enet_tags":{"team":["8595","8391"],"league":["46"],"sport_events":[]},"yoast_head":"<!-- This site is optimized with the Yoast SEO plugin v18.3 - https:\/\/yoast.com\/wordpress\/plugins\/seo\/ -->\n<title>Startopstillinger: FCK-stjerner igen b\u00e6nket mod Br\u00f8ndby<\/title>\n<meta name=\"description\" content=\"Mathias &#039;Zanka&#039; J\u00f8rgensen og Kalle Johnsson er igen blevet b\u00e6nket til kampen mod Br\u00f8ndby, som stiller u\u00e6ndret op\" \/>\n<meta name=\"robots\" content=\"index, follow, max-snippet:-1, max-image-preview:large, max-video-preview:-1\" \/>\n<link rel=\"canonical\" href=\"https:\/\/acefootball.com\/da\/fodboldnyheder\/startopstillinger-fck-stjerner-igen-baenket-mod-broendby\/\" \/>\n<meta property=\"og:locale\" content=\"en_US\" \/>\n<meta property=\"og:type\" content=\"article\" \/>\n<meta property=\"og:title\" content=\"Startopstillinger: FCK-stjerner igen b\u00e6nket mod Br\u00f8ndby\" \/>\n<meta property=\"og:description\" content=\"Mathias &#039;Zanka&#039; J\u00f8rgensen og Kalle Johnsson er igen blevet b\u00e6nket til kampen mod Br\u00f8ndby, som stiller u\u00e6ndret op\" \/>\n<meta property=\"og:url\" content=\"https:\/\/acefootball.com\/da\/fodboldnyheder\/startopstillinger-fck-stjerner-igen-baenket-mod-broendby\/\" \/>\n<meta property=\"og:site_name\" content=\"Ace Football Danmark\" \/>\n<meta property=\"article:publisher\" content=\"https:\/\/www.facebook.com\/acefootballdk\" \/>\n<meta property=\"article:published_time\" content=\"2021-04-11T13:04:41+00:00\" \/>\n<meta property=\"og:image\" content=\"https:\/\/acefootball.com\/da\/wp-content\/uploads\/sites\/2\/2021\/02\/Laes-mere-generel-28-1.jpg\" \/>\n\t<meta property=\"og:image:width\" content=\"1920\" \/>\n\t<meta property=\"og:image:height\" content=\"1008\" \/>\n\t<meta property=\"og:image:type\" content=\"image\/jpeg\" \/>\n<meta name=\"twitter:card\" content=\"summary_large_image\" \/>\n<meta name=\"twitter:label1\" content=\"Written by\" \/>\n\t<meta name=\"twitter:data1\" content=\"Mads Dreyer\" \/>\n\t<meta name=\"twitter:label2\" content=\"Est. reading time\" \/>\n\t<meta name=\"twitter:data2\" content=\"1 minute\" \/>\n<script type=\"application\/ld+json\" class=\"yoast-schema-graph\">{\"@context\":\"https:\/\/schema.org\",\"@graph\":[{\"@type\":\"Organization\",\"@id\":\"https:\/\/acefootball.com\/da\/#organization\",\"name\":\"Ace Football\",\"url\":\"https:\/\/acefootball.com\/da\/\",\"sameAs\":[\"https:\/\/www.facebook.com\/acefootballdk\"],\"logo\":{\"@type\":\"ImageObject\",\"@id\":\"https:\/\/acefootball.com\/da\/#logo\",\"inLanguage\":\"en-US\",\"url\":\"https:\/\/acefootball.com\/da\/wp-content\/uploads\/sites\/2\/2020\/07\/Ace-Football-30-07-2020-2.png\",\"contentUrl\":\"https:\/\/acefootball.com\/da\/wp-content\/uploads\/sites\/2\/2020\/07\/Ace-Football-30-07-2020-2.png\",\"width\":1200,\"height\":600,\"caption\":\"Ace Football\"},\"image\":{\"@id\":\"https:\/\/acefootball.com\/da\/#logo\"}},{\"@type\":\"WebSite\",\"@id\":\"https:\/\/acefootball.com\/da\/#website\",\"url\":\"https:\/\/acefootball.com\/da\/\",\"name\":\"Ace Football Danmark\",\"description\":\"Nyheder, Spiltips &amp; Livescore\",\"publisher\":{\"@id\":\"https:\/\/acefootball.com\/da\/#organization\"},\"potentialAction\":[{\"@type\":\"SearchAction\",\"target\":{\"@type\":\"EntryPoint\",\"urlTemplate\":\"https:\/\/acefootball.com\/da\/?s={search_term_string}\"},\"query-input\":\"required name=search_term_string\"}],\"inLanguage\":\"en-US\"},{\"@type\":\"ImageObject\",\"@id\":\"https:\/\/acefootball.com\/da\/fodboldnyheder\/startopstillinger-fck-stjerner-igen-baenket-mod-broendby\/#primaryimage\",\"inLanguage\":\"en-US\",\"url\":\"https:\/\/acefootball.com\/da\/wp-content\/uploads\/sites\/2\/2021\/02\/Laes-mere-generel-28-1.jpg\",\"contentUrl\":\"https:\/\/acefootball.com\/da\/wp-content\/uploads\/sites\/2\/2021\/02\/Laes-mere-generel-28-1.jpg\",\"width\":1920,\"height\":1008,\"caption\":\"falk, fck mod br\u00f8ndby\"},{\"@type\":\"WebPage\",\"@id\":\"https:\/\/acefootball.com\/da\/fodboldnyheder\/startopstillinger-fck-stjerner-igen-baenket-mod-broendby\/#webpage\",\"url\":\"https:\/\/acefootball.com\/da\/fodboldnyheder\/startopstillinger-fck-stjerner-igen-baenket-mod-broendby\/\",\"name\":\"Startopstillinger: FCK-stjerner igen b\u00e6nket mod Br\u00f8ndby\",\"isPartOf\":{\"@id\":\"https:\/\/acefootball.com\/da\/#website\"},\"primaryImageOfPage\":{\"@id\":\"https:\/\/acefootball.com\/da\/fodboldnyheder\/startopstillinger-fck-stjerner-igen-baenket-mod-broendby\/#primaryimage\"},\"datePublished\":\"2021-04-11T13:04:41+00:00\",\"dateModified\":\"2021-04-11T13:04:41+00:00\",\"description\":\"Mathias 'Zanka' J\u00f8rgensen og Kalle Johnsson er igen blevet b\u00e6nket til kampen mod Br\u00f8ndby, som stiller u\u00e6ndret op\",\"breadcrumb\":{\"@id\":\"https:\/\/acefootball.com\/da\/fodboldnyheder\/startopstillinger-fck-stjerner-igen-baenket-mod-broendby\/#breadcrumb\"},\"inLanguage\":\"en-US\",\"potentialAction\":[{\"@type\":\"ReadAction\",\"target\":[\"https:\/\/acefootball.com\/da\/fodboldnyheder\/startopstillinger-fck-stjerner-igen-baenket-mod-broendby\/\"]}]},{\"@type\":\"BreadcrumbList\",\"@id\":\"https:\/\/acefootball.com\/da\/fodboldnyheder\/startopstillinger-fck-stjerner-igen-baenket-mod-broendby\/#breadcrumb\",\"itemListElement\":[{\"@type\":\"ListItem\",\"position\":1,\"name\":\"Home\",\"item\":\"https:\/\/acefootball.com\/da\/\"},{\"@type\":\"ListItem\",\"position\":2,\"name\":\"Startopstillinger: FCK-stjerner igen b\u00e6nket mod Br\u00f8ndby\"}]},{\"@type\":\"Article\",\"@id\":\"https:\/\/acefootball.com\/da\/fodboldnyheder\/startopstillinger-fck-stjerner-igen-baenket-mod-broendby\/#article\",\"isPartOf\":{\"@id\":\"https:\/\/acefootball.com\/da\/fodboldnyheder\/startopstillinger-fck-stjerner-igen-baenket-mod-broendby\/#webpage\"},\"author\":{\"@id\":\"https:\/\/acefootball.com\/da\/#\/schema\/person\/ee67e9cf04a276f144100ffa722f10cd\"},\"headline\":\"Startopstillinger: FCK-stjerner igen b\u00e6nket mod Br\u00f8ndby\",\"datePublished\":\"2021-04-11T13:04:41+00:00\",\"dateModified\":\"2021-04-11T13:04:41+00:00\",\"mainEntityOfPage\":{\"@id\":\"https:\/\/acefootball.com\/da\/fodboldnyheder\/startopstillinger-fck-stjerner-igen-baenket-mod-broendby\/#webpage\"},\"wordCount\":122,\"commentCount\":0,\"publisher\":{\"@id\":\"https:\/\/acefootball.com\/da\/#organization\"},\"image\":{\"@id\":\"https:\/\/acefootball.com\/da\/fodboldnyheder\/startopstillinger-fck-stjerner-igen-baenket-mod-broendby\/#primaryimage\"},\"thumbnailUrl\":\"https:\/\/acefootball.com\/da\/wp-content\/uploads\/sites\/2\/2021\/02\/GettyImages-1228616621.jpg\",\"keywords\":[\"Br\u00f8ndby IF\",\"FC K\u00f8benhavn\",\"Superligaen\"],\"articleSection\":[\"Kamp\"],\"inLanguage\":\"en-US\",\"potentialAction\":[{\"@type\":\"CommentAction\",\"name\":\"Comment\",\"target\":[\"https:\/\/acefootball.com\/da\/fodboldnyheder\/startopstillinger-fck-stjerner-igen-baenket-mod-broendby\/#respond\"]}]},{\"@type\":\"Person\",\"@id\":\"https:\/\/acefootball.com\/da\/#\/schema\/person\/ee67e9cf04a276f144100ffa722f10cd\",\"name\":\"Mads Dreyer\",\"image\":{\"@type\":\"ImageObject\",\"@id\":\"https:\/\/acefootball.com\/da\/#personlogo\",\"inLanguage\":\"en-US\",\"url\":\"https:\/\/secure.gravatar.com\/avatar\/7c7abf72cfde9902b6a60efe60c88d4c?s=96&d=mm&r=g\",\"contentUrl\":\"https:\/\/secure.gravatar.com\/avatar\/7c7abf72cfde9902b6a60efe60c88d4c?s=96&d=mm&r=g\",\"caption\":\"Mads Dreyer\"},\"description\":\"Skribent og fodboldn\u00f8rd, der lige nu fort\u00e6ller om alt og intet i fodboldverdenen p\u00e5 acefootball.com. Uddannet i kommunikation fra Aalborg Universitet.\",\"sameAs\":[\"https:\/\/www.linkedin.com\/in\/mads-dreyer-b9b08266\/\"],\"url\":\"https:\/\/acefootball.com\/da\/fodboldnyheder\/author\/mdnronaldo\/\"}]}<\/script>\n<!-- \/ Yoast SEO plugin. -->","yoast_head_json":{"title":"Startopstillinger: FCK-stjerner igen b\u00e6nket mod Br\u00f8ndby","description":"Mathias 'Zanka' J\u00f8rgensen og Kalle Johnsson er igen blevet b\u00e6nket til kampen mod Br\u00f8ndby, som stiller u\u00e6ndret op","robots":{"index":"index","follow":"follow","max-snippet":"max-snippet:-1","max-image-preview":"max-image-preview:large","max-video-preview":"max-video-preview:-1"},"canonical":"https:\/\/acefootball.com\/da\/fodboldnyheder\/startopstillinger-fck-stjerner-igen-baenket-mod-broendby\/","og_locale":"en_US","og_type":"article","og_title":"Startopstillinger: FCK-stjerner igen b\u00e6nket mod Br\u00f8ndby","og_description":"Mathias 'Zanka' J\u00f8rgensen og Kalle Johnsson er igen blevet b\u00e6nket til kampen mod Br\u00f8ndby, som stiller u\u00e6ndret op","og_url":"https:\/\/acefootball.com\/da\/fodboldnyheder\/startopstillinger-fck-stjerner-igen-baenket-mod-broendby\/","og_site_name":"Ace Football Danmark","article_publisher":"https:\/\/www.facebook.com\/acefootballdk","article_published_time":"2021-04-11T13:04:41+00:00","og_image":[{"width":1920,"height":1008,"url":"https:\/\/acefootball.com\/da\/wp-content\/uploads\/sites\/2\/2021\/02\/Laes-mere-generel-28-1.jpg","type":"image\/jpeg"}],"twitter_card":"summary_large_image","twitter_misc":{"Written by":"Mads Dreyer","Est. reading time":"1 minute"},"schema":{"@context":"https:\/\/schema.org","@graph":[{"@type":"Organization","@id":"https:\/\/acefootball.com\/da\/#organization","name":"Ace Football","url":"https:\/\/acefootball.com\/da\/","sameAs":["https:\/\/www.facebook.com\/acefootballdk"],"logo":{"@type":"ImageObject","@id":"https:\/\/acefootball.com\/da\/#logo","inLanguage":"en-US","url":"https:\/\/acefootball.com\/da\/wp-content\/uploads\/sites\/2\/2020\/07\/Ace-Football-30-07-2020-2.png","contentUrl":"https:\/\/acefootball.com\/da\/wp-content\/uploads\/sites\/2\/2020\/07\/Ace-Football-30-07-2020-2.png","width":1200,"height":600,"caption":"Ace Football"},"image":{"@id":"https:\/\/acefootball.com\/da\/#logo"}},{"@type":"WebSite","@id":"https:\/\/acefootball.com\/da\/#website","url":"https:\/\/acefootball.com\/da\/","name":"Ace Football Danmark","description":"Nyheder, Spiltips &amp; Livescore","publisher":{"@id":"https:\/\/acefootball.com\/da\/#organization"},"potentialAction":[{"@type":"SearchAction","target":{"@type":"EntryPoint","urlTemplate":"https:\/\/acefootball.com\/da\/?s={search_term_string}"},"query-input":"required name=search_term_string"}],"inLanguage":"en-US"},{"@type":"ImageObject","@id":"https:\/\/acefootball.com\/da\/fodboldnyheder\/startopstillinger-fck-stjerner-igen-baenket-mod-broendby\/#primaryimage","inLanguage":"en-US","url":"https:\/\/acefootball.com\/da\/wp-content\/uploads\/sites\/2\/2021\/02\/Laes-mere-generel-28-1.jpg","contentUrl":"https:\/\/acefootball.com\/da\/wp-content\/uploads\/sites\/2\/2021\/02\/Laes-mere-generel-28-1.jpg","width":1920,"height":1008,"caption":"falk, fck mod br\u00f8ndby"},{"@type":"WebPage","@id":"https:\/\/acefootball.com\/da\/fodboldnyheder\/startopstillinger-fck-stjerner-igen-baenket-mod-broendby\/#webpage","url":"https:\/\/acefootball.com\/da\/fodboldnyheder\/startopstillinger-fck-stjerner-igen-baenket-mod-broendby\/","name":"Startopstillinger: FCK-stjerner igen b\u00e6nket mod Br\u00f8ndby","isPartOf":{"@id":"https:\/\/acefootball.com\/da\/#website"},"primaryImageOfPage":{"@id":"https:\/\/acefootball.com\/da\/fodboldnyheder\/startopstillinger-fck-stjerner-igen-baenket-mod-broendby\/#primaryimage"},"datePublished":"2021-04-11T13:04:41+00:00","dateModified":"2021-04-11T13:04:41+00:00","description":"Mathias 'Zanka' J\u00f8rgensen og Kalle Johnsson er igen blevet b\u00e6nket til kampen mod Br\u00f8ndby, som stiller u\u00e6ndret op","breadcrumb":{"@id":"https:\/\/acefootball.com\/da\/fodboldnyheder\/startopstillinger-fck-stjerner-igen-baenket-mod-broendby\/#breadcrumb"},"inLanguage":"en-US","potentialAction":[{"@type":"ReadAction","target":["https:\/\/acefootball.com\/da\/fodboldnyheder\/startopstillinger-fck-stjerner-igen-baenket-mod-broendby\/"]}]},{"@type":"BreadcrumbList","@id":"https:\/\/acefootball.com\/da\/fodboldnyheder\/startopstillinger-fck-stjerner-igen-baenket-mod-broendby\/#breadcrumb","itemListElement":[{"@type":"ListItem","position":1,"name":"Home","item":"https:\/\/acefootball.com\/da\/"},{"@type":"ListItem","position":2,"name":"Startopstillinger: FCK-stjerner igen b\u00e6nket mod Br\u00f8ndby"}]},{"@type":"Article","@id":"https:\/\/acefootball.com\/da\/fodboldnyheder\/startopstillinger-fck-stjerner-igen-baenket-mod-broendby\/#article","isPartOf":{"@id":"https:\/\/acefootball.com\/da\/fodboldnyheder\/startopstillinger-fck-stjerner-igen-baenket-mod-broendby\/#webpage"},"author":{"@id":"https:\/\/acefootball.com\/da\/#\/schema\/person\/ee67e9cf04a276f144100ffa722f10cd"},"headline":"Startopstillinger: FCK-stjerner igen b\u00e6nket mod Br\u00f8ndby","datePublished":"2021-04-11T13:04:41+00:00","dateModified":"2021-04-11T13:04:41+00:00","mainEntityOfPage":{"@id":"https:\/\/acefootball.com\/da\/fodboldnyheder\/startopstillinger-fck-stjerner-igen-baenket-mod-broendby\/#webpage"},"wordCount":122,"commentCount":0,"publisher":{"@id":"https:\/\/acefootball.com\/da\/#organization"},"image":{"@id":"https:\/\/acefootball.com\/da\/fodboldnyheder\/startopstillinger-fck-stjerner-igen-baenket-mod-broendby\/#primaryimage"},"thumbnailUrl":"https:\/\/acefootball.com\/da\/wp-content\/uploads\/sites\/2\/2021\/02\/GettyImages-1228616621.jpg","keywords":["Br\u00f8ndby IF","FC K\u00f8benhavn","Superligaen"],"articleSection":["Kamp"],"inLanguage":"en-US","potentialAction":[{"@type":"CommentAction","name":"Comment","target":["https:\/\/acefootball.com\/da\/fodboldnyheder\/startopstillinger-fck-stjerner-igen-baenket-mod-broendby\/#respond"]}]},{"@type":"Person","@id":"https:\/\/acefootball.com\/da\/#\/schema\/person\/ee67e9cf04a276f144100ffa722f10cd","name":"Mads Dreyer","image":{"@type":"ImageObject","@id":"https:\/\/acefootball.com\/da\/#personlogo","inLanguage":"en-US","url":"https:\/\/secure.gravatar.com\/avatar\/7c7abf72cfde9902b6a60efe60c88d4c?s=96&d=mm&r=g","contentUrl":"https:\/\/secure.gravatar.com\/avatar\/7c7abf72cfde9902b6a60efe60c88d4c?s=96&d=mm&r=g","caption":"Mads Dreyer"},"description":"Skribent og fodboldn\u00f8rd, der lige nu fort\u00e6ller om alt og intet i fodboldverdenen p\u00e5 acefootball.com. Uddannet i kommunikation fra Aalborg Universitet.","sameAs":["https:\/\/www.linkedin.com\/in\/mads-dreyer-b9b08266\/"],"url":"https:\/\/acefootball.com\/da\/fodboldnyheder\/author\/mdnronaldo\/"}]}},"fimg_url":"https:\/\/acefootball.com\/da\/wp-content\/uploads\/sites\/2\/2021\/02\/GettyImages-1228616621.jpg","_links":{"self":[{"href":"https:\/\/acefootball.com\/da\/wp-json\/wp\/v2\/posts\/256775"}],"collection":[{"href":"https:\/\/acefootball.com\/da\/wp-json\/wp\/v2\/posts"}],"about":[{"href":"https:\/\/acefootball.com\/da\/wp-json\/wp\/v2\/types\/post"}],"author":[{"embeddable":true,"href":"https:\/\/acefootball.com\/da\/wp-json\/wp\/v2\/users\/705"}],"replies":[{"embeddable":true,"href":"https:\/\/acefootball.com\/da\/wp-json\/wp\/v2\/comments?post=256775"}],"version-history":[{"count":0,"href":"https:\/\/acefootball.com\/da\/wp-json\/wp\/v2\/posts\/256775\/revisions"}],"wp:featuredmedia":[{"embeddable":true,"href":"https:\/\/acefootball.com\/da\/wp-json\/wp\/v2\/media\/252188"}],"wp:attachment":[{"href":"https:\/\/acefootball.com\/da\/wp-json\/wp\/v2\/media?parent=256775"}],"wp:term":[{"taxonomy":"category","embeddable":true,"href":"https:\/\/acefootball.com\/da\/wp-json\/wp\/v2\/categories?post=256775"},{"taxonomy":"post_tag","embeddable":true,"href":"https:\/\/acefootball.com\/da\/wp-json\/wp\/v2\/tags?post=256775"}],"curies":[{"name":"wp","href":"https:\/\/api.w.org\/{rel}","templated":true}]}}