{"id":256764,"date":"2021-04-11T12:27:15","date_gmt":"2021-04-11T10:27:15","guid":{"rendered":"https:\/\/acefootball.com\/da\/?p=256764"},"modified":"2021-04-11T12:27:16","modified_gmt":"2021-04-11T10:27:16","slug":"broendby-kaptajn-om-derby-duel-det-handler-om-at-sidde-taet-paa-ham","status":"publish","type":"post","link":"https:\/\/acefootball.com\/da\/fodboldnyheder\/broendby-kaptajn-om-derby-duel-det-handler-om-at-sidde-taet-paa-ham\/","title":{"rendered":"Br\u00f8ndby-kaptajn om derby-duel: Det handler om at sidde t\u00e6t p\u00e5 ham"},"content":{"rendered":"\n<h2 id=\"h-andreas-maxs-vil-ikke-give-kamil-wilczek-en-millimeter-n-r-de-tidligere-holdkammerater-st-r-over-for-hinanden-i-s-ndagens-derby\">Andreas Maxs\u00f8 vil ikke give Kamil Wilczek en millimeter, n\u00e5r de tidligere holdkammerater st\u00e5r over for hinanden i s\u00f8ndagens derby<\/h2>\n\n\n\n<p>S\u00f8ndag eftermiddag g\u00e6lder det mesterskabsspillets f\u00f8rste derby, n\u00e5r Br\u00f8ndby IF og FC K\u00f8benhavn m\u00f8des p\u00e5 f\u00f8rstn\u00e6vntes hjemmebane.<\/p>\n\n\n\n<p>Her kommer Br\u00f8ndby-anf\u00f8rer Andreas Maxs\u00f8 igen til at st\u00e5 over for sin tidligere holdkammerat Kamil Wilczek, og det er formentlig to spillere, vi f\u00e5r at se i flere indbyrdes n\u00e6rkampe.<\/p>\n\n\n\n<p>Dem har Maxs\u00f8 stort fokus p\u00e5, for FCK-angriberen er ikke en spiller, man skal give for meget plads.<\/p>\n\n\n\n<figure class=\"wp-block-embed is-type-wp-embed is-provider-ace-football-danmark wp-block-embed-ace-football-danmark\"><div class=\"wp-block-embed__wrapper\">\n<blockquote class=\"wp-embedded-content\" data-secret=\"RXEkXusnsp\"><a href=\"https:\/\/acefootball.com\/da\/fodboldnyheder\/transferkrig-spillere-som-broendby-og-fck-begge-ville-have-fingre-i\/\">Transferkrig: Spillere, som Br\u00f8ndby og FCK begge ville have fingre i<\/a><\/blockquote><iframe class=\"wp-embedded-content\" sandbox=\"allow-scripts\" security=\"restricted\" style=\"position: absolute; clip: rect(1px, 1px, 1px, 1px);\" title=\"&#8220;Transferkrig: Spillere, som Br\u00f8ndby og FCK begge ville have fingre i&#8221; &#8212; Ace Football Danmark\" src=\"https:\/\/acefootball.com\/da\/fodboldnyheder\/transferkrig-spillere-som-broendby-og-fck-begge-ville-have-fingre-i\/embed\/#?secret=RXEkXusnsp\" data-secret=\"RXEkXusnsp\" width=\"600\" height=\"338\" frameborder=\"0\" marginwidth=\"0\" marginheight=\"0\" scrolling=\"no\"><\/iframe>\n<\/div><\/figure>\n\n\n\n<p>&#8220;Det handler om at sidde t\u00e6t p\u00e5 ham, og s\u00e5 starter der jo et forarbejde inden da, i forhold til at de ikke skal have lov til at putte den ind i boksen. N\u00e5r de s\u00e5 alligevel f\u00e5r den derind, skal vi sidde t\u00e6t, for han er utrolig farlig, snu og koldblodig, s\u00e5 det handler om at v\u00e6re klar og ikke tage for let p\u00e5 nogen situationer,&#8221; siger Maxs\u00f8 til <a href=\"https:\/\/www.bold.dk\/fodbold\/nyheder\/maxsoe-vil-tage-initiativet-og-lukke-wilczek\/\" target=\"_blank\" rel=\"noreferrer noopener\">bold.dk<\/a>.<\/p>\n\n\n\n<p>Det er i s\u00e6sonens to foreg\u00e5ende derbyer begge gange endt med en Br\u00f8ndby-sejr p\u00e5 2-1.<\/p>\n","protected":false},"excerpt":{"rendered":"<p>Andreas Maxs\u00f8 vil ikke give Kamil Wilczek en millimeter, n\u00e5r de tidligere holdkammerater st\u00e5r over for hinanden i s\u00f8ndagens derby<\/p>\n","protected":false},"author":705,"featured_media":255124,"comment_status":"open","ping_status":"closed","sticky":false,"template":"","format":"standard","meta":{"om_disable_all_campaigns":false,"push_articles_ronaldo":{"active":false,"canonical":0,"publish":false},"force_updates":null},"categories":[8204],"tags":[429,53,16,958,588],"enet_tags":{"player":["408570","105535"],"team":["8595","8391"],"league":["46"],"sport_events":[]},"yoast_head":"<!-- This site is optimized with the Yoast SEO plugin v18.3 - https:\/\/yoast.com\/wordpress\/plugins\/seo\/ -->\n<title>Br\u00f8ndby-kaptajn om derby-duel: Det handler om at sidde t\u00e6t p\u00e5 ham<\/title>\n<meta name=\"description\" content=\"Andreas Maxs\u00f8 vil ikke give Kamil Wilczek en millimeter, n\u00e5r de tidligere holdkammerater st\u00e5r over for hinanden i s\u00f8ndagens derby\" \/>\n<meta name=\"robots\" content=\"index, follow, max-snippet:-1, max-image-preview:large, max-video-preview:-1\" \/>\n<link rel=\"canonical\" href=\"https:\/\/acefootball.com\/da\/fodboldnyheder\/broendby-kaptajn-om-derby-duel-det-handler-om-at-sidde-taet-paa-ham\/\" \/>\n<meta property=\"og:locale\" content=\"en_US\" \/>\n<meta property=\"og:type\" content=\"article\" \/>\n<meta property=\"og:title\" content=\"Br\u00f8ndby-kaptajn om derby-duel: Det handler om at sidde t\u00e6t p\u00e5 ham\" \/>\n<meta property=\"og:description\" content=\"Andreas Maxs\u00f8 vil ikke give Kamil Wilczek en millimeter, n\u00e5r de tidligere holdkammerater st\u00e5r over for hinanden i s\u00f8ndagens derby\" \/>\n<meta property=\"og:url\" content=\"https:\/\/acefootball.com\/da\/fodboldnyheder\/broendby-kaptajn-om-derby-duel-det-handler-om-at-sidde-taet-paa-ham\/\" \/>\n<meta property=\"og:site_name\" content=\"Ace Football Danmark\" \/>\n<meta property=\"article:publisher\" content=\"https:\/\/www.facebook.com\/acefootballdk\" \/>\n<meta property=\"article:published_time\" content=\"2021-04-11T10:27:15+00:00\" \/>\n<meta property=\"article:modified_time\" content=\"2021-04-11T10:27:16+00:00\" \/>\n<meta property=\"og:image\" content=\"https:\/\/acefootball.com\/da\/wp-content\/uploads\/sites\/2\/2021\/04\/Laes-mere-generel-2021-04-11T122643.009.jpg\" \/>\n\t<meta property=\"og:image:width\" content=\"1920\" \/>\n\t<meta property=\"og:image:height\" content=\"1008\" \/>\n\t<meta property=\"og:image:type\" content=\"image\/jpeg\" \/>\n<meta name=\"twitter:card\" content=\"summary_large_image\" \/>\n<meta name=\"twitter:label1\" content=\"Written by\" \/>\n\t<meta name=\"twitter:data1\" content=\"Mads Dreyer\" \/>\n\t<meta name=\"twitter:label2\" content=\"Est. reading time\" \/>\n\t<meta name=\"twitter:data2\" content=\"1 minute\" \/>\n<script type=\"application\/ld+json\" class=\"yoast-schema-graph\">{\"@context\":\"https:\/\/schema.org\",\"@graph\":[{\"@type\":\"Organization\",\"@id\":\"https:\/\/acefootball.com\/da\/#organization\",\"name\":\"Ace Football\",\"url\":\"https:\/\/acefootball.com\/da\/\",\"sameAs\":[\"https:\/\/www.facebook.com\/acefootballdk\"],\"logo\":{\"@type\":\"ImageObject\",\"@id\":\"https:\/\/acefootball.com\/da\/#logo\",\"inLanguage\":\"en-US\",\"url\":\"https:\/\/acefootball.com\/da\/wp-content\/uploads\/sites\/2\/2020\/07\/Ace-Football-30-07-2020-2.png\",\"contentUrl\":\"https:\/\/acefootball.com\/da\/wp-content\/uploads\/sites\/2\/2020\/07\/Ace-Football-30-07-2020-2.png\",\"width\":1200,\"height\":600,\"caption\":\"Ace Football\"},\"image\":{\"@id\":\"https:\/\/acefootball.com\/da\/#logo\"}},{\"@type\":\"WebSite\",\"@id\":\"https:\/\/acefootball.com\/da\/#website\",\"url\":\"https:\/\/acefootball.com\/da\/\",\"name\":\"Ace Football Danmark\",\"description\":\"Nyheder, Spiltips &amp; Livescore\",\"publisher\":{\"@id\":\"https:\/\/acefootball.com\/da\/#organization\"},\"potentialAction\":[{\"@type\":\"SearchAction\",\"target\":{\"@type\":\"EntryPoint\",\"urlTemplate\":\"https:\/\/acefootball.com\/da\/?s={search_term_string}\"},\"query-input\":\"required name=search_term_string\"}],\"inLanguage\":\"en-US\"},{\"@type\":\"ImageObject\",\"@id\":\"https:\/\/acefootball.com\/da\/fodboldnyheder\/broendby-kaptajn-om-derby-duel-det-handler-om-at-sidde-taet-paa-ham\/#primaryimage\",\"inLanguage\":\"en-US\",\"url\":\"https:\/\/acefootball.com\/da\/wp-content\/uploads\/sites\/2\/2021\/04\/Laes-mere-generel-2021-04-11T122643.009.jpg\",\"contentUrl\":\"https:\/\/acefootball.com\/da\/wp-content\/uploads\/sites\/2\/2021\/04\/Laes-mere-generel-2021-04-11T122643.009.jpg\",\"width\":1920,\"height\":1008,\"caption\":\"maxs\u00f8\"},{\"@type\":\"WebPage\",\"@id\":\"https:\/\/acefootball.com\/da\/fodboldnyheder\/broendby-kaptajn-om-derby-duel-det-handler-om-at-sidde-taet-paa-ham\/#webpage\",\"url\":\"https:\/\/acefootball.com\/da\/fodboldnyheder\/broendby-kaptajn-om-derby-duel-det-handler-om-at-sidde-taet-paa-ham\/\",\"name\":\"Br\u00f8ndby-kaptajn om derby-duel: Det handler om at sidde t\u00e6t p\u00e5 ham\",\"isPartOf\":{\"@id\":\"https:\/\/acefootball.com\/da\/#website\"},\"primaryImageOfPage\":{\"@id\":\"https:\/\/acefootball.com\/da\/fodboldnyheder\/broendby-kaptajn-om-derby-duel-det-handler-om-at-sidde-taet-paa-ham\/#primaryimage\"},\"datePublished\":\"2021-04-11T10:27:15+00:00\",\"dateModified\":\"2021-04-11T10:27:16+00:00\",\"description\":\"Andreas Maxs\u00f8 vil ikke give Kamil Wilczek en millimeter, n\u00e5r de tidligere holdkammerater st\u00e5r over for hinanden i s\u00f8ndagens derby\",\"breadcrumb\":{\"@id\":\"https:\/\/acefootball.com\/da\/fodboldnyheder\/broendby-kaptajn-om-derby-duel-det-handler-om-at-sidde-taet-paa-ham\/#breadcrumb\"},\"inLanguage\":\"en-US\",\"potentialAction\":[{\"@type\":\"ReadAction\",\"target\":[\"https:\/\/acefootball.com\/da\/fodboldnyheder\/broendby-kaptajn-om-derby-duel-det-handler-om-at-sidde-taet-paa-ham\/\"]}]},{\"@type\":\"BreadcrumbList\",\"@id\":\"https:\/\/acefootball.com\/da\/fodboldnyheder\/broendby-kaptajn-om-derby-duel-det-handler-om-at-sidde-taet-paa-ham\/#breadcrumb\",\"itemListElement\":[{\"@type\":\"ListItem\",\"position\":1,\"name\":\"Home\",\"item\":\"https:\/\/acefootball.com\/da\/\"},{\"@type\":\"ListItem\",\"position\":2,\"name\":\"Br\u00f8ndby-kaptajn om derby-duel: Det handler om at sidde t\u00e6t p\u00e5 ham\"}]},{\"@type\":\"Article\",\"@id\":\"https:\/\/acefootball.com\/da\/fodboldnyheder\/broendby-kaptajn-om-derby-duel-det-handler-om-at-sidde-taet-paa-ham\/#article\",\"isPartOf\":{\"@id\":\"https:\/\/acefootball.com\/da\/fodboldnyheder\/broendby-kaptajn-om-derby-duel-det-handler-om-at-sidde-taet-paa-ham\/#webpage\"},\"author\":{\"@id\":\"https:\/\/acefootball.com\/da\/#\/schema\/person\/ee67e9cf04a276f144100ffa722f10cd\"},\"headline\":\"Br\u00f8ndby-kaptajn om derby-duel: Det handler om at sidde t\u00e6t p\u00e5 ham\",\"datePublished\":\"2021-04-11T10:27:15+00:00\",\"dateModified\":\"2021-04-11T10:27:16+00:00\",\"mainEntityOfPage\":{\"@id\":\"https:\/\/acefootball.com\/da\/fodboldnyheder\/broendby-kaptajn-om-derby-duel-det-handler-om-at-sidde-taet-paa-ham\/#webpage\"},\"wordCount\":215,\"commentCount\":0,\"publisher\":{\"@id\":\"https:\/\/acefootball.com\/da\/#organization\"},\"image\":{\"@id\":\"https:\/\/acefootball.com\/da\/fodboldnyheder\/broendby-kaptajn-om-derby-duel-det-handler-om-at-sidde-taet-paa-ham\/#primaryimage\"},\"thumbnailUrl\":\"https:\/\/acefootball.com\/da\/wp-content\/uploads\/sites\/2\/2021\/03\/GettyImages-1231585086.jpg\",\"keywords\":[\"Andreas Maxs\u00f8\",\"Br\u00f8ndby IF\",\"FC K\u00f8benhavn\",\"Kamil Wilczek\",\"Superligaen\"],\"articleSection\":[\"Udtalelse\"],\"inLanguage\":\"en-US\",\"potentialAction\":[{\"@type\":\"CommentAction\",\"name\":\"Comment\",\"target\":[\"https:\/\/acefootball.com\/da\/fodboldnyheder\/broendby-kaptajn-om-derby-duel-det-handler-om-at-sidde-taet-paa-ham\/#respond\"]}]},{\"@type\":\"Person\",\"@id\":\"https:\/\/acefootball.com\/da\/#\/schema\/person\/ee67e9cf04a276f144100ffa722f10cd\",\"name\":\"Mads Dreyer\",\"image\":{\"@type\":\"ImageObject\",\"@id\":\"https:\/\/acefootball.com\/da\/#personlogo\",\"inLanguage\":\"en-US\",\"url\":\"https:\/\/secure.gravatar.com\/avatar\/7c7abf72cfde9902b6a60efe60c88d4c?s=96&d=mm&r=g\",\"contentUrl\":\"https:\/\/secure.gravatar.com\/avatar\/7c7abf72cfde9902b6a60efe60c88d4c?s=96&d=mm&r=g\",\"caption\":\"Mads Dreyer\"},\"description\":\"Skribent og fodboldn\u00f8rd, der lige nu fort\u00e6ller om alt og intet i fodboldverdenen p\u00e5 acefootball.com. Uddannet i kommunikation fra Aalborg Universitet.\",\"sameAs\":[\"https:\/\/www.linkedin.com\/in\/mads-dreyer-b9b08266\/\"],\"url\":\"https:\/\/acefootball.com\/da\/fodboldnyheder\/author\/mdnronaldo\/\"}]}<\/script>\n<!-- \/ Yoast SEO plugin. -->","yoast_head_json":{"title":"Br\u00f8ndby-kaptajn om derby-duel: Det handler om at sidde t\u00e6t p\u00e5 ham","description":"Andreas Maxs\u00f8 vil ikke give Kamil Wilczek en millimeter, n\u00e5r de tidligere holdkammerater st\u00e5r over for hinanden i s\u00f8ndagens derby","robots":{"index":"index","follow":"follow","max-snippet":"max-snippet:-1","max-image-preview":"max-image-preview:large","max-video-preview":"max-video-preview:-1"},"canonical":"https:\/\/acefootball.com\/da\/fodboldnyheder\/broendby-kaptajn-om-derby-duel-det-handler-om-at-sidde-taet-paa-ham\/","og_locale":"en_US","og_type":"article","og_title":"Br\u00f8ndby-kaptajn om derby-duel: Det handler om at sidde t\u00e6t p\u00e5 ham","og_description":"Andreas Maxs\u00f8 vil ikke give Kamil Wilczek en millimeter, n\u00e5r de tidligere holdkammerater st\u00e5r over for hinanden i s\u00f8ndagens derby","og_url":"https:\/\/acefootball.com\/da\/fodboldnyheder\/broendby-kaptajn-om-derby-duel-det-handler-om-at-sidde-taet-paa-ham\/","og_site_name":"Ace Football Danmark","article_publisher":"https:\/\/www.facebook.com\/acefootballdk","article_published_time":"2021-04-11T10:27:15+00:00","article_modified_time":"2021-04-11T10:27:16+00:00","og_image":[{"width":1920,"height":1008,"url":"https:\/\/acefootball.com\/da\/wp-content\/uploads\/sites\/2\/2021\/04\/Laes-mere-generel-2021-04-11T122643.009.jpg","type":"image\/jpeg"}],"twitter_card":"summary_large_image","twitter_misc":{"Written by":"Mads Dreyer","Est. reading time":"1 minute"},"schema":{"@context":"https:\/\/schema.org","@graph":[{"@type":"Organization","@id":"https:\/\/acefootball.com\/da\/#organization","name":"Ace Football","url":"https:\/\/acefootball.com\/da\/","sameAs":["https:\/\/www.facebook.com\/acefootballdk"],"logo":{"@type":"ImageObject","@id":"https:\/\/acefootball.com\/da\/#logo","inLanguage":"en-US","url":"https:\/\/acefootball.com\/da\/wp-content\/uploads\/sites\/2\/2020\/07\/Ace-Football-30-07-2020-2.png","contentUrl":"https:\/\/acefootball.com\/da\/wp-content\/uploads\/sites\/2\/2020\/07\/Ace-Football-30-07-2020-2.png","width":1200,"height":600,"caption":"Ace Football"},"image":{"@id":"https:\/\/acefootball.com\/da\/#logo"}},{"@type":"WebSite","@id":"https:\/\/acefootball.com\/da\/#website","url":"https:\/\/acefootball.com\/da\/","name":"Ace Football Danmark","description":"Nyheder, Spiltips &amp; Livescore","publisher":{"@id":"https:\/\/acefootball.com\/da\/#organization"},"potentialAction":[{"@type":"SearchAction","target":{"@type":"EntryPoint","urlTemplate":"https:\/\/acefootball.com\/da\/?s={search_term_string}"},"query-input":"required name=search_term_string"}],"inLanguage":"en-US"},{"@type":"ImageObject","@id":"https:\/\/acefootball.com\/da\/fodboldnyheder\/broendby-kaptajn-om-derby-duel-det-handler-om-at-sidde-taet-paa-ham\/#primaryimage","inLanguage":"en-US","url":"https:\/\/acefootball.com\/da\/wp-content\/uploads\/sites\/2\/2021\/04\/Laes-mere-generel-2021-04-11T122643.009.jpg","contentUrl":"https:\/\/acefootball.com\/da\/wp-content\/uploads\/sites\/2\/2021\/04\/Laes-mere-generel-2021-04-11T122643.009.jpg","width":1920,"height":1008,"caption":"maxs\u00f8"},{"@type":"WebPage","@id":"https:\/\/acefootball.com\/da\/fodboldnyheder\/broendby-kaptajn-om-derby-duel-det-handler-om-at-sidde-taet-paa-ham\/#webpage","url":"https:\/\/acefootball.com\/da\/fodboldnyheder\/broendby-kaptajn-om-derby-duel-det-handler-om-at-sidde-taet-paa-ham\/","name":"Br\u00f8ndby-kaptajn om derby-duel: Det handler om at sidde t\u00e6t p\u00e5 ham","isPartOf":{"@id":"https:\/\/acefootball.com\/da\/#website"},"primaryImageOfPage":{"@id":"https:\/\/acefootball.com\/da\/fodboldnyheder\/broendby-kaptajn-om-derby-duel-det-handler-om-at-sidde-taet-paa-ham\/#primaryimage"},"datePublished":"2021-04-11T10:27:15+00:00","dateModified":"2021-04-11T10:27:16+00:00","description":"Andreas Maxs\u00f8 vil ikke give Kamil Wilczek en millimeter, n\u00e5r de tidligere holdkammerater st\u00e5r over for hinanden i s\u00f8ndagens derby","breadcrumb":{"@id":"https:\/\/acefootball.com\/da\/fodboldnyheder\/broendby-kaptajn-om-derby-duel-det-handler-om-at-sidde-taet-paa-ham\/#breadcrumb"},"inLanguage":"en-US","potentialAction":[{"@type":"ReadAction","target":["https:\/\/acefootball.com\/da\/fodboldnyheder\/broendby-kaptajn-om-derby-duel-det-handler-om-at-sidde-taet-paa-ham\/"]}]},{"@type":"BreadcrumbList","@id":"https:\/\/acefootball.com\/da\/fodboldnyheder\/broendby-kaptajn-om-derby-duel-det-handler-om-at-sidde-taet-paa-ham\/#breadcrumb","itemListElement":[{"@type":"ListItem","position":1,"name":"Home","item":"https:\/\/acefootball.com\/da\/"},{"@type":"ListItem","position":2,"name":"Br\u00f8ndby-kaptajn om derby-duel: Det handler om at sidde t\u00e6t p\u00e5 ham"}]},{"@type":"Article","@id":"https:\/\/acefootball.com\/da\/fodboldnyheder\/broendby-kaptajn-om-derby-duel-det-handler-om-at-sidde-taet-paa-ham\/#article","isPartOf":{"@id":"https:\/\/acefootball.com\/da\/fodboldnyheder\/broendby-kaptajn-om-derby-duel-det-handler-om-at-sidde-taet-paa-ham\/#webpage"},"author":{"@id":"https:\/\/acefootball.com\/da\/#\/schema\/person\/ee67e9cf04a276f144100ffa722f10cd"},"headline":"Br\u00f8ndby-kaptajn om derby-duel: Det handler om at sidde t\u00e6t p\u00e5 ham","datePublished":"2021-04-11T10:27:15+00:00","dateModified":"2021-04-11T10:27:16+00:00","mainEntityOfPage":{"@id":"https:\/\/acefootball.com\/da\/fodboldnyheder\/broendby-kaptajn-om-derby-duel-det-handler-om-at-sidde-taet-paa-ham\/#webpage"},"wordCount":215,"commentCount":0,"publisher":{"@id":"https:\/\/acefootball.com\/da\/#organization"},"image":{"@id":"https:\/\/acefootball.com\/da\/fodboldnyheder\/broendby-kaptajn-om-derby-duel-det-handler-om-at-sidde-taet-paa-ham\/#primaryimage"},"thumbnailUrl":"https:\/\/acefootball.com\/da\/wp-content\/uploads\/sites\/2\/2021\/03\/GettyImages-1231585086.jpg","keywords":["Andreas Maxs\u00f8","Br\u00f8ndby IF","FC K\u00f8benhavn","Kamil Wilczek","Superligaen"],"articleSection":["Udtalelse"],"inLanguage":"en-US","potentialAction":[{"@type":"CommentAction","name":"Comment","target":["https:\/\/acefootball.com\/da\/fodboldnyheder\/broendby-kaptajn-om-derby-duel-det-handler-om-at-sidde-taet-paa-ham\/#respond"]}]},{"@type":"Person","@id":"https:\/\/acefootball.com\/da\/#\/schema\/person\/ee67e9cf04a276f144100ffa722f10cd","name":"Mads Dreyer","image":{"@type":"ImageObject","@id":"https:\/\/acefootball.com\/da\/#personlogo","inLanguage":"en-US","url":"https:\/\/secure.gravatar.com\/avatar\/7c7abf72cfde9902b6a60efe60c88d4c?s=96&d=mm&r=g","contentUrl":"https:\/\/secure.gravatar.com\/avatar\/7c7abf72cfde9902b6a60efe60c88d4c?s=96&d=mm&r=g","caption":"Mads Dreyer"},"description":"Skribent og fodboldn\u00f8rd, der lige nu fort\u00e6ller om alt og intet i fodboldverdenen p\u00e5 acefootball.com. Uddannet i kommunikation fra Aalborg Universitet.","sameAs":["https:\/\/www.linkedin.com\/in\/mads-dreyer-b9b08266\/"],"url":"https:\/\/acefootball.com\/da\/fodboldnyheder\/author\/mdnronaldo\/"}]}},"fimg_url":"https:\/\/acefootball.com\/da\/wp-content\/uploads\/sites\/2\/2021\/03\/GettyImages-1231585086.jpg","_links":{"self":[{"href":"https:\/\/acefootball.com\/da\/wp-json\/wp\/v2\/posts\/256764"}],"collection":[{"href":"https:\/\/acefootball.com\/da\/wp-json\/wp\/v2\/posts"}],"about":[{"href":"https:\/\/acefootball.com\/da\/wp-json\/wp\/v2\/types\/post"}],"author":[{"embeddable":true,"href":"https:\/\/acefootball.com\/da\/wp-json\/wp\/v2\/users\/705"}],"replies":[{"embeddable":true,"href":"https:\/\/acefootball.com\/da\/wp-json\/wp\/v2\/comments?post=256764"}],"version-history":[{"count":0,"href":"https:\/\/acefootball.com\/da\/wp-json\/wp\/v2\/posts\/256764\/revisions"}],"wp:featuredmedia":[{"embeddable":true,"href":"https:\/\/acefootball.com\/da\/wp-json\/wp\/v2\/media\/255124"}],"wp:attachment":[{"href":"https:\/\/acefootball.com\/da\/wp-json\/wp\/v2\/media?parent=256764"}],"wp:term":[{"taxonomy":"category","embeddable":true,"href":"https:\/\/acefootball.com\/da\/wp-json\/wp\/v2\/categories?post=256764"},{"taxonomy":"post_tag","embeddable":true,"href":"https:\/\/acefootball.com\/da\/wp-json\/wp\/v2\/tags?post=256764"}],"curies":[{"name":"wp","href":"https:\/\/api.w.org\/{rel}","templated":true}]}}