{"id":256705,"date":"2021-04-09T10:27:29","date_gmt":"2021-04-09T08:27:29","guid":{"rendered":"https:\/\/acefootball.com\/da\/?p=256705"},"modified":"2021-04-09T10:28:52","modified_gmt":"2021-04-09T08:28:52","slug":"broendby-boss-forud-for-derby-moede-ser-ud-til-at-fck-gaar-all-in","status":"publish","type":"post","link":"https:\/\/acefootball.com\/da\/fodboldnyheder\/broendby-boss-forud-for-derby-moede-ser-ud-til-at-fck-gaar-all-in\/","title":{"rendered":"Br\u00f8ndby-boss forud for derby-m\u00f8de: &#8216;Ser ud til, at FCK g\u00e5r all-in&#8217;"},"content":{"rendered":"\n<h2 id=\"h-br-ndbys-fodbolddirekt-r-carsten-v-jensen-mener-ikke-at-man-tidligere-har-set-fc-k-benhavn-geare-sig-op-p-den-m-de-som-de-g-r-lige-nu\">Br\u00f8ndbys fodbolddirekt\u00f8r Carsten V. Jensen mener ikke, at man tidligere har set FC K\u00f8benhavn geare sig op p\u00e5 den m\u00e5de, som de g\u00f8r lige nu<\/h2>\n\n\n\n<div class=\"wp-block-si-widget wp-block-si-widget--center\"><si-lb-widget widget-id=\"MatchInfo\" width=\"440\" data-nopadding=\"true\" data-card=\"true\" data-event-id=\"3560484\" data-theme-appearance=\"dark\"><\/si-lb-widget><\/div>\n\n\n\n<p>P\u00e5 s\u00f8ndag er der derby-kamp, n\u00e5r Br\u00f8ndby IF hjemme tager imod rivalerne fra FC K\u00f8benhavn i anden runde af mesterskabsspillet.<\/p>\n\n\n\n<figure class=\"wp-block-embed is-type-wp-embed is-provider-ace-football-danmark wp-block-embed-ace-football-danmark\"><div class=\"wp-block-embed__wrapper\">\n<blockquote class=\"wp-embedded-content\" data-secret=\"4nTGWmalCb\"><a href=\"https:\/\/acefootball.com\/da\/fodboldnyheder\/maal-kavalkade-historiens-10-mest-utrolige-derby-scoringer\/\">M\u00e5l-kavalkade: Historiens 10 mest utrolige derby-scoringer<\/a><\/blockquote><iframe class=\"wp-embedded-content\" sandbox=\"allow-scripts\" security=\"restricted\" style=\"position: absolute; clip: rect(1px, 1px, 1px, 1px);\" title=\"&#8220;M\u00e5l-kavalkade: Historiens 10 mest utrolige derby-scoringer&#8221; &#8212; Ace Football Danmark\" src=\"https:\/\/acefootball.com\/da\/fodboldnyheder\/maal-kavalkade-historiens-10-mest-utrolige-derby-scoringer\/embed\/#?secret=4nTGWmalCb\" data-secret=\"4nTGWmalCb\" width=\"600\" height=\"338\" frameborder=\"0\" marginwidth=\"0\" marginheight=\"0\" scrolling=\"no\"><\/iframe>\n<\/div><\/figure>\n\n\n\n<p>Forud for opg\u00f8ret har Br\u00f8ndbys fodbolddirekt\u00f8r Carsten V. Jensen sat nogle ord p\u00e5 den kommende modstander, som han kan se har gang i nogle store investeringer for at komme tilbage p\u00e5 sporet, da det efterh\u00e5nden har haltet gevaldigt igennem en l\u00e6ngere periode.<\/p>\n\n\n\n<p>&#8220;Det er en stor kamp uanset hvad, og s\u00e5 er det mod et K\u00f8benhavn, der har v\u00e6ret s\u00e5ret, og som har investeret voldsomt i at komme tilbage p\u00e5 fode. Den m\u00e5de, som FC K\u00f8benhavn har gearet sig p\u00e5, er vel n\u00e6rmest ikke set f\u00f8r. Det ser ud som om, at det er all-in p\u00e5 at n\u00e5 det, som klubben skal, og som den er bygget til, nemlig at spille europ\u00e6isk,&#8221;\u00a0siger &#8216;CV&#8217; til <a href=\"https:\/\/www.tipsbladet.dk\/nyhed\/superliga\/cv-studser-over-fck-det-er-naermest-ikke-set-foer\" target=\"_blank\" rel=\"noreferrer noopener\">Tipsbladet<\/a>.<\/p>\n\n\n\n<p>Fodbolddirekt\u00f8ren tilf\u00f8jer desuden, at der er lagt i kakkelovnen til en sp\u00e6ndende kamp, n\u00e5r man s\u00e6tter et Br\u00f8ndby-hold med en opadg\u00e5ende formkurve op mod et s\u00e5ret FCK-hold, der har brugt s\u00e5 mange ressourcer p\u00e5 at fors\u00f8ge at finde fodf\u00e6ste.<\/p>\n\n\n\n<figure class=\"wp-block-embed is-type-wp-embed is-provider-ace-football-danmark wp-block-embed-ace-football-danmark\"><div class=\"wp-block-embed__wrapper\">\n<blockquote class=\"wp-embedded-content\" data-secret=\"QRfdBerCvX\"><a href=\"https:\/\/acefootball.com\/da\/fodboldnyheder\/ny-powerranking-disse-fem-spillere-er-ifoelge-eksperter-de-bedste-i-superligaen\/\">Ny powerranking: Disse fem spillere er if\u00f8lge eksperter de bedste i Superligaen<\/a><\/blockquote><iframe class=\"wp-embedded-content\" sandbox=\"allow-scripts\" security=\"restricted\" style=\"position: absolute; clip: rect(1px, 1px, 1px, 1px);\" title=\"&#8220;Ny powerranking: Disse fem spillere er if\u00f8lge eksperter de bedste i Superligaen&#8221; &#8212; Ace Football Danmark\" src=\"https:\/\/acefootball.com\/da\/fodboldnyheder\/ny-powerranking-disse-fem-spillere-er-ifoelge-eksperter-de-bedste-i-superligaen\/embed\/#?secret=QRfdBerCvX\" data-secret=\"QRfdBerCvX\" width=\"600\" height=\"338\" frameborder=\"0\" marginwidth=\"0\" marginheight=\"0\" scrolling=\"no\"><\/iframe>\n<\/div><\/figure>\n","protected":false},"excerpt":{"rendered":"<p>Br\u00f8ndbys fodbolddirekt\u00f8r Carsten V. Jensen mener ikke, at man tidligere har set FC K\u00f8benhavn geare sig op p\u00e5 den m\u00e5de, som de g\u00f8r lige nu<\/p>\n","protected":false},"author":74,"featured_media":256706,"comment_status":"open","ping_status":"closed","sticky":false,"template":"","format":"standard","meta":{"om_disable_all_campaigns":false,"push_articles_ronaldo":{"active":false,"canonical":0,"publish":false},"force_updates":null},"categories":[8204],"tags":[53,1681,16,588],"enet_tags":{"team":["8595","8391"],"league":["46"],"sport_events":[3560484]},"yoast_head":"<!-- This site is optimized with the Yoast SEO plugin v18.3 - https:\/\/yoast.com\/wordpress\/plugins\/seo\/ -->\n<title>Br\u00f8ndby-boss forud for derby-m\u00f8de: &#039;Ser ud til, at FCK g\u00e5r all-in&#039;<\/title>\n<meta name=\"description\" content=\"Br\u00f8ndbys fodbolddirekt\u00f8r Carsten V. Jensen mener ikke, at man tidligere har set FC K\u00f8benhavn geare sig op p\u00e5 den m\u00e5de, som de g\u00f8r lige nu\" \/>\n<meta name=\"robots\" content=\"index, follow, max-snippet:-1, max-image-preview:large, max-video-preview:-1\" \/>\n<link rel=\"canonical\" href=\"https:\/\/acefootball.com\/da\/fodboldnyheder\/broendby-boss-forud-for-derby-moede-ser-ud-til-at-fck-gaar-all-in\/\" \/>\n<meta property=\"og:locale\" content=\"en_US\" \/>\n<meta property=\"og:type\" content=\"article\" \/>\n<meta property=\"og:title\" content=\"Br\u00f8ndby-boss forud for derby-m\u00f8de: &#039;Ser ud til, at FCK g\u00e5r all-in&#039;\" \/>\n<meta property=\"og:description\" content=\"Br\u00f8ndbys fodbolddirekt\u00f8r Carsten V. Jensen mener ikke, at man tidligere har set FC K\u00f8benhavn geare sig op p\u00e5 den m\u00e5de, som de g\u00f8r lige nu\" \/>\n<meta property=\"og:url\" content=\"https:\/\/acefootball.com\/da\/fodboldnyheder\/broendby-boss-forud-for-derby-moede-ser-ud-til-at-fck-gaar-all-in\/\" \/>\n<meta property=\"og:site_name\" content=\"Ace Football Danmark\" \/>\n<meta property=\"article:publisher\" content=\"https:\/\/www.facebook.com\/acefootballdk\" \/>\n<meta property=\"article:published_time\" content=\"2021-04-09T08:27:29+00:00\" \/>\n<meta property=\"article:modified_time\" content=\"2021-04-09T08:28:52+00:00\" \/>\n<meta property=\"og:image\" content=\"https:\/\/acefootball.com\/da\/wp-content\/uploads\/sites\/2\/2021\/04\/Laes-mere-generel-17.jpg\" \/>\n\t<meta property=\"og:image:width\" content=\"1920\" \/>\n\t<meta property=\"og:image:height\" content=\"1008\" \/>\n\t<meta property=\"og:image:type\" content=\"image\/jpeg\" \/>\n<meta name=\"twitter:card\" content=\"summary_large_image\" \/>\n<meta name=\"twitter:label1\" content=\"Written by\" \/>\n\t<meta name=\"twitter:data1\" content=\"Patrick Hesselb\u00e6k\" \/>\n\t<meta name=\"twitter:label2\" content=\"Est. reading time\" \/>\n\t<meta name=\"twitter:data2\" content=\"1 minute\" \/>\n<script type=\"application\/ld+json\" class=\"yoast-schema-graph\">{\"@context\":\"https:\/\/schema.org\",\"@graph\":[{\"@type\":\"Organization\",\"@id\":\"https:\/\/acefootball.com\/da\/#organization\",\"name\":\"Ace Football\",\"url\":\"https:\/\/acefootball.com\/da\/\",\"sameAs\":[\"https:\/\/www.facebook.com\/acefootballdk\"],\"logo\":{\"@type\":\"ImageObject\",\"@id\":\"https:\/\/acefootball.com\/da\/#logo\",\"inLanguage\":\"en-US\",\"url\":\"https:\/\/acefootball.com\/da\/wp-content\/uploads\/sites\/2\/2020\/07\/Ace-Football-30-07-2020-2.png\",\"contentUrl\":\"https:\/\/acefootball.com\/da\/wp-content\/uploads\/sites\/2\/2020\/07\/Ace-Football-30-07-2020-2.png\",\"width\":1200,\"height\":600,\"caption\":\"Ace Football\"},\"image\":{\"@id\":\"https:\/\/acefootball.com\/da\/#logo\"}},{\"@type\":\"WebSite\",\"@id\":\"https:\/\/acefootball.com\/da\/#website\",\"url\":\"https:\/\/acefootball.com\/da\/\",\"name\":\"Ace Football Danmark\",\"description\":\"Nyheder, Spiltips &amp; Livescore\",\"publisher\":{\"@id\":\"https:\/\/acefootball.com\/da\/#organization\"},\"potentialAction\":[{\"@type\":\"SearchAction\",\"target\":{\"@type\":\"EntryPoint\",\"urlTemplate\":\"https:\/\/acefootball.com\/da\/?s={search_term_string}\"},\"query-input\":\"required name=search_term_string\"}],\"inLanguage\":\"en-US\"},{\"@type\":\"ImageObject\",\"@id\":\"https:\/\/acefootball.com\/da\/fodboldnyheder\/broendby-boss-forud-for-derby-moede-ser-ud-til-at-fck-gaar-all-in\/#primaryimage\",\"inLanguage\":\"en-US\",\"url\":\"https:\/\/acefootball.com\/da\/wp-content\/uploads\/sites\/2\/2021\/04\/Laes-mere-generel-17.jpg\",\"contentUrl\":\"https:\/\/acefootball.com\/da\/wp-content\/uploads\/sites\/2\/2021\/04\/Laes-mere-generel-17.jpg\",\"width\":1920,\"height\":1008,\"caption\":\"HERNING, DENMARK - JUNE 18: Carsten V. Jensen (L), sports director of Brondby IF and Svend Graversen, director of football of FC Midtjylland talking prior to the Danish 3F Superliga match between FC Midtjylland and Brondby IF at MCH Arena on June 18, 2020 in Herning, Denmark. (Photo by Lars Ronbog \/ FrontZoneSport via Getty Images)\"},{\"@type\":\"WebPage\",\"@id\":\"https:\/\/acefootball.com\/da\/fodboldnyheder\/broendby-boss-forud-for-derby-moede-ser-ud-til-at-fck-gaar-all-in\/#webpage\",\"url\":\"https:\/\/acefootball.com\/da\/fodboldnyheder\/broendby-boss-forud-for-derby-moede-ser-ud-til-at-fck-gaar-all-in\/\",\"name\":\"Br\u00f8ndby-boss forud for derby-m\u00f8de: 'Ser ud til, at FCK g\u00e5r all-in'\",\"isPartOf\":{\"@id\":\"https:\/\/acefootball.com\/da\/#website\"},\"primaryImageOfPage\":{\"@id\":\"https:\/\/acefootball.com\/da\/fodboldnyheder\/broendby-boss-forud-for-derby-moede-ser-ud-til-at-fck-gaar-all-in\/#primaryimage\"},\"datePublished\":\"2021-04-09T08:27:29+00:00\",\"dateModified\":\"2021-04-09T08:28:52+00:00\",\"description\":\"Br\u00f8ndbys fodbolddirekt\u00f8r Carsten V. Jensen mener ikke, at man tidligere har set FC K\u00f8benhavn geare sig op p\u00e5 den m\u00e5de, som de g\u00f8r lige nu\",\"breadcrumb\":{\"@id\":\"https:\/\/acefootball.com\/da\/fodboldnyheder\/broendby-boss-forud-for-derby-moede-ser-ud-til-at-fck-gaar-all-in\/#breadcrumb\"},\"inLanguage\":\"en-US\",\"potentialAction\":[{\"@type\":\"ReadAction\",\"target\":[\"https:\/\/acefootball.com\/da\/fodboldnyheder\/broendby-boss-forud-for-derby-moede-ser-ud-til-at-fck-gaar-all-in\/\"]}]},{\"@type\":\"BreadcrumbList\",\"@id\":\"https:\/\/acefootball.com\/da\/fodboldnyheder\/broendby-boss-forud-for-derby-moede-ser-ud-til-at-fck-gaar-all-in\/#breadcrumb\",\"itemListElement\":[{\"@type\":\"ListItem\",\"position\":1,\"name\":\"Home\",\"item\":\"https:\/\/acefootball.com\/da\/\"},{\"@type\":\"ListItem\",\"position\":2,\"name\":\"Br\u00f8ndby-boss forud for derby-m\u00f8de: &#8216;Ser ud til, at FCK g\u00e5r all-in&#8217;\"}]},{\"@type\":\"Article\",\"@id\":\"https:\/\/acefootball.com\/da\/fodboldnyheder\/broendby-boss-forud-for-derby-moede-ser-ud-til-at-fck-gaar-all-in\/#article\",\"isPartOf\":{\"@id\":\"https:\/\/acefootball.com\/da\/fodboldnyheder\/broendby-boss-forud-for-derby-moede-ser-ud-til-at-fck-gaar-all-in\/#webpage\"},\"author\":{\"@id\":\"https:\/\/acefootball.com\/da\/#\/schema\/person\/fd6223a1c033400b41da7853ddf88c84\"},\"headline\":\"Br\u00f8ndby-boss forud for derby-m\u00f8de: &#8216;Ser ud til, at FCK g\u00e5r all-in&#8217;\",\"datePublished\":\"2021-04-09T08:27:29+00:00\",\"dateModified\":\"2021-04-09T08:28:52+00:00\",\"mainEntityOfPage\":{\"@id\":\"https:\/\/acefootball.com\/da\/fodboldnyheder\/broendby-boss-forud-for-derby-moede-ser-ud-til-at-fck-gaar-all-in\/#webpage\"},\"wordCount\":259,\"commentCount\":0,\"publisher\":{\"@id\":\"https:\/\/acefootball.com\/da\/#organization\"},\"image\":{\"@id\":\"https:\/\/acefootball.com\/da\/fodboldnyheder\/broendby-boss-forud-for-derby-moede-ser-ud-til-at-fck-gaar-all-in\/#primaryimage\"},\"thumbnailUrl\":\"https:\/\/acefootball.com\/da\/wp-content\/uploads\/sites\/2\/2021\/04\/GettyImages-1221049691.jpg\",\"keywords\":[\"Br\u00f8ndby IF\",\"Carsten V. Jensen\",\"FC K\u00f8benhavn\",\"Superligaen\"],\"articleSection\":[\"Udtalelse\"],\"inLanguage\":\"en-US\",\"potentialAction\":[{\"@type\":\"CommentAction\",\"name\":\"Comment\",\"target\":[\"https:\/\/acefootball.com\/da\/fodboldnyheder\/broendby-boss-forud-for-derby-moede-ser-ud-til-at-fck-gaar-all-in\/#respond\"]}]},{\"@type\":\"Person\",\"@id\":\"https:\/\/acefootball.com\/da\/#\/schema\/person\/fd6223a1c033400b41da7853ddf88c84\",\"name\":\"Patrick Hesselb\u00e6k\",\"image\":{\"@type\":\"ImageObject\",\"@id\":\"https:\/\/acefootball.com\/da\/#personlogo\",\"inLanguage\":\"en-US\",\"url\":\"https:\/\/secure.gravatar.com\/avatar\/7919060992759bffbffb199d6cbdce6f?s=96&d=mm&r=g\",\"contentUrl\":\"https:\/\/secure.gravatar.com\/avatar\/7919060992759bffbffb199d6cbdce6f?s=96&d=mm&r=g\",\"caption\":\"Patrick Hesselb\u00e6k\"},\"description\":\"Redakt\u00f8r p\u00e5 den danske Ace Football-redaktion. Uddannet i kommunikation fra Aalborg Universitet. Prim\u00e6rt fokus p\u00e5 den danske 3F Superliga og de st\u00f8rste europ\u00e6iske turneringer.\",\"sameAs\":[\"https:\/\/www.linkedin.com\/in\/patrick-hesselbk-2a4b1711a\/\"],\"url\":\"https:\/\/acefootball.com\/da\/fodboldnyheder\/author\/patrickhesselbaek\/\"}]}<\/script>\n<!-- \/ Yoast SEO plugin. -->","yoast_head_json":{"title":"Br\u00f8ndby-boss forud for derby-m\u00f8de: 'Ser ud til, at FCK g\u00e5r all-in'","description":"Br\u00f8ndbys fodbolddirekt\u00f8r Carsten V. Jensen mener ikke, at man tidligere har set FC K\u00f8benhavn geare sig op p\u00e5 den m\u00e5de, som de g\u00f8r lige nu","robots":{"index":"index","follow":"follow","max-snippet":"max-snippet:-1","max-image-preview":"max-image-preview:large","max-video-preview":"max-video-preview:-1"},"canonical":"https:\/\/acefootball.com\/da\/fodboldnyheder\/broendby-boss-forud-for-derby-moede-ser-ud-til-at-fck-gaar-all-in\/","og_locale":"en_US","og_type":"article","og_title":"Br\u00f8ndby-boss forud for derby-m\u00f8de: 'Ser ud til, at FCK g\u00e5r all-in'","og_description":"Br\u00f8ndbys fodbolddirekt\u00f8r Carsten V. Jensen mener ikke, at man tidligere har set FC K\u00f8benhavn geare sig op p\u00e5 den m\u00e5de, som de g\u00f8r lige nu","og_url":"https:\/\/acefootball.com\/da\/fodboldnyheder\/broendby-boss-forud-for-derby-moede-ser-ud-til-at-fck-gaar-all-in\/","og_site_name":"Ace Football Danmark","article_publisher":"https:\/\/www.facebook.com\/acefootballdk","article_published_time":"2021-04-09T08:27:29+00:00","article_modified_time":"2021-04-09T08:28:52+00:00","og_image":[{"width":1920,"height":1008,"url":"https:\/\/acefootball.com\/da\/wp-content\/uploads\/sites\/2\/2021\/04\/Laes-mere-generel-17.jpg","type":"image\/jpeg"}],"twitter_card":"summary_large_image","twitter_misc":{"Written by":"Patrick Hesselb\u00e6k","Est. reading time":"1 minute"},"schema":{"@context":"https:\/\/schema.org","@graph":[{"@type":"Organization","@id":"https:\/\/acefootball.com\/da\/#organization","name":"Ace Football","url":"https:\/\/acefootball.com\/da\/","sameAs":["https:\/\/www.facebook.com\/acefootballdk"],"logo":{"@type":"ImageObject","@id":"https:\/\/acefootball.com\/da\/#logo","inLanguage":"en-US","url":"https:\/\/acefootball.com\/da\/wp-content\/uploads\/sites\/2\/2020\/07\/Ace-Football-30-07-2020-2.png","contentUrl":"https:\/\/acefootball.com\/da\/wp-content\/uploads\/sites\/2\/2020\/07\/Ace-Football-30-07-2020-2.png","width":1200,"height":600,"caption":"Ace Football"},"image":{"@id":"https:\/\/acefootball.com\/da\/#logo"}},{"@type":"WebSite","@id":"https:\/\/acefootball.com\/da\/#website","url":"https:\/\/acefootball.com\/da\/","name":"Ace Football Danmark","description":"Nyheder, Spiltips &amp; Livescore","publisher":{"@id":"https:\/\/acefootball.com\/da\/#organization"},"potentialAction":[{"@type":"SearchAction","target":{"@type":"EntryPoint","urlTemplate":"https:\/\/acefootball.com\/da\/?s={search_term_string}"},"query-input":"required name=search_term_string"}],"inLanguage":"en-US"},{"@type":"ImageObject","@id":"https:\/\/acefootball.com\/da\/fodboldnyheder\/broendby-boss-forud-for-derby-moede-ser-ud-til-at-fck-gaar-all-in\/#primaryimage","inLanguage":"en-US","url":"https:\/\/acefootball.com\/da\/wp-content\/uploads\/sites\/2\/2021\/04\/Laes-mere-generel-17.jpg","contentUrl":"https:\/\/acefootball.com\/da\/wp-content\/uploads\/sites\/2\/2021\/04\/Laes-mere-generel-17.jpg","width":1920,"height":1008,"caption":"HERNING, DENMARK - JUNE 18: Carsten V. Jensen (L), sports director of Brondby IF and Svend Graversen, director of football of FC Midtjylland talking prior to the Danish 3F Superliga match between FC Midtjylland and Brondby IF at MCH Arena on June 18, 2020 in Herning, Denmark. (Photo by Lars Ronbog \/ FrontZoneSport via Getty Images)"},{"@type":"WebPage","@id":"https:\/\/acefootball.com\/da\/fodboldnyheder\/broendby-boss-forud-for-derby-moede-ser-ud-til-at-fck-gaar-all-in\/#webpage","url":"https:\/\/acefootball.com\/da\/fodboldnyheder\/broendby-boss-forud-for-derby-moede-ser-ud-til-at-fck-gaar-all-in\/","name":"Br\u00f8ndby-boss forud for derby-m\u00f8de: 'Ser ud til, at FCK g\u00e5r all-in'","isPartOf":{"@id":"https:\/\/acefootball.com\/da\/#website"},"primaryImageOfPage":{"@id":"https:\/\/acefootball.com\/da\/fodboldnyheder\/broendby-boss-forud-for-derby-moede-ser-ud-til-at-fck-gaar-all-in\/#primaryimage"},"datePublished":"2021-04-09T08:27:29+00:00","dateModified":"2021-04-09T08:28:52+00:00","description":"Br\u00f8ndbys fodbolddirekt\u00f8r Carsten V. Jensen mener ikke, at man tidligere har set FC K\u00f8benhavn geare sig op p\u00e5 den m\u00e5de, som de g\u00f8r lige nu","breadcrumb":{"@id":"https:\/\/acefootball.com\/da\/fodboldnyheder\/broendby-boss-forud-for-derby-moede-ser-ud-til-at-fck-gaar-all-in\/#breadcrumb"},"inLanguage":"en-US","potentialAction":[{"@type":"ReadAction","target":["https:\/\/acefootball.com\/da\/fodboldnyheder\/broendby-boss-forud-for-derby-moede-ser-ud-til-at-fck-gaar-all-in\/"]}]},{"@type":"BreadcrumbList","@id":"https:\/\/acefootball.com\/da\/fodboldnyheder\/broendby-boss-forud-for-derby-moede-ser-ud-til-at-fck-gaar-all-in\/#breadcrumb","itemListElement":[{"@type":"ListItem","position":1,"name":"Home","item":"https:\/\/acefootball.com\/da\/"},{"@type":"ListItem","position":2,"name":"Br\u00f8ndby-boss forud for derby-m\u00f8de: &#8216;Ser ud til, at FCK g\u00e5r all-in&#8217;"}]},{"@type":"Article","@id":"https:\/\/acefootball.com\/da\/fodboldnyheder\/broendby-boss-forud-for-derby-moede-ser-ud-til-at-fck-gaar-all-in\/#article","isPartOf":{"@id":"https:\/\/acefootball.com\/da\/fodboldnyheder\/broendby-boss-forud-for-derby-moede-ser-ud-til-at-fck-gaar-all-in\/#webpage"},"author":{"@id":"https:\/\/acefootball.com\/da\/#\/schema\/person\/fd6223a1c033400b41da7853ddf88c84"},"headline":"Br\u00f8ndby-boss forud for derby-m\u00f8de: &#8216;Ser ud til, at FCK g\u00e5r all-in&#8217;","datePublished":"2021-04-09T08:27:29+00:00","dateModified":"2021-04-09T08:28:52+00:00","mainEntityOfPage":{"@id":"https:\/\/acefootball.com\/da\/fodboldnyheder\/broendby-boss-forud-for-derby-moede-ser-ud-til-at-fck-gaar-all-in\/#webpage"},"wordCount":259,"commentCount":0,"publisher":{"@id":"https:\/\/acefootball.com\/da\/#organization"},"image":{"@id":"https:\/\/acefootball.com\/da\/fodboldnyheder\/broendby-boss-forud-for-derby-moede-ser-ud-til-at-fck-gaar-all-in\/#primaryimage"},"thumbnailUrl":"https:\/\/acefootball.com\/da\/wp-content\/uploads\/sites\/2\/2021\/04\/GettyImages-1221049691.jpg","keywords":["Br\u00f8ndby IF","Carsten V. Jensen","FC K\u00f8benhavn","Superligaen"],"articleSection":["Udtalelse"],"inLanguage":"en-US","potentialAction":[{"@type":"CommentAction","name":"Comment","target":["https:\/\/acefootball.com\/da\/fodboldnyheder\/broendby-boss-forud-for-derby-moede-ser-ud-til-at-fck-gaar-all-in\/#respond"]}]},{"@type":"Person","@id":"https:\/\/acefootball.com\/da\/#\/schema\/person\/fd6223a1c033400b41da7853ddf88c84","name":"Patrick Hesselb\u00e6k","image":{"@type":"ImageObject","@id":"https:\/\/acefootball.com\/da\/#personlogo","inLanguage":"en-US","url":"https:\/\/secure.gravatar.com\/avatar\/7919060992759bffbffb199d6cbdce6f?s=96&d=mm&r=g","contentUrl":"https:\/\/secure.gravatar.com\/avatar\/7919060992759bffbffb199d6cbdce6f?s=96&d=mm&r=g","caption":"Patrick Hesselb\u00e6k"},"description":"Redakt\u00f8r p\u00e5 den danske Ace Football-redaktion. Uddannet i kommunikation fra Aalborg Universitet. Prim\u00e6rt fokus p\u00e5 den danske 3F Superliga og de st\u00f8rste europ\u00e6iske turneringer.","sameAs":["https:\/\/www.linkedin.com\/in\/patrick-hesselbk-2a4b1711a\/"],"url":"https:\/\/acefootball.com\/da\/fodboldnyheder\/author\/patrickhesselbaek\/"}]}},"fimg_url":"https:\/\/acefootball.com\/da\/wp-content\/uploads\/sites\/2\/2021\/04\/GettyImages-1221049691.jpg","_links":{"self":[{"href":"https:\/\/acefootball.com\/da\/wp-json\/wp\/v2\/posts\/256705"}],"collection":[{"href":"https:\/\/acefootball.com\/da\/wp-json\/wp\/v2\/posts"}],"about":[{"href":"https:\/\/acefootball.com\/da\/wp-json\/wp\/v2\/types\/post"}],"author":[{"embeddable":true,"href":"https:\/\/acefootball.com\/da\/wp-json\/wp\/v2\/users\/74"}],"replies":[{"embeddable":true,"href":"https:\/\/acefootball.com\/da\/wp-json\/wp\/v2\/comments?post=256705"}],"version-history":[{"count":0,"href":"https:\/\/acefootball.com\/da\/wp-json\/wp\/v2\/posts\/256705\/revisions"}],"wp:featuredmedia":[{"embeddable":true,"href":"https:\/\/acefootball.com\/da\/wp-json\/wp\/v2\/media\/256706"}],"wp:attachment":[{"href":"https:\/\/acefootball.com\/da\/wp-json\/wp\/v2\/media?parent=256705"}],"wp:term":[{"taxonomy":"category","embeddable":true,"href":"https:\/\/acefootball.com\/da\/wp-json\/wp\/v2\/categories?post=256705"},{"taxonomy":"post_tag","embeddable":true,"href":"https:\/\/acefootball.com\/da\/wp-json\/wp\/v2\/tags?post=256705"}],"curies":[{"name":"wp","href":"https:\/\/api.w.org\/{rel}","templated":true}]}}