{"id":256691,"date":"2021-04-08T14:20:07","date_gmt":"2021-04-08T12:20:07","guid":{"rendered":"https:\/\/acefootball.com\/da\/?p=256691"},"modified":"2021-04-08T14:22:51","modified_gmt":"2021-04-08T12:22:51","slug":"positive-meldinger-aab-traener-saetter-dato-paa-lucas-andersens-comeback","status":"publish","type":"post","link":"https:\/\/acefootball.com\/da\/fodboldnyheder\/positive-meldinger-aab-traener-saetter-dato-paa-lucas-andersens-comeback\/","title":{"rendered":"Positive meldinger: AaB-tr\u00e6ner s\u00e6tter dato p\u00e5 Lucas Andersens comeback"},"content":{"rendered":"\n<h2 id=\"h-aab-fansene-kan-godt-begynde-at-gl-de-sig-til-at-se-deres-anf-rer-lucas-andersen-tilbage-p-gr-nsv-ren-i-superligaen\">AaB-fansene kan godt begynde at gl\u00e6de sig til at se deres anf\u00f8rer Lucas Andersen tilbage p\u00e5 gr\u00f8nsv\u00e6ren i Superligaen<\/h2>\n\n\n\n<p>Lucas Andersen har nu efterh\u00e5nden siddet ude i fire m\u00e5neder med en skade, men nu er AaB-stjernen heldigvis tilbage i fuld tr\u00e6ning med holdkammeraterne.<\/p>\n\n\n\n<p>Der g\u00e5r heller ikke l\u00e6nge, inden anf\u00f8reren igen er klar til at spille kamp. Det afsl\u00f8rer klubbens cheftr\u00e6ner Marti Cifuentes, der afsl\u00f8rer, at han allerede kan v\u00e6re klar om to runder, s\u00e5fremt han stadig ikke m\u00e6rker noget.<\/p>\n\n\n\n<p>&#8220;Men hvis han ikke m\u00e6rker noget og fortsat kan tr\u00e6ne fuldt med, s\u00e5 kan det m\u00e5ske v\u00e6re, at vi ser ham f\u00e5 nogle minutter mod Vejle (fredag 16. april, red.),&#8221; siger Cifuentes til <a href=\"https:\/\/nordjyske.dk\/nyheder\/sport\/nu-saetter-aab-traener-dato-paa-anfoererens-mulige-comeback\/f013d55c-7aec-4f04-9d0e-f16794152308?utm_source=nyheder&amp;utm_medium=rss&amp;utm_campaign=sport\" target=\"_blank\" rel=\"noreferrer noopener\">Nordjyske.<\/a><\/p>\n\n\n\n<p>Der er ingen tvivl om, at de nordjyske fans gl\u00e6der sig til at se kreat\u00f8ren i aktion igen, og har man glemt , hvad det er Andersen har i sin v\u00e6rkt\u00f8jskasse, kan man lige se en af hans detaljer fra efter\u00e5ret i artiklen herunder.<\/p>\n\n\n\n<figure class=\"wp-block-embed is-type-wp-embed is-provider-ace-football-danmark wp-block-embed-ace-football-danmark\"><div class=\"wp-block-embed__wrapper\">\n<blockquote class=\"wp-embedded-content\" data-secret=\"L4vb6DtlOo\"><a href=\"https:\/\/acefootball.com\/da\/fodboldnyheder\/flyvende-aab-stjerne-hyldes-efter-laekker-detalje\/\">Flyvende AaB-stjerne hyldes efter l\u00e6kker detalje<\/a><\/blockquote><iframe class=\"wp-embedded-content\" sandbox=\"allow-scripts\" security=\"restricted\" style=\"position: absolute; clip: rect(1px, 1px, 1px, 1px);\" title=\"&#8220;Flyvende AaB-stjerne hyldes efter l\u00e6kker detalje&#8221; &#8212; Ace Football Danmark\" src=\"https:\/\/acefootball.com\/da\/fodboldnyheder\/flyvende-aab-stjerne-hyldes-efter-laekker-detalje\/embed\/#?secret=L4vb6DtlOo\" data-secret=\"L4vb6DtlOo\" width=\"600\" height=\"338\" frameborder=\"0\" marginwidth=\"0\" marginheight=\"0\" scrolling=\"no\"><\/iframe>\n<\/div><\/figure>\n","protected":false},"excerpt":{"rendered":"<p>AaB-fansene kan godt begynde at gl\u00e6de sig til at se deres anf\u00f8rer Lucas Andersen tilbage p\u00e5 gr\u00f8nsv\u00e6ren i Superligaen  <\/p>\n","protected":false},"author":74,"featured_media":237951,"comment_status":"open","ping_status":"closed","sticky":false,"template":"","format":"standard","meta":{"om_disable_all_campaigns":false,"push_articles_ronaldo":{"active":false,"canonical":0,"publish":false},"force_updates":null},"categories":[1],"tags":[17,3055,588],"enet_tags":{"team":["8470"],"player":["252969"],"league":["46"],"sport_events":[]},"yoast_head":"<!-- This site is optimized with the Yoast SEO plugin v18.3 - https:\/\/yoast.com\/wordpress\/plugins\/seo\/ -->\n<title>Positive meldinger: AaB-tr\u00e6ner s\u00e6tter dato p\u00e5 Lucas Andersens comeback<\/title>\n<meta name=\"description\" content=\"AaB-fansene kan godt begynde at gl\u00e6de sig til at se deres anf\u00f8rer Lucas Andersen tilbage p\u00e5 gr\u00f8nsv\u00e6ren i Superligaen\" \/>\n<meta name=\"robots\" content=\"index, follow, max-snippet:-1, max-image-preview:large, max-video-preview:-1\" \/>\n<link rel=\"canonical\" href=\"https:\/\/acefootball.com\/da\/fodboldnyheder\/positive-meldinger-aab-traener-saetter-dato-paa-lucas-andersens-comeback\/\" \/>\n<meta property=\"og:locale\" content=\"en_US\" \/>\n<meta property=\"og:type\" content=\"article\" \/>\n<meta property=\"og:title\" content=\"Positive meldinger: AaB-tr\u00e6ner s\u00e6tter dato p\u00e5 Lucas Andersens comeback\" \/>\n<meta property=\"og:description\" content=\"AaB-fansene kan godt begynde at gl\u00e6de sig til at se deres anf\u00f8rer Lucas Andersen tilbage p\u00e5 gr\u00f8nsv\u00e6ren i Superligaen\" \/>\n<meta property=\"og:url\" content=\"https:\/\/acefootball.com\/da\/fodboldnyheder\/positive-meldinger-aab-traener-saetter-dato-paa-lucas-andersens-comeback\/\" \/>\n<meta property=\"og:site_name\" content=\"Ace Football Danmark\" \/>\n<meta property=\"article:publisher\" content=\"https:\/\/www.facebook.com\/acefootballdk\" \/>\n<meta property=\"article:published_time\" content=\"2021-04-08T12:20:07+00:00\" \/>\n<meta property=\"article:modified_time\" content=\"2021-04-08T12:22:51+00:00\" \/>\n<meta property=\"og:image\" content=\"https:\/\/acefootball.com\/da\/wp-content\/uploads\/sites\/2\/2021\/04\/Laes-mere-generel-14.jpg\" \/>\n\t<meta property=\"og:image:width\" content=\"1920\" \/>\n\t<meta property=\"og:image:height\" content=\"1008\" \/>\n\t<meta property=\"og:image:type\" content=\"image\/jpeg\" \/>\n<meta name=\"twitter:card\" content=\"summary_large_image\" \/>\n<meta name=\"twitter:label1\" content=\"Written by\" \/>\n\t<meta name=\"twitter:data1\" content=\"Patrick Hesselb\u00e6k\" \/>\n\t<meta name=\"twitter:label2\" content=\"Est. reading time\" \/>\n\t<meta name=\"twitter:data2\" content=\"1 minute\" \/>\n<script type=\"application\/ld+json\" class=\"yoast-schema-graph\">{\"@context\":\"https:\/\/schema.org\",\"@graph\":[{\"@type\":\"Organization\",\"@id\":\"https:\/\/acefootball.com\/da\/#organization\",\"name\":\"Ace Football\",\"url\":\"https:\/\/acefootball.com\/da\/\",\"sameAs\":[\"https:\/\/www.facebook.com\/acefootballdk\"],\"logo\":{\"@type\":\"ImageObject\",\"@id\":\"https:\/\/acefootball.com\/da\/#logo\",\"inLanguage\":\"en-US\",\"url\":\"https:\/\/acefootball.com\/da\/wp-content\/uploads\/sites\/2\/2020\/07\/Ace-Football-30-07-2020-2.png\",\"contentUrl\":\"https:\/\/acefootball.com\/da\/wp-content\/uploads\/sites\/2\/2020\/07\/Ace-Football-30-07-2020-2.png\",\"width\":1200,\"height\":600,\"caption\":\"Ace Football\"},\"image\":{\"@id\":\"https:\/\/acefootball.com\/da\/#logo\"}},{\"@type\":\"WebSite\",\"@id\":\"https:\/\/acefootball.com\/da\/#website\",\"url\":\"https:\/\/acefootball.com\/da\/\",\"name\":\"Ace Football Danmark\",\"description\":\"Nyheder, Spiltips &amp; Livescore\",\"publisher\":{\"@id\":\"https:\/\/acefootball.com\/da\/#organization\"},\"potentialAction\":[{\"@type\":\"SearchAction\",\"target\":{\"@type\":\"EntryPoint\",\"urlTemplate\":\"https:\/\/acefootball.com\/da\/?s={search_term_string}\"},\"query-input\":\"required name=search_term_string\"}],\"inLanguage\":\"en-US\"},{\"@type\":\"ImageObject\",\"@id\":\"https:\/\/acefootball.com\/da\/fodboldnyheder\/positive-meldinger-aab-traener-saetter-dato-paa-lucas-andersens-comeback\/#primaryimage\",\"inLanguage\":\"en-US\",\"url\":\"https:\/\/acefootball.com\/da\/wp-content\/uploads\/sites\/2\/2021\/04\/Laes-mere-generel-14.jpg\",\"contentUrl\":\"https:\/\/acefootball.com\/da\/wp-content\/uploads\/sites\/2\/2021\/04\/Laes-mere-generel-14.jpg\",\"width\":1920,\"height\":1008},{\"@type\":\"WebPage\",\"@id\":\"https:\/\/acefootball.com\/da\/fodboldnyheder\/positive-meldinger-aab-traener-saetter-dato-paa-lucas-andersens-comeback\/#webpage\",\"url\":\"https:\/\/acefootball.com\/da\/fodboldnyheder\/positive-meldinger-aab-traener-saetter-dato-paa-lucas-andersens-comeback\/\",\"name\":\"Positive meldinger: AaB-tr\u00e6ner s\u00e6tter dato p\u00e5 Lucas Andersens comeback\",\"isPartOf\":{\"@id\":\"https:\/\/acefootball.com\/da\/#website\"},\"primaryImageOfPage\":{\"@id\":\"https:\/\/acefootball.com\/da\/fodboldnyheder\/positive-meldinger-aab-traener-saetter-dato-paa-lucas-andersens-comeback\/#primaryimage\"},\"datePublished\":\"2021-04-08T12:20:07+00:00\",\"dateModified\":\"2021-04-08T12:22:51+00:00\",\"description\":\"AaB-fansene kan godt begynde at gl\u00e6de sig til at se deres anf\u00f8rer Lucas Andersen tilbage p\u00e5 gr\u00f8nsv\u00e6ren i Superligaen\",\"breadcrumb\":{\"@id\":\"https:\/\/acefootball.com\/da\/fodboldnyheder\/positive-meldinger-aab-traener-saetter-dato-paa-lucas-andersens-comeback\/#breadcrumb\"},\"inLanguage\":\"en-US\",\"potentialAction\":[{\"@type\":\"ReadAction\",\"target\":[\"https:\/\/acefootball.com\/da\/fodboldnyheder\/positive-meldinger-aab-traener-saetter-dato-paa-lucas-andersens-comeback\/\"]}]},{\"@type\":\"BreadcrumbList\",\"@id\":\"https:\/\/acefootball.com\/da\/fodboldnyheder\/positive-meldinger-aab-traener-saetter-dato-paa-lucas-andersens-comeback\/#breadcrumb\",\"itemListElement\":[{\"@type\":\"ListItem\",\"position\":1,\"name\":\"Home\",\"item\":\"https:\/\/acefootball.com\/da\/\"},{\"@type\":\"ListItem\",\"position\":2,\"name\":\"Positive meldinger: AaB-tr\u00e6ner s\u00e6tter dato p\u00e5 Lucas Andersens comeback\"}]},{\"@type\":\"Article\",\"@id\":\"https:\/\/acefootball.com\/da\/fodboldnyheder\/positive-meldinger-aab-traener-saetter-dato-paa-lucas-andersens-comeback\/#article\",\"isPartOf\":{\"@id\":\"https:\/\/acefootball.com\/da\/fodboldnyheder\/positive-meldinger-aab-traener-saetter-dato-paa-lucas-andersens-comeback\/#webpage\"},\"author\":{\"@id\":\"https:\/\/acefootball.com\/da\/#\/schema\/person\/fd6223a1c033400b41da7853ddf88c84\"},\"headline\":\"Positive meldinger: AaB-tr\u00e6ner s\u00e6tter dato p\u00e5 Lucas Andersens comeback\",\"datePublished\":\"2021-04-08T12:20:07+00:00\",\"dateModified\":\"2021-04-08T12:22:51+00:00\",\"mainEntityOfPage\":{\"@id\":\"https:\/\/acefootball.com\/da\/fodboldnyheder\/positive-meldinger-aab-traener-saetter-dato-paa-lucas-andersens-comeback\/#webpage\"},\"wordCount\":198,\"commentCount\":0,\"publisher\":{\"@id\":\"https:\/\/acefootball.com\/da\/#organization\"},\"image\":{\"@id\":\"https:\/\/acefootball.com\/da\/fodboldnyheder\/positive-meldinger-aab-traener-saetter-dato-paa-lucas-andersens-comeback\/#primaryimage\"},\"thumbnailUrl\":\"https:\/\/acefootball.com\/da\/wp-content\/uploads\/sites\/2\/2020\/09\/GettyImages-1222991428.jpg\",\"keywords\":[\"AaB\",\"Lucas Andersen\",\"Superligaen\"],\"articleSection\":[\"Nyhed\"],\"inLanguage\":\"en-US\",\"potentialAction\":[{\"@type\":\"CommentAction\",\"name\":\"Comment\",\"target\":[\"https:\/\/acefootball.com\/da\/fodboldnyheder\/positive-meldinger-aab-traener-saetter-dato-paa-lucas-andersens-comeback\/#respond\"]}]},{\"@type\":\"Person\",\"@id\":\"https:\/\/acefootball.com\/da\/#\/schema\/person\/fd6223a1c033400b41da7853ddf88c84\",\"name\":\"Patrick Hesselb\u00e6k\",\"image\":{\"@type\":\"ImageObject\",\"@id\":\"https:\/\/acefootball.com\/da\/#personlogo\",\"inLanguage\":\"en-US\",\"url\":\"https:\/\/secure.gravatar.com\/avatar\/7919060992759bffbffb199d6cbdce6f?s=96&d=mm&r=g\",\"contentUrl\":\"https:\/\/secure.gravatar.com\/avatar\/7919060992759bffbffb199d6cbdce6f?s=96&d=mm&r=g\",\"caption\":\"Patrick Hesselb\u00e6k\"},\"description\":\"Redakt\u00f8r p\u00e5 den danske Ace Football-redaktion. Uddannet i kommunikation fra Aalborg Universitet. Prim\u00e6rt fokus p\u00e5 den danske 3F Superliga og de st\u00f8rste europ\u00e6iske turneringer.\",\"sameAs\":[\"https:\/\/www.linkedin.com\/in\/patrick-hesselbk-2a4b1711a\/\"],\"url\":\"https:\/\/acefootball.com\/da\/fodboldnyheder\/author\/patrickhesselbaek\/\"}]}<\/script>\n<!-- \/ Yoast SEO plugin. -->","yoast_head_json":{"title":"Positive meldinger: AaB-tr\u00e6ner s\u00e6tter dato p\u00e5 Lucas Andersens comeback","description":"AaB-fansene kan godt begynde at gl\u00e6de sig til at se deres anf\u00f8rer Lucas Andersen tilbage p\u00e5 gr\u00f8nsv\u00e6ren i Superligaen","robots":{"index":"index","follow":"follow","max-snippet":"max-snippet:-1","max-image-preview":"max-image-preview:large","max-video-preview":"max-video-preview:-1"},"canonical":"https:\/\/acefootball.com\/da\/fodboldnyheder\/positive-meldinger-aab-traener-saetter-dato-paa-lucas-andersens-comeback\/","og_locale":"en_US","og_type":"article","og_title":"Positive meldinger: AaB-tr\u00e6ner s\u00e6tter dato p\u00e5 Lucas Andersens comeback","og_description":"AaB-fansene kan godt begynde at gl\u00e6de sig til at se deres anf\u00f8rer Lucas Andersen tilbage p\u00e5 gr\u00f8nsv\u00e6ren i Superligaen","og_url":"https:\/\/acefootball.com\/da\/fodboldnyheder\/positive-meldinger-aab-traener-saetter-dato-paa-lucas-andersens-comeback\/","og_site_name":"Ace Football Danmark","article_publisher":"https:\/\/www.facebook.com\/acefootballdk","article_published_time":"2021-04-08T12:20:07+00:00","article_modified_time":"2021-04-08T12:22:51+00:00","og_image":[{"width":1920,"height":1008,"url":"https:\/\/acefootball.com\/da\/wp-content\/uploads\/sites\/2\/2021\/04\/Laes-mere-generel-14.jpg","type":"image\/jpeg"}],"twitter_card":"summary_large_image","twitter_misc":{"Written by":"Patrick Hesselb\u00e6k","Est. reading time":"1 minute"},"schema":{"@context":"https:\/\/schema.org","@graph":[{"@type":"Organization","@id":"https:\/\/acefootball.com\/da\/#organization","name":"Ace Football","url":"https:\/\/acefootball.com\/da\/","sameAs":["https:\/\/www.facebook.com\/acefootballdk"],"logo":{"@type":"ImageObject","@id":"https:\/\/acefootball.com\/da\/#logo","inLanguage":"en-US","url":"https:\/\/acefootball.com\/da\/wp-content\/uploads\/sites\/2\/2020\/07\/Ace-Football-30-07-2020-2.png","contentUrl":"https:\/\/acefootball.com\/da\/wp-content\/uploads\/sites\/2\/2020\/07\/Ace-Football-30-07-2020-2.png","width":1200,"height":600,"caption":"Ace Football"},"image":{"@id":"https:\/\/acefootball.com\/da\/#logo"}},{"@type":"WebSite","@id":"https:\/\/acefootball.com\/da\/#website","url":"https:\/\/acefootball.com\/da\/","name":"Ace Football Danmark","description":"Nyheder, Spiltips &amp; Livescore","publisher":{"@id":"https:\/\/acefootball.com\/da\/#organization"},"potentialAction":[{"@type":"SearchAction","target":{"@type":"EntryPoint","urlTemplate":"https:\/\/acefootball.com\/da\/?s={search_term_string}"},"query-input":"required name=search_term_string"}],"inLanguage":"en-US"},{"@type":"ImageObject","@id":"https:\/\/acefootball.com\/da\/fodboldnyheder\/positive-meldinger-aab-traener-saetter-dato-paa-lucas-andersens-comeback\/#primaryimage","inLanguage":"en-US","url":"https:\/\/acefootball.com\/da\/wp-content\/uploads\/sites\/2\/2021\/04\/Laes-mere-generel-14.jpg","contentUrl":"https:\/\/acefootball.com\/da\/wp-content\/uploads\/sites\/2\/2021\/04\/Laes-mere-generel-14.jpg","width":1920,"height":1008},{"@type":"WebPage","@id":"https:\/\/acefootball.com\/da\/fodboldnyheder\/positive-meldinger-aab-traener-saetter-dato-paa-lucas-andersens-comeback\/#webpage","url":"https:\/\/acefootball.com\/da\/fodboldnyheder\/positive-meldinger-aab-traener-saetter-dato-paa-lucas-andersens-comeback\/","name":"Positive meldinger: AaB-tr\u00e6ner s\u00e6tter dato p\u00e5 Lucas Andersens comeback","isPartOf":{"@id":"https:\/\/acefootball.com\/da\/#website"},"primaryImageOfPage":{"@id":"https:\/\/acefootball.com\/da\/fodboldnyheder\/positive-meldinger-aab-traener-saetter-dato-paa-lucas-andersens-comeback\/#primaryimage"},"datePublished":"2021-04-08T12:20:07+00:00","dateModified":"2021-04-08T12:22:51+00:00","description":"AaB-fansene kan godt begynde at gl\u00e6de sig til at se deres anf\u00f8rer Lucas Andersen tilbage p\u00e5 gr\u00f8nsv\u00e6ren i Superligaen","breadcrumb":{"@id":"https:\/\/acefootball.com\/da\/fodboldnyheder\/positive-meldinger-aab-traener-saetter-dato-paa-lucas-andersens-comeback\/#breadcrumb"},"inLanguage":"en-US","potentialAction":[{"@type":"ReadAction","target":["https:\/\/acefootball.com\/da\/fodboldnyheder\/positive-meldinger-aab-traener-saetter-dato-paa-lucas-andersens-comeback\/"]}]},{"@type":"BreadcrumbList","@id":"https:\/\/acefootball.com\/da\/fodboldnyheder\/positive-meldinger-aab-traener-saetter-dato-paa-lucas-andersens-comeback\/#breadcrumb","itemListElement":[{"@type":"ListItem","position":1,"name":"Home","item":"https:\/\/acefootball.com\/da\/"},{"@type":"ListItem","position":2,"name":"Positive meldinger: AaB-tr\u00e6ner s\u00e6tter dato p\u00e5 Lucas Andersens comeback"}]},{"@type":"Article","@id":"https:\/\/acefootball.com\/da\/fodboldnyheder\/positive-meldinger-aab-traener-saetter-dato-paa-lucas-andersens-comeback\/#article","isPartOf":{"@id":"https:\/\/acefootball.com\/da\/fodboldnyheder\/positive-meldinger-aab-traener-saetter-dato-paa-lucas-andersens-comeback\/#webpage"},"author":{"@id":"https:\/\/acefootball.com\/da\/#\/schema\/person\/fd6223a1c033400b41da7853ddf88c84"},"headline":"Positive meldinger: AaB-tr\u00e6ner s\u00e6tter dato p\u00e5 Lucas Andersens comeback","datePublished":"2021-04-08T12:20:07+00:00","dateModified":"2021-04-08T12:22:51+00:00","mainEntityOfPage":{"@id":"https:\/\/acefootball.com\/da\/fodboldnyheder\/positive-meldinger-aab-traener-saetter-dato-paa-lucas-andersens-comeback\/#webpage"},"wordCount":198,"commentCount":0,"publisher":{"@id":"https:\/\/acefootball.com\/da\/#organization"},"image":{"@id":"https:\/\/acefootball.com\/da\/fodboldnyheder\/positive-meldinger-aab-traener-saetter-dato-paa-lucas-andersens-comeback\/#primaryimage"},"thumbnailUrl":"https:\/\/acefootball.com\/da\/wp-content\/uploads\/sites\/2\/2020\/09\/GettyImages-1222991428.jpg","keywords":["AaB","Lucas Andersen","Superligaen"],"articleSection":["Nyhed"],"inLanguage":"en-US","potentialAction":[{"@type":"CommentAction","name":"Comment","target":["https:\/\/acefootball.com\/da\/fodboldnyheder\/positive-meldinger-aab-traener-saetter-dato-paa-lucas-andersens-comeback\/#respond"]}]},{"@type":"Person","@id":"https:\/\/acefootball.com\/da\/#\/schema\/person\/fd6223a1c033400b41da7853ddf88c84","name":"Patrick Hesselb\u00e6k","image":{"@type":"ImageObject","@id":"https:\/\/acefootball.com\/da\/#personlogo","inLanguage":"en-US","url":"https:\/\/secure.gravatar.com\/avatar\/7919060992759bffbffb199d6cbdce6f?s=96&d=mm&r=g","contentUrl":"https:\/\/secure.gravatar.com\/avatar\/7919060992759bffbffb199d6cbdce6f?s=96&d=mm&r=g","caption":"Patrick Hesselb\u00e6k"},"description":"Redakt\u00f8r p\u00e5 den danske Ace Football-redaktion. Uddannet i kommunikation fra Aalborg Universitet. Prim\u00e6rt fokus p\u00e5 den danske 3F Superliga og de st\u00f8rste europ\u00e6iske turneringer.","sameAs":["https:\/\/www.linkedin.com\/in\/patrick-hesselbk-2a4b1711a\/"],"url":"https:\/\/acefootball.com\/da\/fodboldnyheder\/author\/patrickhesselbaek\/"}]}},"fimg_url":"https:\/\/acefootball.com\/da\/wp-content\/uploads\/sites\/2\/2020\/09\/GettyImages-1222991428.jpg","_links":{"self":[{"href":"https:\/\/acefootball.com\/da\/wp-json\/wp\/v2\/posts\/256691"}],"collection":[{"href":"https:\/\/acefootball.com\/da\/wp-json\/wp\/v2\/posts"}],"about":[{"href":"https:\/\/acefootball.com\/da\/wp-json\/wp\/v2\/types\/post"}],"author":[{"embeddable":true,"href":"https:\/\/acefootball.com\/da\/wp-json\/wp\/v2\/users\/74"}],"replies":[{"embeddable":true,"href":"https:\/\/acefootball.com\/da\/wp-json\/wp\/v2\/comments?post=256691"}],"version-history":[{"count":0,"href":"https:\/\/acefootball.com\/da\/wp-json\/wp\/v2\/posts\/256691\/revisions"}],"wp:featuredmedia":[{"embeddable":true,"href":"https:\/\/acefootball.com\/da\/wp-json\/wp\/v2\/media\/237951"}],"wp:attachment":[{"href":"https:\/\/acefootball.com\/da\/wp-json\/wp\/v2\/media?parent=256691"}],"wp:term":[{"taxonomy":"category","embeddable":true,"href":"https:\/\/acefootball.com\/da\/wp-json\/wp\/v2\/categories?post=256691"},{"taxonomy":"post_tag","embeddable":true,"href":"https:\/\/acefootball.com\/da\/wp-json\/wp\/v2\/tags?post=256691"}],"curies":[{"name":"wp","href":"https:\/\/api.w.org\/{rel}","templated":true}]}}