{"id":256609,"date":"2021-04-07T13:55:50","date_gmt":"2021-04-07T11:55:50","guid":{"rendered":"https:\/\/acefootball.com\/da\/?p=256609"},"modified":"2021-04-07T13:58:24","modified_gmt":"2021-04-07T11:58:24","slug":"vanvittig-historie-brasiliansk-angriber-koerte-cyklist-ned-efter-brud-paa-covid-isolation","status":"publish","type":"post","link":"https:\/\/acefootball.com\/da\/fodboldnyheder\/vanvittig-historie-brasiliansk-angriber-koerte-cyklist-ned-efter-brud-paa-covid-isolation\/","title":{"rendered":"Vanvittig historie: Brasiliansk angriber k\u00f8rte cyklist ned efter brud p\u00e5 COVID-isolation"},"content":{"rendered":"\n<h2 id=\"h-den-brasilianske-angriber-luiz-adriano-er-havnet-i-lidt-af-et-stormvejr-efter-at-et-helt-absurd-stunt-hvor-han-blandt-andet-har-k-rt-en-cyklist-over\">Den brasilianske angriber Luiz Adriano er havnet i lidt af et stormvejr efter at et helt absurd stunt, hvor han blandt andet har k\u00f8rt en cyklist over<\/h2>\n\n\n\n<p>De fleste danskere husker nok den brasilianske angriber Luiz Adriano fra den kontroversielle episode i Champions League, hvor han i 2012 for Shakhtar Donetsk valgte at tage bolden efter, at en holdkammerat havde sparket den ned til FC Nordsj\u00e6lland i en &#8216;Fair Play-situation&#8217;.<\/p>\n\n\n\n<p>Adrianos aktion var dog alt andet end Fair Play, da han valgte at l\u00f8be ned og score et m\u00e5l, mens b\u00e5de modstandere og holdkammerater s\u00e5 p\u00e5, hvilket gjorde ham til en utroligt upopul\u00e6r herre i Parken den aften for ikke at sige i hele Danmark.<\/p>\n\n\n\n<figure class=\"wp-block-embed is-type-video is-provider-youtube wp-block-embed-youtube wp-embed-aspect-4-3 wp-has-aspect-ratio\"><div class=\"wp-block-embed__wrapper\">\n<iframe loading=\"lazy\" title=\"LUIZ ADRIANO - NO FAIR PLAY - Nordsjaelland vs Shakhtar 2,5 ( ALL3GOALS) Hat trick @everydaysportz\" width=\"640\" height=\"480\" src=\"https:\/\/www.youtube.com\/embed\/NuC9R7omjJ4?feature=oembed\" frameborder=\"0\" allow=\"accelerometer; autoplay; clipboard-write; encrypted-media; gyroscope; picture-in-picture\" allowfullscreen><\/iframe>\n<\/div><\/figure>\n\n\n\n<p>Nu har den flamboyante brasilianer s\u00e5 endnu engang bragt sig selv i negativt fokus, og denne gang i en noget mere alvorlig sag.<\/p>\n\n\n\n<p>Adriano blev nemlig i sidste uge testet positiv to gange med COVID-19 og var derfor sendt i karant\u00e6ne i hjemmet. Denne karant\u00e6ne valgte han s\u00e5 at &#8216;flygte&#8217; fra ved at tage sin bil og hente sin mor for at tage p\u00e5 shoppingtur i et storcenter.<\/p>\n\n\n\n<p>Som om dette ikke var slemt nok i sig selv, n\u00e5r man er positiv med corona, endte Adriano ogs\u00e5 med at k\u00f8re en cyklist ned p\u00e5 shoppingcentrets parkeringsplads. If\u00f8lge brasilianske medier blev han opdaget og fotograferet p\u00e5 stedet, da han ventede p\u00e5, at cyklist kunne f\u00e5 l\u00e6gehj\u00e6lpe efter ulykken.<\/p>\n\n\n\n<figure class=\"wp-block-embed is-type-rich is-provider-twitter wp-block-embed-twitter\"><div class=\"wp-block-embed__wrapper\">\n<blockquote class=\"twitter-tweet\" data-width=\"550\" data-dnt=\"true\"><p lang=\"pt\" dir=\"ltr\">Mais informa\u00e7\u00f5es;<br><br>O jogador Luiz Adriano mesmo com o teste ter dado positivo para a covid, descumpriu o protocolo de seguran\u00e7a de ter ficado em casa isolado, com isso o Palmeiras tomar\u00e1 provid\u00eancias internas com o jogador, as a\u00e7\u00f5es ser\u00e3o convertidas em cestas b\u00e1sicas.<\/p>&mdash; UrubuTT (@UrubuTT_) <a href=\"https:\/\/twitter.com\/UrubuTT_\/status\/1379605176965795840?ref_src=twsrc%5Etfw\">April 7, 2021<\/a><\/blockquote><script async src=\"https:\/\/platform.twitter.com\/widgets.js\" charset=\"utf-8\"><\/script>\n<\/div><\/figure>\n\n\n\n<p>Han har efterf\u00f8lgende p\u00e5 sin officielle Instagram-konto skrevet en lang forklaring omkring, hvad der skete.<\/p>\n\n\n\n<p>&#8220;Desv\u00e6rre testede jeg endnu engang positiv med COVID-19 d. 4 april, da vi blev testet med klubben, som vi g\u00f8r hver uge, og min test kom tilbage positiv. Jeg har tidligere haft corona og havde ikke umiddelbart nogen symptomer, men reglerne er klare. Jeg var blevet instrueret i at bliver hjemme i karant\u00e6ne i mit hus, men i g\u00e5r valgt jeg at tage med min mor i supermarkedet i shoppingcentret, da hun ikke selv kan k\u00f8re bil,&#8221; skriver han og forts\u00e6tter:<\/p>\n\n\n\n<p>&#8220;Jeg forlod ikke bilen og havde min maske p\u00e5, men jeg endte i et uheld med en cyklist, som jeg p\u00e5k\u00f8rte p\u00e5 vej ud fra parkeringspladsen. Jeg beholdt min maske p\u00e5, men jeg blev n\u00f8dt til at assistere cyklisten. Alt er godt. Jeg skulle ikkeh have forladt huset. Det er min fejl. Det indr\u00f8mmer jeg.&#8221;<\/p>\n\n\n\n<figure class=\"wp-block-embed is-type-rich is-provider-instagram wp-block-embed-instagram\"><div class=\"wp-block-embed__wrapper\">\n<blockquote class=\"instagram-media\" data-instgrm-captioned data-instgrm-permalink=\"https:\/\/www.instagram.com\/p\/CNV8rcsh_mZ\/?utm_source=ig_embed&amp;utm_campaign=loading\" data-instgrm-version=\"13\" style=\" background:#FFF; border:0; border-radius:3px; box-shadow:0 0 1px 0 rgba(0,0,0,0.5),0 1px 10px 0 rgba(0,0,0,0.15); margin: 1px; max-width:640px; min-width:326px; padding:0; width:99.375%; width:-webkit-calc(100% - 2px); width:calc(100% - 2px);\"><div style=\"padding:16px;\"> <a href=\"https:\/\/www.instagram.com\/p\/CNV8rcsh_mZ\/?utm_source=ig_embed&amp;utm_campaign=loading\" style=\" background:#FFFFFF; line-height:0; padding:0 0; text-align:center; text-decoration:none; width:100%;\" target=\"_blank\"> <div style=\" display: flex; flex-direction: row; align-items: center;\"> <div style=\"background-color: #F4F4F4; border-radius: 50%; flex-grow: 0; height: 40px; margin-right: 14px; width: 40px;\"><\/div> <div style=\"display: flex; flex-direction: column; flex-grow: 1; justify-content: center;\"> <div style=\" background-color: #F4F4F4; border-radius: 4px; flex-grow: 0; height: 14px; margin-bottom: 6px; width: 100px;\"><\/div> <div style=\" background-color: #F4F4F4; border-radius: 4px; flex-grow: 0; height: 14px; width: 60px;\"><\/div><\/div><\/div><div style=\"padding: 19% 0;\"><\/div> <div style=\"display:block; height:50px; margin:0 auto 12px; width:50px;\"><svg width=\"50px\" height=\"50px\" viewBox=\"0 0 60 60\" version=\"1.1\" xmlns=\"https:\/\/www.w3.org\/2000\/svg\" xmlns:xlink=\"https:\/\/www.w3.org\/1999\/xlink\"><g stroke=\"none\" stroke-width=\"1\" fill=\"none\" fill-rule=\"evenodd\"><g transform=\"translate(-511.000000, -20.000000)\" fill=\"#000000\"><g><path d=\"M556.869,30.41 C554.814,30.41 553.148,32.076 553.148,34.131 C553.148,36.186 554.814,37.852 556.869,37.852 C558.924,37.852 560.59,36.186 560.59,34.131 C560.59,32.076 558.924,30.41 556.869,30.41 M541,60.657 C535.114,60.657 530.342,55.887 530.342,50 C530.342,44.114 535.114,39.342 541,39.342 C546.887,39.342 551.658,44.114 551.658,50 C551.658,55.887 546.887,60.657 541,60.657 M541,33.886 C532.1,33.886 524.886,41.1 524.886,50 C524.886,58.899 532.1,66.113 541,66.113 C549.9,66.113 557.115,58.899 557.115,50 C557.115,41.1 549.9,33.886 541,33.886 M565.378,62.101 C565.244,65.022 564.756,66.606 564.346,67.663 C563.803,69.06 563.154,70.057 562.106,71.106 C561.058,72.155 560.06,72.803 558.662,73.347 C557.607,73.757 556.021,74.244 553.102,74.378 C549.944,74.521 548.997,74.552 541,74.552 C533.003,74.552 532.056,74.521 528.898,74.378 C525.979,74.244 524.393,73.757 523.338,73.347 C521.94,72.803 520.942,72.155 519.894,71.106 C518.846,70.057 518.197,69.06 517.654,67.663 C517.244,66.606 516.755,65.022 516.623,62.101 C516.479,58.943 516.448,57.996 516.448,50 C516.448,42.003 516.479,41.056 516.623,37.899 C516.755,34.978 517.244,33.391 517.654,32.338 C518.197,30.938 518.846,29.942 519.894,28.894 C520.942,27.846 521.94,27.196 523.338,26.654 C524.393,26.244 525.979,25.756 528.898,25.623 C532.057,25.479 533.004,25.448 541,25.448 C548.997,25.448 549.943,25.479 553.102,25.623 C556.021,25.756 557.607,26.244 558.662,26.654 C560.06,27.196 561.058,27.846 562.106,28.894 C563.154,29.942 563.803,30.938 564.346,32.338 C564.756,33.391 565.244,34.978 565.378,37.899 C565.522,41.056 565.552,42.003 565.552,50 C565.552,57.996 565.522,58.943 565.378,62.101 M570.82,37.631 C570.674,34.438 570.167,32.258 569.425,30.349 C568.659,28.377 567.633,26.702 565.965,25.035 C564.297,23.368 562.623,22.342 560.652,21.575 C558.743,20.834 556.562,20.326 553.369,20.18 C550.169,20.033 549.148,20 541,20 C532.853,20 531.831,20.033 528.631,20.18 C525.438,20.326 523.257,20.834 521.349,21.575 C519.376,22.342 517.703,23.368 516.035,25.035 C514.368,26.702 513.342,28.377 512.574,30.349 C511.834,32.258 511.326,34.438 511.181,37.631 C511.035,40.831 511,41.851 511,50 C511,58.147 511.035,59.17 511.181,62.369 C511.326,65.562 511.834,67.743 512.574,69.651 C513.342,71.625 514.368,73.296 516.035,74.965 C517.703,76.634 519.376,77.658 521.349,78.425 C523.257,79.167 525.438,79.673 528.631,79.82 C531.831,79.965 532.853,80.001 541,80.001 C549.148,80.001 550.169,79.965 553.369,79.82 C556.562,79.673 558.743,79.167 560.652,78.425 C562.623,77.658 564.297,76.634 565.965,74.965 C567.633,73.296 568.659,71.625 569.425,69.651 C570.167,67.743 570.674,65.562 570.82,62.369 C570.966,59.17 571,58.147 571,50 C571,41.851 570.966,40.831 570.82,37.631\"><\/path><\/g><\/g><\/g><\/svg><\/div><div style=\"padding-top: 8px;\"> <div style=\" color:#3897f0; font-family:Arial,sans-serif; font-size:14px; font-style:normal; font-weight:550; line-height:18px;\"> View this post on Instagram<\/div><\/div><div style=\"padding: 12.5% 0;\"><\/div> <div style=\"display: flex; flex-direction: row; margin-bottom: 14px; align-items: center;\"><div> <div style=\"background-color: #F4F4F4; border-radius: 50%; height: 12.5px; width: 12.5px; transform: translateX(0px) translateY(7px);\"><\/div> <div style=\"background-color: #F4F4F4; height: 12.5px; transform: rotate(-45deg) translateX(3px) translateY(1px); width: 12.5px; flex-grow: 0; margin-right: 14px; margin-left: 2px;\"><\/div> <div style=\"background-color: #F4F4F4; border-radius: 50%; height: 12.5px; width: 12.5px; transform: translateX(9px) translateY(-18px);\"><\/div><\/div><div style=\"margin-left: 8px;\"> <div style=\" background-color: #F4F4F4; border-radius: 50%; flex-grow: 0; height: 20px; width: 20px;\"><\/div> <div style=\" width: 0; height: 0; border-top: 2px solid transparent; border-left: 6px solid #f4f4f4; border-bottom: 2px solid transparent; transform: translateX(16px) translateY(-4px) rotate(30deg)\"><\/div><\/div><div style=\"margin-left: auto;\"> <div style=\" width: 0px; border-top: 8px solid #F4F4F4; border-right: 8px solid transparent; transform: translateY(16px);\"><\/div> <div style=\" background-color: #F4F4F4; flex-grow: 0; height: 12px; width: 16px; transform: translateY(-4px);\"><\/div> <div style=\" width: 0; height: 0; border-top: 8px solid #F4F4F4; border-left: 8px solid transparent; transform: translateY(-4px) translateX(8px);\"><\/div><\/div><\/div> <div style=\"display: flex; flex-direction: column; flex-grow: 1; justify-content: center; margin-bottom: 24px;\"> <div style=\" background-color: #F4F4F4; border-radius: 4px; flex-grow: 0; height: 14px; margin-bottom: 6px; width: 224px;\"><\/div> <div style=\" background-color: #F4F4F4; border-radius: 4px; flex-grow: 0; height: 14px; width: 144px;\"><\/div><\/div><\/a><p style=\" color:#c9c8cd; font-family:Arial,sans-serif; font-size:14px; line-height:17px; margin-bottom:0; margin-top:8px; overflow:hidden; padding:8px 0 7px; text-align:center; text-overflow:ellipsis; white-space:nowrap;\"><a href=\"https:\/\/www.instagram.com\/p\/CNV8rcsh_mZ\/?utm_source=ig_embed&amp;utm_campaign=loading\" style=\" color:#c9c8cd; font-family:Arial,sans-serif; font-size:14px; font-style:normal; font-weight:normal; line-height:17px; text-decoration:none;\" target=\"_blank\">A post shared by \ue42bLuiz Adriano\ue018 #10 (@luizadrianinho)<\/a><\/p><\/div><\/blockquote><script async src=\"\/\/platform.instagram.com\/en_US\/embeds.js\"><\/script>\n<\/div><\/figure>\n","protected":false},"excerpt":{"rendered":"<p>Den brasilianske angriber Luiz Adriano er havnet i lidt af et stormvejr efter at et helt absurd stunt, hvor han blandt andet har k\u00f8rt en cyklist over<\/p>\n","protected":false},"author":74,"featured_media":256610,"comment_status":"open","ping_status":"closed","sticky":false,"template":"","format":"standard","meta":{"om_disable_all_campaigns":false,"push_articles_ronaldo":{"active":false,"canonical":0,"publish":false},"force_updates":null},"categories":[2470],"tags":[8661,6199],"enet_tags":{"team":["10283"],"sport_events":[]},"yoast_head":"<!-- This site is optimized with the Yoast SEO plugin v18.3 - https:\/\/yoast.com\/wordpress\/plugins\/seo\/ -->\n<title>Vanvittig historie: Brasiliansk angriber k\u00f8rte cyklist ned efter brud p\u00e5 COVID-isolation<\/title>\n<meta name=\"description\" content=\"Den brasilianske angriber Luiz Adriano er havnet i lidt af et stormvejr efter at et helt absurd stunt, hvor han blandt andet har k\u00f8rt en cyklist over\" \/>\n<meta name=\"robots\" content=\"index, follow, max-snippet:-1, max-image-preview:large, max-video-preview:-1\" \/>\n<link rel=\"canonical\" href=\"https:\/\/acefootball.com\/da\/fodboldnyheder\/vanvittig-historie-brasiliansk-angriber-koerte-cyklist-ned-efter-brud-paa-covid-isolation\/\" \/>\n<meta property=\"og:locale\" content=\"en_US\" \/>\n<meta property=\"og:type\" content=\"article\" \/>\n<meta property=\"og:title\" content=\"Vanvittig historie: Brasiliansk angriber k\u00f8rte cyklist ned efter brud p\u00e5 COVID-isolation\" \/>\n<meta property=\"og:description\" content=\"Den brasilianske angriber Luiz Adriano er havnet i lidt af et stormvejr efter at et helt absurd stunt, hvor han blandt andet har k\u00f8rt en cyklist over\" \/>\n<meta property=\"og:url\" content=\"https:\/\/acefootball.com\/da\/fodboldnyheder\/vanvittig-historie-brasiliansk-angriber-koerte-cyklist-ned-efter-brud-paa-covid-isolation\/\" \/>\n<meta property=\"og:site_name\" content=\"Ace Football Danmark\" \/>\n<meta property=\"article:publisher\" content=\"https:\/\/www.facebook.com\/acefootballdk\" \/>\n<meta property=\"article:published_time\" content=\"2021-04-07T11:55:50+00:00\" \/>\n<meta property=\"article:modified_time\" content=\"2021-04-07T11:58:24+00:00\" \/>\n<meta property=\"og:image\" content=\"https:\/\/acefootball.com\/da\/wp-content\/uploads\/sites\/2\/2021\/04\/Laes-mere-generel-1.jpg\" \/>\n\t<meta property=\"og:image:width\" content=\"1920\" \/>\n\t<meta property=\"og:image:height\" content=\"1008\" \/>\n\t<meta property=\"og:image:type\" content=\"image\/jpeg\" \/>\n<meta name=\"twitter:card\" content=\"summary_large_image\" \/>\n<meta name=\"twitter:label1\" content=\"Written by\" \/>\n\t<meta name=\"twitter:data1\" content=\"Patrick Hesselb\u00e6k\" \/>\n\t<meta name=\"twitter:label2\" content=\"Est. reading time\" \/>\n\t<meta name=\"twitter:data2\" content=\"2 minutes\" \/>\n<script type=\"application\/ld+json\" class=\"yoast-schema-graph\">{\"@context\":\"https:\/\/schema.org\",\"@graph\":[{\"@type\":\"Organization\",\"@id\":\"https:\/\/acefootball.com\/da\/#organization\",\"name\":\"Ace Football\",\"url\":\"https:\/\/acefootball.com\/da\/\",\"sameAs\":[\"https:\/\/www.facebook.com\/acefootballdk\"],\"logo\":{\"@type\":\"ImageObject\",\"@id\":\"https:\/\/acefootball.com\/da\/#logo\",\"inLanguage\":\"en-US\",\"url\":\"https:\/\/acefootball.com\/da\/wp-content\/uploads\/sites\/2\/2020\/07\/Ace-Football-30-07-2020-2.png\",\"contentUrl\":\"https:\/\/acefootball.com\/da\/wp-content\/uploads\/sites\/2\/2020\/07\/Ace-Football-30-07-2020-2.png\",\"width\":1200,\"height\":600,\"caption\":\"Ace Football\"},\"image\":{\"@id\":\"https:\/\/acefootball.com\/da\/#logo\"}},{\"@type\":\"WebSite\",\"@id\":\"https:\/\/acefootball.com\/da\/#website\",\"url\":\"https:\/\/acefootball.com\/da\/\",\"name\":\"Ace Football Danmark\",\"description\":\"Nyheder, Spiltips &amp; Livescore\",\"publisher\":{\"@id\":\"https:\/\/acefootball.com\/da\/#organization\"},\"potentialAction\":[{\"@type\":\"SearchAction\",\"target\":{\"@type\":\"EntryPoint\",\"urlTemplate\":\"https:\/\/acefootball.com\/da\/?s={search_term_string}\"},\"query-input\":\"required name=search_term_string\"}],\"inLanguage\":\"en-US\"},{\"@type\":\"ImageObject\",\"@id\":\"https:\/\/acefootball.com\/da\/fodboldnyheder\/vanvittig-historie-brasiliansk-angriber-koerte-cyklist-ned-efter-brud-paa-covid-isolation\/#primaryimage\",\"inLanguage\":\"en-US\",\"url\":\"https:\/\/acefootball.com\/da\/wp-content\/uploads\/sites\/2\/2021\/04\/Laes-mere-generel-1.jpg\",\"contentUrl\":\"https:\/\/acefootball.com\/da\/wp-content\/uploads\/sites\/2\/2021\/04\/Laes-mere-generel-1.jpg\",\"width\":1920,\"height\":1008,\"caption\":\"MILAN, ITALY - AUGUST 17: Luiz Adriano (C) of AC Milan celebrates his goal with his team-mates Nigel De Jong (R) and Keisuke Honda (L) during the TIM Cup match between AC Milan and AC Perugia at Stadio Giuseppe Meazza on August 17, 2015 in Milan, Italy. (Photo by Marco Luzzani\/Getty Images)\"},{\"@type\":\"WebPage\",\"@id\":\"https:\/\/acefootball.com\/da\/fodboldnyheder\/vanvittig-historie-brasiliansk-angriber-koerte-cyklist-ned-efter-brud-paa-covid-isolation\/#webpage\",\"url\":\"https:\/\/acefootball.com\/da\/fodboldnyheder\/vanvittig-historie-brasiliansk-angriber-koerte-cyklist-ned-efter-brud-paa-covid-isolation\/\",\"name\":\"Vanvittig historie: Brasiliansk angriber k\u00f8rte cyklist ned efter brud p\u00e5 COVID-isolation\",\"isPartOf\":{\"@id\":\"https:\/\/acefootball.com\/da\/#website\"},\"primaryImageOfPage\":{\"@id\":\"https:\/\/acefootball.com\/da\/fodboldnyheder\/vanvittig-historie-brasiliansk-angriber-koerte-cyklist-ned-efter-brud-paa-covid-isolation\/#primaryimage\"},\"datePublished\":\"2021-04-07T11:55:50+00:00\",\"dateModified\":\"2021-04-07T11:58:24+00:00\",\"description\":\"Den brasilianske angriber Luiz Adriano er havnet i lidt af et stormvejr efter at et helt absurd stunt, hvor han blandt andet har k\u00f8rt en cyklist over\",\"breadcrumb\":{\"@id\":\"https:\/\/acefootball.com\/da\/fodboldnyheder\/vanvittig-historie-brasiliansk-angriber-koerte-cyklist-ned-efter-brud-paa-covid-isolation\/#breadcrumb\"},\"inLanguage\":\"en-US\",\"potentialAction\":[{\"@type\":\"ReadAction\",\"target\":[\"https:\/\/acefootball.com\/da\/fodboldnyheder\/vanvittig-historie-brasiliansk-angriber-koerte-cyklist-ned-efter-brud-paa-covid-isolation\/\"]}]},{\"@type\":\"BreadcrumbList\",\"@id\":\"https:\/\/acefootball.com\/da\/fodboldnyheder\/vanvittig-historie-brasiliansk-angriber-koerte-cyklist-ned-efter-brud-paa-covid-isolation\/#breadcrumb\",\"itemListElement\":[{\"@type\":\"ListItem\",\"position\":1,\"name\":\"Home\",\"item\":\"https:\/\/acefootball.com\/da\/\"},{\"@type\":\"ListItem\",\"position\":2,\"name\":\"Vanvittig historie: Brasiliansk angriber k\u00f8rte cyklist ned efter brud p\u00e5 COVID-isolation\"}]},{\"@type\":\"Article\",\"@id\":\"https:\/\/acefootball.com\/da\/fodboldnyheder\/vanvittig-historie-brasiliansk-angriber-koerte-cyklist-ned-efter-brud-paa-covid-isolation\/#article\",\"isPartOf\":{\"@id\":\"https:\/\/acefootball.com\/da\/fodboldnyheder\/vanvittig-historie-brasiliansk-angriber-koerte-cyklist-ned-efter-brud-paa-covid-isolation\/#webpage\"},\"author\":{\"@id\":\"https:\/\/acefootball.com\/da\/#\/schema\/person\/fd6223a1c033400b41da7853ddf88c84\"},\"headline\":\"Vanvittig historie: Brasiliansk angriber k\u00f8rte cyklist ned efter brud p\u00e5 COVID-isolation\",\"datePublished\":\"2021-04-07T11:55:50+00:00\",\"dateModified\":\"2021-04-07T11:58:24+00:00\",\"mainEntityOfPage\":{\"@id\":\"https:\/\/acefootball.com\/da\/fodboldnyheder\/vanvittig-historie-brasiliansk-angriber-koerte-cyklist-ned-efter-brud-paa-covid-isolation\/#webpage\"},\"wordCount\":447,\"commentCount\":0,\"publisher\":{\"@id\":\"https:\/\/acefootball.com\/da\/#organization\"},\"image\":{\"@id\":\"https:\/\/acefootball.com\/da\/fodboldnyheder\/vanvittig-historie-brasiliansk-angriber-koerte-cyklist-ned-efter-brud-paa-covid-isolation\/#primaryimage\"},\"thumbnailUrl\":\"https:\/\/acefootball.com\/da\/wp-content\/uploads\/sites\/2\/2021\/04\/GettyImages-484350376.jpg\",\"keywords\":[\"Luiz Adriano\",\"Palmeiras\"],\"articleSection\":[\"Offsite\"],\"inLanguage\":\"en-US\",\"potentialAction\":[{\"@type\":\"CommentAction\",\"name\":\"Comment\",\"target\":[\"https:\/\/acefootball.com\/da\/fodboldnyheder\/vanvittig-historie-brasiliansk-angriber-koerte-cyklist-ned-efter-brud-paa-covid-isolation\/#respond\"]}]},{\"@type\":\"Person\",\"@id\":\"https:\/\/acefootball.com\/da\/#\/schema\/person\/fd6223a1c033400b41da7853ddf88c84\",\"name\":\"Patrick Hesselb\u00e6k\",\"image\":{\"@type\":\"ImageObject\",\"@id\":\"https:\/\/acefootball.com\/da\/#personlogo\",\"inLanguage\":\"en-US\",\"url\":\"https:\/\/secure.gravatar.com\/avatar\/7919060992759bffbffb199d6cbdce6f?s=96&d=mm&r=g\",\"contentUrl\":\"https:\/\/secure.gravatar.com\/avatar\/7919060992759bffbffb199d6cbdce6f?s=96&d=mm&r=g\",\"caption\":\"Patrick Hesselb\u00e6k\"},\"description\":\"Redakt\u00f8r p\u00e5 den danske Ace Football-redaktion. Uddannet i kommunikation fra Aalborg Universitet. Prim\u00e6rt fokus p\u00e5 den danske 3F Superliga og de st\u00f8rste europ\u00e6iske turneringer.\",\"sameAs\":[\"https:\/\/www.linkedin.com\/in\/patrick-hesselbk-2a4b1711a\/\"],\"url\":\"https:\/\/acefootball.com\/da\/fodboldnyheder\/author\/patrickhesselbaek\/\"}]}<\/script>\n<!-- \/ Yoast SEO plugin. -->","yoast_head_json":{"title":"Vanvittig historie: Brasiliansk angriber k\u00f8rte cyklist ned efter brud p\u00e5 COVID-isolation","description":"Den brasilianske angriber Luiz Adriano er havnet i lidt af et stormvejr efter at et helt absurd stunt, hvor han blandt andet har k\u00f8rt en cyklist over","robots":{"index":"index","follow":"follow","max-snippet":"max-snippet:-1","max-image-preview":"max-image-preview:large","max-video-preview":"max-video-preview:-1"},"canonical":"https:\/\/acefootball.com\/da\/fodboldnyheder\/vanvittig-historie-brasiliansk-angriber-koerte-cyklist-ned-efter-brud-paa-covid-isolation\/","og_locale":"en_US","og_type":"article","og_title":"Vanvittig historie: Brasiliansk angriber k\u00f8rte cyklist ned efter brud p\u00e5 COVID-isolation","og_description":"Den brasilianske angriber Luiz Adriano er havnet i lidt af et stormvejr efter at et helt absurd stunt, hvor han blandt andet har k\u00f8rt en cyklist over","og_url":"https:\/\/acefootball.com\/da\/fodboldnyheder\/vanvittig-historie-brasiliansk-angriber-koerte-cyklist-ned-efter-brud-paa-covid-isolation\/","og_site_name":"Ace Football Danmark","article_publisher":"https:\/\/www.facebook.com\/acefootballdk","article_published_time":"2021-04-07T11:55:50+00:00","article_modified_time":"2021-04-07T11:58:24+00:00","og_image":[{"width":1920,"height":1008,"url":"https:\/\/acefootball.com\/da\/wp-content\/uploads\/sites\/2\/2021\/04\/Laes-mere-generel-1.jpg","type":"image\/jpeg"}],"twitter_card":"summary_large_image","twitter_misc":{"Written by":"Patrick Hesselb\u00e6k","Est. reading time":"2 minutes"},"schema":{"@context":"https:\/\/schema.org","@graph":[{"@type":"Organization","@id":"https:\/\/acefootball.com\/da\/#organization","name":"Ace Football","url":"https:\/\/acefootball.com\/da\/","sameAs":["https:\/\/www.facebook.com\/acefootballdk"],"logo":{"@type":"ImageObject","@id":"https:\/\/acefootball.com\/da\/#logo","inLanguage":"en-US","url":"https:\/\/acefootball.com\/da\/wp-content\/uploads\/sites\/2\/2020\/07\/Ace-Football-30-07-2020-2.png","contentUrl":"https:\/\/acefootball.com\/da\/wp-content\/uploads\/sites\/2\/2020\/07\/Ace-Football-30-07-2020-2.png","width":1200,"height":600,"caption":"Ace Football"},"image":{"@id":"https:\/\/acefootball.com\/da\/#logo"}},{"@type":"WebSite","@id":"https:\/\/acefootball.com\/da\/#website","url":"https:\/\/acefootball.com\/da\/","name":"Ace Football Danmark","description":"Nyheder, Spiltips &amp; Livescore","publisher":{"@id":"https:\/\/acefootball.com\/da\/#organization"},"potentialAction":[{"@type":"SearchAction","target":{"@type":"EntryPoint","urlTemplate":"https:\/\/acefootball.com\/da\/?s={search_term_string}"},"query-input":"required name=search_term_string"}],"inLanguage":"en-US"},{"@type":"ImageObject","@id":"https:\/\/acefootball.com\/da\/fodboldnyheder\/vanvittig-historie-brasiliansk-angriber-koerte-cyklist-ned-efter-brud-paa-covid-isolation\/#primaryimage","inLanguage":"en-US","url":"https:\/\/acefootball.com\/da\/wp-content\/uploads\/sites\/2\/2021\/04\/Laes-mere-generel-1.jpg","contentUrl":"https:\/\/acefootball.com\/da\/wp-content\/uploads\/sites\/2\/2021\/04\/Laes-mere-generel-1.jpg","width":1920,"height":1008,"caption":"MILAN, ITALY - AUGUST 17: Luiz Adriano (C) of AC Milan celebrates his goal with his team-mates Nigel De Jong (R) and Keisuke Honda (L) during the TIM Cup match between AC Milan and AC Perugia at Stadio Giuseppe Meazza on August 17, 2015 in Milan, Italy. (Photo by Marco Luzzani\/Getty Images)"},{"@type":"WebPage","@id":"https:\/\/acefootball.com\/da\/fodboldnyheder\/vanvittig-historie-brasiliansk-angriber-koerte-cyklist-ned-efter-brud-paa-covid-isolation\/#webpage","url":"https:\/\/acefootball.com\/da\/fodboldnyheder\/vanvittig-historie-brasiliansk-angriber-koerte-cyklist-ned-efter-brud-paa-covid-isolation\/","name":"Vanvittig historie: Brasiliansk angriber k\u00f8rte cyklist ned efter brud p\u00e5 COVID-isolation","isPartOf":{"@id":"https:\/\/acefootball.com\/da\/#website"},"primaryImageOfPage":{"@id":"https:\/\/acefootball.com\/da\/fodboldnyheder\/vanvittig-historie-brasiliansk-angriber-koerte-cyklist-ned-efter-brud-paa-covid-isolation\/#primaryimage"},"datePublished":"2021-04-07T11:55:50+00:00","dateModified":"2021-04-07T11:58:24+00:00","description":"Den brasilianske angriber Luiz Adriano er havnet i lidt af et stormvejr efter at et helt absurd stunt, hvor han blandt andet har k\u00f8rt en cyklist over","breadcrumb":{"@id":"https:\/\/acefootball.com\/da\/fodboldnyheder\/vanvittig-historie-brasiliansk-angriber-koerte-cyklist-ned-efter-brud-paa-covid-isolation\/#breadcrumb"},"inLanguage":"en-US","potentialAction":[{"@type":"ReadAction","target":["https:\/\/acefootball.com\/da\/fodboldnyheder\/vanvittig-historie-brasiliansk-angriber-koerte-cyklist-ned-efter-brud-paa-covid-isolation\/"]}]},{"@type":"BreadcrumbList","@id":"https:\/\/acefootball.com\/da\/fodboldnyheder\/vanvittig-historie-brasiliansk-angriber-koerte-cyklist-ned-efter-brud-paa-covid-isolation\/#breadcrumb","itemListElement":[{"@type":"ListItem","position":1,"name":"Home","item":"https:\/\/acefootball.com\/da\/"},{"@type":"ListItem","position":2,"name":"Vanvittig historie: Brasiliansk angriber k\u00f8rte cyklist ned efter brud p\u00e5 COVID-isolation"}]},{"@type":"Article","@id":"https:\/\/acefootball.com\/da\/fodboldnyheder\/vanvittig-historie-brasiliansk-angriber-koerte-cyklist-ned-efter-brud-paa-covid-isolation\/#article","isPartOf":{"@id":"https:\/\/acefootball.com\/da\/fodboldnyheder\/vanvittig-historie-brasiliansk-angriber-koerte-cyklist-ned-efter-brud-paa-covid-isolation\/#webpage"},"author":{"@id":"https:\/\/acefootball.com\/da\/#\/schema\/person\/fd6223a1c033400b41da7853ddf88c84"},"headline":"Vanvittig historie: Brasiliansk angriber k\u00f8rte cyklist ned efter brud p\u00e5 COVID-isolation","datePublished":"2021-04-07T11:55:50+00:00","dateModified":"2021-04-07T11:58:24+00:00","mainEntityOfPage":{"@id":"https:\/\/acefootball.com\/da\/fodboldnyheder\/vanvittig-historie-brasiliansk-angriber-koerte-cyklist-ned-efter-brud-paa-covid-isolation\/#webpage"},"wordCount":447,"commentCount":0,"publisher":{"@id":"https:\/\/acefootball.com\/da\/#organization"},"image":{"@id":"https:\/\/acefootball.com\/da\/fodboldnyheder\/vanvittig-historie-brasiliansk-angriber-koerte-cyklist-ned-efter-brud-paa-covid-isolation\/#primaryimage"},"thumbnailUrl":"https:\/\/acefootball.com\/da\/wp-content\/uploads\/sites\/2\/2021\/04\/GettyImages-484350376.jpg","keywords":["Luiz Adriano","Palmeiras"],"articleSection":["Offsite"],"inLanguage":"en-US","potentialAction":[{"@type":"CommentAction","name":"Comment","target":["https:\/\/acefootball.com\/da\/fodboldnyheder\/vanvittig-historie-brasiliansk-angriber-koerte-cyklist-ned-efter-brud-paa-covid-isolation\/#respond"]}]},{"@type":"Person","@id":"https:\/\/acefootball.com\/da\/#\/schema\/person\/fd6223a1c033400b41da7853ddf88c84","name":"Patrick Hesselb\u00e6k","image":{"@type":"ImageObject","@id":"https:\/\/acefootball.com\/da\/#personlogo","inLanguage":"en-US","url":"https:\/\/secure.gravatar.com\/avatar\/7919060992759bffbffb199d6cbdce6f?s=96&d=mm&r=g","contentUrl":"https:\/\/secure.gravatar.com\/avatar\/7919060992759bffbffb199d6cbdce6f?s=96&d=mm&r=g","caption":"Patrick Hesselb\u00e6k"},"description":"Redakt\u00f8r p\u00e5 den danske Ace Football-redaktion. Uddannet i kommunikation fra Aalborg Universitet. Prim\u00e6rt fokus p\u00e5 den danske 3F Superliga og de st\u00f8rste europ\u00e6iske turneringer.","sameAs":["https:\/\/www.linkedin.com\/in\/patrick-hesselbk-2a4b1711a\/"],"url":"https:\/\/acefootball.com\/da\/fodboldnyheder\/author\/patrickhesselbaek\/"}]}},"fimg_url":"https:\/\/acefootball.com\/da\/wp-content\/uploads\/sites\/2\/2021\/04\/GettyImages-484350376.jpg","_links":{"self":[{"href":"https:\/\/acefootball.com\/da\/wp-json\/wp\/v2\/posts\/256609"}],"collection":[{"href":"https:\/\/acefootball.com\/da\/wp-json\/wp\/v2\/posts"}],"about":[{"href":"https:\/\/acefootball.com\/da\/wp-json\/wp\/v2\/types\/post"}],"author":[{"embeddable":true,"href":"https:\/\/acefootball.com\/da\/wp-json\/wp\/v2\/users\/74"}],"replies":[{"embeddable":true,"href":"https:\/\/acefootball.com\/da\/wp-json\/wp\/v2\/comments?post=256609"}],"version-history":[{"count":0,"href":"https:\/\/acefootball.com\/da\/wp-json\/wp\/v2\/posts\/256609\/revisions"}],"wp:featuredmedia":[{"embeddable":true,"href":"https:\/\/acefootball.com\/da\/wp-json\/wp\/v2\/media\/256610"}],"wp:attachment":[{"href":"https:\/\/acefootball.com\/da\/wp-json\/wp\/v2\/media?parent=256609"}],"wp:term":[{"taxonomy":"category","embeddable":true,"href":"https:\/\/acefootball.com\/da\/wp-json\/wp\/v2\/categories?post=256609"},{"taxonomy":"post_tag","embeddable":true,"href":"https:\/\/acefootball.com\/da\/wp-json\/wp\/v2\/tags?post=256609"}],"curies":[{"name":"wp","href":"https:\/\/api.w.org\/{rel}","templated":true}]}}