{"id":256576,"date":"2021-04-06T16:50:35","date_gmt":"2021-04-06T14:50:35","guid":{"rendered":"https:\/\/acefootball.com\/da\/?p=256576"},"modified":"2021-04-06T16:50:36","modified_gmt":"2021-04-06T14:50:36","slug":"sportschefen-bekraefter-aab-har-ny-prica-til-proevetraening","status":"publish","type":"post","link":"https:\/\/acefootball.com\/da\/fodboldnyheder\/sportschefen-bekraefter-aab-har-ny-prica-til-proevetraening\/","title":{"rendered":"Sportschefen bekr\u00e6fter: AaB har ny Prica til pr\u00f8vetr\u00e6ning"},"content":{"rendered":"\n<h2 id=\"h-aab-s-sportschef-inge-andr-olsen-bekr-fter-at-man-har-endnu-en-s-n-af-rade-prica-til-pr-vetr-ning\">AaB&#8217;s sportschef Inge Andr\u00e9 Olsen bekr\u00e6fter, at man har endnu en s\u00f8n af Rade Prica til pr\u00f8vetr\u00e6ning<\/h2>\n\n\n\n<p>AaB hentede i sommer et bem\u00e6rkelsesv\u00e6rdigt navn til klubben, da man skrev under med Tim Prica, s\u00f8n af Rade Prica, der tidligere har banket m\u00e5l ind for nordjyderne.<\/p>\n\n\n\n<p>Nu kan en anden af svenskerens s\u00f8nner imidlertid v\u00e6re p\u00e5 vej til Aalborg, da man nu har lillebror Liam Prica til pr\u00f8vetr\u00e6ning. Det bekr\u00e6fter sportschef Inge Andr\u00e9 Olsen over for <a href=\"https:\/\/nordjyske.dk\/nyheder\/sport\/aab-ser-endnu-en-prica-an-vi-kan-faa-alle-de-prica-broedre-vi-vil\/2e29183e-e335-4867-a766-061a2fffc28e?utm_source=nyheder&amp;utm_medium=rss&amp;utm_campaign=sport\" target=\"_blank\" rel=\"noreferrer noopener\">Nordjyske<\/a>.<\/p>\n\n\n\n<p>Og det afvises heller ikke at v\u00e6re den sidste med det ber\u00f8mte efternavn, som klubben henter.<\/p>\n\n\n\n<figure class=\"wp-block-embed is-type-wp-embed is-provider-ace-football-danmark wp-block-embed-ace-football-danmark\"><div class=\"wp-block-embed__wrapper\">\n<blockquote class=\"wp-embedded-content\" data-secret=\"bqTBQHAunM\"><a href=\"https:\/\/acefootball.com\/da\/fodboldnyheder\/topagent-gaar-til-tv-station-hvor-mange-landsholdsspillere-skal-der-til\/\">Topagent g\u00e5r til tv-station: Hvor mange landsholdsspillere skal der til?<\/a><\/blockquote><iframe class=\"wp-embedded-content\" sandbox=\"allow-scripts\" security=\"restricted\" style=\"position: absolute; clip: rect(1px, 1px, 1px, 1px);\" title=\"&#8220;Topagent g\u00e5r til tv-station: Hvor mange landsholdsspillere skal der til?&#8221; &#8212; Ace Football Danmark\" src=\"https:\/\/acefootball.com\/da\/fodboldnyheder\/topagent-gaar-til-tv-station-hvor-mange-landsholdsspillere-skal-der-til\/embed\/#?secret=bqTBQHAunM\" data-secret=\"bqTBQHAunM\" width=\"600\" height=\"338\" frameborder=\"0\" marginwidth=\"0\" marginheight=\"0\" scrolling=\"no\"><\/iframe>\n<\/div><\/figure>\n\n\n\n<p>&#8220;Jeg tror, at vi kan f\u00e5 alle de Prica-br\u00f8dre, som vi \u00f8nsker. Tim er en god ambassad\u00f8r, ligesom faren er ogs\u00e5 en god ambassad\u00f8r for AaB,&#8221; lyder det fra Olsen.<\/p>\n\n\n\n<p>Sportschefen vil dog ikke afsl\u00f8re, om man har i sinde at tilknytte 16-\u00e5rige Liam Prica, der spiller i Malm\u00f6 FF.<\/p>\n","protected":false},"excerpt":{"rendered":"<p>AaB&#8217;s sportschef Inge Andr\u00e9 Olsen bekr\u00e6fter, at man har endnu en s\u00f8n af Rade Prica til pr\u00f8vetr\u00e6ning<\/p>\n","protected":false},"author":705,"featured_media":236466,"comment_status":"open","ping_status":"closed","sticky":false,"template":"","format":"standard","meta":{"om_disable_all_campaigns":false,"push_articles_ronaldo":{"active":false,"canonical":0,"publish":false},"force_updates":null},"categories":[8204],"tags":[17,588],"enet_tags":{"team":["8470"],"league":["46"],"sport_events":[]},"yoast_head":"<!-- This site is optimized with the Yoast SEO plugin v18.3 - https:\/\/yoast.com\/wordpress\/plugins\/seo\/ -->\n<title>Sportschefen bekr\u00e6fter: AaB har ny Prica til pr\u00f8vetr\u00e6ning<\/title>\n<meta name=\"description\" content=\"AaB&#039;s sportschef Inge Andr\u00e9 Olsen bekr\u00e6fter, at man har endnu en s\u00f8n af Rade Prica til pr\u00f8vetr\u00e6ning\" \/>\n<meta name=\"robots\" content=\"index, follow, max-snippet:-1, max-image-preview:large, max-video-preview:-1\" \/>\n<link rel=\"canonical\" href=\"https:\/\/acefootball.com\/da\/fodboldnyheder\/sportschefen-bekraefter-aab-har-ny-prica-til-proevetraening\/\" \/>\n<meta property=\"og:locale\" content=\"en_US\" \/>\n<meta property=\"og:type\" content=\"article\" \/>\n<meta property=\"og:title\" content=\"Sportschefen bekr\u00e6fter: AaB har ny Prica til pr\u00f8vetr\u00e6ning\" \/>\n<meta property=\"og:description\" content=\"AaB&#039;s sportschef Inge Andr\u00e9 Olsen bekr\u00e6fter, at man har endnu en s\u00f8n af Rade Prica til pr\u00f8vetr\u00e6ning\" \/>\n<meta property=\"og:url\" content=\"https:\/\/acefootball.com\/da\/fodboldnyheder\/sportschefen-bekraefter-aab-har-ny-prica-til-proevetraening\/\" \/>\n<meta property=\"og:site_name\" content=\"Ace Football Danmark\" \/>\n<meta property=\"article:publisher\" content=\"https:\/\/www.facebook.com\/acefootballdk\" \/>\n<meta property=\"article:published_time\" content=\"2021-04-06T14:50:35+00:00\" \/>\n<meta property=\"article:modified_time\" content=\"2021-04-06T14:50:36+00:00\" \/>\n<meta property=\"og:image\" content=\"https:\/\/acefootball.com\/da\/wp-content\/uploads\/sites\/2\/2021\/04\/Laes-mere-generel-2021-04-06T165005.133.jpg\" \/>\n\t<meta property=\"og:image:width\" content=\"1920\" \/>\n\t<meta property=\"og:image:height\" content=\"1008\" \/>\n\t<meta property=\"og:image:type\" content=\"image\/jpeg\" \/>\n<meta name=\"twitter:card\" content=\"summary_large_image\" \/>\n<meta name=\"twitter:label1\" content=\"Written by\" \/>\n\t<meta name=\"twitter:data1\" content=\"Mads Dreyer\" \/>\n\t<meta name=\"twitter:label2\" content=\"Est. reading time\" \/>\n\t<meta name=\"twitter:data2\" content=\"1 minute\" \/>\n<script type=\"application\/ld+json\" class=\"yoast-schema-graph\">{\"@context\":\"https:\/\/schema.org\",\"@graph\":[{\"@type\":\"Organization\",\"@id\":\"https:\/\/acefootball.com\/da\/#organization\",\"name\":\"Ace Football\",\"url\":\"https:\/\/acefootball.com\/da\/\",\"sameAs\":[\"https:\/\/www.facebook.com\/acefootballdk\"],\"logo\":{\"@type\":\"ImageObject\",\"@id\":\"https:\/\/acefootball.com\/da\/#logo\",\"inLanguage\":\"en-US\",\"url\":\"https:\/\/acefootball.com\/da\/wp-content\/uploads\/sites\/2\/2020\/07\/Ace-Football-30-07-2020-2.png\",\"contentUrl\":\"https:\/\/acefootball.com\/da\/wp-content\/uploads\/sites\/2\/2020\/07\/Ace-Football-30-07-2020-2.png\",\"width\":1200,\"height\":600,\"caption\":\"Ace Football\"},\"image\":{\"@id\":\"https:\/\/acefootball.com\/da\/#logo\"}},{\"@type\":\"WebSite\",\"@id\":\"https:\/\/acefootball.com\/da\/#website\",\"url\":\"https:\/\/acefootball.com\/da\/\",\"name\":\"Ace Football Danmark\",\"description\":\"Nyheder, Spiltips &amp; Livescore\",\"publisher\":{\"@id\":\"https:\/\/acefootball.com\/da\/#organization\"},\"potentialAction\":[{\"@type\":\"SearchAction\",\"target\":{\"@type\":\"EntryPoint\",\"urlTemplate\":\"https:\/\/acefootball.com\/da\/?s={search_term_string}\"},\"query-input\":\"required name=search_term_string\"}],\"inLanguage\":\"en-US\"},{\"@type\":\"ImageObject\",\"@id\":\"https:\/\/acefootball.com\/da\/fodboldnyheder\/sportschefen-bekraefter-aab-har-ny-prica-til-proevetraening\/#primaryimage\",\"inLanguage\":\"en-US\",\"url\":\"https:\/\/acefootball.com\/da\/wp-content\/uploads\/sites\/2\/2021\/04\/Laes-mere-generel-2021-04-06T165005.133.jpg\",\"contentUrl\":\"https:\/\/acefootball.com\/da\/wp-content\/uploads\/sites\/2\/2021\/04\/Laes-mere-generel-2021-04-06T165005.133.jpg\",\"width\":1920,\"height\":1008,\"caption\":\"prica\"},{\"@type\":\"WebPage\",\"@id\":\"https:\/\/acefootball.com\/da\/fodboldnyheder\/sportschefen-bekraefter-aab-har-ny-prica-til-proevetraening\/#webpage\",\"url\":\"https:\/\/acefootball.com\/da\/fodboldnyheder\/sportschefen-bekraefter-aab-har-ny-prica-til-proevetraening\/\",\"name\":\"Sportschefen bekr\u00e6fter: AaB har ny Prica til pr\u00f8vetr\u00e6ning\",\"isPartOf\":{\"@id\":\"https:\/\/acefootball.com\/da\/#website\"},\"primaryImageOfPage\":{\"@id\":\"https:\/\/acefootball.com\/da\/fodboldnyheder\/sportschefen-bekraefter-aab-har-ny-prica-til-proevetraening\/#primaryimage\"},\"datePublished\":\"2021-04-06T14:50:35+00:00\",\"dateModified\":\"2021-04-06T14:50:36+00:00\",\"description\":\"AaB's sportschef Inge Andr\u00e9 Olsen bekr\u00e6fter, at man har endnu en s\u00f8n af Rade Prica til pr\u00f8vetr\u00e6ning\",\"breadcrumb\":{\"@id\":\"https:\/\/acefootball.com\/da\/fodboldnyheder\/sportschefen-bekraefter-aab-har-ny-prica-til-proevetraening\/#breadcrumb\"},\"inLanguage\":\"en-US\",\"potentialAction\":[{\"@type\":\"ReadAction\",\"target\":[\"https:\/\/acefootball.com\/da\/fodboldnyheder\/sportschefen-bekraefter-aab-har-ny-prica-til-proevetraening\/\"]}]},{\"@type\":\"BreadcrumbList\",\"@id\":\"https:\/\/acefootball.com\/da\/fodboldnyheder\/sportschefen-bekraefter-aab-har-ny-prica-til-proevetraening\/#breadcrumb\",\"itemListElement\":[{\"@type\":\"ListItem\",\"position\":1,\"name\":\"Home\",\"item\":\"https:\/\/acefootball.com\/da\/\"},{\"@type\":\"ListItem\",\"position\":2,\"name\":\"Sportschefen bekr\u00e6fter: AaB har ny Prica til pr\u00f8vetr\u00e6ning\"}]},{\"@type\":\"Article\",\"@id\":\"https:\/\/acefootball.com\/da\/fodboldnyheder\/sportschefen-bekraefter-aab-har-ny-prica-til-proevetraening\/#article\",\"isPartOf\":{\"@id\":\"https:\/\/acefootball.com\/da\/fodboldnyheder\/sportschefen-bekraefter-aab-har-ny-prica-til-proevetraening\/#webpage\"},\"author\":{\"@id\":\"https:\/\/acefootball.com\/da\/#\/schema\/person\/ee67e9cf04a276f144100ffa722f10cd\"},\"headline\":\"Sportschefen bekr\u00e6fter: AaB har ny Prica til pr\u00f8vetr\u00e6ning\",\"datePublished\":\"2021-04-06T14:50:35+00:00\",\"dateModified\":\"2021-04-06T14:50:36+00:00\",\"mainEntityOfPage\":{\"@id\":\"https:\/\/acefootball.com\/da\/fodboldnyheder\/sportschefen-bekraefter-aab-har-ny-prica-til-proevetraening\/#webpage\"},\"wordCount\":179,\"commentCount\":0,\"publisher\":{\"@id\":\"https:\/\/acefootball.com\/da\/#organization\"},\"image\":{\"@id\":\"https:\/\/acefootball.com\/da\/fodboldnyheder\/sportschefen-bekraefter-aab-har-ny-prica-til-proevetraening\/#primaryimage\"},\"thumbnailUrl\":\"https:\/\/acefootball.com\/da\/wp-content\/uploads\/sites\/2\/2020\/09\/Tim-Prica.jpg\",\"keywords\":[\"AaB\",\"Superligaen\"],\"articleSection\":[\"Udtalelse\"],\"inLanguage\":\"en-US\",\"potentialAction\":[{\"@type\":\"CommentAction\",\"name\":\"Comment\",\"target\":[\"https:\/\/acefootball.com\/da\/fodboldnyheder\/sportschefen-bekraefter-aab-har-ny-prica-til-proevetraening\/#respond\"]}]},{\"@type\":\"Person\",\"@id\":\"https:\/\/acefootball.com\/da\/#\/schema\/person\/ee67e9cf04a276f144100ffa722f10cd\",\"name\":\"Mads Dreyer\",\"image\":{\"@type\":\"ImageObject\",\"@id\":\"https:\/\/acefootball.com\/da\/#personlogo\",\"inLanguage\":\"en-US\",\"url\":\"https:\/\/secure.gravatar.com\/avatar\/7c7abf72cfde9902b6a60efe60c88d4c?s=96&d=mm&r=g\",\"contentUrl\":\"https:\/\/secure.gravatar.com\/avatar\/7c7abf72cfde9902b6a60efe60c88d4c?s=96&d=mm&r=g\",\"caption\":\"Mads Dreyer\"},\"description\":\"Skribent og fodboldn\u00f8rd, der lige nu fort\u00e6ller om alt og intet i fodboldverdenen p\u00e5 acefootball.com. Uddannet i kommunikation fra Aalborg Universitet.\",\"sameAs\":[\"https:\/\/www.linkedin.com\/in\/mads-dreyer-b9b08266\/\"],\"url\":\"https:\/\/acefootball.com\/da\/fodboldnyheder\/author\/mdnronaldo\/\"}]}<\/script>\n<!-- \/ Yoast SEO plugin. -->","yoast_head_json":{"title":"Sportschefen bekr\u00e6fter: AaB har ny Prica til pr\u00f8vetr\u00e6ning","description":"AaB's sportschef Inge Andr\u00e9 Olsen bekr\u00e6fter, at man har endnu en s\u00f8n af Rade Prica til pr\u00f8vetr\u00e6ning","robots":{"index":"index","follow":"follow","max-snippet":"max-snippet:-1","max-image-preview":"max-image-preview:large","max-video-preview":"max-video-preview:-1"},"canonical":"https:\/\/acefootball.com\/da\/fodboldnyheder\/sportschefen-bekraefter-aab-har-ny-prica-til-proevetraening\/","og_locale":"en_US","og_type":"article","og_title":"Sportschefen bekr\u00e6fter: AaB har ny Prica til pr\u00f8vetr\u00e6ning","og_description":"AaB's sportschef Inge Andr\u00e9 Olsen bekr\u00e6fter, at man har endnu en s\u00f8n af Rade Prica til pr\u00f8vetr\u00e6ning","og_url":"https:\/\/acefootball.com\/da\/fodboldnyheder\/sportschefen-bekraefter-aab-har-ny-prica-til-proevetraening\/","og_site_name":"Ace Football Danmark","article_publisher":"https:\/\/www.facebook.com\/acefootballdk","article_published_time":"2021-04-06T14:50:35+00:00","article_modified_time":"2021-04-06T14:50:36+00:00","og_image":[{"width":1920,"height":1008,"url":"https:\/\/acefootball.com\/da\/wp-content\/uploads\/sites\/2\/2021\/04\/Laes-mere-generel-2021-04-06T165005.133.jpg","type":"image\/jpeg"}],"twitter_card":"summary_large_image","twitter_misc":{"Written by":"Mads Dreyer","Est. reading time":"1 minute"},"schema":{"@context":"https:\/\/schema.org","@graph":[{"@type":"Organization","@id":"https:\/\/acefootball.com\/da\/#organization","name":"Ace Football","url":"https:\/\/acefootball.com\/da\/","sameAs":["https:\/\/www.facebook.com\/acefootballdk"],"logo":{"@type":"ImageObject","@id":"https:\/\/acefootball.com\/da\/#logo","inLanguage":"en-US","url":"https:\/\/acefootball.com\/da\/wp-content\/uploads\/sites\/2\/2020\/07\/Ace-Football-30-07-2020-2.png","contentUrl":"https:\/\/acefootball.com\/da\/wp-content\/uploads\/sites\/2\/2020\/07\/Ace-Football-30-07-2020-2.png","width":1200,"height":600,"caption":"Ace Football"},"image":{"@id":"https:\/\/acefootball.com\/da\/#logo"}},{"@type":"WebSite","@id":"https:\/\/acefootball.com\/da\/#website","url":"https:\/\/acefootball.com\/da\/","name":"Ace Football Danmark","description":"Nyheder, Spiltips &amp; Livescore","publisher":{"@id":"https:\/\/acefootball.com\/da\/#organization"},"potentialAction":[{"@type":"SearchAction","target":{"@type":"EntryPoint","urlTemplate":"https:\/\/acefootball.com\/da\/?s={search_term_string}"},"query-input":"required name=search_term_string"}],"inLanguage":"en-US"},{"@type":"ImageObject","@id":"https:\/\/acefootball.com\/da\/fodboldnyheder\/sportschefen-bekraefter-aab-har-ny-prica-til-proevetraening\/#primaryimage","inLanguage":"en-US","url":"https:\/\/acefootball.com\/da\/wp-content\/uploads\/sites\/2\/2021\/04\/Laes-mere-generel-2021-04-06T165005.133.jpg","contentUrl":"https:\/\/acefootball.com\/da\/wp-content\/uploads\/sites\/2\/2021\/04\/Laes-mere-generel-2021-04-06T165005.133.jpg","width":1920,"height":1008,"caption":"prica"},{"@type":"WebPage","@id":"https:\/\/acefootball.com\/da\/fodboldnyheder\/sportschefen-bekraefter-aab-har-ny-prica-til-proevetraening\/#webpage","url":"https:\/\/acefootball.com\/da\/fodboldnyheder\/sportschefen-bekraefter-aab-har-ny-prica-til-proevetraening\/","name":"Sportschefen bekr\u00e6fter: AaB har ny Prica til pr\u00f8vetr\u00e6ning","isPartOf":{"@id":"https:\/\/acefootball.com\/da\/#website"},"primaryImageOfPage":{"@id":"https:\/\/acefootball.com\/da\/fodboldnyheder\/sportschefen-bekraefter-aab-har-ny-prica-til-proevetraening\/#primaryimage"},"datePublished":"2021-04-06T14:50:35+00:00","dateModified":"2021-04-06T14:50:36+00:00","description":"AaB's sportschef Inge Andr\u00e9 Olsen bekr\u00e6fter, at man har endnu en s\u00f8n af Rade Prica til pr\u00f8vetr\u00e6ning","breadcrumb":{"@id":"https:\/\/acefootball.com\/da\/fodboldnyheder\/sportschefen-bekraefter-aab-har-ny-prica-til-proevetraening\/#breadcrumb"},"inLanguage":"en-US","potentialAction":[{"@type":"ReadAction","target":["https:\/\/acefootball.com\/da\/fodboldnyheder\/sportschefen-bekraefter-aab-har-ny-prica-til-proevetraening\/"]}]},{"@type":"BreadcrumbList","@id":"https:\/\/acefootball.com\/da\/fodboldnyheder\/sportschefen-bekraefter-aab-har-ny-prica-til-proevetraening\/#breadcrumb","itemListElement":[{"@type":"ListItem","position":1,"name":"Home","item":"https:\/\/acefootball.com\/da\/"},{"@type":"ListItem","position":2,"name":"Sportschefen bekr\u00e6fter: AaB har ny Prica til pr\u00f8vetr\u00e6ning"}]},{"@type":"Article","@id":"https:\/\/acefootball.com\/da\/fodboldnyheder\/sportschefen-bekraefter-aab-har-ny-prica-til-proevetraening\/#article","isPartOf":{"@id":"https:\/\/acefootball.com\/da\/fodboldnyheder\/sportschefen-bekraefter-aab-har-ny-prica-til-proevetraening\/#webpage"},"author":{"@id":"https:\/\/acefootball.com\/da\/#\/schema\/person\/ee67e9cf04a276f144100ffa722f10cd"},"headline":"Sportschefen bekr\u00e6fter: AaB har ny Prica til pr\u00f8vetr\u00e6ning","datePublished":"2021-04-06T14:50:35+00:00","dateModified":"2021-04-06T14:50:36+00:00","mainEntityOfPage":{"@id":"https:\/\/acefootball.com\/da\/fodboldnyheder\/sportschefen-bekraefter-aab-har-ny-prica-til-proevetraening\/#webpage"},"wordCount":179,"commentCount":0,"publisher":{"@id":"https:\/\/acefootball.com\/da\/#organization"},"image":{"@id":"https:\/\/acefootball.com\/da\/fodboldnyheder\/sportschefen-bekraefter-aab-har-ny-prica-til-proevetraening\/#primaryimage"},"thumbnailUrl":"https:\/\/acefootball.com\/da\/wp-content\/uploads\/sites\/2\/2020\/09\/Tim-Prica.jpg","keywords":["AaB","Superligaen"],"articleSection":["Udtalelse"],"inLanguage":"en-US","potentialAction":[{"@type":"CommentAction","name":"Comment","target":["https:\/\/acefootball.com\/da\/fodboldnyheder\/sportschefen-bekraefter-aab-har-ny-prica-til-proevetraening\/#respond"]}]},{"@type":"Person","@id":"https:\/\/acefootball.com\/da\/#\/schema\/person\/ee67e9cf04a276f144100ffa722f10cd","name":"Mads Dreyer","image":{"@type":"ImageObject","@id":"https:\/\/acefootball.com\/da\/#personlogo","inLanguage":"en-US","url":"https:\/\/secure.gravatar.com\/avatar\/7c7abf72cfde9902b6a60efe60c88d4c?s=96&d=mm&r=g","contentUrl":"https:\/\/secure.gravatar.com\/avatar\/7c7abf72cfde9902b6a60efe60c88d4c?s=96&d=mm&r=g","caption":"Mads Dreyer"},"description":"Skribent og fodboldn\u00f8rd, der lige nu fort\u00e6ller om alt og intet i fodboldverdenen p\u00e5 acefootball.com. Uddannet i kommunikation fra Aalborg Universitet.","sameAs":["https:\/\/www.linkedin.com\/in\/mads-dreyer-b9b08266\/"],"url":"https:\/\/acefootball.com\/da\/fodboldnyheder\/author\/mdnronaldo\/"}]}},"fimg_url":"https:\/\/acefootball.com\/da\/wp-content\/uploads\/sites\/2\/2020\/09\/Tim-Prica.jpg","_links":{"self":[{"href":"https:\/\/acefootball.com\/da\/wp-json\/wp\/v2\/posts\/256576"}],"collection":[{"href":"https:\/\/acefootball.com\/da\/wp-json\/wp\/v2\/posts"}],"about":[{"href":"https:\/\/acefootball.com\/da\/wp-json\/wp\/v2\/types\/post"}],"author":[{"embeddable":true,"href":"https:\/\/acefootball.com\/da\/wp-json\/wp\/v2\/users\/705"}],"replies":[{"embeddable":true,"href":"https:\/\/acefootball.com\/da\/wp-json\/wp\/v2\/comments?post=256576"}],"version-history":[{"count":0,"href":"https:\/\/acefootball.com\/da\/wp-json\/wp\/v2\/posts\/256576\/revisions"}],"wp:featuredmedia":[{"embeddable":true,"href":"https:\/\/acefootball.com\/da\/wp-json\/wp\/v2\/media\/236466"}],"wp:attachment":[{"href":"https:\/\/acefootball.com\/da\/wp-json\/wp\/v2\/media?parent=256576"}],"wp:term":[{"taxonomy":"category","embeddable":true,"href":"https:\/\/acefootball.com\/da\/wp-json\/wp\/v2\/categories?post=256576"},{"taxonomy":"post_tag","embeddable":true,"href":"https:\/\/acefootball.com\/da\/wp-json\/wp\/v2\/tags?post=256576"}],"curies":[{"name":"wp","href":"https:\/\/api.w.org\/{rel}","templated":true}]}}