{"id":256533,"date":"2021-04-05T17:04:59","date_gmt":"2021-04-05T15:04:59","guid":{"rendered":"https:\/\/acefootball.com\/da\/?p=256533"},"modified":"2021-04-05T17:04:59","modified_gmt":"2021-04-05T15:04:59","slug":"startopstillinger-fc-midtjylland-broendby-if","status":"publish","type":"post","link":"https:\/\/acefootball.com\/da\/fodboldnyheder\/startopstillinger-fc-midtjylland-broendby-if\/","title":{"rendered":"Startopstillinger: FC Midtjylland &#8211; Br\u00f8ndby IF"},"content":{"rendered":"\n<h2 id=\"h-fc-midtjylland-og-br-ndby-har-sat-navn-p-de-22-spillere-der-skal-starte-dagens-superliga-brag-i-herning-se-startopstillingerne-her\">FC Midtjylland og Br\u00f8ndby har sat navn p\u00e5 de 22 spillere, der skal starte dagens Superliga-brag i Herning. Se startopstillingerne her<\/h2>\n\n\n\n<p>En time inden kampstart i dagens store Superliga-brag mellem FC Midtjylland og Br\u00f8ndby IF har holdene nu offentliggjort startopstillingerne.<\/p>\n\n\n\n<p>Det midtjyske mandskab kan bryste sig af at have Frank Onyeka tilbage i maskinrummet, mens Joel Andersson igen er at finde i startopstillingen for f\u00f8rste gang siden oktober.<\/p>\n\n\n\n<p>Hos Br\u00f8ndby forts\u00e6tter Niels Frederiksen som i seneste Superliga-kamp mod AGF, hvor samme elleve spillere har f\u00e5et genvalg.<\/p>\n\n\n\n<p>Du kan se startopstillingerne her:<\/p>\n\n\n\n<figure class=\"wp-block-embed is-type-rich is-provider-twitter wp-block-embed-twitter\"><div class=\"wp-block-embed__wrapper\">\n<blockquote class=\"twitter-tweet\" data-width=\"550\" data-dnt=\"true\"><p lang=\"da\" dir=\"ltr\">\ud83d\udccb START-XI<br><br>Joel er tilbage, og Anderson erstatter Evander centralt \ud83d\udc47<a href=\"https:\/\/twitter.com\/hashtag\/FCMBIF?src=hash&amp;ref_src=twsrc%5Etfw\">#FCMBIF<\/a> | <a href=\"https:\/\/twitter.com\/hashtag\/sldk?src=hash&amp;ref_src=twsrc%5Etfw\">#sldk<\/a><\/p>&mdash; FC Midtjylland (@fcmidtjylland) <a href=\"https:\/\/twitter.com\/fcmidtjylland\/status\/1379085416926695431?ref_src=twsrc%5Etfw\">April 5, 2021<\/a><\/blockquote><script async src=\"https:\/\/platform.twitter.com\/widgets.js\" charset=\"utf-8\"><\/script>\n<\/div><\/figure>\n\n\n\n<figure class=\"wp-block-embed is-type-rich is-provider-twitter wp-block-embed-twitter\"><div class=\"wp-block-embed__wrapper\">\n<blockquote class=\"twitter-tweet\" data-width=\"550\" data-dnt=\"true\"><p lang=\"da\" dir=\"ltr\">Vi er klar til at tage hul p\u00e5 Mesterskabsspillet, og her er startopstillingen til aftenens topopg\u00f8r i Herning \ud83d\udcaa\ud83d\udc9b\ud83d\udc99 <a href=\"https:\/\/twitter.com\/hashtag\/FCMBIF?src=hash&amp;ref_src=twsrc%5Etfw\">#FCMBIF<\/a> <a href=\"https:\/\/t.co\/fphHpSyjBf\">pic.twitter.com\/fphHpSyjBf<\/a><\/p>&mdash; Br\u00f8ndby IF (@BrondbyIF) <a href=\"https:\/\/twitter.com\/BrondbyIF\/status\/1379087062180171780?ref_src=twsrc%5Etfw\">April 5, 2021<\/a><\/blockquote><script async src=\"https:\/\/platform.twitter.com\/widgets.js\" charset=\"utf-8\"><\/script>\n<\/div><\/figure>\n","protected":false},"excerpt":{"rendered":"<p>FC Midtjylland og Br\u00f8ndby har sat navn p\u00e5 de 22 spillere, der skal starte dagens Superliga-brag i Herning. Se startopstillingerne her<\/p>\n","protected":false},"author":705,"featured_media":255306,"comment_status":"open","ping_status":"closed","sticky":false,"template":"","format":"standard","meta":{"om_disable_all_campaigns":false,"push_articles_ronaldo":{"active":false,"canonical":0,"publish":false},"force_updates":null},"categories":[8062],"tags":[53,51,588],"enet_tags":{"team":["8595","8113"],"league":["46"],"sport_events":[]},"yoast_head":"<!-- This site is optimized with the Yoast SEO plugin v18.3 - https:\/\/yoast.com\/wordpress\/plugins\/seo\/ -->\n<title>Startopstillinger: FC Midtjylland - Br\u00f8ndby IF<\/title>\n<meta name=\"description\" content=\"FC Midtjylland og Br\u00f8ndby har sat navn p\u00e5 de 22 spillere, der skal starte dagens Superliga-brag i Herning. Se startopstillingerne her\" \/>\n<meta name=\"robots\" content=\"index, follow, max-snippet:-1, max-image-preview:large, max-video-preview:-1\" \/>\n<link rel=\"canonical\" href=\"https:\/\/acefootball.com\/da\/fodboldnyheder\/startopstillinger-fc-midtjylland-broendby-if\/\" \/>\n<meta property=\"og:locale\" content=\"en_US\" \/>\n<meta property=\"og:type\" content=\"article\" \/>\n<meta property=\"og:title\" content=\"Startopstillinger: FC Midtjylland - Br\u00f8ndby IF\" \/>\n<meta property=\"og:description\" content=\"FC Midtjylland og Br\u00f8ndby har sat navn p\u00e5 de 22 spillere, der skal starte dagens Superliga-brag i Herning. Se startopstillingerne her\" \/>\n<meta property=\"og:url\" content=\"https:\/\/acefootball.com\/da\/fodboldnyheder\/startopstillinger-fc-midtjylland-broendby-if\/\" \/>\n<meta property=\"og:site_name\" content=\"Ace Football Danmark\" \/>\n<meta property=\"article:publisher\" content=\"https:\/\/www.facebook.com\/acefootballdk\" \/>\n<meta property=\"article:published_time\" content=\"2021-04-05T15:04:59+00:00\" \/>\n<meta property=\"og:image\" content=\"https:\/\/acefootball.com\/da\/wp-content\/uploads\/sites\/2\/2021\/03\/Brondby-66.jpg\" \/>\n\t<meta property=\"og:image:width\" content=\"1920\" \/>\n\t<meta property=\"og:image:height\" content=\"1008\" \/>\n\t<meta property=\"og:image:type\" content=\"image\/jpeg\" \/>\n<meta name=\"twitter:card\" content=\"summary_large_image\" \/>\n<meta name=\"twitter:label1\" content=\"Written by\" \/>\n\t<meta name=\"twitter:data1\" content=\"Mads Dreyer\" \/>\n\t<meta name=\"twitter:label2\" content=\"Est. reading time\" \/>\n\t<meta name=\"twitter:data2\" content=\"1 minute\" \/>\n<script type=\"application\/ld+json\" class=\"yoast-schema-graph\">{\"@context\":\"https:\/\/schema.org\",\"@graph\":[{\"@type\":\"Organization\",\"@id\":\"https:\/\/acefootball.com\/da\/#organization\",\"name\":\"Ace Football\",\"url\":\"https:\/\/acefootball.com\/da\/\",\"sameAs\":[\"https:\/\/www.facebook.com\/acefootballdk\"],\"logo\":{\"@type\":\"ImageObject\",\"@id\":\"https:\/\/acefootball.com\/da\/#logo\",\"inLanguage\":\"en-US\",\"url\":\"https:\/\/acefootball.com\/da\/wp-content\/uploads\/sites\/2\/2020\/07\/Ace-Football-30-07-2020-2.png\",\"contentUrl\":\"https:\/\/acefootball.com\/da\/wp-content\/uploads\/sites\/2\/2020\/07\/Ace-Football-30-07-2020-2.png\",\"width\":1200,\"height\":600,\"caption\":\"Ace Football\"},\"image\":{\"@id\":\"https:\/\/acefootball.com\/da\/#logo\"}},{\"@type\":\"WebSite\",\"@id\":\"https:\/\/acefootball.com\/da\/#website\",\"url\":\"https:\/\/acefootball.com\/da\/\",\"name\":\"Ace Football Danmark\",\"description\":\"Nyheder, Spiltips &amp; Livescore\",\"publisher\":{\"@id\":\"https:\/\/acefootball.com\/da\/#organization\"},\"potentialAction\":[{\"@type\":\"SearchAction\",\"target\":{\"@type\":\"EntryPoint\",\"urlTemplate\":\"https:\/\/acefootball.com\/da\/?s={search_term_string}\"},\"query-input\":\"required name=search_term_string\"}],\"inLanguage\":\"en-US\"},{\"@type\":\"ImageObject\",\"@id\":\"https:\/\/acefootball.com\/da\/fodboldnyheder\/startopstillinger-fc-midtjylland-broendby-if\/#primaryimage\",\"inLanguage\":\"en-US\",\"url\":\"https:\/\/acefootball.com\/da\/wp-content\/uploads\/sites\/2\/2021\/03\/Brondby-66.jpg\",\"contentUrl\":\"https:\/\/acefootball.com\/da\/wp-content\/uploads\/sites\/2\/2021\/03\/Brondby-66.jpg\",\"width\":1920,\"height\":1008,\"caption\":\"HERNING, DENMARK - FEBRUARY 28: Dion Cools of FC Midtjylland, Mikael Uhre of Brondby IF and Jens-Lys Cajuste of FC Midtjylland compete for the ball during the Danish 3F Superliga match between FC Midtjylland and Brondby IF at MCH Arena on February 28, 2021 in Herning, Denmark. (Photo by Lars Ronbog \/ FrontZoneSport via Getty Images)\"},{\"@type\":\"WebPage\",\"@id\":\"https:\/\/acefootball.com\/da\/fodboldnyheder\/startopstillinger-fc-midtjylland-broendby-if\/#webpage\",\"url\":\"https:\/\/acefootball.com\/da\/fodboldnyheder\/startopstillinger-fc-midtjylland-broendby-if\/\",\"name\":\"Startopstillinger: FC Midtjylland - Br\u00f8ndby IF\",\"isPartOf\":{\"@id\":\"https:\/\/acefootball.com\/da\/#website\"},\"primaryImageOfPage\":{\"@id\":\"https:\/\/acefootball.com\/da\/fodboldnyheder\/startopstillinger-fc-midtjylland-broendby-if\/#primaryimage\"},\"datePublished\":\"2021-04-05T15:04:59+00:00\",\"dateModified\":\"2021-04-05T15:04:59+00:00\",\"description\":\"FC Midtjylland og Br\u00f8ndby har sat navn p\u00e5 de 22 spillere, der skal starte dagens Superliga-brag i Herning. Se startopstillingerne her\",\"breadcrumb\":{\"@id\":\"https:\/\/acefootball.com\/da\/fodboldnyheder\/startopstillinger-fc-midtjylland-broendby-if\/#breadcrumb\"},\"inLanguage\":\"en-US\",\"potentialAction\":[{\"@type\":\"ReadAction\",\"target\":[\"https:\/\/acefootball.com\/da\/fodboldnyheder\/startopstillinger-fc-midtjylland-broendby-if\/\"]}]},{\"@type\":\"BreadcrumbList\",\"@id\":\"https:\/\/acefootball.com\/da\/fodboldnyheder\/startopstillinger-fc-midtjylland-broendby-if\/#breadcrumb\",\"itemListElement\":[{\"@type\":\"ListItem\",\"position\":1,\"name\":\"Home\",\"item\":\"https:\/\/acefootball.com\/da\/\"},{\"@type\":\"ListItem\",\"position\":2,\"name\":\"Startopstillinger: FC Midtjylland &#8211; Br\u00f8ndby IF\"}]},{\"@type\":\"Article\",\"@id\":\"https:\/\/acefootball.com\/da\/fodboldnyheder\/startopstillinger-fc-midtjylland-broendby-if\/#article\",\"isPartOf\":{\"@id\":\"https:\/\/acefootball.com\/da\/fodboldnyheder\/startopstillinger-fc-midtjylland-broendby-if\/#webpage\"},\"author\":{\"@id\":\"https:\/\/acefootball.com\/da\/#\/schema\/person\/ee67e9cf04a276f144100ffa722f10cd\"},\"headline\":\"Startopstillinger: FC Midtjylland &#8211; Br\u00f8ndby IF\",\"datePublished\":\"2021-04-05T15:04:59+00:00\",\"dateModified\":\"2021-04-05T15:04:59+00:00\",\"mainEntityOfPage\":{\"@id\":\"https:\/\/acefootball.com\/da\/fodboldnyheder\/startopstillinger-fc-midtjylland-broendby-if\/#webpage\"},\"wordCount\":113,\"commentCount\":0,\"publisher\":{\"@id\":\"https:\/\/acefootball.com\/da\/#organization\"},\"image\":{\"@id\":\"https:\/\/acefootball.com\/da\/fodboldnyheder\/startopstillinger-fc-midtjylland-broendby-if\/#primaryimage\"},\"thumbnailUrl\":\"https:\/\/acefootball.com\/da\/wp-content\/uploads\/sites\/2\/2021\/03\/GettyImages-1231442995.jpg\",\"keywords\":[\"Br\u00f8ndby IF\",\"FC Midtjylland\",\"Superligaen\"],\"articleSection\":[\"Kamp\"],\"inLanguage\":\"en-US\",\"potentialAction\":[{\"@type\":\"CommentAction\",\"name\":\"Comment\",\"target\":[\"https:\/\/acefootball.com\/da\/fodboldnyheder\/startopstillinger-fc-midtjylland-broendby-if\/#respond\"]}]},{\"@type\":\"Person\",\"@id\":\"https:\/\/acefootball.com\/da\/#\/schema\/person\/ee67e9cf04a276f144100ffa722f10cd\",\"name\":\"Mads Dreyer\",\"image\":{\"@type\":\"ImageObject\",\"@id\":\"https:\/\/acefootball.com\/da\/#personlogo\",\"inLanguage\":\"en-US\",\"url\":\"https:\/\/secure.gravatar.com\/avatar\/7c7abf72cfde9902b6a60efe60c88d4c?s=96&d=mm&r=g\",\"contentUrl\":\"https:\/\/secure.gravatar.com\/avatar\/7c7abf72cfde9902b6a60efe60c88d4c?s=96&d=mm&r=g\",\"caption\":\"Mads Dreyer\"},\"description\":\"Skribent og fodboldn\u00f8rd, der lige nu fort\u00e6ller om alt og intet i fodboldverdenen p\u00e5 acefootball.com. Uddannet i kommunikation fra Aalborg Universitet.\",\"sameAs\":[\"https:\/\/www.linkedin.com\/in\/mads-dreyer-b9b08266\/\"],\"url\":\"https:\/\/acefootball.com\/da\/fodboldnyheder\/author\/mdnronaldo\/\"}]}<\/script>\n<!-- \/ Yoast SEO plugin. -->","yoast_head_json":{"title":"Startopstillinger: FC Midtjylland - Br\u00f8ndby IF","description":"FC Midtjylland og Br\u00f8ndby har sat navn p\u00e5 de 22 spillere, der skal starte dagens Superliga-brag i Herning. Se startopstillingerne her","robots":{"index":"index","follow":"follow","max-snippet":"max-snippet:-1","max-image-preview":"max-image-preview:large","max-video-preview":"max-video-preview:-1"},"canonical":"https:\/\/acefootball.com\/da\/fodboldnyheder\/startopstillinger-fc-midtjylland-broendby-if\/","og_locale":"en_US","og_type":"article","og_title":"Startopstillinger: FC Midtjylland - Br\u00f8ndby IF","og_description":"FC Midtjylland og Br\u00f8ndby har sat navn p\u00e5 de 22 spillere, der skal starte dagens Superliga-brag i Herning. Se startopstillingerne her","og_url":"https:\/\/acefootball.com\/da\/fodboldnyheder\/startopstillinger-fc-midtjylland-broendby-if\/","og_site_name":"Ace Football Danmark","article_publisher":"https:\/\/www.facebook.com\/acefootballdk","article_published_time":"2021-04-05T15:04:59+00:00","og_image":[{"width":1920,"height":1008,"url":"https:\/\/acefootball.com\/da\/wp-content\/uploads\/sites\/2\/2021\/03\/Brondby-66.jpg","type":"image\/jpeg"}],"twitter_card":"summary_large_image","twitter_misc":{"Written by":"Mads Dreyer","Est. reading time":"1 minute"},"schema":{"@context":"https:\/\/schema.org","@graph":[{"@type":"Organization","@id":"https:\/\/acefootball.com\/da\/#organization","name":"Ace Football","url":"https:\/\/acefootball.com\/da\/","sameAs":["https:\/\/www.facebook.com\/acefootballdk"],"logo":{"@type":"ImageObject","@id":"https:\/\/acefootball.com\/da\/#logo","inLanguage":"en-US","url":"https:\/\/acefootball.com\/da\/wp-content\/uploads\/sites\/2\/2020\/07\/Ace-Football-30-07-2020-2.png","contentUrl":"https:\/\/acefootball.com\/da\/wp-content\/uploads\/sites\/2\/2020\/07\/Ace-Football-30-07-2020-2.png","width":1200,"height":600,"caption":"Ace Football"},"image":{"@id":"https:\/\/acefootball.com\/da\/#logo"}},{"@type":"WebSite","@id":"https:\/\/acefootball.com\/da\/#website","url":"https:\/\/acefootball.com\/da\/","name":"Ace Football Danmark","description":"Nyheder, Spiltips &amp; Livescore","publisher":{"@id":"https:\/\/acefootball.com\/da\/#organization"},"potentialAction":[{"@type":"SearchAction","target":{"@type":"EntryPoint","urlTemplate":"https:\/\/acefootball.com\/da\/?s={search_term_string}"},"query-input":"required name=search_term_string"}],"inLanguage":"en-US"},{"@type":"ImageObject","@id":"https:\/\/acefootball.com\/da\/fodboldnyheder\/startopstillinger-fc-midtjylland-broendby-if\/#primaryimage","inLanguage":"en-US","url":"https:\/\/acefootball.com\/da\/wp-content\/uploads\/sites\/2\/2021\/03\/Brondby-66.jpg","contentUrl":"https:\/\/acefootball.com\/da\/wp-content\/uploads\/sites\/2\/2021\/03\/Brondby-66.jpg","width":1920,"height":1008,"caption":"HERNING, DENMARK - FEBRUARY 28: Dion Cools of FC Midtjylland, Mikael Uhre of Brondby IF and Jens-Lys Cajuste of FC Midtjylland compete for the ball during the Danish 3F Superliga match between FC Midtjylland and Brondby IF at MCH Arena on February 28, 2021 in Herning, Denmark. (Photo by Lars Ronbog \/ FrontZoneSport via Getty Images)"},{"@type":"WebPage","@id":"https:\/\/acefootball.com\/da\/fodboldnyheder\/startopstillinger-fc-midtjylland-broendby-if\/#webpage","url":"https:\/\/acefootball.com\/da\/fodboldnyheder\/startopstillinger-fc-midtjylland-broendby-if\/","name":"Startopstillinger: FC Midtjylland - Br\u00f8ndby IF","isPartOf":{"@id":"https:\/\/acefootball.com\/da\/#website"},"primaryImageOfPage":{"@id":"https:\/\/acefootball.com\/da\/fodboldnyheder\/startopstillinger-fc-midtjylland-broendby-if\/#primaryimage"},"datePublished":"2021-04-05T15:04:59+00:00","dateModified":"2021-04-05T15:04:59+00:00","description":"FC Midtjylland og Br\u00f8ndby har sat navn p\u00e5 de 22 spillere, der skal starte dagens Superliga-brag i Herning. Se startopstillingerne her","breadcrumb":{"@id":"https:\/\/acefootball.com\/da\/fodboldnyheder\/startopstillinger-fc-midtjylland-broendby-if\/#breadcrumb"},"inLanguage":"en-US","potentialAction":[{"@type":"ReadAction","target":["https:\/\/acefootball.com\/da\/fodboldnyheder\/startopstillinger-fc-midtjylland-broendby-if\/"]}]},{"@type":"BreadcrumbList","@id":"https:\/\/acefootball.com\/da\/fodboldnyheder\/startopstillinger-fc-midtjylland-broendby-if\/#breadcrumb","itemListElement":[{"@type":"ListItem","position":1,"name":"Home","item":"https:\/\/acefootball.com\/da\/"},{"@type":"ListItem","position":2,"name":"Startopstillinger: FC Midtjylland &#8211; Br\u00f8ndby IF"}]},{"@type":"Article","@id":"https:\/\/acefootball.com\/da\/fodboldnyheder\/startopstillinger-fc-midtjylland-broendby-if\/#article","isPartOf":{"@id":"https:\/\/acefootball.com\/da\/fodboldnyheder\/startopstillinger-fc-midtjylland-broendby-if\/#webpage"},"author":{"@id":"https:\/\/acefootball.com\/da\/#\/schema\/person\/ee67e9cf04a276f144100ffa722f10cd"},"headline":"Startopstillinger: FC Midtjylland &#8211; Br\u00f8ndby IF","datePublished":"2021-04-05T15:04:59+00:00","dateModified":"2021-04-05T15:04:59+00:00","mainEntityOfPage":{"@id":"https:\/\/acefootball.com\/da\/fodboldnyheder\/startopstillinger-fc-midtjylland-broendby-if\/#webpage"},"wordCount":113,"commentCount":0,"publisher":{"@id":"https:\/\/acefootball.com\/da\/#organization"},"image":{"@id":"https:\/\/acefootball.com\/da\/fodboldnyheder\/startopstillinger-fc-midtjylland-broendby-if\/#primaryimage"},"thumbnailUrl":"https:\/\/acefootball.com\/da\/wp-content\/uploads\/sites\/2\/2021\/03\/GettyImages-1231442995.jpg","keywords":["Br\u00f8ndby IF","FC Midtjylland","Superligaen"],"articleSection":["Kamp"],"inLanguage":"en-US","potentialAction":[{"@type":"CommentAction","name":"Comment","target":["https:\/\/acefootball.com\/da\/fodboldnyheder\/startopstillinger-fc-midtjylland-broendby-if\/#respond"]}]},{"@type":"Person","@id":"https:\/\/acefootball.com\/da\/#\/schema\/person\/ee67e9cf04a276f144100ffa722f10cd","name":"Mads Dreyer","image":{"@type":"ImageObject","@id":"https:\/\/acefootball.com\/da\/#personlogo","inLanguage":"en-US","url":"https:\/\/secure.gravatar.com\/avatar\/7c7abf72cfde9902b6a60efe60c88d4c?s=96&d=mm&r=g","contentUrl":"https:\/\/secure.gravatar.com\/avatar\/7c7abf72cfde9902b6a60efe60c88d4c?s=96&d=mm&r=g","caption":"Mads Dreyer"},"description":"Skribent og fodboldn\u00f8rd, der lige nu fort\u00e6ller om alt og intet i fodboldverdenen p\u00e5 acefootball.com. Uddannet i kommunikation fra Aalborg Universitet.","sameAs":["https:\/\/www.linkedin.com\/in\/mads-dreyer-b9b08266\/"],"url":"https:\/\/acefootball.com\/da\/fodboldnyheder\/author\/mdnronaldo\/"}]}},"fimg_url":"https:\/\/acefootball.com\/da\/wp-content\/uploads\/sites\/2\/2021\/03\/GettyImages-1231442995.jpg","_links":{"self":[{"href":"https:\/\/acefootball.com\/da\/wp-json\/wp\/v2\/posts\/256533"}],"collection":[{"href":"https:\/\/acefootball.com\/da\/wp-json\/wp\/v2\/posts"}],"about":[{"href":"https:\/\/acefootball.com\/da\/wp-json\/wp\/v2\/types\/post"}],"author":[{"embeddable":true,"href":"https:\/\/acefootball.com\/da\/wp-json\/wp\/v2\/users\/705"}],"replies":[{"embeddable":true,"href":"https:\/\/acefootball.com\/da\/wp-json\/wp\/v2\/comments?post=256533"}],"version-history":[{"count":0,"href":"https:\/\/acefootball.com\/da\/wp-json\/wp\/v2\/posts\/256533\/revisions"}],"wp:featuredmedia":[{"embeddable":true,"href":"https:\/\/acefootball.com\/da\/wp-json\/wp\/v2\/media\/255306"}],"wp:attachment":[{"href":"https:\/\/acefootball.com\/da\/wp-json\/wp\/v2\/media?parent=256533"}],"wp:term":[{"taxonomy":"category","embeddable":true,"href":"https:\/\/acefootball.com\/da\/wp-json\/wp\/v2\/categories?post=256533"},{"taxonomy":"post_tag","embeddable":true,"href":"https:\/\/acefootball.com\/da\/wp-json\/wp\/v2\/tags?post=256533"}],"curies":[{"name":"wp","href":"https:\/\/api.w.org\/{rel}","templated":true}]}}