{"id":256523,"date":"2021-04-05T15:00:46","date_gmt":"2021-04-05T13:00:46","guid":{"rendered":"https:\/\/acefootball.com\/da\/?p=256523"},"modified":"2021-04-05T15:03:50","modified_gmt":"2021-04-05T13:03:50","slug":"startopstillinger-wilczek-faar-chancen-for-fck","status":"publish","type":"post","link":"https:\/\/acefootball.com\/da\/fodboldnyheder\/startopstillinger-wilczek-faar-chancen-for-fck\/","title":{"rendered":"Startopstillinger: Wilczek f\u00e5r chancen for FCK"},"content":{"rendered":"\n<h2 id=\"h-fc-k-benhavn-og-randers-fc-har-udtaget-de-startende-22-spillere-til-dagens-interne-duel-i-mesterskabsspillet-se-startopstillingerne-her\">FC K\u00f8benhavn og Randers FC har udtaget de startende 22 spillere til dagens interne duel i mesterskabsspillet. Se startopstillingerne her<\/h2>\n\n\n\n<p>FC K\u00f8benhavn indleder denne s\u00f8ndag Superligaens mesterskabsspil med en hjemmekamp mod Randers FC i kampen om europ\u00e6iske placeringer.<\/p>\n\n\n\n<p>Til den opgave har Jess Thorup igen f\u00e5et Peter Ankersen til r\u00e5dighed, og han er blevet smidt direkte ind i dagens startopstilling.<\/p>\n\n\n\n<p>Samtidig er det ogs\u00e5 blevet til en sj\u00e6lden startplads for Kamil Wilczek, som f\u00e5r chancen fremme sammen med Jonas Wind. Ogs\u00e5 Sten Grytebust starter.<\/p>\n\n\n\n<p>V\u00e6rd at bem\u00e6rke er det ogs\u00e5, at Mathias &#8216;Zanka&#8217; J\u00f8rgensen er blevet b\u00e6nket, hvilket giver unge Victor Kristiansen en plads p\u00e5 holdet.<\/p>\n\n\n\n<p>Du kan se begge holds startopstillinger her:<\/p>\n\n\n\n<figure class=\"wp-block-embed is-type-rich is-provider-twitter wp-block-embed-twitter\"><div class=\"wp-block-embed__wrapper\">\n<blockquote class=\"twitter-tweet\" data-width=\"550\" data-dnt=\"true\"><p lang=\"da\" dir=\"ltr\">Start-11 mod <a href=\"https:\/\/twitter.com\/Randers_FC?ref_src=twsrc%5Etfw\">@Randers_FC<\/a> pr\u00e6senteres i samarbejde med vores officielle samarbejdspartner <a href=\"https:\/\/twitter.com\/Unibet_Danmark?ref_src=twsrc%5Etfw\">@Unibet_Danmark<\/a>. Efter at klubberne er blevet enige om, at man ikke l\u00e6ngere beh\u00f8ver at opgive den taktiske opstilling, har vi valgt at f\u00f8lge den model fremover. <a href=\"https:\/\/twitter.com\/hashtag\/fcklive?src=hash&amp;ref_src=twsrc%5Etfw\">#fcklive<\/a> <a href=\"https:\/\/twitter.com\/hashtag\/fckrfc?src=hash&amp;ref_src=twsrc%5Etfw\">#fckrfc<\/a> <a href=\"https:\/\/twitter.com\/hashtag\/sldk?src=hash&amp;ref_src=twsrc%5Etfw\">#sldk<\/a> <a href=\"https:\/\/t.co\/XsgzryLFDM\">pic.twitter.com\/XsgzryLFDM<\/a><\/p>&mdash; F.C. K\u00f8benhavn (@FCKobenhavn) <a href=\"https:\/\/twitter.com\/FCKobenhavn\/status\/1379054856888012803?ref_src=twsrc%5Etfw\">April 5, 2021<\/a><\/blockquote><script async src=\"https:\/\/platform.twitter.com\/widgets.js\" charset=\"utf-8\"><\/script>\n<\/div><\/figure>\n\n\n\n<figure class=\"wp-block-embed is-type-rich is-provider-twitter wp-block-embed-twitter\"><div class=\"wp-block-embed__wrapper\">\n<blockquote class=\"twitter-tweet\" data-width=\"550\" data-dnt=\"true\"><p lang=\"da\" dir=\"ltr\">F\u00f8lgende er udvalgt af tr\u00e6nerteamet til den f\u00f8rste startopstilling nogensinde for Randers FC i mesterskabsspillet.<br><br>Der er kun \u00e9n time til kampstart.<a href=\"https:\/\/twitter.com\/hashtag\/randersfc?src=hash&amp;ref_src=twsrc%5Etfw\">#randersfc<\/a> <a href=\"https:\/\/twitter.com\/hashtag\/st%C3%B8toshjemmefra?src=hash&amp;ref_src=twsrc%5Etfw\">#st\u00f8toshjemmefra<\/a> <a href=\"https:\/\/twitter.com\/hashtag\/byensf%C3%B8rstehold?src=hash&amp;ref_src=twsrc%5Etfw\">#byensf\u00f8rstehold<\/a> <a href=\"https:\/\/twitter.com\/hashtag\/sldk?src=hash&amp;ref_src=twsrc%5Etfw\">#sldk<\/a> <a href=\"https:\/\/t.co\/5Ix0EMTLL7\">pic.twitter.com\/5Ix0EMTLL7<\/a><\/p>&mdash; Randers FC (@Randers_FC) <a href=\"https:\/\/twitter.com\/Randers_FC\/status\/1379056546311761928?ref_src=twsrc%5Etfw\">April 5, 2021<\/a><\/blockquote><script async src=\"https:\/\/platform.twitter.com\/widgets.js\" charset=\"utf-8\"><\/script>\n<\/div><\/figure>\n","protected":false},"excerpt":{"rendered":"<p>FC K\u00f8benhavn og Randers FC har udtaget de startende 22 spillere til dagens interne duel i mesterskabsspillet. Se startopstillingerne her<\/p>\n","protected":false},"author":705,"featured_media":238075,"comment_status":"open","ping_status":"closed","sticky":false,"template":"","format":"standard","meta":{"om_disable_all_campaigns":false,"push_articles_ronaldo":{"active":false,"canonical":0,"publish":false},"force_updates":null},"categories":[8062],"tags":[16,588],"enet_tags":{"team":["8391"],"league":["46"],"sport_events":[]},"yoast_head":"<!-- This site is optimized with the Yoast SEO plugin v18.3 - https:\/\/yoast.com\/wordpress\/plugins\/seo\/ -->\n<title>Startopstillinger: Wilczek f\u00e5r chancen for FCK<\/title>\n<meta name=\"description\" content=\"FC K\u00f8benhavn og Randers FC har udtaget de startende 22 spillere til dagens interne duel i mesterskabsspillet. Se startopstillingerne her\" \/>\n<meta name=\"robots\" content=\"index, follow, max-snippet:-1, max-image-preview:large, max-video-preview:-1\" \/>\n<link rel=\"canonical\" href=\"https:\/\/acefootball.com\/da\/fodboldnyheder\/startopstillinger-wilczek-faar-chancen-for-fck\/\" \/>\n<meta property=\"og:locale\" content=\"en_US\" \/>\n<meta property=\"og:type\" content=\"article\" \/>\n<meta property=\"og:title\" content=\"Startopstillinger: Wilczek f\u00e5r chancen for FCK\" \/>\n<meta property=\"og:description\" content=\"FC K\u00f8benhavn og Randers FC har udtaget de startende 22 spillere til dagens interne duel i mesterskabsspillet. Se startopstillingerne her\" \/>\n<meta property=\"og:url\" content=\"https:\/\/acefootball.com\/da\/fodboldnyheder\/startopstillinger-wilczek-faar-chancen-for-fck\/\" \/>\n<meta property=\"og:site_name\" content=\"Ace Football Danmark\" \/>\n<meta property=\"article:publisher\" content=\"https:\/\/www.facebook.com\/acefootballdk\" \/>\n<meta property=\"article:published_time\" content=\"2021-04-05T13:00:46+00:00\" \/>\n<meta property=\"article:modified_time\" content=\"2021-04-05T13:03:50+00:00\" \/>\n<meta property=\"og:image\" content=\"https:\/\/acefootball.com\/da\/wp-content\/uploads\/sites\/2\/2021\/02\/FCK-1.jpg\" \/>\n\t<meta property=\"og:image:width\" content=\"1920\" \/>\n\t<meta property=\"og:image:height\" content=\"1008\" \/>\n\t<meta property=\"og:image:type\" content=\"image\/jpeg\" \/>\n<meta name=\"twitter:card\" content=\"summary_large_image\" \/>\n<meta name=\"twitter:label1\" content=\"Written by\" \/>\n\t<meta name=\"twitter:data1\" content=\"Mads Dreyer\" \/>\n\t<meta name=\"twitter:label2\" content=\"Est. reading time\" \/>\n\t<meta name=\"twitter:data2\" content=\"1 minute\" \/>\n<script type=\"application\/ld+json\" class=\"yoast-schema-graph\">{\"@context\":\"https:\/\/schema.org\",\"@graph\":[{\"@type\":\"Organization\",\"@id\":\"https:\/\/acefootball.com\/da\/#organization\",\"name\":\"Ace Football\",\"url\":\"https:\/\/acefootball.com\/da\/\",\"sameAs\":[\"https:\/\/www.facebook.com\/acefootballdk\"],\"logo\":{\"@type\":\"ImageObject\",\"@id\":\"https:\/\/acefootball.com\/da\/#logo\",\"inLanguage\":\"en-US\",\"url\":\"https:\/\/acefootball.com\/da\/wp-content\/uploads\/sites\/2\/2020\/07\/Ace-Football-30-07-2020-2.png\",\"contentUrl\":\"https:\/\/acefootball.com\/da\/wp-content\/uploads\/sites\/2\/2020\/07\/Ace-Football-30-07-2020-2.png\",\"width\":1200,\"height\":600,\"caption\":\"Ace Football\"},\"image\":{\"@id\":\"https:\/\/acefootball.com\/da\/#logo\"}},{\"@type\":\"WebSite\",\"@id\":\"https:\/\/acefootball.com\/da\/#website\",\"url\":\"https:\/\/acefootball.com\/da\/\",\"name\":\"Ace Football Danmark\",\"description\":\"Nyheder, Spiltips &amp; Livescore\",\"publisher\":{\"@id\":\"https:\/\/acefootball.com\/da\/#organization\"},\"potentialAction\":[{\"@type\":\"SearchAction\",\"target\":{\"@type\":\"EntryPoint\",\"urlTemplate\":\"https:\/\/acefootball.com\/da\/?s={search_term_string}\"},\"query-input\":\"required name=search_term_string\"}],\"inLanguage\":\"en-US\"},{\"@type\":\"ImageObject\",\"@id\":\"https:\/\/acefootball.com\/da\/fodboldnyheder\/startopstillinger-wilczek-faar-chancen-for-fck\/#primaryimage\",\"inLanguage\":\"en-US\",\"url\":\"https:\/\/acefootball.com\/da\/wp-content\/uploads\/sites\/2\/2021\/02\/FCK-1.jpg\",\"contentUrl\":\"https:\/\/acefootball.com\/da\/wp-content\/uploads\/sites\/2\/2021\/02\/FCK-1.jpg\",\"width\":1920,\"height\":1008,\"caption\":\"thorup fck\"},{\"@type\":\"WebPage\",\"@id\":\"https:\/\/acefootball.com\/da\/fodboldnyheder\/startopstillinger-wilczek-faar-chancen-for-fck\/#webpage\",\"url\":\"https:\/\/acefootball.com\/da\/fodboldnyheder\/startopstillinger-wilczek-faar-chancen-for-fck\/\",\"name\":\"Startopstillinger: Wilczek f\u00e5r chancen for FCK\",\"isPartOf\":{\"@id\":\"https:\/\/acefootball.com\/da\/#website\"},\"primaryImageOfPage\":{\"@id\":\"https:\/\/acefootball.com\/da\/fodboldnyheder\/startopstillinger-wilczek-faar-chancen-for-fck\/#primaryimage\"},\"datePublished\":\"2021-04-05T13:00:46+00:00\",\"dateModified\":\"2021-04-05T13:03:50+00:00\",\"description\":\"FC K\u00f8benhavn og Randers FC har udtaget de startende 22 spillere til dagens interne duel i mesterskabsspillet. Se startopstillingerne her\",\"breadcrumb\":{\"@id\":\"https:\/\/acefootball.com\/da\/fodboldnyheder\/startopstillinger-wilczek-faar-chancen-for-fck\/#breadcrumb\"},\"inLanguage\":\"en-US\",\"potentialAction\":[{\"@type\":\"ReadAction\",\"target\":[\"https:\/\/acefootball.com\/da\/fodboldnyheder\/startopstillinger-wilczek-faar-chancen-for-fck\/\"]}]},{\"@type\":\"BreadcrumbList\",\"@id\":\"https:\/\/acefootball.com\/da\/fodboldnyheder\/startopstillinger-wilczek-faar-chancen-for-fck\/#breadcrumb\",\"itemListElement\":[{\"@type\":\"ListItem\",\"position\":1,\"name\":\"Home\",\"item\":\"https:\/\/acefootball.com\/da\/\"},{\"@type\":\"ListItem\",\"position\":2,\"name\":\"Startopstillinger: Wilczek f\u00e5r chancen for FCK\"}]},{\"@type\":\"Article\",\"@id\":\"https:\/\/acefootball.com\/da\/fodboldnyheder\/startopstillinger-wilczek-faar-chancen-for-fck\/#article\",\"isPartOf\":{\"@id\":\"https:\/\/acefootball.com\/da\/fodboldnyheder\/startopstillinger-wilczek-faar-chancen-for-fck\/#webpage\"},\"author\":{\"@id\":\"https:\/\/acefootball.com\/da\/#\/schema\/person\/ee67e9cf04a276f144100ffa722f10cd\"},\"headline\":\"Startopstillinger: Wilczek f\u00e5r chancen for FCK\",\"datePublished\":\"2021-04-05T13:00:46+00:00\",\"dateModified\":\"2021-04-05T13:03:50+00:00\",\"mainEntityOfPage\":{\"@id\":\"https:\/\/acefootball.com\/da\/fodboldnyheder\/startopstillinger-wilczek-faar-chancen-for-fck\/#webpage\"},\"wordCount\":142,\"commentCount\":0,\"publisher\":{\"@id\":\"https:\/\/acefootball.com\/da\/#organization\"},\"image\":{\"@id\":\"https:\/\/acefootball.com\/da\/fodboldnyheder\/startopstillinger-wilczek-faar-chancen-for-fck\/#primaryimage\"},\"thumbnailUrl\":\"https:\/\/acefootball.com\/da\/wp-content\/uploads\/sites\/2\/2020\/09\/GettyImages-1228616560.jpg\",\"keywords\":[\"FC K\u00f8benhavn\",\"Superligaen\"],\"articleSection\":[\"Kamp\"],\"inLanguage\":\"en-US\",\"potentialAction\":[{\"@type\":\"CommentAction\",\"name\":\"Comment\",\"target\":[\"https:\/\/acefootball.com\/da\/fodboldnyheder\/startopstillinger-wilczek-faar-chancen-for-fck\/#respond\"]}]},{\"@type\":\"Person\",\"@id\":\"https:\/\/acefootball.com\/da\/#\/schema\/person\/ee67e9cf04a276f144100ffa722f10cd\",\"name\":\"Mads Dreyer\",\"image\":{\"@type\":\"ImageObject\",\"@id\":\"https:\/\/acefootball.com\/da\/#personlogo\",\"inLanguage\":\"en-US\",\"url\":\"https:\/\/secure.gravatar.com\/avatar\/7c7abf72cfde9902b6a60efe60c88d4c?s=96&d=mm&r=g\",\"contentUrl\":\"https:\/\/secure.gravatar.com\/avatar\/7c7abf72cfde9902b6a60efe60c88d4c?s=96&d=mm&r=g\",\"caption\":\"Mads Dreyer\"},\"description\":\"Skribent og fodboldn\u00f8rd, der lige nu fort\u00e6ller om alt og intet i fodboldverdenen p\u00e5 acefootball.com. Uddannet i kommunikation fra Aalborg Universitet.\",\"sameAs\":[\"https:\/\/www.linkedin.com\/in\/mads-dreyer-b9b08266\/\"],\"url\":\"https:\/\/acefootball.com\/da\/fodboldnyheder\/author\/mdnronaldo\/\"}]}<\/script>\n<!-- \/ Yoast SEO plugin. -->","yoast_head_json":{"title":"Startopstillinger: Wilczek f\u00e5r chancen for FCK","description":"FC K\u00f8benhavn og Randers FC har udtaget de startende 22 spillere til dagens interne duel i mesterskabsspillet. Se startopstillingerne her","robots":{"index":"index","follow":"follow","max-snippet":"max-snippet:-1","max-image-preview":"max-image-preview:large","max-video-preview":"max-video-preview:-1"},"canonical":"https:\/\/acefootball.com\/da\/fodboldnyheder\/startopstillinger-wilczek-faar-chancen-for-fck\/","og_locale":"en_US","og_type":"article","og_title":"Startopstillinger: Wilczek f\u00e5r chancen for FCK","og_description":"FC K\u00f8benhavn og Randers FC har udtaget de startende 22 spillere til dagens interne duel i mesterskabsspillet. Se startopstillingerne her","og_url":"https:\/\/acefootball.com\/da\/fodboldnyheder\/startopstillinger-wilczek-faar-chancen-for-fck\/","og_site_name":"Ace Football Danmark","article_publisher":"https:\/\/www.facebook.com\/acefootballdk","article_published_time":"2021-04-05T13:00:46+00:00","article_modified_time":"2021-04-05T13:03:50+00:00","og_image":[{"width":1920,"height":1008,"url":"https:\/\/acefootball.com\/da\/wp-content\/uploads\/sites\/2\/2021\/02\/FCK-1.jpg","type":"image\/jpeg"}],"twitter_card":"summary_large_image","twitter_misc":{"Written by":"Mads Dreyer","Est. reading time":"1 minute"},"schema":{"@context":"https:\/\/schema.org","@graph":[{"@type":"Organization","@id":"https:\/\/acefootball.com\/da\/#organization","name":"Ace Football","url":"https:\/\/acefootball.com\/da\/","sameAs":["https:\/\/www.facebook.com\/acefootballdk"],"logo":{"@type":"ImageObject","@id":"https:\/\/acefootball.com\/da\/#logo","inLanguage":"en-US","url":"https:\/\/acefootball.com\/da\/wp-content\/uploads\/sites\/2\/2020\/07\/Ace-Football-30-07-2020-2.png","contentUrl":"https:\/\/acefootball.com\/da\/wp-content\/uploads\/sites\/2\/2020\/07\/Ace-Football-30-07-2020-2.png","width":1200,"height":600,"caption":"Ace Football"},"image":{"@id":"https:\/\/acefootball.com\/da\/#logo"}},{"@type":"WebSite","@id":"https:\/\/acefootball.com\/da\/#website","url":"https:\/\/acefootball.com\/da\/","name":"Ace Football Danmark","description":"Nyheder, Spiltips &amp; Livescore","publisher":{"@id":"https:\/\/acefootball.com\/da\/#organization"},"potentialAction":[{"@type":"SearchAction","target":{"@type":"EntryPoint","urlTemplate":"https:\/\/acefootball.com\/da\/?s={search_term_string}"},"query-input":"required name=search_term_string"}],"inLanguage":"en-US"},{"@type":"ImageObject","@id":"https:\/\/acefootball.com\/da\/fodboldnyheder\/startopstillinger-wilczek-faar-chancen-for-fck\/#primaryimage","inLanguage":"en-US","url":"https:\/\/acefootball.com\/da\/wp-content\/uploads\/sites\/2\/2021\/02\/FCK-1.jpg","contentUrl":"https:\/\/acefootball.com\/da\/wp-content\/uploads\/sites\/2\/2021\/02\/FCK-1.jpg","width":1920,"height":1008,"caption":"thorup fck"},{"@type":"WebPage","@id":"https:\/\/acefootball.com\/da\/fodboldnyheder\/startopstillinger-wilczek-faar-chancen-for-fck\/#webpage","url":"https:\/\/acefootball.com\/da\/fodboldnyheder\/startopstillinger-wilczek-faar-chancen-for-fck\/","name":"Startopstillinger: Wilczek f\u00e5r chancen for FCK","isPartOf":{"@id":"https:\/\/acefootball.com\/da\/#website"},"primaryImageOfPage":{"@id":"https:\/\/acefootball.com\/da\/fodboldnyheder\/startopstillinger-wilczek-faar-chancen-for-fck\/#primaryimage"},"datePublished":"2021-04-05T13:00:46+00:00","dateModified":"2021-04-05T13:03:50+00:00","description":"FC K\u00f8benhavn og Randers FC har udtaget de startende 22 spillere til dagens interne duel i mesterskabsspillet. Se startopstillingerne her","breadcrumb":{"@id":"https:\/\/acefootball.com\/da\/fodboldnyheder\/startopstillinger-wilczek-faar-chancen-for-fck\/#breadcrumb"},"inLanguage":"en-US","potentialAction":[{"@type":"ReadAction","target":["https:\/\/acefootball.com\/da\/fodboldnyheder\/startopstillinger-wilczek-faar-chancen-for-fck\/"]}]},{"@type":"BreadcrumbList","@id":"https:\/\/acefootball.com\/da\/fodboldnyheder\/startopstillinger-wilczek-faar-chancen-for-fck\/#breadcrumb","itemListElement":[{"@type":"ListItem","position":1,"name":"Home","item":"https:\/\/acefootball.com\/da\/"},{"@type":"ListItem","position":2,"name":"Startopstillinger: Wilczek f\u00e5r chancen for FCK"}]},{"@type":"Article","@id":"https:\/\/acefootball.com\/da\/fodboldnyheder\/startopstillinger-wilczek-faar-chancen-for-fck\/#article","isPartOf":{"@id":"https:\/\/acefootball.com\/da\/fodboldnyheder\/startopstillinger-wilczek-faar-chancen-for-fck\/#webpage"},"author":{"@id":"https:\/\/acefootball.com\/da\/#\/schema\/person\/ee67e9cf04a276f144100ffa722f10cd"},"headline":"Startopstillinger: Wilczek f\u00e5r chancen for FCK","datePublished":"2021-04-05T13:00:46+00:00","dateModified":"2021-04-05T13:03:50+00:00","mainEntityOfPage":{"@id":"https:\/\/acefootball.com\/da\/fodboldnyheder\/startopstillinger-wilczek-faar-chancen-for-fck\/#webpage"},"wordCount":142,"commentCount":0,"publisher":{"@id":"https:\/\/acefootball.com\/da\/#organization"},"image":{"@id":"https:\/\/acefootball.com\/da\/fodboldnyheder\/startopstillinger-wilczek-faar-chancen-for-fck\/#primaryimage"},"thumbnailUrl":"https:\/\/acefootball.com\/da\/wp-content\/uploads\/sites\/2\/2020\/09\/GettyImages-1228616560.jpg","keywords":["FC K\u00f8benhavn","Superligaen"],"articleSection":["Kamp"],"inLanguage":"en-US","potentialAction":[{"@type":"CommentAction","name":"Comment","target":["https:\/\/acefootball.com\/da\/fodboldnyheder\/startopstillinger-wilczek-faar-chancen-for-fck\/#respond"]}]},{"@type":"Person","@id":"https:\/\/acefootball.com\/da\/#\/schema\/person\/ee67e9cf04a276f144100ffa722f10cd","name":"Mads Dreyer","image":{"@type":"ImageObject","@id":"https:\/\/acefootball.com\/da\/#personlogo","inLanguage":"en-US","url":"https:\/\/secure.gravatar.com\/avatar\/7c7abf72cfde9902b6a60efe60c88d4c?s=96&d=mm&r=g","contentUrl":"https:\/\/secure.gravatar.com\/avatar\/7c7abf72cfde9902b6a60efe60c88d4c?s=96&d=mm&r=g","caption":"Mads Dreyer"},"description":"Skribent og fodboldn\u00f8rd, der lige nu fort\u00e6ller om alt og intet i fodboldverdenen p\u00e5 acefootball.com. Uddannet i kommunikation fra Aalborg Universitet.","sameAs":["https:\/\/www.linkedin.com\/in\/mads-dreyer-b9b08266\/"],"url":"https:\/\/acefootball.com\/da\/fodboldnyheder\/author\/mdnronaldo\/"}]}},"fimg_url":"https:\/\/acefootball.com\/da\/wp-content\/uploads\/sites\/2\/2020\/09\/GettyImages-1228616560.jpg","_links":{"self":[{"href":"https:\/\/acefootball.com\/da\/wp-json\/wp\/v2\/posts\/256523"}],"collection":[{"href":"https:\/\/acefootball.com\/da\/wp-json\/wp\/v2\/posts"}],"about":[{"href":"https:\/\/acefootball.com\/da\/wp-json\/wp\/v2\/types\/post"}],"author":[{"embeddable":true,"href":"https:\/\/acefootball.com\/da\/wp-json\/wp\/v2\/users\/705"}],"replies":[{"embeddable":true,"href":"https:\/\/acefootball.com\/da\/wp-json\/wp\/v2\/comments?post=256523"}],"version-history":[{"count":0,"href":"https:\/\/acefootball.com\/da\/wp-json\/wp\/v2\/posts\/256523\/revisions"}],"wp:featuredmedia":[{"embeddable":true,"href":"https:\/\/acefootball.com\/da\/wp-json\/wp\/v2\/media\/238075"}],"wp:attachment":[{"href":"https:\/\/acefootball.com\/da\/wp-json\/wp\/v2\/media?parent=256523"}],"wp:term":[{"taxonomy":"category","embeddable":true,"href":"https:\/\/acefootball.com\/da\/wp-json\/wp\/v2\/categories?post=256523"},{"taxonomy":"post_tag","embeddable":true,"href":"https:\/\/acefootball.com\/da\/wp-json\/wp\/v2\/tags?post=256523"}],"curies":[{"name":"wp","href":"https:\/\/api.w.org\/{rel}","templated":true}]}}