{"id":256512,"date":"2021-04-05T12:50:15","date_gmt":"2021-04-05T10:50:15","guid":{"rendered":"https:\/\/acefootball.com\/da\/?p=256512"},"modified":"2021-04-05T12:50:16","modified_gmt":"2021-04-05T10:50:16","slug":"danskerklub-udvandrer-i-racisme-skandale-se-episoden-her","status":"publish","type":"post","link":"https:\/\/acefootball.com\/da\/fodboldnyheder\/danskerklub-udvandrer-i-racisme-skandale-se-episoden-her\/","title":{"rendered":"Danskerklub udvandrer i racisme-skandale: Se episoden her"},"content":{"rendered":"\n<h2 id=\"h-kampen-mellem-cadiz-og-valencia-blev-midlertidigt-afbrudt-da-udeholdets-mouctar-diakhaby-angiveligt-blev-udsat-for-racisme\">Kampen mellem Cadiz og Valencia blev midlertidigt afbrudt, da udeholdets Mouctar Diakhaby angiveligt blev udsat for racisme<\/h2>\n\n\n\n<p>S\u00f8ndagens La Liga-kamp mellem Cadiz og Valencia blev efter en halv time afbrudt i l\u00e6ngere tid, da spillere fra begge hold samledes til tumult p\u00e5 midten af banen.<\/p>\n\n\n\n<p>Danske Jens J\u00f8nsson og Daniel Wass var begge p\u00e5 banen og kunne se Valencia-stopperen Mouctar Diakhaby forlade spillet og s\u00f8ge en konfrontation med hjemmeholdets Juan Cala, som angiveligt havde ytret sig racistisk overfor sin franske modstander.<\/p>\n\n\n\n<p>Det fik Diakhaby op i det r\u00f8de felt, og efter flere minutters diskussioner valgte hele Valencia-holdet at forlade banen i protest.<\/p>\n\n\n\n<figure class=\"wp-block-embed is-type-rich is-provider-reddit wp-block-embed-reddit\"><div class=\"wp-block-embed__wrapper\">\n    <blockquote class=\"reddit-card\" >      <a href=\"https:\/\/www.reddit.com\/r\/soccer\/comments\/mk1yiq\/valencia_players_walk_off_the_pitch_after_alleged\/?ref_source=embed&amp;ref=share\">Valencia Players Walk Off The Pitch After Alleged Racial Slur (Full Altercation) ( Reupload )<\/a> from      <a href=\"https:\/\/www.reddit.com\/r\/soccer\/\">soccer<\/a>    <\/blockquote>    <script async src=\"https:\/\/embed.redditmedia.com\/widgets\/platform.js\" charset=\"UTF-8\"><\/script>\n<\/div><\/figure>\n\n\n\n<p>Storklubbens spillere kom dog tilbage for at forts\u00e6tte kampen, da Diakhaby angiveligt bad dem om at f\u00e6rdigg\u00f8re kampen for ikke at risikere pointstraf. Han lod dog sig selv udskifte.<\/p>\n\n\n\n<p>Episodens anden hovedperson, Juan Cala, har siden udtalt, at han tirsdag vil forklare sin version p\u00e5 et pressem\u00f8de.<\/p>\n","protected":false},"excerpt":{"rendered":"<p>Kampen mellem Cadiz og Valencia blev midlertidigt afbrudt, da udeholdets Mouctar Diakhaby angiveligt blev udsat for racisme<\/p>\n","protected":false},"author":705,"featured_media":256513,"comment_status":"open","ping_status":"closed","sticky":false,"template":"","format":"video","meta":{"om_disable_all_campaigns":false,"push_articles_ronaldo":{"active":false,"canonical":0,"publish":false},"force_updates":null},"categories":[8098],"tags":[5774,303,1556,604],"enet_tags":{"team":["8385","10267"],"league":["87"],"player":["561198"],"sport_events":[]},"yoast_head":"<!-- This site is optimized with the Yoast SEO plugin v18.3 - https:\/\/yoast.com\/wordpress\/plugins\/seo\/ -->\n<title>Danskerklub udvandrer i racisme-skandale: Se episoden her<\/title>\n<meta name=\"description\" content=\"Kampen mellem Cadiz og Valencia blev midlertidigt afbrudt, da udeholdets Mouctar Diakhaby angiveligt blev udsat for racisme\" \/>\n<meta name=\"robots\" content=\"index, follow, max-snippet:-1, max-image-preview:large, max-video-preview:-1\" \/>\n<link rel=\"canonical\" href=\"https:\/\/acefootball.com\/da\/fodboldnyheder\/danskerklub-udvandrer-i-racisme-skandale-se-episoden-her\/\" \/>\n<meta property=\"og:locale\" content=\"en_US\" \/>\n<meta property=\"og:type\" content=\"article\" \/>\n<meta property=\"og:title\" content=\"Danskerklub udvandrer i racisme-skandale: Se episoden her\" \/>\n<meta property=\"og:description\" content=\"Kampen mellem Cadiz og Valencia blev midlertidigt afbrudt, da udeholdets Mouctar Diakhaby angiveligt blev udsat for racisme\" \/>\n<meta property=\"og:url\" content=\"https:\/\/acefootball.com\/da\/fodboldnyheder\/danskerklub-udvandrer-i-racisme-skandale-se-episoden-her\/\" \/>\n<meta property=\"og:site_name\" content=\"Ace Football Danmark\" \/>\n<meta property=\"article:publisher\" content=\"https:\/\/www.facebook.com\/acefootballdk\" \/>\n<meta property=\"article:published_time\" content=\"2021-04-05T10:50:15+00:00\" \/>\n<meta property=\"article:modified_time\" content=\"2021-04-05T10:50:16+00:00\" \/>\n<meta property=\"og:image\" content=\"https:\/\/acefootball.com\/da\/wp-content\/uploads\/sites\/2\/2021\/04\/Video-generel-91.jpg\" \/>\n\t<meta property=\"og:image:width\" content=\"1920\" \/>\n\t<meta property=\"og:image:height\" content=\"1008\" \/>\n\t<meta property=\"og:image:type\" content=\"image\/jpeg\" \/>\n<meta name=\"twitter:card\" content=\"summary_large_image\" \/>\n<meta name=\"twitter:label1\" content=\"Written by\" \/>\n\t<meta name=\"twitter:data1\" content=\"Mads Dreyer\" \/>\n\t<meta name=\"twitter:label2\" content=\"Est. reading time\" \/>\n\t<meta name=\"twitter:data2\" content=\"1 minute\" \/>\n<script type=\"application\/ld+json\" class=\"yoast-schema-graph\">{\"@context\":\"https:\/\/schema.org\",\"@graph\":[{\"@type\":\"Organization\",\"@id\":\"https:\/\/acefootball.com\/da\/#organization\",\"name\":\"Ace Football\",\"url\":\"https:\/\/acefootball.com\/da\/\",\"sameAs\":[\"https:\/\/www.facebook.com\/acefootballdk\"],\"logo\":{\"@type\":\"ImageObject\",\"@id\":\"https:\/\/acefootball.com\/da\/#logo\",\"inLanguage\":\"en-US\",\"url\":\"https:\/\/acefootball.com\/da\/wp-content\/uploads\/sites\/2\/2020\/07\/Ace-Football-30-07-2020-2.png\",\"contentUrl\":\"https:\/\/acefootball.com\/da\/wp-content\/uploads\/sites\/2\/2020\/07\/Ace-Football-30-07-2020-2.png\",\"width\":1200,\"height\":600,\"caption\":\"Ace Football\"},\"image\":{\"@id\":\"https:\/\/acefootball.com\/da\/#logo\"}},{\"@type\":\"WebSite\",\"@id\":\"https:\/\/acefootball.com\/da\/#website\",\"url\":\"https:\/\/acefootball.com\/da\/\",\"name\":\"Ace Football Danmark\",\"description\":\"Nyheder, Spiltips &amp; Livescore\",\"publisher\":{\"@id\":\"https:\/\/acefootball.com\/da\/#organization\"},\"potentialAction\":[{\"@type\":\"SearchAction\",\"target\":{\"@type\":\"EntryPoint\",\"urlTemplate\":\"https:\/\/acefootball.com\/da\/?s={search_term_string}\"},\"query-input\":\"required name=search_term_string\"}],\"inLanguage\":\"en-US\"},{\"@type\":\"ImageObject\",\"@id\":\"https:\/\/acefootball.com\/da\/fodboldnyheder\/danskerklub-udvandrer-i-racisme-skandale-se-episoden-her\/#primaryimage\",\"inLanguage\":\"en-US\",\"url\":\"https:\/\/acefootball.com\/da\/wp-content\/uploads\/sites\/2\/2021\/04\/Video-generel-91.jpg\",\"contentUrl\":\"https:\/\/acefootball.com\/da\/wp-content\/uploads\/sites\/2\/2021\/04\/Video-generel-91.jpg\",\"width\":1920,\"height\":1008},{\"@type\":\"WebPage\",\"@id\":\"https:\/\/acefootball.com\/da\/fodboldnyheder\/danskerklub-udvandrer-i-racisme-skandale-se-episoden-her\/#webpage\",\"url\":\"https:\/\/acefootball.com\/da\/fodboldnyheder\/danskerklub-udvandrer-i-racisme-skandale-se-episoden-her\/\",\"name\":\"Danskerklub udvandrer i racisme-skandale: Se episoden her\",\"isPartOf\":{\"@id\":\"https:\/\/acefootball.com\/da\/#website\"},\"primaryImageOfPage\":{\"@id\":\"https:\/\/acefootball.com\/da\/fodboldnyheder\/danskerklub-udvandrer-i-racisme-skandale-se-episoden-her\/#primaryimage\"},\"datePublished\":\"2021-04-05T10:50:15+00:00\",\"dateModified\":\"2021-04-05T10:50:16+00:00\",\"description\":\"Kampen mellem Cadiz og Valencia blev midlertidigt afbrudt, da udeholdets Mouctar Diakhaby angiveligt blev udsat for racisme\",\"breadcrumb\":{\"@id\":\"https:\/\/acefootball.com\/da\/fodboldnyheder\/danskerklub-udvandrer-i-racisme-skandale-se-episoden-her\/#breadcrumb\"},\"inLanguage\":\"en-US\",\"potentialAction\":[{\"@type\":\"ReadAction\",\"target\":[\"https:\/\/acefootball.com\/da\/fodboldnyheder\/danskerklub-udvandrer-i-racisme-skandale-se-episoden-her\/\"]}]},{\"@type\":\"BreadcrumbList\",\"@id\":\"https:\/\/acefootball.com\/da\/fodboldnyheder\/danskerklub-udvandrer-i-racisme-skandale-se-episoden-her\/#breadcrumb\",\"itemListElement\":[{\"@type\":\"ListItem\",\"position\":1,\"name\":\"Home\",\"item\":\"https:\/\/acefootball.com\/da\/\"},{\"@type\":\"ListItem\",\"position\":2,\"name\":\"Danskerklub udvandrer i racisme-skandale: Se episoden her\"}]},{\"@type\":\"Article\",\"@id\":\"https:\/\/acefootball.com\/da\/fodboldnyheder\/danskerklub-udvandrer-i-racisme-skandale-se-episoden-her\/#article\",\"isPartOf\":{\"@id\":\"https:\/\/acefootball.com\/da\/fodboldnyheder\/danskerklub-udvandrer-i-racisme-skandale-se-episoden-her\/#webpage\"},\"author\":{\"@id\":\"https:\/\/acefootball.com\/da\/#\/schema\/person\/ee67e9cf04a276f144100ffa722f10cd\"},\"headline\":\"Danskerklub udvandrer i racisme-skandale: Se episoden her\",\"datePublished\":\"2021-04-05T10:50:15+00:00\",\"dateModified\":\"2021-04-05T10:50:16+00:00\",\"mainEntityOfPage\":{\"@id\":\"https:\/\/acefootball.com\/da\/fodboldnyheder\/danskerklub-udvandrer-i-racisme-skandale-se-episoden-her\/#webpage\"},\"wordCount\":190,\"commentCount\":0,\"publisher\":{\"@id\":\"https:\/\/acefootball.com\/da\/#organization\"},\"image\":{\"@id\":\"https:\/\/acefootball.com\/da\/fodboldnyheder\/danskerklub-udvandrer-i-racisme-skandale-se-episoden-her\/#primaryimage\"},\"thumbnailUrl\":\"https:\/\/acefootball.com\/da\/wp-content\/uploads\/sites\/2\/2021\/04\/Untitled-design-78.jpg\",\"keywords\":[\"Cadiz\",\"La Liga\",\"Mouctar Diakhaby\",\"Valencia\"],\"articleSection\":[\"Video\"],\"inLanguage\":\"en-US\",\"potentialAction\":[{\"@type\":\"CommentAction\",\"name\":\"Comment\",\"target\":[\"https:\/\/acefootball.com\/da\/fodboldnyheder\/danskerklub-udvandrer-i-racisme-skandale-se-episoden-her\/#respond\"]}]},{\"@type\":\"Person\",\"@id\":\"https:\/\/acefootball.com\/da\/#\/schema\/person\/ee67e9cf04a276f144100ffa722f10cd\",\"name\":\"Mads Dreyer\",\"image\":{\"@type\":\"ImageObject\",\"@id\":\"https:\/\/acefootball.com\/da\/#personlogo\",\"inLanguage\":\"en-US\",\"url\":\"https:\/\/secure.gravatar.com\/avatar\/7c7abf72cfde9902b6a60efe60c88d4c?s=96&d=mm&r=g\",\"contentUrl\":\"https:\/\/secure.gravatar.com\/avatar\/7c7abf72cfde9902b6a60efe60c88d4c?s=96&d=mm&r=g\",\"caption\":\"Mads Dreyer\"},\"description\":\"Skribent og fodboldn\u00f8rd, der lige nu fort\u00e6ller om alt og intet i fodboldverdenen p\u00e5 acefootball.com. Uddannet i kommunikation fra Aalborg Universitet.\",\"sameAs\":[\"https:\/\/www.linkedin.com\/in\/mads-dreyer-b9b08266\/\"],\"url\":\"https:\/\/acefootball.com\/da\/fodboldnyheder\/author\/mdnronaldo\/\"}]}<\/script>\n<!-- \/ Yoast SEO plugin. -->","yoast_head_json":{"title":"Danskerklub udvandrer i racisme-skandale: Se episoden her","description":"Kampen mellem Cadiz og Valencia blev midlertidigt afbrudt, da udeholdets Mouctar Diakhaby angiveligt blev udsat for racisme","robots":{"index":"index","follow":"follow","max-snippet":"max-snippet:-1","max-image-preview":"max-image-preview:large","max-video-preview":"max-video-preview:-1"},"canonical":"https:\/\/acefootball.com\/da\/fodboldnyheder\/danskerklub-udvandrer-i-racisme-skandale-se-episoden-her\/","og_locale":"en_US","og_type":"article","og_title":"Danskerklub udvandrer i racisme-skandale: Se episoden her","og_description":"Kampen mellem Cadiz og Valencia blev midlertidigt afbrudt, da udeholdets Mouctar Diakhaby angiveligt blev udsat for racisme","og_url":"https:\/\/acefootball.com\/da\/fodboldnyheder\/danskerklub-udvandrer-i-racisme-skandale-se-episoden-her\/","og_site_name":"Ace Football Danmark","article_publisher":"https:\/\/www.facebook.com\/acefootballdk","article_published_time":"2021-04-05T10:50:15+00:00","article_modified_time":"2021-04-05T10:50:16+00:00","og_image":[{"width":1920,"height":1008,"url":"https:\/\/acefootball.com\/da\/wp-content\/uploads\/sites\/2\/2021\/04\/Video-generel-91.jpg","type":"image\/jpeg"}],"twitter_card":"summary_large_image","twitter_misc":{"Written by":"Mads Dreyer","Est. reading time":"1 minute"},"schema":{"@context":"https:\/\/schema.org","@graph":[{"@type":"Organization","@id":"https:\/\/acefootball.com\/da\/#organization","name":"Ace Football","url":"https:\/\/acefootball.com\/da\/","sameAs":["https:\/\/www.facebook.com\/acefootballdk"],"logo":{"@type":"ImageObject","@id":"https:\/\/acefootball.com\/da\/#logo","inLanguage":"en-US","url":"https:\/\/acefootball.com\/da\/wp-content\/uploads\/sites\/2\/2020\/07\/Ace-Football-30-07-2020-2.png","contentUrl":"https:\/\/acefootball.com\/da\/wp-content\/uploads\/sites\/2\/2020\/07\/Ace-Football-30-07-2020-2.png","width":1200,"height":600,"caption":"Ace Football"},"image":{"@id":"https:\/\/acefootball.com\/da\/#logo"}},{"@type":"WebSite","@id":"https:\/\/acefootball.com\/da\/#website","url":"https:\/\/acefootball.com\/da\/","name":"Ace Football Danmark","description":"Nyheder, Spiltips &amp; Livescore","publisher":{"@id":"https:\/\/acefootball.com\/da\/#organization"},"potentialAction":[{"@type":"SearchAction","target":{"@type":"EntryPoint","urlTemplate":"https:\/\/acefootball.com\/da\/?s={search_term_string}"},"query-input":"required name=search_term_string"}],"inLanguage":"en-US"},{"@type":"ImageObject","@id":"https:\/\/acefootball.com\/da\/fodboldnyheder\/danskerklub-udvandrer-i-racisme-skandale-se-episoden-her\/#primaryimage","inLanguage":"en-US","url":"https:\/\/acefootball.com\/da\/wp-content\/uploads\/sites\/2\/2021\/04\/Video-generel-91.jpg","contentUrl":"https:\/\/acefootball.com\/da\/wp-content\/uploads\/sites\/2\/2021\/04\/Video-generel-91.jpg","width":1920,"height":1008},{"@type":"WebPage","@id":"https:\/\/acefootball.com\/da\/fodboldnyheder\/danskerklub-udvandrer-i-racisme-skandale-se-episoden-her\/#webpage","url":"https:\/\/acefootball.com\/da\/fodboldnyheder\/danskerklub-udvandrer-i-racisme-skandale-se-episoden-her\/","name":"Danskerklub udvandrer i racisme-skandale: Se episoden her","isPartOf":{"@id":"https:\/\/acefootball.com\/da\/#website"},"primaryImageOfPage":{"@id":"https:\/\/acefootball.com\/da\/fodboldnyheder\/danskerklub-udvandrer-i-racisme-skandale-se-episoden-her\/#primaryimage"},"datePublished":"2021-04-05T10:50:15+00:00","dateModified":"2021-04-05T10:50:16+00:00","description":"Kampen mellem Cadiz og Valencia blev midlertidigt afbrudt, da udeholdets Mouctar Diakhaby angiveligt blev udsat for racisme","breadcrumb":{"@id":"https:\/\/acefootball.com\/da\/fodboldnyheder\/danskerklub-udvandrer-i-racisme-skandale-se-episoden-her\/#breadcrumb"},"inLanguage":"en-US","potentialAction":[{"@type":"ReadAction","target":["https:\/\/acefootball.com\/da\/fodboldnyheder\/danskerklub-udvandrer-i-racisme-skandale-se-episoden-her\/"]}]},{"@type":"BreadcrumbList","@id":"https:\/\/acefootball.com\/da\/fodboldnyheder\/danskerklub-udvandrer-i-racisme-skandale-se-episoden-her\/#breadcrumb","itemListElement":[{"@type":"ListItem","position":1,"name":"Home","item":"https:\/\/acefootball.com\/da\/"},{"@type":"ListItem","position":2,"name":"Danskerklub udvandrer i racisme-skandale: Se episoden her"}]},{"@type":"Article","@id":"https:\/\/acefootball.com\/da\/fodboldnyheder\/danskerklub-udvandrer-i-racisme-skandale-se-episoden-her\/#article","isPartOf":{"@id":"https:\/\/acefootball.com\/da\/fodboldnyheder\/danskerklub-udvandrer-i-racisme-skandale-se-episoden-her\/#webpage"},"author":{"@id":"https:\/\/acefootball.com\/da\/#\/schema\/person\/ee67e9cf04a276f144100ffa722f10cd"},"headline":"Danskerklub udvandrer i racisme-skandale: Se episoden her","datePublished":"2021-04-05T10:50:15+00:00","dateModified":"2021-04-05T10:50:16+00:00","mainEntityOfPage":{"@id":"https:\/\/acefootball.com\/da\/fodboldnyheder\/danskerklub-udvandrer-i-racisme-skandale-se-episoden-her\/#webpage"},"wordCount":190,"commentCount":0,"publisher":{"@id":"https:\/\/acefootball.com\/da\/#organization"},"image":{"@id":"https:\/\/acefootball.com\/da\/fodboldnyheder\/danskerklub-udvandrer-i-racisme-skandale-se-episoden-her\/#primaryimage"},"thumbnailUrl":"https:\/\/acefootball.com\/da\/wp-content\/uploads\/sites\/2\/2021\/04\/Untitled-design-78.jpg","keywords":["Cadiz","La Liga","Mouctar Diakhaby","Valencia"],"articleSection":["Video"],"inLanguage":"en-US","potentialAction":[{"@type":"CommentAction","name":"Comment","target":["https:\/\/acefootball.com\/da\/fodboldnyheder\/danskerklub-udvandrer-i-racisme-skandale-se-episoden-her\/#respond"]}]},{"@type":"Person","@id":"https:\/\/acefootball.com\/da\/#\/schema\/person\/ee67e9cf04a276f144100ffa722f10cd","name":"Mads Dreyer","image":{"@type":"ImageObject","@id":"https:\/\/acefootball.com\/da\/#personlogo","inLanguage":"en-US","url":"https:\/\/secure.gravatar.com\/avatar\/7c7abf72cfde9902b6a60efe60c88d4c?s=96&d=mm&r=g","contentUrl":"https:\/\/secure.gravatar.com\/avatar\/7c7abf72cfde9902b6a60efe60c88d4c?s=96&d=mm&r=g","caption":"Mads Dreyer"},"description":"Skribent og fodboldn\u00f8rd, der lige nu fort\u00e6ller om alt og intet i fodboldverdenen p\u00e5 acefootball.com. Uddannet i kommunikation fra Aalborg Universitet.","sameAs":["https:\/\/www.linkedin.com\/in\/mads-dreyer-b9b08266\/"],"url":"https:\/\/acefootball.com\/da\/fodboldnyheder\/author\/mdnronaldo\/"}]}},"fimg_url":"https:\/\/acefootball.com\/da\/wp-content\/uploads\/sites\/2\/2021\/04\/Untitled-design-78.jpg","_links":{"self":[{"href":"https:\/\/acefootball.com\/da\/wp-json\/wp\/v2\/posts\/256512"}],"collection":[{"href":"https:\/\/acefootball.com\/da\/wp-json\/wp\/v2\/posts"}],"about":[{"href":"https:\/\/acefootball.com\/da\/wp-json\/wp\/v2\/types\/post"}],"author":[{"embeddable":true,"href":"https:\/\/acefootball.com\/da\/wp-json\/wp\/v2\/users\/705"}],"replies":[{"embeddable":true,"href":"https:\/\/acefootball.com\/da\/wp-json\/wp\/v2\/comments?post=256512"}],"version-history":[{"count":0,"href":"https:\/\/acefootball.com\/da\/wp-json\/wp\/v2\/posts\/256512\/revisions"}],"wp:featuredmedia":[{"embeddable":true,"href":"https:\/\/acefootball.com\/da\/wp-json\/wp\/v2\/media\/256513"}],"wp:attachment":[{"href":"https:\/\/acefootball.com\/da\/wp-json\/wp\/v2\/media?parent=256512"}],"wp:term":[{"taxonomy":"category","embeddable":true,"href":"https:\/\/acefootball.com\/da\/wp-json\/wp\/v2\/categories?post=256512"},{"taxonomy":"post_tag","embeddable":true,"href":"https:\/\/acefootball.com\/da\/wp-json\/wp\/v2\/tags?post=256512"}],"curies":[{"name":"wp","href":"https:\/\/api.w.org\/{rel}","templated":true}]}}