{"id":256478,"date":"2021-04-04T12:36:47","date_gmt":"2021-04-04T10:36:47","guid":{"rendered":"https:\/\/acefootball.com\/da\/?p=256478"},"modified":"2021-04-04T12:36:48","modified_gmt":"2021-04-04T10:36:48","slug":"ny-stjerne-kan-maerke-presset-der-er-ikke-tid-til-den-slags-i-fck","status":"publish","type":"post","link":"https:\/\/acefootball.com\/da\/fodboldnyheder\/ny-stjerne-kan-maerke-presset-der-er-ikke-tid-til-den-slags-i-fck\/","title":{"rendered":"Ny stjerne kan m\u00e6rke presset: Der er ikke tid til den slags i FCK"},"content":{"rendered":"\n<h2 id=\"h-fc-k-benhavns-nye-midtbaneprofil-lukas-lerager-har-brug-for-at-v-nne-sig-til-fc-k-benhavn-men-han-er-klar-over-at-der-bare-ikke-er-tid-til-det\">FC K\u00f8benhavns nye midtbaneprofil Lukas Lerager har brug for at v\u00e6nne sig til FC K\u00f8benhavn, men han er klar over, at der bare ikke er tid til det<\/h2>\n\n\n\n<div class=\"wp-block-si-widget wp-block-si-widget--center\"><si-lb-widget widget-id=\"MatchInfo\" width=\"440\" data-nopadding=\"true\" data-card=\"true\" data-event-id=\"3560448\" data-theme-appearance=\"dark\"><\/si-lb-widget><\/div>\n\n\n\n<p>FC K\u00f8benhavn sikrede sig januar lidt af en profil, da de p\u00e5 en lejeaftale hentede Lukas Lerager i Serie A-klubben Genoa.<\/p>\n\n\n\n<p>Siden da er det blevet til to m\u00e5l i otte Superliga-kampe, og skal han selv vurdere sin f\u00f8rste tid i den danske hovedstadsklub, er det omkring, hvad han havde forventet, da det tager tid at v\u00e6nne sig til at spille i en ny klub. Der er bare lige \u00e9t problem. Den slags tid er der bare ikke i en klub som FCK, og specielt ikke n\u00e5r de har s\u00e5 mange point at jagte.<\/p>\n\n\n\n<p>&#8220;Det er vel g\u00e5et nogenlunde som forventet, for n\u00e5r man skifter klub, s\u00e5 tager det altid lidt tid at v\u00e6nne sig til m\u00e5den at spille p\u00e5. I forvejen var klubben ved at bygge noget nyt op b\u00e5de p\u00e5 og uden for banen, efter at have spillet p\u00e5 den samme m\u00e5de i mange \u00e5r, og det tager ogs\u00e5 tid. Men realiteterne er bare, at i en klub som F.C. K\u00f8benhavn, s\u00e5 har vi ikke den tid, og slet ikke n\u00e5r vi ogs\u00e5 skulle indlede jagten p\u00e5 toppen fra en placering langt nede i tabellen,&#8221; fort\u00e6ller Lerager til <a href=\"https:\/\/www.fck.dk\/nyhed\/lerager-mere-kynisme-og-kamp\" target=\"_blank\" rel=\"noreferrer noopener\">klubbens hjemmeside <\/a>og afslutter:<\/p>\n\n\n\n<p>&#8220;N\u00e5r jeg ser p\u00e5 det materiale, som vi har, og den vej vi gerne vil g\u00e5, s\u00e5 er jeg dog sikker p\u00e5, at n\u00e5r f\u00f8rst det hele spiller, s\u00e5 skal nok det nok blive rigtig, rigtig godt.&#8221;<\/p>\n\n\n\n<p>Lerager og resten af L\u00f8verne tager i morgen imod Randers FC hjemme i Parken, hvor de skal fors\u00f8ge at rette op p\u00e5 deres seneste m\u00f8de, hvor det blev til et nederlag mod Hestene.<\/p>\n\n\n\n<figure class=\"wp-block-embed is-type-wp-embed is-provider-ace-football-danmark wp-block-embed-ace-football-danmark\"><div class=\"wp-block-embed__wrapper\">\n<blockquote class=\"wp-embedded-content\" data-secret=\"wCtjUwalf4\"><a href=\"https:\/\/acefootball.com\/da\/fodboldnyheder\/agf-direktoer-stikker-til-tidligere-fck-chef-aarh-hold-nu-kaeft\/\">AGF-direkt\u00f8r stikker til tidligere FCK-chef: &#8216;\u00c5rh, hold nu k\u00e6ft!&#8217;<\/a><\/blockquote><iframe class=\"wp-embedded-content\" sandbox=\"allow-scripts\" security=\"restricted\" style=\"position: absolute; clip: rect(1px, 1px, 1px, 1px);\" title=\"&#8220;AGF-direkt\u00f8r stikker til tidligere FCK-chef: &#8216;\u00c5rh, hold nu k\u00e6ft!&#8217;&#8221; &#8212; Ace Football Danmark\" src=\"https:\/\/acefootball.com\/da\/fodboldnyheder\/agf-direktoer-stikker-til-tidligere-fck-chef-aarh-hold-nu-kaeft\/embed\/#?secret=wCtjUwalf4\" data-secret=\"wCtjUwalf4\" width=\"600\" height=\"338\" frameborder=\"0\" marginwidth=\"0\" marginheight=\"0\" scrolling=\"no\"><\/iframe>\n<\/div><\/figure>\n","protected":false},"excerpt":{"rendered":"<p>FC K\u00f8benhavns nye midtbaneprofil Lukas Lerager har brug for at v\u00e6nne sig til FC K\u00f8benhavn, men han er klar over, at der bare ikke er tid til det<\/p>\n","protected":false},"author":74,"featured_media":251167,"comment_status":"open","ping_status":"closed","sticky":false,"template":"","format":"standard","meta":{"om_disable_all_campaigns":false,"push_articles_ronaldo":{"active":false,"canonical":0,"publish":false},"force_updates":null},"categories":[8204],"tags":[16,757,588],"enet_tags":{"team":["8391"],"player":["262739"],"league":["46"],"sport_events":[3560448]},"yoast_head":"<!-- This site is optimized with the Yoast SEO plugin v18.3 - https:\/\/yoast.com\/wordpress\/plugins\/seo\/ -->\n<title>Ny stjerne kan m\u00e6rke presset: Der er ikke tid til den slags i FCK<\/title>\n<meta name=\"description\" content=\"FC K\u00f8benhavns nye midtbaneprofil Lukas Lerager har brug for at v\u00e6nne sig til FC K\u00f8benhavn, men han er klar over, at der bare ikke er tid til det\" \/>\n<meta name=\"robots\" content=\"index, follow, max-snippet:-1, max-image-preview:large, max-video-preview:-1\" \/>\n<link rel=\"canonical\" href=\"https:\/\/acefootball.com\/da\/fodboldnyheder\/ny-stjerne-kan-maerke-presset-der-er-ikke-tid-til-den-slags-i-fck\/\" \/>\n<meta property=\"og:locale\" content=\"en_US\" \/>\n<meta property=\"og:type\" content=\"article\" \/>\n<meta property=\"og:title\" content=\"Ny stjerne kan m\u00e6rke presset: Der er ikke tid til den slags i FCK\" \/>\n<meta property=\"og:description\" content=\"FC K\u00f8benhavns nye midtbaneprofil Lukas Lerager har brug for at v\u00e6nne sig til FC K\u00f8benhavn, men han er klar over, at der bare ikke er tid til det\" \/>\n<meta property=\"og:url\" content=\"https:\/\/acefootball.com\/da\/fodboldnyheder\/ny-stjerne-kan-maerke-presset-der-er-ikke-tid-til-den-slags-i-fck\/\" \/>\n<meta property=\"og:site_name\" content=\"Ace Football Danmark\" \/>\n<meta property=\"article:publisher\" content=\"https:\/\/www.facebook.com\/acefootballdk\" \/>\n<meta property=\"article:published_time\" content=\"2021-04-04T10:36:47+00:00\" \/>\n<meta property=\"article:modified_time\" content=\"2021-04-04T10:36:48+00:00\" \/>\n<meta property=\"og:image\" content=\"https:\/\/acefootball.com\/da\/wp-content\/uploads\/sites\/2\/2021\/04\/FCK-11.jpg\" \/>\n\t<meta property=\"og:image:width\" content=\"1920\" \/>\n\t<meta property=\"og:image:height\" content=\"1008\" \/>\n\t<meta property=\"og:image:type\" content=\"image\/jpeg\" \/>\n<meta name=\"twitter:card\" content=\"summary_large_image\" \/>\n<meta name=\"twitter:label1\" content=\"Written by\" \/>\n\t<meta name=\"twitter:data1\" content=\"Patrick Hesselb\u00e6k\" \/>\n\t<meta name=\"twitter:label2\" content=\"Est. reading time\" \/>\n\t<meta name=\"twitter:data2\" content=\"2 minutes\" \/>\n<script type=\"application\/ld+json\" class=\"yoast-schema-graph\">{\"@context\":\"https:\/\/schema.org\",\"@graph\":[{\"@type\":\"Organization\",\"@id\":\"https:\/\/acefootball.com\/da\/#organization\",\"name\":\"Ace Football\",\"url\":\"https:\/\/acefootball.com\/da\/\",\"sameAs\":[\"https:\/\/www.facebook.com\/acefootballdk\"],\"logo\":{\"@type\":\"ImageObject\",\"@id\":\"https:\/\/acefootball.com\/da\/#logo\",\"inLanguage\":\"en-US\",\"url\":\"https:\/\/acefootball.com\/da\/wp-content\/uploads\/sites\/2\/2020\/07\/Ace-Football-30-07-2020-2.png\",\"contentUrl\":\"https:\/\/acefootball.com\/da\/wp-content\/uploads\/sites\/2\/2020\/07\/Ace-Football-30-07-2020-2.png\",\"width\":1200,\"height\":600,\"caption\":\"Ace Football\"},\"image\":{\"@id\":\"https:\/\/acefootball.com\/da\/#logo\"}},{\"@type\":\"WebSite\",\"@id\":\"https:\/\/acefootball.com\/da\/#website\",\"url\":\"https:\/\/acefootball.com\/da\/\",\"name\":\"Ace Football Danmark\",\"description\":\"Nyheder, Spiltips &amp; Livescore\",\"publisher\":{\"@id\":\"https:\/\/acefootball.com\/da\/#organization\"},\"potentialAction\":[{\"@type\":\"SearchAction\",\"target\":{\"@type\":\"EntryPoint\",\"urlTemplate\":\"https:\/\/acefootball.com\/da\/?s={search_term_string}\"},\"query-input\":\"required name=search_term_string\"}],\"inLanguage\":\"en-US\"},{\"@type\":\"ImageObject\",\"@id\":\"https:\/\/acefootball.com\/da\/fodboldnyheder\/ny-stjerne-kan-maerke-presset-der-er-ikke-tid-til-den-slags-i-fck\/#primaryimage\",\"inLanguage\":\"en-US\",\"url\":\"https:\/\/acefootball.com\/da\/wp-content\/uploads\/sites\/2\/2021\/04\/FCK-11.jpg\",\"contentUrl\":\"https:\/\/acefootball.com\/da\/wp-content\/uploads\/sites\/2\/2021\/04\/FCK-11.jpg\",\"width\":1920,\"height\":1008,\"caption\":\"lerager\"},{\"@type\":\"WebPage\",\"@id\":\"https:\/\/acefootball.com\/da\/fodboldnyheder\/ny-stjerne-kan-maerke-presset-der-er-ikke-tid-til-den-slags-i-fck\/#webpage\",\"url\":\"https:\/\/acefootball.com\/da\/fodboldnyheder\/ny-stjerne-kan-maerke-presset-der-er-ikke-tid-til-den-slags-i-fck\/\",\"name\":\"Ny stjerne kan m\u00e6rke presset: Der er ikke tid til den slags i FCK\",\"isPartOf\":{\"@id\":\"https:\/\/acefootball.com\/da\/#website\"},\"primaryImageOfPage\":{\"@id\":\"https:\/\/acefootball.com\/da\/fodboldnyheder\/ny-stjerne-kan-maerke-presset-der-er-ikke-tid-til-den-slags-i-fck\/#primaryimage\"},\"datePublished\":\"2021-04-04T10:36:47+00:00\",\"dateModified\":\"2021-04-04T10:36:48+00:00\",\"description\":\"FC K\u00f8benhavns nye midtbaneprofil Lukas Lerager har brug for at v\u00e6nne sig til FC K\u00f8benhavn, men han er klar over, at der bare ikke er tid til det\",\"breadcrumb\":{\"@id\":\"https:\/\/acefootball.com\/da\/fodboldnyheder\/ny-stjerne-kan-maerke-presset-der-er-ikke-tid-til-den-slags-i-fck\/#breadcrumb\"},\"inLanguage\":\"en-US\",\"potentialAction\":[{\"@type\":\"ReadAction\",\"target\":[\"https:\/\/acefootball.com\/da\/fodboldnyheder\/ny-stjerne-kan-maerke-presset-der-er-ikke-tid-til-den-slags-i-fck\/\"]}]},{\"@type\":\"BreadcrumbList\",\"@id\":\"https:\/\/acefootball.com\/da\/fodboldnyheder\/ny-stjerne-kan-maerke-presset-der-er-ikke-tid-til-den-slags-i-fck\/#breadcrumb\",\"itemListElement\":[{\"@type\":\"ListItem\",\"position\":1,\"name\":\"Home\",\"item\":\"https:\/\/acefootball.com\/da\/\"},{\"@type\":\"ListItem\",\"position\":2,\"name\":\"Ny stjerne kan m\u00e6rke presset: Der er ikke tid til den slags i FCK\"}]},{\"@type\":\"Article\",\"@id\":\"https:\/\/acefootball.com\/da\/fodboldnyheder\/ny-stjerne-kan-maerke-presset-der-er-ikke-tid-til-den-slags-i-fck\/#article\",\"isPartOf\":{\"@id\":\"https:\/\/acefootball.com\/da\/fodboldnyheder\/ny-stjerne-kan-maerke-presset-der-er-ikke-tid-til-den-slags-i-fck\/#webpage\"},\"author\":{\"@id\":\"https:\/\/acefootball.com\/da\/#\/schema\/person\/fd6223a1c033400b41da7853ddf88c84\"},\"headline\":\"Ny stjerne kan m\u00e6rke presset: Der er ikke tid til den slags i FCK\",\"datePublished\":\"2021-04-04T10:36:47+00:00\",\"dateModified\":\"2021-04-04T10:36:48+00:00\",\"mainEntityOfPage\":{\"@id\":\"https:\/\/acefootball.com\/da\/fodboldnyheder\/ny-stjerne-kan-maerke-presset-der-er-ikke-tid-til-den-slags-i-fck\/#webpage\"},\"wordCount\":337,\"commentCount\":0,\"publisher\":{\"@id\":\"https:\/\/acefootball.com\/da\/#organization\"},\"image\":{\"@id\":\"https:\/\/acefootball.com\/da\/fodboldnyheder\/ny-stjerne-kan-maerke-presset-der-er-ikke-tid-til-den-slags-i-fck\/#primaryimage\"},\"thumbnailUrl\":\"https:\/\/acefootball.com\/da\/wp-content\/uploads\/sites\/2\/2021\/02\/GettyImages-1231033140.jpg\",\"keywords\":[\"FC K\u00f8benhavn\",\"Lukas Lerager\",\"Superligaen\"],\"articleSection\":[\"Udtalelse\"],\"inLanguage\":\"en-US\",\"potentialAction\":[{\"@type\":\"CommentAction\",\"name\":\"Comment\",\"target\":[\"https:\/\/acefootball.com\/da\/fodboldnyheder\/ny-stjerne-kan-maerke-presset-der-er-ikke-tid-til-den-slags-i-fck\/#respond\"]}]},{\"@type\":\"Person\",\"@id\":\"https:\/\/acefootball.com\/da\/#\/schema\/person\/fd6223a1c033400b41da7853ddf88c84\",\"name\":\"Patrick Hesselb\u00e6k\",\"image\":{\"@type\":\"ImageObject\",\"@id\":\"https:\/\/acefootball.com\/da\/#personlogo\",\"inLanguage\":\"en-US\",\"url\":\"https:\/\/secure.gravatar.com\/avatar\/7919060992759bffbffb199d6cbdce6f?s=96&d=mm&r=g\",\"contentUrl\":\"https:\/\/secure.gravatar.com\/avatar\/7919060992759bffbffb199d6cbdce6f?s=96&d=mm&r=g\",\"caption\":\"Patrick Hesselb\u00e6k\"},\"description\":\"Redakt\u00f8r p\u00e5 den danske Ace Football-redaktion. Uddannet i kommunikation fra Aalborg Universitet. Prim\u00e6rt fokus p\u00e5 den danske 3F Superliga og de st\u00f8rste europ\u00e6iske turneringer.\",\"sameAs\":[\"https:\/\/www.linkedin.com\/in\/patrick-hesselbk-2a4b1711a\/\"],\"url\":\"https:\/\/acefootball.com\/da\/fodboldnyheder\/author\/patrickhesselbaek\/\"}]}<\/script>\n<!-- \/ Yoast SEO plugin. -->","yoast_head_json":{"title":"Ny stjerne kan m\u00e6rke presset: Der er ikke tid til den slags i FCK","description":"FC K\u00f8benhavns nye midtbaneprofil Lukas Lerager har brug for at v\u00e6nne sig til FC K\u00f8benhavn, men han er klar over, at der bare ikke er tid til det","robots":{"index":"index","follow":"follow","max-snippet":"max-snippet:-1","max-image-preview":"max-image-preview:large","max-video-preview":"max-video-preview:-1"},"canonical":"https:\/\/acefootball.com\/da\/fodboldnyheder\/ny-stjerne-kan-maerke-presset-der-er-ikke-tid-til-den-slags-i-fck\/","og_locale":"en_US","og_type":"article","og_title":"Ny stjerne kan m\u00e6rke presset: Der er ikke tid til den slags i FCK","og_description":"FC K\u00f8benhavns nye midtbaneprofil Lukas Lerager har brug for at v\u00e6nne sig til FC K\u00f8benhavn, men han er klar over, at der bare ikke er tid til det","og_url":"https:\/\/acefootball.com\/da\/fodboldnyheder\/ny-stjerne-kan-maerke-presset-der-er-ikke-tid-til-den-slags-i-fck\/","og_site_name":"Ace Football Danmark","article_publisher":"https:\/\/www.facebook.com\/acefootballdk","article_published_time":"2021-04-04T10:36:47+00:00","article_modified_time":"2021-04-04T10:36:48+00:00","og_image":[{"width":1920,"height":1008,"url":"https:\/\/acefootball.com\/da\/wp-content\/uploads\/sites\/2\/2021\/04\/FCK-11.jpg","type":"image\/jpeg"}],"twitter_card":"summary_large_image","twitter_misc":{"Written by":"Patrick Hesselb\u00e6k","Est. reading time":"2 minutes"},"schema":{"@context":"https:\/\/schema.org","@graph":[{"@type":"Organization","@id":"https:\/\/acefootball.com\/da\/#organization","name":"Ace Football","url":"https:\/\/acefootball.com\/da\/","sameAs":["https:\/\/www.facebook.com\/acefootballdk"],"logo":{"@type":"ImageObject","@id":"https:\/\/acefootball.com\/da\/#logo","inLanguage":"en-US","url":"https:\/\/acefootball.com\/da\/wp-content\/uploads\/sites\/2\/2020\/07\/Ace-Football-30-07-2020-2.png","contentUrl":"https:\/\/acefootball.com\/da\/wp-content\/uploads\/sites\/2\/2020\/07\/Ace-Football-30-07-2020-2.png","width":1200,"height":600,"caption":"Ace Football"},"image":{"@id":"https:\/\/acefootball.com\/da\/#logo"}},{"@type":"WebSite","@id":"https:\/\/acefootball.com\/da\/#website","url":"https:\/\/acefootball.com\/da\/","name":"Ace Football Danmark","description":"Nyheder, Spiltips &amp; Livescore","publisher":{"@id":"https:\/\/acefootball.com\/da\/#organization"},"potentialAction":[{"@type":"SearchAction","target":{"@type":"EntryPoint","urlTemplate":"https:\/\/acefootball.com\/da\/?s={search_term_string}"},"query-input":"required name=search_term_string"}],"inLanguage":"en-US"},{"@type":"ImageObject","@id":"https:\/\/acefootball.com\/da\/fodboldnyheder\/ny-stjerne-kan-maerke-presset-der-er-ikke-tid-til-den-slags-i-fck\/#primaryimage","inLanguage":"en-US","url":"https:\/\/acefootball.com\/da\/wp-content\/uploads\/sites\/2\/2021\/04\/FCK-11.jpg","contentUrl":"https:\/\/acefootball.com\/da\/wp-content\/uploads\/sites\/2\/2021\/04\/FCK-11.jpg","width":1920,"height":1008,"caption":"lerager"},{"@type":"WebPage","@id":"https:\/\/acefootball.com\/da\/fodboldnyheder\/ny-stjerne-kan-maerke-presset-der-er-ikke-tid-til-den-slags-i-fck\/#webpage","url":"https:\/\/acefootball.com\/da\/fodboldnyheder\/ny-stjerne-kan-maerke-presset-der-er-ikke-tid-til-den-slags-i-fck\/","name":"Ny stjerne kan m\u00e6rke presset: Der er ikke tid til den slags i FCK","isPartOf":{"@id":"https:\/\/acefootball.com\/da\/#website"},"primaryImageOfPage":{"@id":"https:\/\/acefootball.com\/da\/fodboldnyheder\/ny-stjerne-kan-maerke-presset-der-er-ikke-tid-til-den-slags-i-fck\/#primaryimage"},"datePublished":"2021-04-04T10:36:47+00:00","dateModified":"2021-04-04T10:36:48+00:00","description":"FC K\u00f8benhavns nye midtbaneprofil Lukas Lerager har brug for at v\u00e6nne sig til FC K\u00f8benhavn, men han er klar over, at der bare ikke er tid til det","breadcrumb":{"@id":"https:\/\/acefootball.com\/da\/fodboldnyheder\/ny-stjerne-kan-maerke-presset-der-er-ikke-tid-til-den-slags-i-fck\/#breadcrumb"},"inLanguage":"en-US","potentialAction":[{"@type":"ReadAction","target":["https:\/\/acefootball.com\/da\/fodboldnyheder\/ny-stjerne-kan-maerke-presset-der-er-ikke-tid-til-den-slags-i-fck\/"]}]},{"@type":"BreadcrumbList","@id":"https:\/\/acefootball.com\/da\/fodboldnyheder\/ny-stjerne-kan-maerke-presset-der-er-ikke-tid-til-den-slags-i-fck\/#breadcrumb","itemListElement":[{"@type":"ListItem","position":1,"name":"Home","item":"https:\/\/acefootball.com\/da\/"},{"@type":"ListItem","position":2,"name":"Ny stjerne kan m\u00e6rke presset: Der er ikke tid til den slags i FCK"}]},{"@type":"Article","@id":"https:\/\/acefootball.com\/da\/fodboldnyheder\/ny-stjerne-kan-maerke-presset-der-er-ikke-tid-til-den-slags-i-fck\/#article","isPartOf":{"@id":"https:\/\/acefootball.com\/da\/fodboldnyheder\/ny-stjerne-kan-maerke-presset-der-er-ikke-tid-til-den-slags-i-fck\/#webpage"},"author":{"@id":"https:\/\/acefootball.com\/da\/#\/schema\/person\/fd6223a1c033400b41da7853ddf88c84"},"headline":"Ny stjerne kan m\u00e6rke presset: Der er ikke tid til den slags i FCK","datePublished":"2021-04-04T10:36:47+00:00","dateModified":"2021-04-04T10:36:48+00:00","mainEntityOfPage":{"@id":"https:\/\/acefootball.com\/da\/fodboldnyheder\/ny-stjerne-kan-maerke-presset-der-er-ikke-tid-til-den-slags-i-fck\/#webpage"},"wordCount":337,"commentCount":0,"publisher":{"@id":"https:\/\/acefootball.com\/da\/#organization"},"image":{"@id":"https:\/\/acefootball.com\/da\/fodboldnyheder\/ny-stjerne-kan-maerke-presset-der-er-ikke-tid-til-den-slags-i-fck\/#primaryimage"},"thumbnailUrl":"https:\/\/acefootball.com\/da\/wp-content\/uploads\/sites\/2\/2021\/02\/GettyImages-1231033140.jpg","keywords":["FC K\u00f8benhavn","Lukas Lerager","Superligaen"],"articleSection":["Udtalelse"],"inLanguage":"en-US","potentialAction":[{"@type":"CommentAction","name":"Comment","target":["https:\/\/acefootball.com\/da\/fodboldnyheder\/ny-stjerne-kan-maerke-presset-der-er-ikke-tid-til-den-slags-i-fck\/#respond"]}]},{"@type":"Person","@id":"https:\/\/acefootball.com\/da\/#\/schema\/person\/fd6223a1c033400b41da7853ddf88c84","name":"Patrick Hesselb\u00e6k","image":{"@type":"ImageObject","@id":"https:\/\/acefootball.com\/da\/#personlogo","inLanguage":"en-US","url":"https:\/\/secure.gravatar.com\/avatar\/7919060992759bffbffb199d6cbdce6f?s=96&d=mm&r=g","contentUrl":"https:\/\/secure.gravatar.com\/avatar\/7919060992759bffbffb199d6cbdce6f?s=96&d=mm&r=g","caption":"Patrick Hesselb\u00e6k"},"description":"Redakt\u00f8r p\u00e5 den danske Ace Football-redaktion. Uddannet i kommunikation fra Aalborg Universitet. Prim\u00e6rt fokus p\u00e5 den danske 3F Superliga og de st\u00f8rste europ\u00e6iske turneringer.","sameAs":["https:\/\/www.linkedin.com\/in\/patrick-hesselbk-2a4b1711a\/"],"url":"https:\/\/acefootball.com\/da\/fodboldnyheder\/author\/patrickhesselbaek\/"}]}},"fimg_url":"https:\/\/acefootball.com\/da\/wp-content\/uploads\/sites\/2\/2021\/02\/GettyImages-1231033140.jpg","_links":{"self":[{"href":"https:\/\/acefootball.com\/da\/wp-json\/wp\/v2\/posts\/256478"}],"collection":[{"href":"https:\/\/acefootball.com\/da\/wp-json\/wp\/v2\/posts"}],"about":[{"href":"https:\/\/acefootball.com\/da\/wp-json\/wp\/v2\/types\/post"}],"author":[{"embeddable":true,"href":"https:\/\/acefootball.com\/da\/wp-json\/wp\/v2\/users\/74"}],"replies":[{"embeddable":true,"href":"https:\/\/acefootball.com\/da\/wp-json\/wp\/v2\/comments?post=256478"}],"version-history":[{"count":0,"href":"https:\/\/acefootball.com\/da\/wp-json\/wp\/v2\/posts\/256478\/revisions"}],"wp:featuredmedia":[{"embeddable":true,"href":"https:\/\/acefootball.com\/da\/wp-json\/wp\/v2\/media\/251167"}],"wp:attachment":[{"href":"https:\/\/acefootball.com\/da\/wp-json\/wp\/v2\/media?parent=256478"}],"wp:term":[{"taxonomy":"category","embeddable":true,"href":"https:\/\/acefootball.com\/da\/wp-json\/wp\/v2\/categories?post=256478"},{"taxonomy":"post_tag","embeddable":true,"href":"https:\/\/acefootball.com\/da\/wp-json\/wp\/v2\/tags?post=256478"}],"curies":[{"name":"wp","href":"https:\/\/api.w.org\/{rel}","templated":true}]}}