{"id":256470,"date":"2021-08-27T10:58:00","date_gmt":"2021-08-27T08:58:00","guid":{"rendered":"https:\/\/acefootball.com\/da\/?p=256470"},"modified":"2021-08-27T11:02:26","modified_gmt":"2021-08-27T09:02:26","slug":"imponerende-la-liga-profil-begyndte-til-fodbold-som-16-aarig","status":"publish","type":"post","link":"https:\/\/acefootball.com\/da\/fodboldnyheder\/imponerende-la-liga-profil-begyndte-til-fodbold-som-16-aarig\/","title":{"rendered":"Imponerende: La Liga-profil begyndte f\u00f8rst til fodbold som 16-\u00e5rig"},"content":{"rendered":"\n<h2 id=\"h-levante-stjernen-jorge-de-frutos-fik-sine-f-rste-fodboldst-vler-da-han-startede-til-fodbold-som-16-rig\">Levante-stjernen Jorge de Frutos fik sine f\u00f8rste fodboldst\u00f8vler, da han startede til fodbold som 16-\u00e5rig<\/h2>\n\n\n\n<p>De fleste fodboldstjerner er blevet skolet siden en meget ung alder, men det er langt fra tilf\u00e6ldet for Levante-profilen Jorge de Frutos.<\/p>\n\n\n\n<p>I seneste s\u00e6son var han blandt spillerne med flest assists i hele La Liga, men det er faktisk kun otte \u00e5r siden, at den nu 24-\u00e5rige kantspiller startede til fodbold. Det fort\u00e6ller han i et interview til <a href=\"https:\/\/elpais.com\/deportes\/2021\/03\/30\/es_laliga\/1617109437_427131.html?m1=cG9ydGFkYV9wb3J0YWRh&amp;m2=QUNUVUFMSURBRA%3D%3D&amp;m3=MTA%3D&amp;m4=bm9ybWFs&amp;m5=MjM%3D&amp;id_externo_noti=eslaliga_mod_port\" target=\"_blank\" rel=\"noreferrer noopener\">El Pa\u00eds<\/a>.<\/p>\n\n\n\n<p>Han havde tidligere spillet for sjov med enkelte venner fra en lille landsby uden for Madrid, men det var f\u00f8rst som 16-\u00e5rig, at han fik sine f\u00f8rste fodboldst\u00f8vler og begyndte at spille i klub.<\/p>\n\n\n\n<figure class=\"wp-block-embed is-type-wp-embed is-provider-ace-football-danmark wp-block-embed-ace-football-danmark\"><div class=\"wp-block-embed__wrapper\">\n<blockquote class=\"wp-embedded-content\" data-secret=\"YqLYKOWKL8\"><a href=\"https:\/\/acefootball.com\/da\/fodboldnyheder\/vanvittigt-cristiano-ronaldos-anfoererbind-solgt-for-kaempebeloeb\/\">Vanvittigt: Cristiano Ronaldos anf\u00f8rerbind solgt for k\u00e6mpebel\u00f8b<\/a><\/blockquote><iframe class=\"wp-embedded-content\" sandbox=\"allow-scripts\" security=\"restricted\" style=\"position: absolute; clip: rect(1px, 1px, 1px, 1px);\" title=\"&#8220;Vanvittigt: Cristiano Ronaldos anf\u00f8rerbind solgt for k\u00e6mpebel\u00f8b&#8221; &#8212; Ace Football Danmark\" src=\"https:\/\/acefootball.com\/da\/fodboldnyheder\/vanvittigt-cristiano-ronaldos-anfoererbind-solgt-for-kaempebeloeb\/embed\/#?secret=YqLYKOWKL8\" data-secret=\"YqLYKOWKL8\" width=\"600\" height=\"338\" frameborder=\"0\" marginwidth=\"0\" marginheight=\"0\" scrolling=\"no\"><\/iframe>\n<\/div><\/figure>\n\n\n\n<p>Det viste sig dog, at De Frutos havde masser af talent, og et par \u00e5r senere ankom han til Madrid-klubben Rayo Majadahonda fra landets tredjebedste r\u00e6kke.<\/p>\n\n\n\n<p>Her spillede De Frutos kun i to \u00e5r, inden han blev k\u00f8bt af Real Madrids reservehold, Castilla, som 22-\u00e5rig, inden Levante k\u00f8bte han fri i sommer for 15 millioner kroner.<\/p>\n\n\n\n<p>Jorge de Frutos lavede i seneste s\u00e6son 7 assists i 28 kampe.<\/p>\n\n\n\n<figure class=\"wp-block-embed is-type-wp-embed is-provider-ace-football-danmark wp-block-embed-ace-football-danmark\"><div class=\"wp-block-embed__wrapper\">\n<blockquote class=\"wp-embedded-content\" data-secret=\"BCqElEtdlP\"><a href=\"https:\/\/acefootball.com\/da\/fodboldnyheder\/ronaldo-zlatan-ronaldinho-her-er-de-bedste-saksespark-nogensinde\/\">Ronaldo, Zlatan, Ronaldinho: Her er de bedste saksespark nogensinde<\/a><\/blockquote><iframe class=\"wp-embedded-content\" sandbox=\"allow-scripts\" security=\"restricted\" style=\"position: absolute; clip: rect(1px, 1px, 1px, 1px);\" title=\"&#8220;Ronaldo, Zlatan, Ronaldinho: Her er de bedste saksespark nogensinde&#8221; &#8212; Ace Football Danmark\" src=\"https:\/\/acefootball.com\/da\/fodboldnyheder\/ronaldo-zlatan-ronaldinho-her-er-de-bedste-saksespark-nogensinde\/embed\/#?secret=BCqElEtdlP\" data-secret=\"BCqElEtdlP\" width=\"600\" height=\"338\" frameborder=\"0\" marginwidth=\"0\" marginheight=\"0\" scrolling=\"no\"><\/iframe>\n<\/div><\/figure>\n","protected":false},"excerpt":{"rendered":"<p>Levante-stjernen Jorge de Frutos fik sine f\u00f8rste fodboldst\u00f8vler, da han startede til fodbold som 16-\u00e5rig<\/p>\n","protected":false},"author":705,"featured_media":256471,"comment_status":"open","ping_status":"closed","sticky":false,"template":"","format":"standard","meta":{"om_disable_all_campaigns":false,"push_articles_ronaldo":{"active":false,"canonical":0,"publish":false},"force_updates":null},"categories":[2470],"tags":[303,1854],"enet_tags":{"league":["87"],"team":["8581"],"sport_events":[]},"yoast_head":"<!-- This site is optimized with the Yoast SEO plugin v18.3 - https:\/\/yoast.com\/wordpress\/plugins\/seo\/ -->\n<title>Imponerende: La Liga-profil begyndte f\u00f8rst til fodbold som 16-\u00e5rig<\/title>\n<meta name=\"description\" content=\"Levante-stjernen Jorge de Frutos fik sine f\u00f8rste fodboldst\u00f8vler, da han startede til fodbold som 16-\u00e5rig\" \/>\n<meta name=\"robots\" content=\"index, follow, max-snippet:-1, max-image-preview:large, max-video-preview:-1\" \/>\n<link rel=\"canonical\" href=\"https:\/\/acefootball.com\/da\/fodboldnyheder\/imponerende-la-liga-profil-begyndte-til-fodbold-som-16-aarig\/\" \/>\n<meta property=\"og:locale\" content=\"en_US\" \/>\n<meta property=\"og:type\" content=\"article\" \/>\n<meta property=\"og:title\" content=\"Imponerende: La Liga-profil begyndte f\u00f8rst til fodbold som 16-\u00e5rig\" \/>\n<meta property=\"og:description\" content=\"Levante-stjernen Jorge de Frutos fik sine f\u00f8rste fodboldst\u00f8vler, da han startede til fodbold som 16-\u00e5rig\" \/>\n<meta property=\"og:url\" content=\"https:\/\/acefootball.com\/da\/fodboldnyheder\/imponerende-la-liga-profil-begyndte-til-fodbold-som-16-aarig\/\" \/>\n<meta property=\"og:site_name\" content=\"Ace Football Danmark\" \/>\n<meta property=\"article:publisher\" content=\"https:\/\/www.facebook.com\/acefootballdk\" \/>\n<meta property=\"article:published_time\" content=\"2021-08-27T08:58:00+00:00\" \/>\n<meta property=\"article:modified_time\" content=\"2021-08-27T09:02:26+00:00\" \/>\n<meta property=\"og:image\" content=\"https:\/\/acefootball.com\/da\/wp-content\/uploads\/sites\/2\/2021\/04\/Copy-of-Video-generel-10.jpg\" \/>\n\t<meta property=\"og:image:width\" content=\"1920\" \/>\n\t<meta property=\"og:image:height\" content=\"1008\" \/>\n\t<meta property=\"og:image:type\" content=\"image\/jpeg\" \/>\n<meta name=\"twitter:card\" content=\"summary_large_image\" \/>\n<meta name=\"twitter:label1\" content=\"Written by\" \/>\n\t<meta name=\"twitter:data1\" content=\"Mads Dreyer\" \/>\n\t<meta name=\"twitter:label2\" content=\"Est. reading time\" \/>\n\t<meta name=\"twitter:data2\" content=\"1 minute\" \/>\n<script type=\"application\/ld+json\" class=\"yoast-schema-graph\">{\"@context\":\"https:\/\/schema.org\",\"@graph\":[{\"@type\":\"Organization\",\"@id\":\"https:\/\/acefootball.com\/da\/#organization\",\"name\":\"Ace Football\",\"url\":\"https:\/\/acefootball.com\/da\/\",\"sameAs\":[\"https:\/\/www.facebook.com\/acefootballdk\"],\"logo\":{\"@type\":\"ImageObject\",\"@id\":\"https:\/\/acefootball.com\/da\/#logo\",\"inLanguage\":\"en-US\",\"url\":\"https:\/\/acefootball.com\/da\/wp-content\/uploads\/sites\/2\/2020\/07\/Ace-Football-30-07-2020-2.png\",\"contentUrl\":\"https:\/\/acefootball.com\/da\/wp-content\/uploads\/sites\/2\/2020\/07\/Ace-Football-30-07-2020-2.png\",\"width\":1200,\"height\":600,\"caption\":\"Ace Football\"},\"image\":{\"@id\":\"https:\/\/acefootball.com\/da\/#logo\"}},{\"@type\":\"WebSite\",\"@id\":\"https:\/\/acefootball.com\/da\/#website\",\"url\":\"https:\/\/acefootball.com\/da\/\",\"name\":\"Ace Football Danmark\",\"description\":\"Nyheder, Spiltips &amp; Livescore\",\"publisher\":{\"@id\":\"https:\/\/acefootball.com\/da\/#organization\"},\"potentialAction\":[{\"@type\":\"SearchAction\",\"target\":{\"@type\":\"EntryPoint\",\"urlTemplate\":\"https:\/\/acefootball.com\/da\/?s={search_term_string}\"},\"query-input\":\"required name=search_term_string\"}],\"inLanguage\":\"en-US\"},{\"@type\":\"ImageObject\",\"@id\":\"https:\/\/acefootball.com\/da\/fodboldnyheder\/imponerende-la-liga-profil-begyndte-til-fodbold-som-16-aarig\/#primaryimage\",\"inLanguage\":\"en-US\",\"url\":\"https:\/\/acefootball.com\/da\/wp-content\/uploads\/sites\/2\/2021\/04\/Copy-of-Video-generel-10.jpg\",\"contentUrl\":\"https:\/\/acefootball.com\/da\/wp-content\/uploads\/sites\/2\/2021\/04\/Copy-of-Video-generel-10.jpg\",\"width\":1920,\"height\":1008,\"caption\":\"de frutos\"},{\"@type\":\"WebPage\",\"@id\":\"https:\/\/acefootball.com\/da\/fodboldnyheder\/imponerende-la-liga-profil-begyndte-til-fodbold-som-16-aarig\/#webpage\",\"url\":\"https:\/\/acefootball.com\/da\/fodboldnyheder\/imponerende-la-liga-profil-begyndte-til-fodbold-som-16-aarig\/\",\"name\":\"Imponerende: La Liga-profil begyndte f\u00f8rst til fodbold som 16-\u00e5rig\",\"isPartOf\":{\"@id\":\"https:\/\/acefootball.com\/da\/#website\"},\"primaryImageOfPage\":{\"@id\":\"https:\/\/acefootball.com\/da\/fodboldnyheder\/imponerende-la-liga-profil-begyndte-til-fodbold-som-16-aarig\/#primaryimage\"},\"datePublished\":\"2021-08-27T08:58:00+00:00\",\"dateModified\":\"2021-08-27T09:02:26+00:00\",\"description\":\"Levante-stjernen Jorge de Frutos fik sine f\u00f8rste fodboldst\u00f8vler, da han startede til fodbold som 16-\u00e5rig\",\"breadcrumb\":{\"@id\":\"https:\/\/acefootball.com\/da\/fodboldnyheder\/imponerende-la-liga-profil-begyndte-til-fodbold-som-16-aarig\/#breadcrumb\"},\"inLanguage\":\"en-US\",\"potentialAction\":[{\"@type\":\"ReadAction\",\"target\":[\"https:\/\/acefootball.com\/da\/fodboldnyheder\/imponerende-la-liga-profil-begyndte-til-fodbold-som-16-aarig\/\"]}]},{\"@type\":\"BreadcrumbList\",\"@id\":\"https:\/\/acefootball.com\/da\/fodboldnyheder\/imponerende-la-liga-profil-begyndte-til-fodbold-som-16-aarig\/#breadcrumb\",\"itemListElement\":[{\"@type\":\"ListItem\",\"position\":1,\"name\":\"Home\",\"item\":\"https:\/\/acefootball.com\/da\/\"},{\"@type\":\"ListItem\",\"position\":2,\"name\":\"Imponerende: La Liga-profil begyndte f\u00f8rst til fodbold som 16-\u00e5rig\"}]},{\"@type\":\"Article\",\"@id\":\"https:\/\/acefootball.com\/da\/fodboldnyheder\/imponerende-la-liga-profil-begyndte-til-fodbold-som-16-aarig\/#article\",\"isPartOf\":{\"@id\":\"https:\/\/acefootball.com\/da\/fodboldnyheder\/imponerende-la-liga-profil-begyndte-til-fodbold-som-16-aarig\/#webpage\"},\"author\":{\"@id\":\"https:\/\/acefootball.com\/da\/#\/schema\/person\/ee67e9cf04a276f144100ffa722f10cd\"},\"headline\":\"Imponerende: La Liga-profil begyndte f\u00f8rst til fodbold som 16-\u00e5rig\",\"datePublished\":\"2021-08-27T08:58:00+00:00\",\"dateModified\":\"2021-08-27T09:02:26+00:00\",\"mainEntityOfPage\":{\"@id\":\"https:\/\/acefootball.com\/da\/fodboldnyheder\/imponerende-la-liga-profil-begyndte-til-fodbold-som-16-aarig\/#webpage\"},\"wordCount\":215,\"commentCount\":0,\"publisher\":{\"@id\":\"https:\/\/acefootball.com\/da\/#organization\"},\"image\":{\"@id\":\"https:\/\/acefootball.com\/da\/fodboldnyheder\/imponerende-la-liga-profil-begyndte-til-fodbold-som-16-aarig\/#primaryimage\"},\"thumbnailUrl\":\"https:\/\/acefootball.com\/da\/wp-content\/uploads\/sites\/2\/2021\/04\/GettyImages-1289578043.jpg\",\"keywords\":[\"La Liga\",\"Levante\"],\"articleSection\":[\"Offsite\"],\"inLanguage\":\"en-US\",\"potentialAction\":[{\"@type\":\"CommentAction\",\"name\":\"Comment\",\"target\":[\"https:\/\/acefootball.com\/da\/fodboldnyheder\/imponerende-la-liga-profil-begyndte-til-fodbold-som-16-aarig\/#respond\"]}]},{\"@type\":\"Person\",\"@id\":\"https:\/\/acefootball.com\/da\/#\/schema\/person\/ee67e9cf04a276f144100ffa722f10cd\",\"name\":\"Mads Dreyer\",\"image\":{\"@type\":\"ImageObject\",\"@id\":\"https:\/\/acefootball.com\/da\/#personlogo\",\"inLanguage\":\"en-US\",\"url\":\"https:\/\/secure.gravatar.com\/avatar\/7c7abf72cfde9902b6a60efe60c88d4c?s=96&d=mm&r=g\",\"contentUrl\":\"https:\/\/secure.gravatar.com\/avatar\/7c7abf72cfde9902b6a60efe60c88d4c?s=96&d=mm&r=g\",\"caption\":\"Mads Dreyer\"},\"description\":\"Skribent og fodboldn\u00f8rd, der lige nu fort\u00e6ller om alt og intet i fodboldverdenen p\u00e5 acefootball.com. Uddannet i kommunikation fra Aalborg Universitet.\",\"sameAs\":[\"https:\/\/www.linkedin.com\/in\/mads-dreyer-b9b08266\/\"],\"url\":\"https:\/\/acefootball.com\/da\/fodboldnyheder\/author\/mdnronaldo\/\"}]}<\/script>\n<!-- \/ Yoast SEO plugin. -->","yoast_head_json":{"title":"Imponerende: La Liga-profil begyndte f\u00f8rst til fodbold som 16-\u00e5rig","description":"Levante-stjernen Jorge de Frutos fik sine f\u00f8rste fodboldst\u00f8vler, da han startede til fodbold som 16-\u00e5rig","robots":{"index":"index","follow":"follow","max-snippet":"max-snippet:-1","max-image-preview":"max-image-preview:large","max-video-preview":"max-video-preview:-1"},"canonical":"https:\/\/acefootball.com\/da\/fodboldnyheder\/imponerende-la-liga-profil-begyndte-til-fodbold-som-16-aarig\/","og_locale":"en_US","og_type":"article","og_title":"Imponerende: La Liga-profil begyndte f\u00f8rst til fodbold som 16-\u00e5rig","og_description":"Levante-stjernen Jorge de Frutos fik sine f\u00f8rste fodboldst\u00f8vler, da han startede til fodbold som 16-\u00e5rig","og_url":"https:\/\/acefootball.com\/da\/fodboldnyheder\/imponerende-la-liga-profil-begyndte-til-fodbold-som-16-aarig\/","og_site_name":"Ace Football Danmark","article_publisher":"https:\/\/www.facebook.com\/acefootballdk","article_published_time":"2021-08-27T08:58:00+00:00","article_modified_time":"2021-08-27T09:02:26+00:00","og_image":[{"width":1920,"height":1008,"url":"https:\/\/acefootball.com\/da\/wp-content\/uploads\/sites\/2\/2021\/04\/Copy-of-Video-generel-10.jpg","type":"image\/jpeg"}],"twitter_card":"summary_large_image","twitter_misc":{"Written by":"Mads Dreyer","Est. reading time":"1 minute"},"schema":{"@context":"https:\/\/schema.org","@graph":[{"@type":"Organization","@id":"https:\/\/acefootball.com\/da\/#organization","name":"Ace Football","url":"https:\/\/acefootball.com\/da\/","sameAs":["https:\/\/www.facebook.com\/acefootballdk"],"logo":{"@type":"ImageObject","@id":"https:\/\/acefootball.com\/da\/#logo","inLanguage":"en-US","url":"https:\/\/acefootball.com\/da\/wp-content\/uploads\/sites\/2\/2020\/07\/Ace-Football-30-07-2020-2.png","contentUrl":"https:\/\/acefootball.com\/da\/wp-content\/uploads\/sites\/2\/2020\/07\/Ace-Football-30-07-2020-2.png","width":1200,"height":600,"caption":"Ace Football"},"image":{"@id":"https:\/\/acefootball.com\/da\/#logo"}},{"@type":"WebSite","@id":"https:\/\/acefootball.com\/da\/#website","url":"https:\/\/acefootball.com\/da\/","name":"Ace Football Danmark","description":"Nyheder, Spiltips &amp; Livescore","publisher":{"@id":"https:\/\/acefootball.com\/da\/#organization"},"potentialAction":[{"@type":"SearchAction","target":{"@type":"EntryPoint","urlTemplate":"https:\/\/acefootball.com\/da\/?s={search_term_string}"},"query-input":"required name=search_term_string"}],"inLanguage":"en-US"},{"@type":"ImageObject","@id":"https:\/\/acefootball.com\/da\/fodboldnyheder\/imponerende-la-liga-profil-begyndte-til-fodbold-som-16-aarig\/#primaryimage","inLanguage":"en-US","url":"https:\/\/acefootball.com\/da\/wp-content\/uploads\/sites\/2\/2021\/04\/Copy-of-Video-generel-10.jpg","contentUrl":"https:\/\/acefootball.com\/da\/wp-content\/uploads\/sites\/2\/2021\/04\/Copy-of-Video-generel-10.jpg","width":1920,"height":1008,"caption":"de frutos"},{"@type":"WebPage","@id":"https:\/\/acefootball.com\/da\/fodboldnyheder\/imponerende-la-liga-profil-begyndte-til-fodbold-som-16-aarig\/#webpage","url":"https:\/\/acefootball.com\/da\/fodboldnyheder\/imponerende-la-liga-profil-begyndte-til-fodbold-som-16-aarig\/","name":"Imponerende: La Liga-profil begyndte f\u00f8rst til fodbold som 16-\u00e5rig","isPartOf":{"@id":"https:\/\/acefootball.com\/da\/#website"},"primaryImageOfPage":{"@id":"https:\/\/acefootball.com\/da\/fodboldnyheder\/imponerende-la-liga-profil-begyndte-til-fodbold-som-16-aarig\/#primaryimage"},"datePublished":"2021-08-27T08:58:00+00:00","dateModified":"2021-08-27T09:02:26+00:00","description":"Levante-stjernen Jorge de Frutos fik sine f\u00f8rste fodboldst\u00f8vler, da han startede til fodbold som 16-\u00e5rig","breadcrumb":{"@id":"https:\/\/acefootball.com\/da\/fodboldnyheder\/imponerende-la-liga-profil-begyndte-til-fodbold-som-16-aarig\/#breadcrumb"},"inLanguage":"en-US","potentialAction":[{"@type":"ReadAction","target":["https:\/\/acefootball.com\/da\/fodboldnyheder\/imponerende-la-liga-profil-begyndte-til-fodbold-som-16-aarig\/"]}]},{"@type":"BreadcrumbList","@id":"https:\/\/acefootball.com\/da\/fodboldnyheder\/imponerende-la-liga-profil-begyndte-til-fodbold-som-16-aarig\/#breadcrumb","itemListElement":[{"@type":"ListItem","position":1,"name":"Home","item":"https:\/\/acefootball.com\/da\/"},{"@type":"ListItem","position":2,"name":"Imponerende: La Liga-profil begyndte f\u00f8rst til fodbold som 16-\u00e5rig"}]},{"@type":"Article","@id":"https:\/\/acefootball.com\/da\/fodboldnyheder\/imponerende-la-liga-profil-begyndte-til-fodbold-som-16-aarig\/#article","isPartOf":{"@id":"https:\/\/acefootball.com\/da\/fodboldnyheder\/imponerende-la-liga-profil-begyndte-til-fodbold-som-16-aarig\/#webpage"},"author":{"@id":"https:\/\/acefootball.com\/da\/#\/schema\/person\/ee67e9cf04a276f144100ffa722f10cd"},"headline":"Imponerende: La Liga-profil begyndte f\u00f8rst til fodbold som 16-\u00e5rig","datePublished":"2021-08-27T08:58:00+00:00","dateModified":"2021-08-27T09:02:26+00:00","mainEntityOfPage":{"@id":"https:\/\/acefootball.com\/da\/fodboldnyheder\/imponerende-la-liga-profil-begyndte-til-fodbold-som-16-aarig\/#webpage"},"wordCount":215,"commentCount":0,"publisher":{"@id":"https:\/\/acefootball.com\/da\/#organization"},"image":{"@id":"https:\/\/acefootball.com\/da\/fodboldnyheder\/imponerende-la-liga-profil-begyndte-til-fodbold-som-16-aarig\/#primaryimage"},"thumbnailUrl":"https:\/\/acefootball.com\/da\/wp-content\/uploads\/sites\/2\/2021\/04\/GettyImages-1289578043.jpg","keywords":["La Liga","Levante"],"articleSection":["Offsite"],"inLanguage":"en-US","potentialAction":[{"@type":"CommentAction","name":"Comment","target":["https:\/\/acefootball.com\/da\/fodboldnyheder\/imponerende-la-liga-profil-begyndte-til-fodbold-som-16-aarig\/#respond"]}]},{"@type":"Person","@id":"https:\/\/acefootball.com\/da\/#\/schema\/person\/ee67e9cf04a276f144100ffa722f10cd","name":"Mads Dreyer","image":{"@type":"ImageObject","@id":"https:\/\/acefootball.com\/da\/#personlogo","inLanguage":"en-US","url":"https:\/\/secure.gravatar.com\/avatar\/7c7abf72cfde9902b6a60efe60c88d4c?s=96&d=mm&r=g","contentUrl":"https:\/\/secure.gravatar.com\/avatar\/7c7abf72cfde9902b6a60efe60c88d4c?s=96&d=mm&r=g","caption":"Mads Dreyer"},"description":"Skribent og fodboldn\u00f8rd, der lige nu fort\u00e6ller om alt og intet i fodboldverdenen p\u00e5 acefootball.com. Uddannet i kommunikation fra Aalborg Universitet.","sameAs":["https:\/\/www.linkedin.com\/in\/mads-dreyer-b9b08266\/"],"url":"https:\/\/acefootball.com\/da\/fodboldnyheder\/author\/mdnronaldo\/"}]}},"fimg_url":"https:\/\/acefootball.com\/da\/wp-content\/uploads\/sites\/2\/2021\/04\/GettyImages-1289578043.jpg","_links":{"self":[{"href":"https:\/\/acefootball.com\/da\/wp-json\/wp\/v2\/posts\/256470"}],"collection":[{"href":"https:\/\/acefootball.com\/da\/wp-json\/wp\/v2\/posts"}],"about":[{"href":"https:\/\/acefootball.com\/da\/wp-json\/wp\/v2\/types\/post"}],"author":[{"embeddable":true,"href":"https:\/\/acefootball.com\/da\/wp-json\/wp\/v2\/users\/705"}],"replies":[{"embeddable":true,"href":"https:\/\/acefootball.com\/da\/wp-json\/wp\/v2\/comments?post=256470"}],"version-history":[{"count":0,"href":"https:\/\/acefootball.com\/da\/wp-json\/wp\/v2\/posts\/256470\/revisions"}],"wp:featuredmedia":[{"embeddable":true,"href":"https:\/\/acefootball.com\/da\/wp-json\/wp\/v2\/media\/256471"}],"wp:attachment":[{"href":"https:\/\/acefootball.com\/da\/wp-json\/wp\/v2\/media?parent=256470"}],"wp:term":[{"taxonomy":"category","embeddable":true,"href":"https:\/\/acefootball.com\/da\/wp-json\/wp\/v2\/categories?post=256470"},{"taxonomy":"post_tag","embeddable":true,"href":"https:\/\/acefootball.com\/da\/wp-json\/wp\/v2\/tags?post=256470"}],"curies":[{"name":"wp","href":"https:\/\/api.w.org\/{rel}","templated":true}]}}