{"id":256450,"date":"2021-04-03T14:29:38","date_gmt":"2021-04-03T12:29:38","guid":{"rendered":"https:\/\/acefootball.com\/da\/?p=256450"},"modified":"2021-04-03T14:29:39","modified_gmt":"2021-04-03T12:29:39","slug":"vanvittigt-cristiano-ronaldos-anfoererbind-solgt-for-kaempebeloeb","status":"publish","type":"post","link":"https:\/\/acefootball.com\/da\/fodboldnyheder\/vanvittigt-cristiano-ronaldos-anfoererbind-solgt-for-kaempebeloeb\/","title":{"rendered":"Vanvittigt: Cristiano Ronaldos anf\u00f8rerbind solgt for k\u00e6mpebel\u00f8b"},"content":{"rendered":"\n<h2 id=\"h-anf-rerbindet-cristiano-ronaldo-bar-i-landskampen-mod-serbien-er-blevet-solgt-p-auktion-for-at-samle-penge-ind-til-et-velg-rende-form-l\">Anf\u00f8rerbindet, Cristiano Ronaldo bar i landskampen mod Serbien, er blevet solgt p\u00e5 auktion for at samle penge ind til et velg\u00f8rende form\u00e5l<\/h2>\n\n\n\n<p>Cristiano Ronaldo var efter Portugals landskamp mod Serbien s\u00e5 rasende, at han smed sit anf\u00f8rerbind i jorden, inden han forlod gr\u00f8nsv\u00e6ren.<\/p>\n\n\n\n<p>Det udnyttede en person p\u00e5 stadion til hurtigt at samle bindet op, og det blev efterf\u00f8lgende sat til salg p\u00e5 en <a href=\"https:\/\/www.limundo.com\/kupovina\/Humanitarne-akcije\/Zajedno-za-zivot\/KAPITENSKA-TRAKA-KRISTIJANA-RONALDA-SA-MECA-SRB-POR\/100369817\/Ponude\" target=\"_blank\" rel=\"noreferrer noopener\">serbisk auktionshjemmeside<\/a>.<\/p>\n\n\n\n<figure class=\"wp-block-embed is-type-wp-embed is-provider-ace-football-danmark wp-block-embed-ace-football-danmark\"><div class=\"wp-block-embed__wrapper\">\n<blockquote class=\"wp-embedded-content\" data-secret=\"pKDBtQqtq1\"><a href=\"https:\/\/acefootball.com\/da\/fodboldnyheder\/endt-paa-auktion-ronaldos-beroemte-anfoererbind-skal-redde-spaedbarns-liv\/\">Endt p\u00e5 auktion: Ronaldos ber\u00f8mte anf\u00f8rerbind skal redde sp\u00e6dbarns liv<\/a><\/blockquote><iframe class=\"wp-embedded-content\" sandbox=\"allow-scripts\" security=\"restricted\" style=\"position: absolute; clip: rect(1px, 1px, 1px, 1px);\" title=\"&#8220;Endt p\u00e5 auktion: Ronaldos ber\u00f8mte anf\u00f8rerbind skal redde sp\u00e6dbarns liv&#8221; &#8212; Ace Football Danmark\" src=\"https:\/\/acefootball.com\/da\/fodboldnyheder\/endt-paa-auktion-ronaldos-beroemte-anfoererbind-skal-redde-spaedbarns-liv\/embed\/#?secret=pKDBtQqtq1\" data-secret=\"pKDBtQqtq1\" width=\"600\" height=\"338\" frameborder=\"0\" marginwidth=\"0\" marginheight=\"0\" scrolling=\"no\"><\/iframe>\n<\/div><\/figure>\n\n\n\n<p>Det var dog ikke for selv at skumme fl\u00f8den, men i stedet for at indsamle penge til seks m\u00e5neder gamle Gavrilo Durdevic, som har brug for en dyr operation p\u00e5 grund af en livstruende sygdom.<\/p>\n\n\n\n<p>Fredag morgen blev auktionen imidlertid lukket, og det endte i en k\u00e6mpe succes, da der ved lukketid var registreret et bud p\u00e5, hvad der svarer til 475.000 kroner.<\/p>\n\n\n\n<p>Det er dog umiddelbart ikke helt nok til at finansiere alle omkostningerne i forbindelse med sygdomsforl\u00f8bet, der er sat til godt 18 millioner kroner, men det er bestemt et skridt p\u00e5 vejen.<\/p>\n\n\n\n<p>Cristiano Ronaldo er ogs\u00e5 at finde p\u00e5 vores liste over de bedste saksespark nogensinde. Se m\u00e5lene her:<\/p>\n\n\n\n<figure class=\"wp-block-embed is-type-wp-embed is-provider-ace-football-danmark wp-block-embed-ace-football-danmark\"><div class=\"wp-block-embed__wrapper\">\n<blockquote class=\"wp-embedded-content\" data-secret=\"9Y9JqwAgKE\"><a href=\"https:\/\/acefootball.com\/da\/fodboldnyheder\/ronaldo-zlatan-ronaldinho-her-er-de-bedste-saksespark-nogensinde\/\">Ronaldo, Zlatan, Ronaldinho: Her er de bedste saksespark nogensinde<\/a><\/blockquote><iframe class=\"wp-embedded-content\" sandbox=\"allow-scripts\" security=\"restricted\" style=\"position: absolute; clip: rect(1px, 1px, 1px, 1px);\" title=\"&#8220;Ronaldo, Zlatan, Ronaldinho: Her er de bedste saksespark nogensinde&#8221; &#8212; Ace Football Danmark\" src=\"https:\/\/acefootball.com\/da\/fodboldnyheder\/ronaldo-zlatan-ronaldinho-her-er-de-bedste-saksespark-nogensinde\/embed\/#?secret=9Y9JqwAgKE\" data-secret=\"9Y9JqwAgKE\" width=\"600\" height=\"338\" frameborder=\"0\" marginwidth=\"0\" marginheight=\"0\" scrolling=\"no\"><\/iframe>\n<\/div><\/figure>\n","protected":false},"excerpt":{"rendered":"<p>Anf\u00f8rerbindet, Cristiano Ronaldo bar i landskampen mod Serbien, er blevet solgt p\u00e5 auktion for at samle penge ind til et velg\u00f8rende form\u00e5l<\/p>\n","protected":false},"author":705,"featured_media":240508,"comment_status":"open","ping_status":"closed","sticky":false,"template":"","format":"standard","meta":{"om_disable_all_campaigns":false,"push_articles_ronaldo":{"active":false,"canonical":0,"publish":false},"force_updates":null},"categories":[1],"tags":[357,65,1020,131],"enet_tags":{"player":["30893"],"team":["9885","8361"],"league":["55"],"sport_events":[]},"yoast_head":"<!-- This site is optimized with the Yoast SEO plugin v18.3 - https:\/\/yoast.com\/wordpress\/plugins\/seo\/ -->\n<title>Vanvittigt: Cristiano Ronaldos anf\u00f8rerbind solgt for k\u00e6mpebel\u00f8b<\/title>\n<meta name=\"description\" content=\"Anf\u00f8rerbindet, Cristiano Ronaldo bar i landskampen mod Serbien, er blevet solgt p\u00e5 auktion for at samle penge ind til et velg\u00f8rende form\u00e5l\" \/>\n<meta name=\"robots\" content=\"index, follow, max-snippet:-1, max-image-preview:large, max-video-preview:-1\" \/>\n<link rel=\"canonical\" href=\"https:\/\/acefootball.com\/da\/fodboldnyheder\/vanvittigt-cristiano-ronaldos-anfoererbind-solgt-for-kaempebeloeb\/\" \/>\n<meta property=\"og:locale\" content=\"en_US\" \/>\n<meta property=\"og:type\" content=\"article\" \/>\n<meta property=\"og:title\" content=\"Vanvittigt: Cristiano Ronaldos anf\u00f8rerbind solgt for k\u00e6mpebel\u00f8b\" \/>\n<meta property=\"og:description\" content=\"Anf\u00f8rerbindet, Cristiano Ronaldo bar i landskampen mod Serbien, er blevet solgt p\u00e5 auktion for at samle penge ind til et velg\u00f8rende form\u00e5l\" \/>\n<meta property=\"og:url\" content=\"https:\/\/acefootball.com\/da\/fodboldnyheder\/vanvittigt-cristiano-ronaldos-anfoererbind-solgt-for-kaempebeloeb\/\" \/>\n<meta property=\"og:site_name\" content=\"Ace Football Danmark\" \/>\n<meta property=\"article:publisher\" content=\"https:\/\/www.facebook.com\/acefootballdk\" \/>\n<meta property=\"article:published_time\" content=\"2021-04-03T12:29:38+00:00\" \/>\n<meta property=\"article:modified_time\" content=\"2021-04-03T12:29:39+00:00\" \/>\n<meta property=\"og:image\" content=\"https:\/\/acefootball.com\/da\/wp-content\/uploads\/sites\/2\/2021\/03\/Laes-mere-generel-70-1.jpg\" \/>\n\t<meta property=\"og:image:width\" content=\"1920\" \/>\n\t<meta property=\"og:image:height\" content=\"1008\" \/>\n\t<meta property=\"og:image:type\" content=\"image\/jpeg\" \/>\n<meta name=\"twitter:card\" content=\"summary_large_image\" \/>\n<meta name=\"twitter:label1\" content=\"Written by\" \/>\n\t<meta name=\"twitter:data1\" content=\"Mads Dreyer\" \/>\n\t<meta name=\"twitter:label2\" content=\"Est. reading time\" \/>\n\t<meta name=\"twitter:data2\" content=\"1 minute\" \/>\n<script type=\"application\/ld+json\" class=\"yoast-schema-graph\">{\"@context\":\"https:\/\/schema.org\",\"@graph\":[{\"@type\":\"Organization\",\"@id\":\"https:\/\/acefootball.com\/da\/#organization\",\"name\":\"Ace Football\",\"url\":\"https:\/\/acefootball.com\/da\/\",\"sameAs\":[\"https:\/\/www.facebook.com\/acefootballdk\"],\"logo\":{\"@type\":\"ImageObject\",\"@id\":\"https:\/\/acefootball.com\/da\/#logo\",\"inLanguage\":\"en-US\",\"url\":\"https:\/\/acefootball.com\/da\/wp-content\/uploads\/sites\/2\/2020\/07\/Ace-Football-30-07-2020-2.png\",\"contentUrl\":\"https:\/\/acefootball.com\/da\/wp-content\/uploads\/sites\/2\/2020\/07\/Ace-Football-30-07-2020-2.png\",\"width\":1200,\"height\":600,\"caption\":\"Ace Football\"},\"image\":{\"@id\":\"https:\/\/acefootball.com\/da\/#logo\"}},{\"@type\":\"WebSite\",\"@id\":\"https:\/\/acefootball.com\/da\/#website\",\"url\":\"https:\/\/acefootball.com\/da\/\",\"name\":\"Ace Football Danmark\",\"description\":\"Nyheder, Spiltips &amp; Livescore\",\"publisher\":{\"@id\":\"https:\/\/acefootball.com\/da\/#organization\"},\"potentialAction\":[{\"@type\":\"SearchAction\",\"target\":{\"@type\":\"EntryPoint\",\"urlTemplate\":\"https:\/\/acefootball.com\/da\/?s={search_term_string}\"},\"query-input\":\"required name=search_term_string\"}],\"inLanguage\":\"en-US\"},{\"@type\":\"ImageObject\",\"@id\":\"https:\/\/acefootball.com\/da\/fodboldnyheder\/vanvittigt-cristiano-ronaldos-anfoererbind-solgt-for-kaempebeloeb\/#primaryimage\",\"inLanguage\":\"en-US\",\"url\":\"https:\/\/acefootball.com\/da\/wp-content\/uploads\/sites\/2\/2021\/03\/Laes-mere-generel-70-1.jpg\",\"contentUrl\":\"https:\/\/acefootball.com\/da\/wp-content\/uploads\/sites\/2\/2021\/03\/Laes-mere-generel-70-1.jpg\",\"width\":1920,\"height\":1008,\"caption\":\"ronaldo\"},{\"@type\":\"WebPage\",\"@id\":\"https:\/\/acefootball.com\/da\/fodboldnyheder\/vanvittigt-cristiano-ronaldos-anfoererbind-solgt-for-kaempebeloeb\/#webpage\",\"url\":\"https:\/\/acefootball.com\/da\/fodboldnyheder\/vanvittigt-cristiano-ronaldos-anfoererbind-solgt-for-kaempebeloeb\/\",\"name\":\"Vanvittigt: Cristiano Ronaldos anf\u00f8rerbind solgt for k\u00e6mpebel\u00f8b\",\"isPartOf\":{\"@id\":\"https:\/\/acefootball.com\/da\/#website\"},\"primaryImageOfPage\":{\"@id\":\"https:\/\/acefootball.com\/da\/fodboldnyheder\/vanvittigt-cristiano-ronaldos-anfoererbind-solgt-for-kaempebeloeb\/#primaryimage\"},\"datePublished\":\"2021-04-03T12:29:38+00:00\",\"dateModified\":\"2021-04-03T12:29:39+00:00\",\"description\":\"Anf\u00f8rerbindet, Cristiano Ronaldo bar i landskampen mod Serbien, er blevet solgt p\u00e5 auktion for at samle penge ind til et velg\u00f8rende form\u00e5l\",\"breadcrumb\":{\"@id\":\"https:\/\/acefootball.com\/da\/fodboldnyheder\/vanvittigt-cristiano-ronaldos-anfoererbind-solgt-for-kaempebeloeb\/#breadcrumb\"},\"inLanguage\":\"en-US\",\"potentialAction\":[{\"@type\":\"ReadAction\",\"target\":[\"https:\/\/acefootball.com\/da\/fodboldnyheder\/vanvittigt-cristiano-ronaldos-anfoererbind-solgt-for-kaempebeloeb\/\"]}]},{\"@type\":\"BreadcrumbList\",\"@id\":\"https:\/\/acefootball.com\/da\/fodboldnyheder\/vanvittigt-cristiano-ronaldos-anfoererbind-solgt-for-kaempebeloeb\/#breadcrumb\",\"itemListElement\":[{\"@type\":\"ListItem\",\"position\":1,\"name\":\"Home\",\"item\":\"https:\/\/acefootball.com\/da\/\"},{\"@type\":\"ListItem\",\"position\":2,\"name\":\"Vanvittigt: Cristiano Ronaldos anf\u00f8rerbind solgt for k\u00e6mpebel\u00f8b\"}]},{\"@type\":\"Article\",\"@id\":\"https:\/\/acefootball.com\/da\/fodboldnyheder\/vanvittigt-cristiano-ronaldos-anfoererbind-solgt-for-kaempebeloeb\/#article\",\"isPartOf\":{\"@id\":\"https:\/\/acefootball.com\/da\/fodboldnyheder\/vanvittigt-cristiano-ronaldos-anfoererbind-solgt-for-kaempebeloeb\/#webpage\"},\"author\":{\"@id\":\"https:\/\/acefootball.com\/da\/#\/schema\/person\/ee67e9cf04a276f144100ffa722f10cd\"},\"headline\":\"Vanvittigt: Cristiano Ronaldos anf\u00f8rerbind solgt for k\u00e6mpebel\u00f8b\",\"datePublished\":\"2021-04-03T12:29:38+00:00\",\"dateModified\":\"2021-04-03T12:29:39+00:00\",\"mainEntityOfPage\":{\"@id\":\"https:\/\/acefootball.com\/da\/fodboldnyheder\/vanvittigt-cristiano-ronaldos-anfoererbind-solgt-for-kaempebeloeb\/#webpage\"},\"wordCount\":210,\"commentCount\":0,\"publisher\":{\"@id\":\"https:\/\/acefootball.com\/da\/#organization\"},\"image\":{\"@id\":\"https:\/\/acefootball.com\/da\/fodboldnyheder\/vanvittigt-cristiano-ronaldos-anfoererbind-solgt-for-kaempebeloeb\/#primaryimage\"},\"thumbnailUrl\":\"https:\/\/acefootball.com\/da\/wp-content\/uploads\/sites\/2\/2020\/10\/GettyImages-1228754182.jpg\",\"keywords\":[\"Cristiano Ronaldo\",\"Juventus\",\"Portugal\",\"Serie A\"],\"articleSection\":[\"Nyhed\"],\"inLanguage\":\"en-US\",\"potentialAction\":[{\"@type\":\"CommentAction\",\"name\":\"Comment\",\"target\":[\"https:\/\/acefootball.com\/da\/fodboldnyheder\/vanvittigt-cristiano-ronaldos-anfoererbind-solgt-for-kaempebeloeb\/#respond\"]}]},{\"@type\":\"Person\",\"@id\":\"https:\/\/acefootball.com\/da\/#\/schema\/person\/ee67e9cf04a276f144100ffa722f10cd\",\"name\":\"Mads Dreyer\",\"image\":{\"@type\":\"ImageObject\",\"@id\":\"https:\/\/acefootball.com\/da\/#personlogo\",\"inLanguage\":\"en-US\",\"url\":\"https:\/\/secure.gravatar.com\/avatar\/7c7abf72cfde9902b6a60efe60c88d4c?s=96&d=mm&r=g\",\"contentUrl\":\"https:\/\/secure.gravatar.com\/avatar\/7c7abf72cfde9902b6a60efe60c88d4c?s=96&d=mm&r=g\",\"caption\":\"Mads Dreyer\"},\"description\":\"Skribent og fodboldn\u00f8rd, der lige nu fort\u00e6ller om alt og intet i fodboldverdenen p\u00e5 acefootball.com. Uddannet i kommunikation fra Aalborg Universitet.\",\"sameAs\":[\"https:\/\/www.linkedin.com\/in\/mads-dreyer-b9b08266\/\"],\"url\":\"https:\/\/acefootball.com\/da\/fodboldnyheder\/author\/mdnronaldo\/\"}]}<\/script>\n<!-- \/ Yoast SEO plugin. -->","yoast_head_json":{"title":"Vanvittigt: Cristiano Ronaldos anf\u00f8rerbind solgt for k\u00e6mpebel\u00f8b","description":"Anf\u00f8rerbindet, Cristiano Ronaldo bar i landskampen mod Serbien, er blevet solgt p\u00e5 auktion for at samle penge ind til et velg\u00f8rende form\u00e5l","robots":{"index":"index","follow":"follow","max-snippet":"max-snippet:-1","max-image-preview":"max-image-preview:large","max-video-preview":"max-video-preview:-1"},"canonical":"https:\/\/acefootball.com\/da\/fodboldnyheder\/vanvittigt-cristiano-ronaldos-anfoererbind-solgt-for-kaempebeloeb\/","og_locale":"en_US","og_type":"article","og_title":"Vanvittigt: Cristiano Ronaldos anf\u00f8rerbind solgt for k\u00e6mpebel\u00f8b","og_description":"Anf\u00f8rerbindet, Cristiano Ronaldo bar i landskampen mod Serbien, er blevet solgt p\u00e5 auktion for at samle penge ind til et velg\u00f8rende form\u00e5l","og_url":"https:\/\/acefootball.com\/da\/fodboldnyheder\/vanvittigt-cristiano-ronaldos-anfoererbind-solgt-for-kaempebeloeb\/","og_site_name":"Ace Football Danmark","article_publisher":"https:\/\/www.facebook.com\/acefootballdk","article_published_time":"2021-04-03T12:29:38+00:00","article_modified_time":"2021-04-03T12:29:39+00:00","og_image":[{"width":1920,"height":1008,"url":"https:\/\/acefootball.com\/da\/wp-content\/uploads\/sites\/2\/2021\/03\/Laes-mere-generel-70-1.jpg","type":"image\/jpeg"}],"twitter_card":"summary_large_image","twitter_misc":{"Written by":"Mads Dreyer","Est. reading time":"1 minute"},"schema":{"@context":"https:\/\/schema.org","@graph":[{"@type":"Organization","@id":"https:\/\/acefootball.com\/da\/#organization","name":"Ace Football","url":"https:\/\/acefootball.com\/da\/","sameAs":["https:\/\/www.facebook.com\/acefootballdk"],"logo":{"@type":"ImageObject","@id":"https:\/\/acefootball.com\/da\/#logo","inLanguage":"en-US","url":"https:\/\/acefootball.com\/da\/wp-content\/uploads\/sites\/2\/2020\/07\/Ace-Football-30-07-2020-2.png","contentUrl":"https:\/\/acefootball.com\/da\/wp-content\/uploads\/sites\/2\/2020\/07\/Ace-Football-30-07-2020-2.png","width":1200,"height":600,"caption":"Ace Football"},"image":{"@id":"https:\/\/acefootball.com\/da\/#logo"}},{"@type":"WebSite","@id":"https:\/\/acefootball.com\/da\/#website","url":"https:\/\/acefootball.com\/da\/","name":"Ace Football Danmark","description":"Nyheder, Spiltips &amp; Livescore","publisher":{"@id":"https:\/\/acefootball.com\/da\/#organization"},"potentialAction":[{"@type":"SearchAction","target":{"@type":"EntryPoint","urlTemplate":"https:\/\/acefootball.com\/da\/?s={search_term_string}"},"query-input":"required name=search_term_string"}],"inLanguage":"en-US"},{"@type":"ImageObject","@id":"https:\/\/acefootball.com\/da\/fodboldnyheder\/vanvittigt-cristiano-ronaldos-anfoererbind-solgt-for-kaempebeloeb\/#primaryimage","inLanguage":"en-US","url":"https:\/\/acefootball.com\/da\/wp-content\/uploads\/sites\/2\/2021\/03\/Laes-mere-generel-70-1.jpg","contentUrl":"https:\/\/acefootball.com\/da\/wp-content\/uploads\/sites\/2\/2021\/03\/Laes-mere-generel-70-1.jpg","width":1920,"height":1008,"caption":"ronaldo"},{"@type":"WebPage","@id":"https:\/\/acefootball.com\/da\/fodboldnyheder\/vanvittigt-cristiano-ronaldos-anfoererbind-solgt-for-kaempebeloeb\/#webpage","url":"https:\/\/acefootball.com\/da\/fodboldnyheder\/vanvittigt-cristiano-ronaldos-anfoererbind-solgt-for-kaempebeloeb\/","name":"Vanvittigt: Cristiano Ronaldos anf\u00f8rerbind solgt for k\u00e6mpebel\u00f8b","isPartOf":{"@id":"https:\/\/acefootball.com\/da\/#website"},"primaryImageOfPage":{"@id":"https:\/\/acefootball.com\/da\/fodboldnyheder\/vanvittigt-cristiano-ronaldos-anfoererbind-solgt-for-kaempebeloeb\/#primaryimage"},"datePublished":"2021-04-03T12:29:38+00:00","dateModified":"2021-04-03T12:29:39+00:00","description":"Anf\u00f8rerbindet, Cristiano Ronaldo bar i landskampen mod Serbien, er blevet solgt p\u00e5 auktion for at samle penge ind til et velg\u00f8rende form\u00e5l","breadcrumb":{"@id":"https:\/\/acefootball.com\/da\/fodboldnyheder\/vanvittigt-cristiano-ronaldos-anfoererbind-solgt-for-kaempebeloeb\/#breadcrumb"},"inLanguage":"en-US","potentialAction":[{"@type":"ReadAction","target":["https:\/\/acefootball.com\/da\/fodboldnyheder\/vanvittigt-cristiano-ronaldos-anfoererbind-solgt-for-kaempebeloeb\/"]}]},{"@type":"BreadcrumbList","@id":"https:\/\/acefootball.com\/da\/fodboldnyheder\/vanvittigt-cristiano-ronaldos-anfoererbind-solgt-for-kaempebeloeb\/#breadcrumb","itemListElement":[{"@type":"ListItem","position":1,"name":"Home","item":"https:\/\/acefootball.com\/da\/"},{"@type":"ListItem","position":2,"name":"Vanvittigt: Cristiano Ronaldos anf\u00f8rerbind solgt for k\u00e6mpebel\u00f8b"}]},{"@type":"Article","@id":"https:\/\/acefootball.com\/da\/fodboldnyheder\/vanvittigt-cristiano-ronaldos-anfoererbind-solgt-for-kaempebeloeb\/#article","isPartOf":{"@id":"https:\/\/acefootball.com\/da\/fodboldnyheder\/vanvittigt-cristiano-ronaldos-anfoererbind-solgt-for-kaempebeloeb\/#webpage"},"author":{"@id":"https:\/\/acefootball.com\/da\/#\/schema\/person\/ee67e9cf04a276f144100ffa722f10cd"},"headline":"Vanvittigt: Cristiano Ronaldos anf\u00f8rerbind solgt for k\u00e6mpebel\u00f8b","datePublished":"2021-04-03T12:29:38+00:00","dateModified":"2021-04-03T12:29:39+00:00","mainEntityOfPage":{"@id":"https:\/\/acefootball.com\/da\/fodboldnyheder\/vanvittigt-cristiano-ronaldos-anfoererbind-solgt-for-kaempebeloeb\/#webpage"},"wordCount":210,"commentCount":0,"publisher":{"@id":"https:\/\/acefootball.com\/da\/#organization"},"image":{"@id":"https:\/\/acefootball.com\/da\/fodboldnyheder\/vanvittigt-cristiano-ronaldos-anfoererbind-solgt-for-kaempebeloeb\/#primaryimage"},"thumbnailUrl":"https:\/\/acefootball.com\/da\/wp-content\/uploads\/sites\/2\/2020\/10\/GettyImages-1228754182.jpg","keywords":["Cristiano Ronaldo","Juventus","Portugal","Serie A"],"articleSection":["Nyhed"],"inLanguage":"en-US","potentialAction":[{"@type":"CommentAction","name":"Comment","target":["https:\/\/acefootball.com\/da\/fodboldnyheder\/vanvittigt-cristiano-ronaldos-anfoererbind-solgt-for-kaempebeloeb\/#respond"]}]},{"@type":"Person","@id":"https:\/\/acefootball.com\/da\/#\/schema\/person\/ee67e9cf04a276f144100ffa722f10cd","name":"Mads Dreyer","image":{"@type":"ImageObject","@id":"https:\/\/acefootball.com\/da\/#personlogo","inLanguage":"en-US","url":"https:\/\/secure.gravatar.com\/avatar\/7c7abf72cfde9902b6a60efe60c88d4c?s=96&d=mm&r=g","contentUrl":"https:\/\/secure.gravatar.com\/avatar\/7c7abf72cfde9902b6a60efe60c88d4c?s=96&d=mm&r=g","caption":"Mads Dreyer"},"description":"Skribent og fodboldn\u00f8rd, der lige nu fort\u00e6ller om alt og intet i fodboldverdenen p\u00e5 acefootball.com. Uddannet i kommunikation fra Aalborg Universitet.","sameAs":["https:\/\/www.linkedin.com\/in\/mads-dreyer-b9b08266\/"],"url":"https:\/\/acefootball.com\/da\/fodboldnyheder\/author\/mdnronaldo\/"}]}},"fimg_url":"https:\/\/acefootball.com\/da\/wp-content\/uploads\/sites\/2\/2020\/10\/GettyImages-1228754182.jpg","_links":{"self":[{"href":"https:\/\/acefootball.com\/da\/wp-json\/wp\/v2\/posts\/256450"}],"collection":[{"href":"https:\/\/acefootball.com\/da\/wp-json\/wp\/v2\/posts"}],"about":[{"href":"https:\/\/acefootball.com\/da\/wp-json\/wp\/v2\/types\/post"}],"author":[{"embeddable":true,"href":"https:\/\/acefootball.com\/da\/wp-json\/wp\/v2\/users\/705"}],"replies":[{"embeddable":true,"href":"https:\/\/acefootball.com\/da\/wp-json\/wp\/v2\/comments?post=256450"}],"version-history":[{"count":0,"href":"https:\/\/acefootball.com\/da\/wp-json\/wp\/v2\/posts\/256450\/revisions"}],"wp:featuredmedia":[{"embeddable":true,"href":"https:\/\/acefootball.com\/da\/wp-json\/wp\/v2\/media\/240508"}],"wp:attachment":[{"href":"https:\/\/acefootball.com\/da\/wp-json\/wp\/v2\/media?parent=256450"}],"wp:term":[{"taxonomy":"category","embeddable":true,"href":"https:\/\/acefootball.com\/da\/wp-json\/wp\/v2\/categories?post=256450"},{"taxonomy":"post_tag","embeddable":true,"href":"https:\/\/acefootball.com\/da\/wp-json\/wp\/v2\/tags?post=256450"}],"curies":[{"name":"wp","href":"https:\/\/api.w.org\/{rel}","templated":true}]}}