{"id":256440,"date":"2021-04-02T17:03:59","date_gmt":"2021-04-02T15:03:59","guid":{"rendered":"https:\/\/acefootball.com\/da\/?p=256440"},"modified":"2021-04-02T17:04:00","modified_gmt":"2021-04-02T15:04:00","slug":"jens-stryger-forbereder-sig-paa-sommerskifte-hvem-kan-bruge-ham","status":"publish","type":"post","link":"https:\/\/acefootball.com\/da\/fodboldnyheder\/jens-stryger-forbereder-sig-paa-sommerskifte-hvem-kan-bruge-ham\/","title":{"rendered":"Jens Stryger forbereder sig p\u00e5 sommerskifte: Hvem kan bruge ham?"},"content":{"rendered":"\n<h2 id=\"h-jens-stryger-larsen-afsl-rer-i-et-interview-at-han-til-sommer-vil-se-p-mulighederne-for-at-skifte-v-k-fra-serie-a-klubben-udinese\">Jens Stryger Larsen afsl\u00f8rer i et interview, at han til sommer vil se p\u00e5 mulighederne for at skifte v\u00e6k fra Serie A-klubben Udinese<\/h2>\n\n\n\n<p>Jens Stryger Larsens kontrakt i italienske Udinese udl\u00f8ber i sommeren 2022, men noget kunne tyde p\u00e5, at han kommer til at forlade Serie A-klubben allerede efter denne s\u00e6son.<\/p>\n\n\n\n<p>Dette afsl\u00f8rer han i et interview, hvor han bliver spurgt in til, om det er planen, at han skal videre til sommer.<\/p>\n\n\n\n<p>&#8220;Jeg har et \u00e5r tilbage, s\u00e5 jeg ser da, hvad mine muligheder er til sommer. Klubben har v\u00e6ret ude tidligere her omkring nyt\u00e5r og tilbudt en forl\u00e6ngelse, men det er ikke kommet i stand, s\u00e5 jeg ser til sommer, hvad der kan ske der,&#8221; fort\u00e6ller Stryger til <a href=\"https:\/\/www.bold.dk\/fodbold\/nyheder\/stryger-har-afvist-udinese-overvejer-skifte\/\" target=\"_blank\" rel=\"noreferrer noopener\">bold.dk<\/a>.<\/p>\n\n\n\n<p>Han tilf\u00f8jer desuden, at der allerede har v\u00e6ret bud efter ham sidste sommer, men ogs\u00e5 at han ikke vil afsl\u00f8re navnet den eller de klubber, der henvendte sig.<\/p>\n\n\n\n<p>For ikke s\u00e5 l\u00e6nge siden fortalte stryger om en af sine tidligere holdkammerater, som han synes var meget irriterende, da han tr\u00e5dte ham over t\u00e6erne. Dette kan du l\u00e6se mere om i artiklen herunder.<\/p>\n\n\n\n<figure class=\"wp-block-embed is-type-wp-embed is-provider-ace-football-danmark wp-block-embed-ace-football-danmark\"><div class=\"wp-block-embed__wrapper\">\n<blockquote class=\"wp-embedded-content\" data-secret=\"yaLGBG5A8F\"><a href=\"https:\/\/acefootball.com\/da\/fodboldnyheder\/jens-stryger-mindes-fck-profil-han-var-saa-irriterende\/\">Jens Stryger mindes FCK-profil: &#8216;Han var s\u00e5 irriterende&#8217;<\/a><\/blockquote><iframe class=\"wp-embedded-content\" sandbox=\"allow-scripts\" security=\"restricted\" style=\"position: absolute; clip: rect(1px, 1px, 1px, 1px);\" title=\"&#8220;Jens Stryger mindes FCK-profil: &#8216;Han var s\u00e5 irriterende&#8217;&#8221; &#8212; Ace Football Danmark\" src=\"https:\/\/acefootball.com\/da\/fodboldnyheder\/jens-stryger-mindes-fck-profil-han-var-saa-irriterende\/embed\/#?secret=yaLGBG5A8F\" data-secret=\"yaLGBG5A8F\" width=\"600\" height=\"338\" frameborder=\"0\" marginwidth=\"0\" marginheight=\"0\" scrolling=\"no\"><\/iframe>\n<\/div><\/figure>\n","protected":false},"excerpt":{"rendered":"<p>Jens Stryger Larsen afsl\u00f8rer i et interview, at han til sommer vil se p\u00e5 mulighederne for at skifte v\u00e6k fra Serie A-klubben Udinese<\/p>\n","protected":false},"author":74,"featured_media":253384,"comment_status":"open","ping_status":"closed","sticky":false,"template":"","format":"standard","meta":{"om_disable_all_campaigns":false,"push_articles_ronaldo":{"active":false,"canonical":0,"publish":false},"force_updates":null},"categories":[7],"tags":[692,879,7082],"enet_tags":{"team":["8238","8600"],"player":["160887"],"sport_events":[]},"yoast_head":"<!-- This site is optimized with the Yoast SEO plugin v18.3 - https:\/\/yoast.com\/wordpress\/plugins\/seo\/ -->\n<title>Jens Stryger forbereder sig p\u00e5 sommerskifte: Hvem kan bruge ham?<\/title>\n<meta name=\"description\" content=\"Jens Stryger Larsen afsl\u00f8rer i et interview, at han til sommer vil se p\u00e5 mulighederne for at skifte v\u00e6k fra Serie A-klubben Udinese\" \/>\n<meta name=\"robots\" content=\"index, follow, max-snippet:-1, max-image-preview:large, max-video-preview:-1\" \/>\n<link rel=\"canonical\" href=\"https:\/\/acefootball.com\/da\/fodboldnyheder\/jens-stryger-forbereder-sig-paa-sommerskifte-hvem-kan-bruge-ham\/\" \/>\n<meta property=\"og:locale\" content=\"en_US\" \/>\n<meta property=\"og:type\" content=\"article\" \/>\n<meta property=\"og:title\" content=\"Jens Stryger forbereder sig p\u00e5 sommerskifte: Hvem kan bruge ham?\" \/>\n<meta property=\"og:description\" content=\"Jens Stryger Larsen afsl\u00f8rer i et interview, at han til sommer vil se p\u00e5 mulighederne for at skifte v\u00e6k fra Serie A-klubben Udinese\" \/>\n<meta property=\"og:url\" content=\"https:\/\/acefootball.com\/da\/fodboldnyheder\/jens-stryger-forbereder-sig-paa-sommerskifte-hvem-kan-bruge-ham\/\" \/>\n<meta property=\"og:site_name\" content=\"Ace Football Danmark\" \/>\n<meta property=\"article:publisher\" content=\"https:\/\/www.facebook.com\/acefootballdk\" \/>\n<meta property=\"article:published_time\" content=\"2021-04-02T15:03:59+00:00\" \/>\n<meta property=\"article:modified_time\" content=\"2021-04-02T15:04:00+00:00\" \/>\n<meta property=\"og:image\" content=\"https:\/\/acefootball.com\/da\/wp-content\/uploads\/sites\/2\/2021\/04\/Copy-of-Video-generel-24.jpg\" \/>\n\t<meta property=\"og:image:width\" content=\"1920\" \/>\n\t<meta property=\"og:image:height\" content=\"1008\" \/>\n\t<meta property=\"og:image:type\" content=\"image\/jpeg\" \/>\n<meta name=\"twitter:card\" content=\"summary_large_image\" \/>\n<meta name=\"twitter:label1\" content=\"Written by\" \/>\n\t<meta name=\"twitter:data1\" content=\"Patrick Hesselb\u00e6k\" \/>\n\t<meta name=\"twitter:label2\" content=\"Est. reading time\" \/>\n\t<meta name=\"twitter:data2\" content=\"1 minute\" \/>\n<script type=\"application\/ld+json\" class=\"yoast-schema-graph\">{\"@context\":\"https:\/\/schema.org\",\"@graph\":[{\"@type\":\"Organization\",\"@id\":\"https:\/\/acefootball.com\/da\/#organization\",\"name\":\"Ace Football\",\"url\":\"https:\/\/acefootball.com\/da\/\",\"sameAs\":[\"https:\/\/www.facebook.com\/acefootballdk\"],\"logo\":{\"@type\":\"ImageObject\",\"@id\":\"https:\/\/acefootball.com\/da\/#logo\",\"inLanguage\":\"en-US\",\"url\":\"https:\/\/acefootball.com\/da\/wp-content\/uploads\/sites\/2\/2020\/07\/Ace-Football-30-07-2020-2.png\",\"contentUrl\":\"https:\/\/acefootball.com\/da\/wp-content\/uploads\/sites\/2\/2020\/07\/Ace-Football-30-07-2020-2.png\",\"width\":1200,\"height\":600,\"caption\":\"Ace Football\"},\"image\":{\"@id\":\"https:\/\/acefootball.com\/da\/#logo\"}},{\"@type\":\"WebSite\",\"@id\":\"https:\/\/acefootball.com\/da\/#website\",\"url\":\"https:\/\/acefootball.com\/da\/\",\"name\":\"Ace Football Danmark\",\"description\":\"Nyheder, Spiltips &amp; Livescore\",\"publisher\":{\"@id\":\"https:\/\/acefootball.com\/da\/#organization\"},\"potentialAction\":[{\"@type\":\"SearchAction\",\"target\":{\"@type\":\"EntryPoint\",\"urlTemplate\":\"https:\/\/acefootball.com\/da\/?s={search_term_string}\"},\"query-input\":\"required name=search_term_string\"}],\"inLanguage\":\"en-US\"},{\"@type\":\"ImageObject\",\"@id\":\"https:\/\/acefootball.com\/da\/fodboldnyheder\/jens-stryger-forbereder-sig-paa-sommerskifte-hvem-kan-bruge-ham\/#primaryimage\",\"inLanguage\":\"en-US\",\"url\":\"https:\/\/acefootball.com\/da\/wp-content\/uploads\/sites\/2\/2021\/04\/Copy-of-Video-generel-24.jpg\",\"contentUrl\":\"https:\/\/acefootball.com\/da\/wp-content\/uploads\/sites\/2\/2021\/04\/Copy-of-Video-generel-24.jpg\",\"width\":1920,\"height\":1008},{\"@type\":\"WebPage\",\"@id\":\"https:\/\/acefootball.com\/da\/fodboldnyheder\/jens-stryger-forbereder-sig-paa-sommerskifte-hvem-kan-bruge-ham\/#webpage\",\"url\":\"https:\/\/acefootball.com\/da\/fodboldnyheder\/jens-stryger-forbereder-sig-paa-sommerskifte-hvem-kan-bruge-ham\/\",\"name\":\"Jens Stryger forbereder sig p\u00e5 sommerskifte: Hvem kan bruge ham?\",\"isPartOf\":{\"@id\":\"https:\/\/acefootball.com\/da\/#website\"},\"primaryImageOfPage\":{\"@id\":\"https:\/\/acefootball.com\/da\/fodboldnyheder\/jens-stryger-forbereder-sig-paa-sommerskifte-hvem-kan-bruge-ham\/#primaryimage\"},\"datePublished\":\"2021-04-02T15:03:59+00:00\",\"dateModified\":\"2021-04-02T15:04:00+00:00\",\"description\":\"Jens Stryger Larsen afsl\u00f8rer i et interview, at han til sommer vil se p\u00e5 mulighederne for at skifte v\u00e6k fra Serie A-klubben Udinese\",\"breadcrumb\":{\"@id\":\"https:\/\/acefootball.com\/da\/fodboldnyheder\/jens-stryger-forbereder-sig-paa-sommerskifte-hvem-kan-bruge-ham\/#breadcrumb\"},\"inLanguage\":\"en-US\",\"potentialAction\":[{\"@type\":\"ReadAction\",\"target\":[\"https:\/\/acefootball.com\/da\/fodboldnyheder\/jens-stryger-forbereder-sig-paa-sommerskifte-hvem-kan-bruge-ham\/\"]}]},{\"@type\":\"BreadcrumbList\",\"@id\":\"https:\/\/acefootball.com\/da\/fodboldnyheder\/jens-stryger-forbereder-sig-paa-sommerskifte-hvem-kan-bruge-ham\/#breadcrumb\",\"itemListElement\":[{\"@type\":\"ListItem\",\"position\":1,\"name\":\"Home\",\"item\":\"https:\/\/acefootball.com\/da\/\"},{\"@type\":\"ListItem\",\"position\":2,\"name\":\"Jens Stryger forbereder sig p\u00e5 sommerskifte: Hvem kan bruge ham?\"}]},{\"@type\":\"Article\",\"@id\":\"https:\/\/acefootball.com\/da\/fodboldnyheder\/jens-stryger-forbereder-sig-paa-sommerskifte-hvem-kan-bruge-ham\/#article\",\"isPartOf\":{\"@id\":\"https:\/\/acefootball.com\/da\/fodboldnyheder\/jens-stryger-forbereder-sig-paa-sommerskifte-hvem-kan-bruge-ham\/#webpage\"},\"author\":{\"@id\":\"https:\/\/acefootball.com\/da\/#\/schema\/person\/fd6223a1c033400b41da7853ddf88c84\"},\"headline\":\"Jens Stryger forbereder sig p\u00e5 sommerskifte: Hvem kan bruge ham?\",\"datePublished\":\"2021-04-02T15:03:59+00:00\",\"dateModified\":\"2021-04-02T15:04:00+00:00\",\"mainEntityOfPage\":{\"@id\":\"https:\/\/acefootball.com\/da\/fodboldnyheder\/jens-stryger-forbereder-sig-paa-sommerskifte-hvem-kan-bruge-ham\/#webpage\"},\"wordCount\":215,\"commentCount\":0,\"publisher\":{\"@id\":\"https:\/\/acefootball.com\/da\/#organization\"},\"image\":{\"@id\":\"https:\/\/acefootball.com\/da\/fodboldnyheder\/jens-stryger-forbereder-sig-paa-sommerskifte-hvem-kan-bruge-ham\/#primaryimage\"},\"thumbnailUrl\":\"https:\/\/acefootball.com\/da\/wp-content\/uploads\/sites\/2\/2021\/03\/GettyImages-1300971878.jpg\",\"keywords\":[\"Danmark\",\"Jens Stryger Larsen\",\"Udinese\"],\"articleSection\":[\"Transfer\"],\"inLanguage\":\"en-US\",\"potentialAction\":[{\"@type\":\"CommentAction\",\"name\":\"Comment\",\"target\":[\"https:\/\/acefootball.com\/da\/fodboldnyheder\/jens-stryger-forbereder-sig-paa-sommerskifte-hvem-kan-bruge-ham\/#respond\"]}]},{\"@type\":\"Person\",\"@id\":\"https:\/\/acefootball.com\/da\/#\/schema\/person\/fd6223a1c033400b41da7853ddf88c84\",\"name\":\"Patrick Hesselb\u00e6k\",\"image\":{\"@type\":\"ImageObject\",\"@id\":\"https:\/\/acefootball.com\/da\/#personlogo\",\"inLanguage\":\"en-US\",\"url\":\"https:\/\/secure.gravatar.com\/avatar\/7919060992759bffbffb199d6cbdce6f?s=96&d=mm&r=g\",\"contentUrl\":\"https:\/\/secure.gravatar.com\/avatar\/7919060992759bffbffb199d6cbdce6f?s=96&d=mm&r=g\",\"caption\":\"Patrick Hesselb\u00e6k\"},\"description\":\"Redakt\u00f8r p\u00e5 den danske Ace Football-redaktion. Uddannet i kommunikation fra Aalborg Universitet. Prim\u00e6rt fokus p\u00e5 den danske 3F Superliga og de st\u00f8rste europ\u00e6iske turneringer.\",\"sameAs\":[\"https:\/\/www.linkedin.com\/in\/patrick-hesselbk-2a4b1711a\/\"],\"url\":\"https:\/\/acefootball.com\/da\/fodboldnyheder\/author\/patrickhesselbaek\/\"}]}<\/script>\n<!-- \/ Yoast SEO plugin. -->","yoast_head_json":{"title":"Jens Stryger forbereder sig p\u00e5 sommerskifte: Hvem kan bruge ham?","description":"Jens Stryger Larsen afsl\u00f8rer i et interview, at han til sommer vil se p\u00e5 mulighederne for at skifte v\u00e6k fra Serie A-klubben Udinese","robots":{"index":"index","follow":"follow","max-snippet":"max-snippet:-1","max-image-preview":"max-image-preview:large","max-video-preview":"max-video-preview:-1"},"canonical":"https:\/\/acefootball.com\/da\/fodboldnyheder\/jens-stryger-forbereder-sig-paa-sommerskifte-hvem-kan-bruge-ham\/","og_locale":"en_US","og_type":"article","og_title":"Jens Stryger forbereder sig p\u00e5 sommerskifte: Hvem kan bruge ham?","og_description":"Jens Stryger Larsen afsl\u00f8rer i et interview, at han til sommer vil se p\u00e5 mulighederne for at skifte v\u00e6k fra Serie A-klubben Udinese","og_url":"https:\/\/acefootball.com\/da\/fodboldnyheder\/jens-stryger-forbereder-sig-paa-sommerskifte-hvem-kan-bruge-ham\/","og_site_name":"Ace Football Danmark","article_publisher":"https:\/\/www.facebook.com\/acefootballdk","article_published_time":"2021-04-02T15:03:59+00:00","article_modified_time":"2021-04-02T15:04:00+00:00","og_image":[{"width":1920,"height":1008,"url":"https:\/\/acefootball.com\/da\/wp-content\/uploads\/sites\/2\/2021\/04\/Copy-of-Video-generel-24.jpg","type":"image\/jpeg"}],"twitter_card":"summary_large_image","twitter_misc":{"Written by":"Patrick Hesselb\u00e6k","Est. reading time":"1 minute"},"schema":{"@context":"https:\/\/schema.org","@graph":[{"@type":"Organization","@id":"https:\/\/acefootball.com\/da\/#organization","name":"Ace Football","url":"https:\/\/acefootball.com\/da\/","sameAs":["https:\/\/www.facebook.com\/acefootballdk"],"logo":{"@type":"ImageObject","@id":"https:\/\/acefootball.com\/da\/#logo","inLanguage":"en-US","url":"https:\/\/acefootball.com\/da\/wp-content\/uploads\/sites\/2\/2020\/07\/Ace-Football-30-07-2020-2.png","contentUrl":"https:\/\/acefootball.com\/da\/wp-content\/uploads\/sites\/2\/2020\/07\/Ace-Football-30-07-2020-2.png","width":1200,"height":600,"caption":"Ace Football"},"image":{"@id":"https:\/\/acefootball.com\/da\/#logo"}},{"@type":"WebSite","@id":"https:\/\/acefootball.com\/da\/#website","url":"https:\/\/acefootball.com\/da\/","name":"Ace Football Danmark","description":"Nyheder, Spiltips &amp; Livescore","publisher":{"@id":"https:\/\/acefootball.com\/da\/#organization"},"potentialAction":[{"@type":"SearchAction","target":{"@type":"EntryPoint","urlTemplate":"https:\/\/acefootball.com\/da\/?s={search_term_string}"},"query-input":"required name=search_term_string"}],"inLanguage":"en-US"},{"@type":"ImageObject","@id":"https:\/\/acefootball.com\/da\/fodboldnyheder\/jens-stryger-forbereder-sig-paa-sommerskifte-hvem-kan-bruge-ham\/#primaryimage","inLanguage":"en-US","url":"https:\/\/acefootball.com\/da\/wp-content\/uploads\/sites\/2\/2021\/04\/Copy-of-Video-generel-24.jpg","contentUrl":"https:\/\/acefootball.com\/da\/wp-content\/uploads\/sites\/2\/2021\/04\/Copy-of-Video-generel-24.jpg","width":1920,"height":1008},{"@type":"WebPage","@id":"https:\/\/acefootball.com\/da\/fodboldnyheder\/jens-stryger-forbereder-sig-paa-sommerskifte-hvem-kan-bruge-ham\/#webpage","url":"https:\/\/acefootball.com\/da\/fodboldnyheder\/jens-stryger-forbereder-sig-paa-sommerskifte-hvem-kan-bruge-ham\/","name":"Jens Stryger forbereder sig p\u00e5 sommerskifte: Hvem kan bruge ham?","isPartOf":{"@id":"https:\/\/acefootball.com\/da\/#website"},"primaryImageOfPage":{"@id":"https:\/\/acefootball.com\/da\/fodboldnyheder\/jens-stryger-forbereder-sig-paa-sommerskifte-hvem-kan-bruge-ham\/#primaryimage"},"datePublished":"2021-04-02T15:03:59+00:00","dateModified":"2021-04-02T15:04:00+00:00","description":"Jens Stryger Larsen afsl\u00f8rer i et interview, at han til sommer vil se p\u00e5 mulighederne for at skifte v\u00e6k fra Serie A-klubben Udinese","breadcrumb":{"@id":"https:\/\/acefootball.com\/da\/fodboldnyheder\/jens-stryger-forbereder-sig-paa-sommerskifte-hvem-kan-bruge-ham\/#breadcrumb"},"inLanguage":"en-US","potentialAction":[{"@type":"ReadAction","target":["https:\/\/acefootball.com\/da\/fodboldnyheder\/jens-stryger-forbereder-sig-paa-sommerskifte-hvem-kan-bruge-ham\/"]}]},{"@type":"BreadcrumbList","@id":"https:\/\/acefootball.com\/da\/fodboldnyheder\/jens-stryger-forbereder-sig-paa-sommerskifte-hvem-kan-bruge-ham\/#breadcrumb","itemListElement":[{"@type":"ListItem","position":1,"name":"Home","item":"https:\/\/acefootball.com\/da\/"},{"@type":"ListItem","position":2,"name":"Jens Stryger forbereder sig p\u00e5 sommerskifte: Hvem kan bruge ham?"}]},{"@type":"Article","@id":"https:\/\/acefootball.com\/da\/fodboldnyheder\/jens-stryger-forbereder-sig-paa-sommerskifte-hvem-kan-bruge-ham\/#article","isPartOf":{"@id":"https:\/\/acefootball.com\/da\/fodboldnyheder\/jens-stryger-forbereder-sig-paa-sommerskifte-hvem-kan-bruge-ham\/#webpage"},"author":{"@id":"https:\/\/acefootball.com\/da\/#\/schema\/person\/fd6223a1c033400b41da7853ddf88c84"},"headline":"Jens Stryger forbereder sig p\u00e5 sommerskifte: Hvem kan bruge ham?","datePublished":"2021-04-02T15:03:59+00:00","dateModified":"2021-04-02T15:04:00+00:00","mainEntityOfPage":{"@id":"https:\/\/acefootball.com\/da\/fodboldnyheder\/jens-stryger-forbereder-sig-paa-sommerskifte-hvem-kan-bruge-ham\/#webpage"},"wordCount":215,"commentCount":0,"publisher":{"@id":"https:\/\/acefootball.com\/da\/#organization"},"image":{"@id":"https:\/\/acefootball.com\/da\/fodboldnyheder\/jens-stryger-forbereder-sig-paa-sommerskifte-hvem-kan-bruge-ham\/#primaryimage"},"thumbnailUrl":"https:\/\/acefootball.com\/da\/wp-content\/uploads\/sites\/2\/2021\/03\/GettyImages-1300971878.jpg","keywords":["Danmark","Jens Stryger Larsen","Udinese"],"articleSection":["Transfer"],"inLanguage":"en-US","potentialAction":[{"@type":"CommentAction","name":"Comment","target":["https:\/\/acefootball.com\/da\/fodboldnyheder\/jens-stryger-forbereder-sig-paa-sommerskifte-hvem-kan-bruge-ham\/#respond"]}]},{"@type":"Person","@id":"https:\/\/acefootball.com\/da\/#\/schema\/person\/fd6223a1c033400b41da7853ddf88c84","name":"Patrick Hesselb\u00e6k","image":{"@type":"ImageObject","@id":"https:\/\/acefootball.com\/da\/#personlogo","inLanguage":"en-US","url":"https:\/\/secure.gravatar.com\/avatar\/7919060992759bffbffb199d6cbdce6f?s=96&d=mm&r=g","contentUrl":"https:\/\/secure.gravatar.com\/avatar\/7919060992759bffbffb199d6cbdce6f?s=96&d=mm&r=g","caption":"Patrick Hesselb\u00e6k"},"description":"Redakt\u00f8r p\u00e5 den danske Ace Football-redaktion. Uddannet i kommunikation fra Aalborg Universitet. Prim\u00e6rt fokus p\u00e5 den danske 3F Superliga og de st\u00f8rste europ\u00e6iske turneringer.","sameAs":["https:\/\/www.linkedin.com\/in\/patrick-hesselbk-2a4b1711a\/"],"url":"https:\/\/acefootball.com\/da\/fodboldnyheder\/author\/patrickhesselbaek\/"}]}},"fimg_url":"https:\/\/acefootball.com\/da\/wp-content\/uploads\/sites\/2\/2021\/03\/GettyImages-1300971878.jpg","_links":{"self":[{"href":"https:\/\/acefootball.com\/da\/wp-json\/wp\/v2\/posts\/256440"}],"collection":[{"href":"https:\/\/acefootball.com\/da\/wp-json\/wp\/v2\/posts"}],"about":[{"href":"https:\/\/acefootball.com\/da\/wp-json\/wp\/v2\/types\/post"}],"author":[{"embeddable":true,"href":"https:\/\/acefootball.com\/da\/wp-json\/wp\/v2\/users\/74"}],"replies":[{"embeddable":true,"href":"https:\/\/acefootball.com\/da\/wp-json\/wp\/v2\/comments?post=256440"}],"version-history":[{"count":0,"href":"https:\/\/acefootball.com\/da\/wp-json\/wp\/v2\/posts\/256440\/revisions"}],"wp:featuredmedia":[{"embeddable":true,"href":"https:\/\/acefootball.com\/da\/wp-json\/wp\/v2\/media\/253384"}],"wp:attachment":[{"href":"https:\/\/acefootball.com\/da\/wp-json\/wp\/v2\/media?parent=256440"}],"wp:term":[{"taxonomy":"category","embeddable":true,"href":"https:\/\/acefootball.com\/da\/wp-json\/wp\/v2\/categories?post=256440"},{"taxonomy":"post_tag","embeddable":true,"href":"https:\/\/acefootball.com\/da\/wp-json\/wp\/v2\/tags?post=256440"}],"curies":[{"name":"wp","href":"https:\/\/api.w.org\/{rel}","templated":true}]}}