{"id":256391,"date":"2021-04-01T17:21:13","date_gmt":"2021-04-01T15:21:13","guid":{"rendered":"https:\/\/acefootball.com\/da\/?p=256391"},"modified":"2021-04-01T17:34:14","modified_gmt":"2021-04-01T15:34:14","slug":"video-af-vild-simon-kjaer-skaber-opmaerksomhed-i-italien-il-nostro-vichingo","status":"publish","type":"post","link":"https:\/\/acefootball.com\/da\/fodboldnyheder\/video-af-vild-simon-kjaer-skaber-opmaerksomhed-i-italien-il-nostro-vichingo\/","title":{"rendered":"Video af vild Simon Kj\u00e6r skaber opm\u00e6rksomhed i Italien: &#8216;Il nostro vichingo!&#8217;"},"content":{"rendered":"\n<h2 id=\"h-en-video-af-det-danske-landsholds-sejrsr-b-efter-g-rsdagens-kamp-er-blevet-delt-i-italien-og-ac-milan-fansene-elsker-simon-kj-rs-engagement\">En video af det danske landsholds sejrsr\u00e5b efter g\u00e5rsdagens kamp er blevet delt i Italien, og AC Milan-fansene elsker Simon Kj\u00e6rs engagement!<\/h2>\n\n\n\n<div class=\"wp-block-si-widget wp-block-si-widget--center\"><si-lb-widget widget-id=\"MatchInfo\" width=\"440\" data-nopadding=\"true\" data-card=\"true\" data-event-id=\"3495257\" data-theme-appearance=\"dark\"><\/si-lb-widget><\/div>\n\n\n\n<p>Danmark udraderede i g\u00e5r \u00d8strig med 4-0, og gjorde dermed arbejdet f\u00e6rdig med 9 point i tre kampe og en m\u00e5lscorer p\u00e5 +14 i VM-kvalifikationsgruppen.<\/p>\n\n\n\n<p>Dette skabte selvf\u00f8lgelig k\u00e6mpe gl\u00e6de blandt de danske spillere, og traditionen tro skulle der selvf\u00f8lgelig et sejrsr\u00e5b til i omkl\u00e6dningsrummet, og det blev det i den grad, hvilket kan ses i videoen herunder.<\/p>\n\n\n\n<figure class=\"wp-block-embed is-type-rich is-provider-twitter wp-block-embed-twitter\"><div class=\"wp-block-embed__wrapper\">\n<blockquote class=\"twitter-tweet\" data-width=\"550\" data-dnt=\"true\"><p lang=\"en\" dir=\"ltr\">DET HER HOLD \ud83e\udd0d\u2665\ufe0f<br><br>4\ufe0f\u20e3-0\ufe0f\u20e3 over \u00d8strig.<br>8\ufe0f\u20e3-0\ufe0f\u20e3 over Moldova.<br>2\ufe0f\u20e3-0\ufe0f\u20e3 over Israel.<a href=\"https:\/\/twitter.com\/hashtag\/ForDanmark?src=hash&amp;ref_src=twsrc%5Etfw\">#ForDanmark<\/a> <a href=\"https:\/\/t.co\/kDDI1EpUsw\">pic.twitter.com\/kDDI1EpUsw<\/a><\/p>&mdash; DBU &#8211; En Del Af Noget St\u00f8rre (@DBUfodbold) <a href=\"https:\/\/twitter.com\/DBUfodbold\/status\/1377373288066908163?ref_src=twsrc%5Etfw\">March 31, 2021<\/a><\/blockquote><script async src=\"https:\/\/platform.twitter.com\/widgets.js\" charset=\"utf-8\"><\/script>\n<\/div><\/figure>\n\n\n\n<p>Som det kan ses var specielt den danske anf\u00f8rer Simon Kj\u00e6r ellevild under r\u00e5bet, hvor han som anf\u00f8rer f\u00f8rst talte ned fra tre og derefter hamrede l\u00e5get fra en k\u00f8letaske mod k\u00f8letasken i ren sejrsrus.<\/p>\n\n\n\n<p>Dette har f\u00e5et flere italienske medier til at dele videoen, og derfor er der nu ogs\u00e5 en r\u00e6kke italienske (prim\u00e6rt AC Milan) fans, der skriver i kommentarfeltet til videoen, og de knuselsker deres danske stoppers engagement.<\/p>\n\n\n\n<p>Du kan l\u00e6se et udpluk af mange reaktioner p\u00e5 Simon Kj\u00e6r herunder.<\/p>\n\n\n\n<figure class=\"wp-block-image size-large is-resized\"><img loading=\"lazy\" src=\"https:\/\/acefootball.com\/da\/wp-content\/uploads\/sites\/2\/2021\/04\/Skaermbillede-2021-04-01-kl.-16.58.02-1024x242.png\" alt=\"\" class=\"wp-image-256393\" width=\"650\" height=\"153\" srcset=\"https:\/\/acefootball.com\/da\/wp-content\/uploads\/sites\/2\/2021\/04\/Skaermbillede-2021-04-01-kl.-16.58.02-1024x242.png 1024w, https:\/\/acefootball.com\/da\/wp-content\/uploads\/sites\/2\/2021\/04\/Skaermbillede-2021-04-01-kl.-16.58.02-300x71.png 300w, https:\/\/acefootball.com\/da\/wp-content\/uploads\/sites\/2\/2021\/04\/Skaermbillede-2021-04-01-kl.-16.58.02-768x181.png 768w, https:\/\/acefootball.com\/da\/wp-content\/uploads\/sites\/2\/2021\/04\/Skaermbillede-2021-04-01-kl.-16.58.02.png 1202w\" sizes=\"(max-width: 650px) 100vw, 650px\" \/><\/figure>\n\n\n\n<figure class=\"wp-block-image size-large is-resized\"><img loading=\"lazy\" src=\"https:\/\/acefootball.com\/da\/wp-content\/uploads\/sites\/2\/2021\/04\/Skaermbillede-2021-04-01-kl.-16.58.14-1024x214.png\" alt=\"\" class=\"wp-image-256394\" width=\"668\" height=\"139\" srcset=\"https:\/\/acefootball.com\/da\/wp-content\/uploads\/sites\/2\/2021\/04\/Skaermbillede-2021-04-01-kl.-16.58.14-1024x214.png 1024w, https:\/\/acefootball.com\/da\/wp-content\/uploads\/sites\/2\/2021\/04\/Skaermbillede-2021-04-01-kl.-16.58.14-300x63.png 300w, https:\/\/acefootball.com\/da\/wp-content\/uploads\/sites\/2\/2021\/04\/Skaermbillede-2021-04-01-kl.-16.58.14-768x161.png 768w, https:\/\/acefootball.com\/da\/wp-content\/uploads\/sites\/2\/2021\/04\/Skaermbillede-2021-04-01-kl.-16.58.14.png 1204w\" sizes=\"(max-width: 668px) 100vw, 668px\" \/><\/figure>\n\n\n\n<figure class=\"wp-block-image size-large is-resized\"><img loading=\"lazy\" src=\"https:\/\/acefootball.com\/da\/wp-content\/uploads\/sites\/2\/2021\/04\/Skaermbillede-2021-04-01-kl.-17.06.31-1024x687.png\" alt=\"\" class=\"wp-image-256395\" width=\"584\" height=\"391\" srcset=\"https:\/\/acefootball.com\/da\/wp-content\/uploads\/sites\/2\/2021\/04\/Skaermbillede-2021-04-01-kl.-17.06.31-1024x687.png 1024w, https:\/\/acefootball.com\/da\/wp-content\/uploads\/sites\/2\/2021\/04\/Skaermbillede-2021-04-01-kl.-17.06.31-300x201.png 300w, https:\/\/acefootball.com\/da\/wp-content\/uploads\/sites\/2\/2021\/04\/Skaermbillede-2021-04-01-kl.-17.06.31-768x515.png 768w, https:\/\/acefootball.com\/da\/wp-content\/uploads\/sites\/2\/2021\/04\/Skaermbillede-2021-04-01-kl.-17.06.31.png 1198w\" sizes=\"(max-width: 584px) 100vw, 584px\" \/><\/figure>\n\n\n\n<figure class=\"wp-block-image size-large is-resized\"><img loading=\"lazy\" src=\"https:\/\/acefootball.com\/da\/wp-content\/uploads\/sites\/2\/2021\/04\/Skaermbillede-2021-04-01-kl.-17.06.40-1024x632.png\" alt=\"\" class=\"wp-image-256396\" width=\"662\" height=\"408\" srcset=\"https:\/\/acefootball.com\/da\/wp-content\/uploads\/sites\/2\/2021\/04\/Skaermbillede-2021-04-01-kl.-17.06.40-1024x632.png 1024w, https:\/\/acefootball.com\/da\/wp-content\/uploads\/sites\/2\/2021\/04\/Skaermbillede-2021-04-01-kl.-17.06.40-300x185.png 300w, https:\/\/acefootball.com\/da\/wp-content\/uploads\/sites\/2\/2021\/04\/Skaermbillede-2021-04-01-kl.-17.06.40-768x474.png 768w, https:\/\/acefootball.com\/da\/wp-content\/uploads\/sites\/2\/2021\/04\/Skaermbillede-2021-04-01-kl.-17.06.40-356x220.png 356w, https:\/\/acefootball.com\/da\/wp-content\/uploads\/sites\/2\/2021\/04\/Skaermbillede-2021-04-01-kl.-17.06.40.png 1206w\" sizes=\"(max-width: 662px) 100vw, 662px\" \/><\/figure>\n\n\n\n<figure class=\"wp-block-image size-large is-resized\"><img loading=\"lazy\" src=\"https:\/\/acefootball.com\/da\/wp-content\/uploads\/sites\/2\/2021\/04\/Skaermbillede-2021-04-01-kl.-16.58.28-1024x424.png\" alt=\"\" class=\"wp-image-256392\" width=\"664\" height=\"274\" srcset=\"https:\/\/acefootball.com\/da\/wp-content\/uploads\/sites\/2\/2021\/04\/Skaermbillede-2021-04-01-kl.-16.58.28-1024x424.png 1024w, https:\/\/acefootball.com\/da\/wp-content\/uploads\/sites\/2\/2021\/04\/Skaermbillede-2021-04-01-kl.-16.58.28-300x124.png 300w, https:\/\/acefootball.com\/da\/wp-content\/uploads\/sites\/2\/2021\/04\/Skaermbillede-2021-04-01-kl.-16.58.28-768x318.png 768w, https:\/\/acefootball.com\/da\/wp-content\/uploads\/sites\/2\/2021\/04\/Skaermbillede-2021-04-01-kl.-16.58.28.png 1204w\" sizes=\"(max-width: 664px) 100vw, 664px\" \/><\/figure>\n\n\n\n<p>Kj\u00e6r er dog ikke den eneste dansker, der har f\u00e5et internation anerkendelse efter g\u00e5rsdagens triumf. Dette kan du l\u00e6se mere om i artiklen herunder.<\/p>\n\n\n\n<figure class=\"wp-block-embed is-type-wp-embed is-provider-ace-football-danmark wp-block-embed-ace-football-danmark\"><div class=\"wp-block-embed__wrapper\">\n<blockquote class=\"wp-embedded-content\" data-secret=\"v2xUQ6sQ9O\"><a href=\"https:\/\/acefootball.com\/da\/fodboldnyheder\/fans-maaber-over-dansk-sensation-hent-ham-nu-tottenham\/\">Fans m\u00e5ber over dansk sensation: &#8216;Hent ham nu, Tottenham!&#8217;<\/a><\/blockquote><iframe class=\"wp-embedded-content\" sandbox=\"allow-scripts\" security=\"restricted\" style=\"position: absolute; clip: rect(1px, 1px, 1px, 1px);\" title=\"&#8220;Fans m\u00e5ber over dansk sensation: &#8216;Hent ham nu, Tottenham!&#8217;&#8221; &#8212; Ace Football Danmark\" src=\"https:\/\/acefootball.com\/da\/fodboldnyheder\/fans-maaber-over-dansk-sensation-hent-ham-nu-tottenham\/embed\/#?secret=v2xUQ6sQ9O\" data-secret=\"v2xUQ6sQ9O\" width=\"600\" height=\"338\" frameborder=\"0\" marginwidth=\"0\" marginheight=\"0\" scrolling=\"no\"><\/iframe>\n<\/div><\/figure>\n","protected":false},"excerpt":{"rendered":"<p>En video af det danske landsholds sejrsr\u00e5b efter g\u00e5rsdagens kamp er blevet delt i Italien, og AC Milan-fansene elsker Simon Kj\u00e6rs engagement!<\/p>\n","protected":false},"author":74,"featured_media":253601,"comment_status":"open","ping_status":"closed","sticky":false,"template":"","format":"video","meta":{"om_disable_all_campaigns":false,"push_articles_ronaldo":{"active":false,"canonical":0,"publish":false},"force_updates":null},"categories":[8098],"tags":[66,692,363],"enet_tags":{"team":["8564","8238"],"player":["35112"],"sport_events":[3495257]},"yoast_head":"<!-- This site is optimized with the Yoast SEO plugin v18.3 - https:\/\/yoast.com\/wordpress\/plugins\/seo\/ -->\n<title>Video af vild Simon Kj\u00e6r skaber opm\u00e6rksomhed i Italien: &#039;Il nostro vichingo!&#039;<\/title>\n<meta name=\"description\" content=\"En video af det danske landsholds sejrsr\u00e5b efter g\u00e5rsdagens kamp er blevet delt i Italien, og AC Milan-fansene elsker Simon Kj\u00e6rs engagement!\" \/>\n<meta name=\"robots\" content=\"index, follow, max-snippet:-1, max-image-preview:large, max-video-preview:-1\" \/>\n<link rel=\"canonical\" href=\"https:\/\/acefootball.com\/da\/fodboldnyheder\/video-af-vild-simon-kjaer-skaber-opmaerksomhed-i-italien-il-nostro-vichingo\/\" \/>\n<meta property=\"og:locale\" content=\"en_US\" \/>\n<meta property=\"og:type\" content=\"article\" \/>\n<meta property=\"og:title\" content=\"Video af vild Simon Kj\u00e6r skaber opm\u00e6rksomhed i Italien: &#039;Il nostro vichingo!&#039;\" \/>\n<meta property=\"og:description\" content=\"En video af det danske landsholds sejrsr\u00e5b efter g\u00e5rsdagens kamp er blevet delt i Italien, og AC Milan-fansene elsker Simon Kj\u00e6rs engagement!\" \/>\n<meta property=\"og:url\" content=\"https:\/\/acefootball.com\/da\/fodboldnyheder\/video-af-vild-simon-kjaer-skaber-opmaerksomhed-i-italien-il-nostro-vichingo\/\" \/>\n<meta property=\"og:site_name\" content=\"Ace Football Danmark\" \/>\n<meta property=\"article:publisher\" content=\"https:\/\/www.facebook.com\/acefootballdk\" \/>\n<meta property=\"article:published_time\" content=\"2021-04-01T15:21:13+00:00\" \/>\n<meta property=\"article:modified_time\" content=\"2021-04-01T15:34:14+00:00\" \/>\n<meta property=\"og:image\" content=\"https:\/\/acefootball.com\/da\/wp-content\/uploads\/sites\/2\/2021\/04\/Video-generel-35.jpg\" \/>\n\t<meta property=\"og:image:width\" content=\"1920\" \/>\n\t<meta property=\"og:image:height\" content=\"1008\" \/>\n\t<meta property=\"og:image:type\" content=\"image\/jpeg\" \/>\n<meta name=\"twitter:card\" content=\"summary_large_image\" \/>\n<meta name=\"twitter:label1\" content=\"Written by\" \/>\n\t<meta name=\"twitter:data1\" content=\"Patrick Hesselb\u00e6k\" \/>\n\t<meta name=\"twitter:label2\" content=\"Est. reading time\" \/>\n\t<meta name=\"twitter:data2\" content=\"2 minutes\" \/>\n<script type=\"application\/ld+json\" class=\"yoast-schema-graph\">{\"@context\":\"https:\/\/schema.org\",\"@graph\":[{\"@type\":\"Organization\",\"@id\":\"https:\/\/acefootball.com\/da\/#organization\",\"name\":\"Ace Football\",\"url\":\"https:\/\/acefootball.com\/da\/\",\"sameAs\":[\"https:\/\/www.facebook.com\/acefootballdk\"],\"logo\":{\"@type\":\"ImageObject\",\"@id\":\"https:\/\/acefootball.com\/da\/#logo\",\"inLanguage\":\"en-US\",\"url\":\"https:\/\/acefootball.com\/da\/wp-content\/uploads\/sites\/2\/2020\/07\/Ace-Football-30-07-2020-2.png\",\"contentUrl\":\"https:\/\/acefootball.com\/da\/wp-content\/uploads\/sites\/2\/2020\/07\/Ace-Football-30-07-2020-2.png\",\"width\":1200,\"height\":600,\"caption\":\"Ace Football\"},\"image\":{\"@id\":\"https:\/\/acefootball.com\/da\/#logo\"}},{\"@type\":\"WebSite\",\"@id\":\"https:\/\/acefootball.com\/da\/#website\",\"url\":\"https:\/\/acefootball.com\/da\/\",\"name\":\"Ace Football Danmark\",\"description\":\"Nyheder, Spiltips &amp; Livescore\",\"publisher\":{\"@id\":\"https:\/\/acefootball.com\/da\/#organization\"},\"potentialAction\":[{\"@type\":\"SearchAction\",\"target\":{\"@type\":\"EntryPoint\",\"urlTemplate\":\"https:\/\/acefootball.com\/da\/?s={search_term_string}\"},\"query-input\":\"required name=search_term_string\"}],\"inLanguage\":\"en-US\"},{\"@type\":\"ImageObject\",\"@id\":\"https:\/\/acefootball.com\/da\/fodboldnyheder\/video-af-vild-simon-kjaer-skaber-opmaerksomhed-i-italien-il-nostro-vichingo\/#primaryimage\",\"inLanguage\":\"en-US\",\"url\":\"https:\/\/acefootball.com\/da\/wp-content\/uploads\/sites\/2\/2021\/04\/Video-generel-35.jpg\",\"contentUrl\":\"https:\/\/acefootball.com\/da\/wp-content\/uploads\/sites\/2\/2021\/04\/Video-generel-35.jpg\",\"width\":1920,\"height\":1008},{\"@type\":\"WebPage\",\"@id\":\"https:\/\/acefootball.com\/da\/fodboldnyheder\/video-af-vild-simon-kjaer-skaber-opmaerksomhed-i-italien-il-nostro-vichingo\/#webpage\",\"url\":\"https:\/\/acefootball.com\/da\/fodboldnyheder\/video-af-vild-simon-kjaer-skaber-opmaerksomhed-i-italien-il-nostro-vichingo\/\",\"name\":\"Video af vild Simon Kj\u00e6r skaber opm\u00e6rksomhed i Italien: 'Il nostro vichingo!'\",\"isPartOf\":{\"@id\":\"https:\/\/acefootball.com\/da\/#website\"},\"primaryImageOfPage\":{\"@id\":\"https:\/\/acefootball.com\/da\/fodboldnyheder\/video-af-vild-simon-kjaer-skaber-opmaerksomhed-i-italien-il-nostro-vichingo\/#primaryimage\"},\"datePublished\":\"2021-04-01T15:21:13+00:00\",\"dateModified\":\"2021-04-01T15:34:14+00:00\",\"description\":\"En video af det danske landsholds sejrsr\u00e5b efter g\u00e5rsdagens kamp er blevet delt i Italien, og AC Milan-fansene elsker Simon Kj\u00e6rs engagement!\",\"breadcrumb\":{\"@id\":\"https:\/\/acefootball.com\/da\/fodboldnyheder\/video-af-vild-simon-kjaer-skaber-opmaerksomhed-i-italien-il-nostro-vichingo\/#breadcrumb\"},\"inLanguage\":\"en-US\",\"potentialAction\":[{\"@type\":\"ReadAction\",\"target\":[\"https:\/\/acefootball.com\/da\/fodboldnyheder\/video-af-vild-simon-kjaer-skaber-opmaerksomhed-i-italien-il-nostro-vichingo\/\"]}]},{\"@type\":\"BreadcrumbList\",\"@id\":\"https:\/\/acefootball.com\/da\/fodboldnyheder\/video-af-vild-simon-kjaer-skaber-opmaerksomhed-i-italien-il-nostro-vichingo\/#breadcrumb\",\"itemListElement\":[{\"@type\":\"ListItem\",\"position\":1,\"name\":\"Home\",\"item\":\"https:\/\/acefootball.com\/da\/\"},{\"@type\":\"ListItem\",\"position\":2,\"name\":\"Video af vild Simon Kj\u00e6r skaber opm\u00e6rksomhed i Italien: &#8216;Il nostro vichingo!&#8217;\"}]},{\"@type\":\"Article\",\"@id\":\"https:\/\/acefootball.com\/da\/fodboldnyheder\/video-af-vild-simon-kjaer-skaber-opmaerksomhed-i-italien-il-nostro-vichingo\/#article\",\"isPartOf\":{\"@id\":\"https:\/\/acefootball.com\/da\/fodboldnyheder\/video-af-vild-simon-kjaer-skaber-opmaerksomhed-i-italien-il-nostro-vichingo\/#webpage\"},\"author\":{\"@id\":\"https:\/\/acefootball.com\/da\/#\/schema\/person\/fd6223a1c033400b41da7853ddf88c84\"},\"headline\":\"Video af vild Simon Kj\u00e6r skaber opm\u00e6rksomhed i Italien: &#8216;Il nostro vichingo!&#8217;\",\"datePublished\":\"2021-04-01T15:21:13+00:00\",\"dateModified\":\"2021-04-01T15:34:14+00:00\",\"mainEntityOfPage\":{\"@id\":\"https:\/\/acefootball.com\/da\/fodboldnyheder\/video-af-vild-simon-kjaer-skaber-opmaerksomhed-i-italien-il-nostro-vichingo\/#webpage\"},\"wordCount\":240,\"commentCount\":0,\"publisher\":{\"@id\":\"https:\/\/acefootball.com\/da\/#organization\"},\"image\":{\"@id\":\"https:\/\/acefootball.com\/da\/fodboldnyheder\/video-af-vild-simon-kjaer-skaber-opmaerksomhed-i-italien-il-nostro-vichingo\/#primaryimage\"},\"thumbnailUrl\":\"https:\/\/acefootball.com\/da\/wp-content\/uploads\/sites\/2\/2021\/03\/GettyImages-1148481705.jpg\",\"keywords\":[\"AC Milan\",\"Danmark\",\"Simon Kj\u00e6r\"],\"articleSection\":[\"Video\"],\"inLanguage\":\"en-US\",\"potentialAction\":[{\"@type\":\"CommentAction\",\"name\":\"Comment\",\"target\":[\"https:\/\/acefootball.com\/da\/fodboldnyheder\/video-af-vild-simon-kjaer-skaber-opmaerksomhed-i-italien-il-nostro-vichingo\/#respond\"]}]},{\"@type\":\"Person\",\"@id\":\"https:\/\/acefootball.com\/da\/#\/schema\/person\/fd6223a1c033400b41da7853ddf88c84\",\"name\":\"Patrick Hesselb\u00e6k\",\"image\":{\"@type\":\"ImageObject\",\"@id\":\"https:\/\/acefootball.com\/da\/#personlogo\",\"inLanguage\":\"en-US\",\"url\":\"https:\/\/secure.gravatar.com\/avatar\/7919060992759bffbffb199d6cbdce6f?s=96&d=mm&r=g\",\"contentUrl\":\"https:\/\/secure.gravatar.com\/avatar\/7919060992759bffbffb199d6cbdce6f?s=96&d=mm&r=g\",\"caption\":\"Patrick Hesselb\u00e6k\"},\"description\":\"Redakt\u00f8r p\u00e5 den danske Ace Football-redaktion. Uddannet i kommunikation fra Aalborg Universitet. Prim\u00e6rt fokus p\u00e5 den danske 3F Superliga og de st\u00f8rste europ\u00e6iske turneringer.\",\"sameAs\":[\"https:\/\/www.linkedin.com\/in\/patrick-hesselbk-2a4b1711a\/\"],\"url\":\"https:\/\/acefootball.com\/da\/fodboldnyheder\/author\/patrickhesselbaek\/\"}]}<\/script>\n<!-- \/ Yoast SEO plugin. -->","yoast_head_json":{"title":"Video af vild Simon Kj\u00e6r skaber opm\u00e6rksomhed i Italien: 'Il nostro vichingo!'","description":"En video af det danske landsholds sejrsr\u00e5b efter g\u00e5rsdagens kamp er blevet delt i Italien, og AC Milan-fansene elsker Simon Kj\u00e6rs engagement!","robots":{"index":"index","follow":"follow","max-snippet":"max-snippet:-1","max-image-preview":"max-image-preview:large","max-video-preview":"max-video-preview:-1"},"canonical":"https:\/\/acefootball.com\/da\/fodboldnyheder\/video-af-vild-simon-kjaer-skaber-opmaerksomhed-i-italien-il-nostro-vichingo\/","og_locale":"en_US","og_type":"article","og_title":"Video af vild Simon Kj\u00e6r skaber opm\u00e6rksomhed i Italien: 'Il nostro vichingo!'","og_description":"En video af det danske landsholds sejrsr\u00e5b efter g\u00e5rsdagens kamp er blevet delt i Italien, og AC Milan-fansene elsker Simon Kj\u00e6rs engagement!","og_url":"https:\/\/acefootball.com\/da\/fodboldnyheder\/video-af-vild-simon-kjaer-skaber-opmaerksomhed-i-italien-il-nostro-vichingo\/","og_site_name":"Ace Football Danmark","article_publisher":"https:\/\/www.facebook.com\/acefootballdk","article_published_time":"2021-04-01T15:21:13+00:00","article_modified_time":"2021-04-01T15:34:14+00:00","og_image":[{"width":1920,"height":1008,"url":"https:\/\/acefootball.com\/da\/wp-content\/uploads\/sites\/2\/2021\/04\/Video-generel-35.jpg","type":"image\/jpeg"}],"twitter_card":"summary_large_image","twitter_misc":{"Written by":"Patrick Hesselb\u00e6k","Est. reading time":"2 minutes"},"schema":{"@context":"https:\/\/schema.org","@graph":[{"@type":"Organization","@id":"https:\/\/acefootball.com\/da\/#organization","name":"Ace Football","url":"https:\/\/acefootball.com\/da\/","sameAs":["https:\/\/www.facebook.com\/acefootballdk"],"logo":{"@type":"ImageObject","@id":"https:\/\/acefootball.com\/da\/#logo","inLanguage":"en-US","url":"https:\/\/acefootball.com\/da\/wp-content\/uploads\/sites\/2\/2020\/07\/Ace-Football-30-07-2020-2.png","contentUrl":"https:\/\/acefootball.com\/da\/wp-content\/uploads\/sites\/2\/2020\/07\/Ace-Football-30-07-2020-2.png","width":1200,"height":600,"caption":"Ace Football"},"image":{"@id":"https:\/\/acefootball.com\/da\/#logo"}},{"@type":"WebSite","@id":"https:\/\/acefootball.com\/da\/#website","url":"https:\/\/acefootball.com\/da\/","name":"Ace Football Danmark","description":"Nyheder, Spiltips &amp; Livescore","publisher":{"@id":"https:\/\/acefootball.com\/da\/#organization"},"potentialAction":[{"@type":"SearchAction","target":{"@type":"EntryPoint","urlTemplate":"https:\/\/acefootball.com\/da\/?s={search_term_string}"},"query-input":"required name=search_term_string"}],"inLanguage":"en-US"},{"@type":"ImageObject","@id":"https:\/\/acefootball.com\/da\/fodboldnyheder\/video-af-vild-simon-kjaer-skaber-opmaerksomhed-i-italien-il-nostro-vichingo\/#primaryimage","inLanguage":"en-US","url":"https:\/\/acefootball.com\/da\/wp-content\/uploads\/sites\/2\/2021\/04\/Video-generel-35.jpg","contentUrl":"https:\/\/acefootball.com\/da\/wp-content\/uploads\/sites\/2\/2021\/04\/Video-generel-35.jpg","width":1920,"height":1008},{"@type":"WebPage","@id":"https:\/\/acefootball.com\/da\/fodboldnyheder\/video-af-vild-simon-kjaer-skaber-opmaerksomhed-i-italien-il-nostro-vichingo\/#webpage","url":"https:\/\/acefootball.com\/da\/fodboldnyheder\/video-af-vild-simon-kjaer-skaber-opmaerksomhed-i-italien-il-nostro-vichingo\/","name":"Video af vild Simon Kj\u00e6r skaber opm\u00e6rksomhed i Italien: 'Il nostro vichingo!'","isPartOf":{"@id":"https:\/\/acefootball.com\/da\/#website"},"primaryImageOfPage":{"@id":"https:\/\/acefootball.com\/da\/fodboldnyheder\/video-af-vild-simon-kjaer-skaber-opmaerksomhed-i-italien-il-nostro-vichingo\/#primaryimage"},"datePublished":"2021-04-01T15:21:13+00:00","dateModified":"2021-04-01T15:34:14+00:00","description":"En video af det danske landsholds sejrsr\u00e5b efter g\u00e5rsdagens kamp er blevet delt i Italien, og AC Milan-fansene elsker Simon Kj\u00e6rs engagement!","breadcrumb":{"@id":"https:\/\/acefootball.com\/da\/fodboldnyheder\/video-af-vild-simon-kjaer-skaber-opmaerksomhed-i-italien-il-nostro-vichingo\/#breadcrumb"},"inLanguage":"en-US","potentialAction":[{"@type":"ReadAction","target":["https:\/\/acefootball.com\/da\/fodboldnyheder\/video-af-vild-simon-kjaer-skaber-opmaerksomhed-i-italien-il-nostro-vichingo\/"]}]},{"@type":"BreadcrumbList","@id":"https:\/\/acefootball.com\/da\/fodboldnyheder\/video-af-vild-simon-kjaer-skaber-opmaerksomhed-i-italien-il-nostro-vichingo\/#breadcrumb","itemListElement":[{"@type":"ListItem","position":1,"name":"Home","item":"https:\/\/acefootball.com\/da\/"},{"@type":"ListItem","position":2,"name":"Video af vild Simon Kj\u00e6r skaber opm\u00e6rksomhed i Italien: &#8216;Il nostro vichingo!&#8217;"}]},{"@type":"Article","@id":"https:\/\/acefootball.com\/da\/fodboldnyheder\/video-af-vild-simon-kjaer-skaber-opmaerksomhed-i-italien-il-nostro-vichingo\/#article","isPartOf":{"@id":"https:\/\/acefootball.com\/da\/fodboldnyheder\/video-af-vild-simon-kjaer-skaber-opmaerksomhed-i-italien-il-nostro-vichingo\/#webpage"},"author":{"@id":"https:\/\/acefootball.com\/da\/#\/schema\/person\/fd6223a1c033400b41da7853ddf88c84"},"headline":"Video af vild Simon Kj\u00e6r skaber opm\u00e6rksomhed i Italien: &#8216;Il nostro vichingo!&#8217;","datePublished":"2021-04-01T15:21:13+00:00","dateModified":"2021-04-01T15:34:14+00:00","mainEntityOfPage":{"@id":"https:\/\/acefootball.com\/da\/fodboldnyheder\/video-af-vild-simon-kjaer-skaber-opmaerksomhed-i-italien-il-nostro-vichingo\/#webpage"},"wordCount":240,"commentCount":0,"publisher":{"@id":"https:\/\/acefootball.com\/da\/#organization"},"image":{"@id":"https:\/\/acefootball.com\/da\/fodboldnyheder\/video-af-vild-simon-kjaer-skaber-opmaerksomhed-i-italien-il-nostro-vichingo\/#primaryimage"},"thumbnailUrl":"https:\/\/acefootball.com\/da\/wp-content\/uploads\/sites\/2\/2021\/03\/GettyImages-1148481705.jpg","keywords":["AC Milan","Danmark","Simon Kj\u00e6r"],"articleSection":["Video"],"inLanguage":"en-US","potentialAction":[{"@type":"CommentAction","name":"Comment","target":["https:\/\/acefootball.com\/da\/fodboldnyheder\/video-af-vild-simon-kjaer-skaber-opmaerksomhed-i-italien-il-nostro-vichingo\/#respond"]}]},{"@type":"Person","@id":"https:\/\/acefootball.com\/da\/#\/schema\/person\/fd6223a1c033400b41da7853ddf88c84","name":"Patrick Hesselb\u00e6k","image":{"@type":"ImageObject","@id":"https:\/\/acefootball.com\/da\/#personlogo","inLanguage":"en-US","url":"https:\/\/secure.gravatar.com\/avatar\/7919060992759bffbffb199d6cbdce6f?s=96&d=mm&r=g","contentUrl":"https:\/\/secure.gravatar.com\/avatar\/7919060992759bffbffb199d6cbdce6f?s=96&d=mm&r=g","caption":"Patrick Hesselb\u00e6k"},"description":"Redakt\u00f8r p\u00e5 den danske Ace Football-redaktion. Uddannet i kommunikation fra Aalborg Universitet. Prim\u00e6rt fokus p\u00e5 den danske 3F Superliga og de st\u00f8rste europ\u00e6iske turneringer.","sameAs":["https:\/\/www.linkedin.com\/in\/patrick-hesselbk-2a4b1711a\/"],"url":"https:\/\/acefootball.com\/da\/fodboldnyheder\/author\/patrickhesselbaek\/"}]}},"fimg_url":"https:\/\/acefootball.com\/da\/wp-content\/uploads\/sites\/2\/2021\/03\/GettyImages-1148481705.jpg","_links":{"self":[{"href":"https:\/\/acefootball.com\/da\/wp-json\/wp\/v2\/posts\/256391"}],"collection":[{"href":"https:\/\/acefootball.com\/da\/wp-json\/wp\/v2\/posts"}],"about":[{"href":"https:\/\/acefootball.com\/da\/wp-json\/wp\/v2\/types\/post"}],"author":[{"embeddable":true,"href":"https:\/\/acefootball.com\/da\/wp-json\/wp\/v2\/users\/74"}],"replies":[{"embeddable":true,"href":"https:\/\/acefootball.com\/da\/wp-json\/wp\/v2\/comments?post=256391"}],"version-history":[{"count":0,"href":"https:\/\/acefootball.com\/da\/wp-json\/wp\/v2\/posts\/256391\/revisions"}],"wp:featuredmedia":[{"embeddable":true,"href":"https:\/\/acefootball.com\/da\/wp-json\/wp\/v2\/media\/253601"}],"wp:attachment":[{"href":"https:\/\/acefootball.com\/da\/wp-json\/wp\/v2\/media?parent=256391"}],"wp:term":[{"taxonomy":"category","embeddable":true,"href":"https:\/\/acefootball.com\/da\/wp-json\/wp\/v2\/categories?post=256391"},{"taxonomy":"post_tag","embeddable":true,"href":"https:\/\/acefootball.com\/da\/wp-json\/wp\/v2\/tags?post=256391"}],"curies":[{"name":"wp","href":"https:\/\/api.w.org\/{rel}","templated":true}]}}