{"id":256323,"date":"2021-03-31T16:59:59","date_gmt":"2021-03-31T14:59:59","guid":{"rendered":"https:\/\/acefootball.com\/da\/?p=256323"},"modified":"2021-03-31T17:00:00","modified_gmt":"2021-03-31T15:00:00","slug":"agger-om-traenervejen-har-talt-med-klopp-og-gerrard","status":"publish","type":"post","link":"https:\/\/acefootball.com\/da\/fodboldnyheder\/agger-om-traenervejen-har-talt-med-klopp-og-gerrard\/","title":{"rendered":"Agger om tr\u00e6nervejen: Har talt med Klopp og Gerrard"},"content":{"rendered":"\n<h2 id=\"h-daniel-agger-fort-ller-at-han-har-talt-med-b-de-steven-gerrard-og-j-rgen-klopp-om-beslutningen-om-at-g-tr-nervejen\">Daniel Agger fort\u00e6ller, at han har talt med b\u00e5de Steven Gerrard og J\u00fcrgen Klopp om beslutningen om at g\u00e5 tr\u00e6nervejen<\/h2>\n\n\n\n<p>HB K\u00f8ge kunne noget overraskende tidligere onsdag pr\u00e6sentere Daniel Agger som ny cheftr\u00e6ner i klubben, efter Auri Skarbalius meldte sin afgang dagen inden.<\/p>\n\n\n\n<p>Ikke mange havde forventet, at den tidligere landsholdsspiller ville g\u00e5 tr\u00e6nervejen, men det er en id\u00e9, der har ulmet i ham i et l\u00e6ngere stykke tid.<\/p>\n\n\n\n<p>Og Agger havde da ogs\u00e5 mere erfarne herrer med p\u00e5 r\u00e5ds inden, heriblandt den nuv\u00e6rende Liverpool-tr\u00e6ner, J\u00fcrgen Klopp, og den tidligere holdkammerat fra samme klub, Steven Gerrard.<\/p>\n\n\n\n<p>Det fort\u00e6ller Daniel Agger i et interview til TV3 Sport, som du kan se i videoen her:<\/p>\n\n\n\n\n        <div class=\"svf-video-single only-video\">\n            <div class=\"svf-video-container svf-embedded embedded\">\n                <script>(function(){const el = document.createElement('iframe');el.allow = 'autoplay';el.frameBorder = '0';el.classList.add('svf-video');el.allowFullscreen = true;document.currentScript.parentNode.style.display = 'none';el.src = \"https:\/\/www.viafree.dk\/embed\/sport\/id\/f8ea2ccf-5e31-4c31-828f-a933516a0020?partnerId=a788403f-2c83-488f-adb0-2650ac7278a3\";el.addEventListener( 'load', function(){ this.parentNode.style.display = ''; });document.currentScript.parentNode.insertBefore(el, document.currentScript.nextSibling);})();<\/script>\n                <noscript><iframe allow=\"autoplay\" allowfullscreen frameborder=\"0\" class=\"svf-video\" src=\"https:\/\/www.viafree.dk\/embed\/sport\/id\/f8ea2ccf-5e31-4c31-828f-a933516a0020?partnerId=a788403f-2c83-488f-adb0-2650ac7278a3\"><\/iframe><\/noscript>\n            <\/div>\n                    <\/div>\n        \n\n\n\n<p><\/p>\n","protected":false},"excerpt":{"rendered":"<p>Daniel Agger fort\u00e6ller, at han har talt med b\u00e5de Steven Gerrard og J\u00fcrgen Klopp om beslutningen om at g\u00e5 tr\u00e6nervejen<\/p>\n","protected":false},"author":705,"featured_media":256324,"comment_status":"open","ping_status":"closed","sticky":false,"template":"","format":"video","meta":{"om_disable_all_campaigns":false,"push_articles_ronaldo":{"active":false,"canonical":0,"publish":false},"force_updates":null},"categories":[8204],"tags":[1273,3303,135,132,638],"enet_tags":{"team":["8289","8650"],"player":["78660","938245"],"sport_events":[]},"yoast_head":"<!-- This site is optimized with the Yoast SEO plugin v18.3 - https:\/\/yoast.com\/wordpress\/plugins\/seo\/ -->\n<title>Agger om tr\u00e6nervejen: Har talt med Klopp og Gerrard<\/title>\n<meta name=\"description\" content=\"Daniel Agger fort\u00e6ller, at han har talt med b\u00e5de Steven Gerrard og J\u00fcrgen Klopp om beslutningen om at g\u00e5 tr\u00e6nervejen\" \/>\n<meta name=\"robots\" content=\"index, follow, max-snippet:-1, max-image-preview:large, max-video-preview:-1\" \/>\n<link rel=\"canonical\" href=\"https:\/\/acefootball.com\/da\/fodboldnyheder\/agger-om-traenervejen-har-talt-med-klopp-og-gerrard\/\" \/>\n<meta property=\"og:locale\" content=\"en_US\" \/>\n<meta property=\"og:type\" content=\"article\" \/>\n<meta property=\"og:title\" content=\"Agger om tr\u00e6nervejen: Har talt med Klopp og Gerrard\" \/>\n<meta property=\"og:description\" content=\"Daniel Agger fort\u00e6ller, at han har talt med b\u00e5de Steven Gerrard og J\u00fcrgen Klopp om beslutningen om at g\u00e5 tr\u00e6nervejen\" \/>\n<meta property=\"og:url\" content=\"https:\/\/acefootball.com\/da\/fodboldnyheder\/agger-om-traenervejen-har-talt-med-klopp-og-gerrard\/\" \/>\n<meta property=\"og:site_name\" content=\"Ace Football Danmark\" \/>\n<meta property=\"article:publisher\" content=\"https:\/\/www.facebook.com\/acefootballdk\" \/>\n<meta property=\"article:published_time\" content=\"2021-03-31T14:59:59+00:00\" \/>\n<meta property=\"article:modified_time\" content=\"2021-03-31T15:00:00+00:00\" \/>\n<meta property=\"og:image\" content=\"https:\/\/acefootball.com\/da\/wp-content\/uploads\/sites\/2\/2021\/03\/Untitled-design-75.jpg\" \/>\n\t<meta property=\"og:image:width\" content=\"1024\" \/>\n\t<meta property=\"og:image:height\" content=\"683\" \/>\n\t<meta property=\"og:image:type\" content=\"image\/jpeg\" \/>\n<meta name=\"twitter:card\" content=\"summary_large_image\" \/>\n<meta name=\"twitter:label1\" content=\"Written by\" \/>\n\t<meta name=\"twitter:data1\" content=\"Mads Dreyer\" \/>\n\t<meta name=\"twitter:label2\" content=\"Est. reading time\" \/>\n\t<meta name=\"twitter:data2\" content=\"1 minute\" \/>\n<script type=\"application\/ld+json\" class=\"yoast-schema-graph\">{\"@context\":\"https:\/\/schema.org\",\"@graph\":[{\"@type\":\"Organization\",\"@id\":\"https:\/\/acefootball.com\/da\/#organization\",\"name\":\"Ace Football\",\"url\":\"https:\/\/acefootball.com\/da\/\",\"sameAs\":[\"https:\/\/www.facebook.com\/acefootballdk\"],\"logo\":{\"@type\":\"ImageObject\",\"@id\":\"https:\/\/acefootball.com\/da\/#logo\",\"inLanguage\":\"en-US\",\"url\":\"https:\/\/acefootball.com\/da\/wp-content\/uploads\/sites\/2\/2020\/07\/Ace-Football-30-07-2020-2.png\",\"contentUrl\":\"https:\/\/acefootball.com\/da\/wp-content\/uploads\/sites\/2\/2020\/07\/Ace-Football-30-07-2020-2.png\",\"width\":1200,\"height\":600,\"caption\":\"Ace Football\"},\"image\":{\"@id\":\"https:\/\/acefootball.com\/da\/#logo\"}},{\"@type\":\"WebSite\",\"@id\":\"https:\/\/acefootball.com\/da\/#website\",\"url\":\"https:\/\/acefootball.com\/da\/\",\"name\":\"Ace Football Danmark\",\"description\":\"Nyheder, Spiltips &amp; Livescore\",\"publisher\":{\"@id\":\"https:\/\/acefootball.com\/da\/#organization\"},\"potentialAction\":[{\"@type\":\"SearchAction\",\"target\":{\"@type\":\"EntryPoint\",\"urlTemplate\":\"https:\/\/acefootball.com\/da\/?s={search_term_string}\"},\"query-input\":\"required name=search_term_string\"}],\"inLanguage\":\"en-US\"},{\"@type\":\"ImageObject\",\"@id\":\"https:\/\/acefootball.com\/da\/fodboldnyheder\/agger-om-traenervejen-har-talt-med-klopp-og-gerrard\/#primaryimage\",\"inLanguage\":\"en-US\",\"url\":\"https:\/\/acefootball.com\/da\/wp-content\/uploads\/sites\/2\/2021\/03\/Untitled-design-75.jpg\",\"contentUrl\":\"https:\/\/acefootball.com\/da\/wp-content\/uploads\/sites\/2\/2021\/03\/Untitled-design-75.jpg\",\"width\":1024,\"height\":683,\"caption\":\"Viasat\"},{\"@type\":\"WebPage\",\"@id\":\"https:\/\/acefootball.com\/da\/fodboldnyheder\/agger-om-traenervejen-har-talt-med-klopp-og-gerrard\/#webpage\",\"url\":\"https:\/\/acefootball.com\/da\/fodboldnyheder\/agger-om-traenervejen-har-talt-med-klopp-og-gerrard\/\",\"name\":\"Agger om tr\u00e6nervejen: Har talt med Klopp og Gerrard\",\"isPartOf\":{\"@id\":\"https:\/\/acefootball.com\/da\/#website\"},\"primaryImageOfPage\":{\"@id\":\"https:\/\/acefootball.com\/da\/fodboldnyheder\/agger-om-traenervejen-har-talt-med-klopp-og-gerrard\/#primaryimage\"},\"datePublished\":\"2021-03-31T14:59:59+00:00\",\"dateModified\":\"2021-03-31T15:00:00+00:00\",\"description\":\"Daniel Agger fort\u00e6ller, at han har talt med b\u00e5de Steven Gerrard og J\u00fcrgen Klopp om beslutningen om at g\u00e5 tr\u00e6nervejen\",\"breadcrumb\":{\"@id\":\"https:\/\/acefootball.com\/da\/fodboldnyheder\/agger-om-traenervejen-har-talt-med-klopp-og-gerrard\/#breadcrumb\"},\"inLanguage\":\"en-US\",\"potentialAction\":[{\"@type\":\"ReadAction\",\"target\":[\"https:\/\/acefootball.com\/da\/fodboldnyheder\/agger-om-traenervejen-har-talt-med-klopp-og-gerrard\/\"]}]},{\"@type\":\"BreadcrumbList\",\"@id\":\"https:\/\/acefootball.com\/da\/fodboldnyheder\/agger-om-traenervejen-har-talt-med-klopp-og-gerrard\/#breadcrumb\",\"itemListElement\":[{\"@type\":\"ListItem\",\"position\":1,\"name\":\"Home\",\"item\":\"https:\/\/acefootball.com\/da\/\"},{\"@type\":\"ListItem\",\"position\":2,\"name\":\"Agger om tr\u00e6nervejen: Har talt med Klopp og Gerrard\"}]},{\"@type\":\"Article\",\"@id\":\"https:\/\/acefootball.com\/da\/fodboldnyheder\/agger-om-traenervejen-har-talt-med-klopp-og-gerrard\/#article\",\"isPartOf\":{\"@id\":\"https:\/\/acefootball.com\/da\/fodboldnyheder\/agger-om-traenervejen-har-talt-med-klopp-og-gerrard\/#webpage\"},\"author\":{\"@id\":\"https:\/\/acefootball.com\/da\/#\/schema\/person\/ee67e9cf04a276f144100ffa722f10cd\"},\"headline\":\"Agger om tr\u00e6nervejen: Har talt med Klopp og Gerrard\",\"datePublished\":\"2021-03-31T14:59:59+00:00\",\"dateModified\":\"2021-03-31T15:00:00+00:00\",\"mainEntityOfPage\":{\"@id\":\"https:\/\/acefootball.com\/da\/fodboldnyheder\/agger-om-traenervejen-har-talt-med-klopp-og-gerrard\/#webpage\"},\"wordCount\":151,\"commentCount\":0,\"publisher\":{\"@id\":\"https:\/\/acefootball.com\/da\/#organization\"},\"image\":{\"@id\":\"https:\/\/acefootball.com\/da\/fodboldnyheder\/agger-om-traenervejen-har-talt-med-klopp-og-gerrard\/#primaryimage\"},\"thumbnailUrl\":\"https:\/\/acefootball.com\/da\/wp-content\/uploads\/sites\/2\/2021\/03\/Untitled-design-75.jpg\",\"keywords\":[\"Daniel Agger\",\"HB K\u00f8ge\",\"J\u00fcrgen Klopp\",\"Liverpool\",\"Steven Gerrard\"],\"articleSection\":[\"Udtalelse\"],\"inLanguage\":\"en-US\",\"potentialAction\":[{\"@type\":\"CommentAction\",\"name\":\"Comment\",\"target\":[\"https:\/\/acefootball.com\/da\/fodboldnyheder\/agger-om-traenervejen-har-talt-med-klopp-og-gerrard\/#respond\"]}]},{\"@type\":\"Person\",\"@id\":\"https:\/\/acefootball.com\/da\/#\/schema\/person\/ee67e9cf04a276f144100ffa722f10cd\",\"name\":\"Mads Dreyer\",\"image\":{\"@type\":\"ImageObject\",\"@id\":\"https:\/\/acefootball.com\/da\/#personlogo\",\"inLanguage\":\"en-US\",\"url\":\"https:\/\/secure.gravatar.com\/avatar\/7c7abf72cfde9902b6a60efe60c88d4c?s=96&d=mm&r=g\",\"contentUrl\":\"https:\/\/secure.gravatar.com\/avatar\/7c7abf72cfde9902b6a60efe60c88d4c?s=96&d=mm&r=g\",\"caption\":\"Mads Dreyer\"},\"description\":\"Skribent og fodboldn\u00f8rd, der lige nu fort\u00e6ller om alt og intet i fodboldverdenen p\u00e5 acefootball.com. Uddannet i kommunikation fra Aalborg Universitet.\",\"sameAs\":[\"https:\/\/www.linkedin.com\/in\/mads-dreyer-b9b08266\/\"],\"url\":\"https:\/\/acefootball.com\/da\/fodboldnyheder\/author\/mdnronaldo\/\"}]}<\/script>\n<!-- \/ Yoast SEO plugin. -->","yoast_head_json":{"title":"Agger om tr\u00e6nervejen: Har talt med Klopp og Gerrard","description":"Daniel Agger fort\u00e6ller, at han har talt med b\u00e5de Steven Gerrard og J\u00fcrgen Klopp om beslutningen om at g\u00e5 tr\u00e6nervejen","robots":{"index":"index","follow":"follow","max-snippet":"max-snippet:-1","max-image-preview":"max-image-preview:large","max-video-preview":"max-video-preview:-1"},"canonical":"https:\/\/acefootball.com\/da\/fodboldnyheder\/agger-om-traenervejen-har-talt-med-klopp-og-gerrard\/","og_locale":"en_US","og_type":"article","og_title":"Agger om tr\u00e6nervejen: Har talt med Klopp og Gerrard","og_description":"Daniel Agger fort\u00e6ller, at han har talt med b\u00e5de Steven Gerrard og J\u00fcrgen Klopp om beslutningen om at g\u00e5 tr\u00e6nervejen","og_url":"https:\/\/acefootball.com\/da\/fodboldnyheder\/agger-om-traenervejen-har-talt-med-klopp-og-gerrard\/","og_site_name":"Ace Football Danmark","article_publisher":"https:\/\/www.facebook.com\/acefootballdk","article_published_time":"2021-03-31T14:59:59+00:00","article_modified_time":"2021-03-31T15:00:00+00:00","og_image":[{"width":1024,"height":683,"url":"https:\/\/acefootball.com\/da\/wp-content\/uploads\/sites\/2\/2021\/03\/Untitled-design-75.jpg","type":"image\/jpeg"}],"twitter_card":"summary_large_image","twitter_misc":{"Written by":"Mads Dreyer","Est. reading time":"1 minute"},"schema":{"@context":"https:\/\/schema.org","@graph":[{"@type":"Organization","@id":"https:\/\/acefootball.com\/da\/#organization","name":"Ace Football","url":"https:\/\/acefootball.com\/da\/","sameAs":["https:\/\/www.facebook.com\/acefootballdk"],"logo":{"@type":"ImageObject","@id":"https:\/\/acefootball.com\/da\/#logo","inLanguage":"en-US","url":"https:\/\/acefootball.com\/da\/wp-content\/uploads\/sites\/2\/2020\/07\/Ace-Football-30-07-2020-2.png","contentUrl":"https:\/\/acefootball.com\/da\/wp-content\/uploads\/sites\/2\/2020\/07\/Ace-Football-30-07-2020-2.png","width":1200,"height":600,"caption":"Ace Football"},"image":{"@id":"https:\/\/acefootball.com\/da\/#logo"}},{"@type":"WebSite","@id":"https:\/\/acefootball.com\/da\/#website","url":"https:\/\/acefootball.com\/da\/","name":"Ace Football Danmark","description":"Nyheder, Spiltips &amp; Livescore","publisher":{"@id":"https:\/\/acefootball.com\/da\/#organization"},"potentialAction":[{"@type":"SearchAction","target":{"@type":"EntryPoint","urlTemplate":"https:\/\/acefootball.com\/da\/?s={search_term_string}"},"query-input":"required name=search_term_string"}],"inLanguage":"en-US"},{"@type":"ImageObject","@id":"https:\/\/acefootball.com\/da\/fodboldnyheder\/agger-om-traenervejen-har-talt-med-klopp-og-gerrard\/#primaryimage","inLanguage":"en-US","url":"https:\/\/acefootball.com\/da\/wp-content\/uploads\/sites\/2\/2021\/03\/Untitled-design-75.jpg","contentUrl":"https:\/\/acefootball.com\/da\/wp-content\/uploads\/sites\/2\/2021\/03\/Untitled-design-75.jpg","width":1024,"height":683,"caption":"Viasat"},{"@type":"WebPage","@id":"https:\/\/acefootball.com\/da\/fodboldnyheder\/agger-om-traenervejen-har-talt-med-klopp-og-gerrard\/#webpage","url":"https:\/\/acefootball.com\/da\/fodboldnyheder\/agger-om-traenervejen-har-talt-med-klopp-og-gerrard\/","name":"Agger om tr\u00e6nervejen: Har talt med Klopp og Gerrard","isPartOf":{"@id":"https:\/\/acefootball.com\/da\/#website"},"primaryImageOfPage":{"@id":"https:\/\/acefootball.com\/da\/fodboldnyheder\/agger-om-traenervejen-har-talt-med-klopp-og-gerrard\/#primaryimage"},"datePublished":"2021-03-31T14:59:59+00:00","dateModified":"2021-03-31T15:00:00+00:00","description":"Daniel Agger fort\u00e6ller, at han har talt med b\u00e5de Steven Gerrard og J\u00fcrgen Klopp om beslutningen om at g\u00e5 tr\u00e6nervejen","breadcrumb":{"@id":"https:\/\/acefootball.com\/da\/fodboldnyheder\/agger-om-traenervejen-har-talt-med-klopp-og-gerrard\/#breadcrumb"},"inLanguage":"en-US","potentialAction":[{"@type":"ReadAction","target":["https:\/\/acefootball.com\/da\/fodboldnyheder\/agger-om-traenervejen-har-talt-med-klopp-og-gerrard\/"]}]},{"@type":"BreadcrumbList","@id":"https:\/\/acefootball.com\/da\/fodboldnyheder\/agger-om-traenervejen-har-talt-med-klopp-og-gerrard\/#breadcrumb","itemListElement":[{"@type":"ListItem","position":1,"name":"Home","item":"https:\/\/acefootball.com\/da\/"},{"@type":"ListItem","position":2,"name":"Agger om tr\u00e6nervejen: Har talt med Klopp og Gerrard"}]},{"@type":"Article","@id":"https:\/\/acefootball.com\/da\/fodboldnyheder\/agger-om-traenervejen-har-talt-med-klopp-og-gerrard\/#article","isPartOf":{"@id":"https:\/\/acefootball.com\/da\/fodboldnyheder\/agger-om-traenervejen-har-talt-med-klopp-og-gerrard\/#webpage"},"author":{"@id":"https:\/\/acefootball.com\/da\/#\/schema\/person\/ee67e9cf04a276f144100ffa722f10cd"},"headline":"Agger om tr\u00e6nervejen: Har talt med Klopp og Gerrard","datePublished":"2021-03-31T14:59:59+00:00","dateModified":"2021-03-31T15:00:00+00:00","mainEntityOfPage":{"@id":"https:\/\/acefootball.com\/da\/fodboldnyheder\/agger-om-traenervejen-har-talt-med-klopp-og-gerrard\/#webpage"},"wordCount":151,"commentCount":0,"publisher":{"@id":"https:\/\/acefootball.com\/da\/#organization"},"image":{"@id":"https:\/\/acefootball.com\/da\/fodboldnyheder\/agger-om-traenervejen-har-talt-med-klopp-og-gerrard\/#primaryimage"},"thumbnailUrl":"https:\/\/acefootball.com\/da\/wp-content\/uploads\/sites\/2\/2021\/03\/Untitled-design-75.jpg","keywords":["Daniel Agger","HB K\u00f8ge","J\u00fcrgen Klopp","Liverpool","Steven Gerrard"],"articleSection":["Udtalelse"],"inLanguage":"en-US","potentialAction":[{"@type":"CommentAction","name":"Comment","target":["https:\/\/acefootball.com\/da\/fodboldnyheder\/agger-om-traenervejen-har-talt-med-klopp-og-gerrard\/#respond"]}]},{"@type":"Person","@id":"https:\/\/acefootball.com\/da\/#\/schema\/person\/ee67e9cf04a276f144100ffa722f10cd","name":"Mads Dreyer","image":{"@type":"ImageObject","@id":"https:\/\/acefootball.com\/da\/#personlogo","inLanguage":"en-US","url":"https:\/\/secure.gravatar.com\/avatar\/7c7abf72cfde9902b6a60efe60c88d4c?s=96&d=mm&r=g","contentUrl":"https:\/\/secure.gravatar.com\/avatar\/7c7abf72cfde9902b6a60efe60c88d4c?s=96&d=mm&r=g","caption":"Mads Dreyer"},"description":"Skribent og fodboldn\u00f8rd, der lige nu fort\u00e6ller om alt og intet i fodboldverdenen p\u00e5 acefootball.com. Uddannet i kommunikation fra Aalborg Universitet.","sameAs":["https:\/\/www.linkedin.com\/in\/mads-dreyer-b9b08266\/"],"url":"https:\/\/acefootball.com\/da\/fodboldnyheder\/author\/mdnronaldo\/"}]}},"fimg_url":"https:\/\/acefootball.com\/da\/wp-content\/uploads\/sites\/2\/2021\/03\/Untitled-design-75.jpg","_links":{"self":[{"href":"https:\/\/acefootball.com\/da\/wp-json\/wp\/v2\/posts\/256323"}],"collection":[{"href":"https:\/\/acefootball.com\/da\/wp-json\/wp\/v2\/posts"}],"about":[{"href":"https:\/\/acefootball.com\/da\/wp-json\/wp\/v2\/types\/post"}],"author":[{"embeddable":true,"href":"https:\/\/acefootball.com\/da\/wp-json\/wp\/v2\/users\/705"}],"replies":[{"embeddable":true,"href":"https:\/\/acefootball.com\/da\/wp-json\/wp\/v2\/comments?post=256323"}],"version-history":[{"count":0,"href":"https:\/\/acefootball.com\/da\/wp-json\/wp\/v2\/posts\/256323\/revisions"}],"wp:featuredmedia":[{"embeddable":true,"href":"https:\/\/acefootball.com\/da\/wp-json\/wp\/v2\/media\/256324"}],"wp:attachment":[{"href":"https:\/\/acefootball.com\/da\/wp-json\/wp\/v2\/media?parent=256323"}],"wp:term":[{"taxonomy":"category","embeddable":true,"href":"https:\/\/acefootball.com\/da\/wp-json\/wp\/v2\/categories?post=256323"},{"taxonomy":"post_tag","embeddable":true,"href":"https:\/\/acefootball.com\/da\/wp-json\/wp\/v2\/tags?post=256323"}],"curies":[{"name":"wp","href":"https:\/\/api.w.org\/{rel}","templated":true}]}}