{"id":256276,"date":"2021-03-31T10:45:37","date_gmt":"2021-03-31T08:45:37","guid":{"rendered":"https:\/\/acefootball.com\/da\/?p=256276"},"modified":"2021-03-31T10:50:22","modified_gmt":"2021-03-31T08:50:22","slug":"avis-daniel-agger-bliver-cheftraener-i-1-divsionsklub1","status":"publish","type":"post","link":"https:\/\/acefootball.com\/da\/fodboldnyheder\/avis-daniel-agger-bliver-cheftraener-i-1-divsionsklub1\/","title":{"rendered":"Avis: Daniel Agger bliver cheftr\u00e6ner i 1. divsionsklub"},"content":{"rendered":"\n<h2 id=\"h-if-lge-ekstra-bladet-overtager-daniel-agger-cheftr-nerstillingen-i-hb-k-ge-fra-auri-skarbalius-hb-k-ge-pr-senterer-ny-tr-ner-klokken-13-00\">If\u00f8lge Ekstra Bladet overtager Daniel Agger cheftr\u00e6nerstillingen i HB K\u00f8ge fra Auri Skarbalius. HB K\u00f8ge pr\u00e6senterer ny tr\u00e6ner klokken 13.00<\/h2>\n\n\n\n<p>Daniel Agger bliver if\u00f8lge <a href=\"https:\/\/ekstrabladet.dk\/sport\/fodbold\/dansk_fodbold\/1division\/bombe-agger-taet-paa-traenerjob\/8520285\" target=\"_blank\" rel=\"noreferrer noopener\">Ekstra Bladet<\/a>s oplysninger ny cheftr\u00e6ner i 1. divisionsklubben KB K\u00f8ge, der i g\u00e5r meddelte Auri Skarbalius&#8217; afsked.<\/p>\n\n\n\n<p>Skarbalius bliver i stedet teknisk direkt\u00f8r for Capelli Sport-netv\u00e6rket, der ejer HB K\u00f8ge, og dermed er vejen banet for Daniel Agger, der har et t\u00e6t forhold til blandt andre Per Rud, der er sportschef i klubben. Det var nemlig Per Rud der i sin tid hentede den tidligere forsvarsspiller tilbage til Br\u00f8ndby.<\/p>\n\n\n\n<figure class=\"wp-block-embed is-type-wp-embed is-provider-ace-football-danmark wp-block-embed-ace-football-danmark\"><div class=\"wp-block-embed__wrapper\">\n<blockquote class=\"wp-embedded-content\" data-secret=\"XGbi3dnMtA\"><a href=\"https:\/\/acefootball.com\/da\/fodboldnyheder\/tidligere-broendby-sportsdirektoer-tog-35-sekunder-at-forhandle-loen-med-agger\/\">Tidligere Br\u00f8ndby-sportsdirekt\u00f8r: Tog 35 sekunder at forhandle l\u00f8n med Agger<\/a><\/blockquote><iframe class=\"wp-embedded-content\" sandbox=\"allow-scripts\" security=\"restricted\" style=\"position: absolute; clip: rect(1px, 1px, 1px, 1px);\" title=\"&#8220;Tidligere Br\u00f8ndby-sportsdirekt\u00f8r: Tog 35 sekunder at forhandle l\u00f8n med Agger&#8221; &#8212; Ace Football Danmark\" src=\"https:\/\/acefootball.com\/da\/fodboldnyheder\/tidligere-broendby-sportsdirektoer-tog-35-sekunder-at-forhandle-loen-med-agger\/embed\/#?secret=XGbi3dnMtA\" data-secret=\"XGbi3dnMtA\" width=\"600\" height=\"338\" frameborder=\"0\" marginwidth=\"0\" marginheight=\"0\" scrolling=\"no\"><\/iframe>\n<\/div><\/figure>\n\n\n\n<p>Avisen har v\u00e6ret i kontakt med klubbens kommunikationsdirekt\u00f8r, Anders Bay, der havde f\u00f8lgende kommentar:<\/p>\n\n\n\n<p>&#8220;Det lyder godt nok spektakul\u00e6rt. Ringer du fra Skydeteltet p\u00e5 Bakken? Kig forbi kl. 1300, s\u00e5 m\u00e5 vi se, om vi kan leve op til dine spr\u00f8de forventninger eller om vi skal komme med bortforklaringer i Komiske Ali-klassen.&#8221;<\/p>\n\n\n\n<p>Daniel Agger har ikke haft job indenfor fodboldverdenen siden sit karrierestop i 2016. Han har dog haft stor succes med sit firma Kloagger:<\/p>\n\n\n\n<figure class=\"wp-block-embed is-type-wp-embed is-provider-ace-football-danmark wp-block-embed-ace-football-danmark\"><div class=\"wp-block-embed__wrapper\">\n<blockquote class=\"wp-embedded-content\" data-secret=\"euc1kEmcDq\"><a href=\"https:\/\/acefootball.com\/da\/fodboldnyheder\/der-er-penge-i-lortet-daniel-agger-tjener-styrtende-paa-kloagger\/\">Der er penge i lortet: Daniel Agger tjener styrtende p\u00e5 Kloagger<\/a><\/blockquote><iframe class=\"wp-embedded-content\" sandbox=\"allow-scripts\" security=\"restricted\" style=\"position: absolute; clip: rect(1px, 1px, 1px, 1px);\" title=\"&#8220;Der er penge i lortet: Daniel Agger tjener styrtende p\u00e5 Kloagger&#8221; &#8212; Ace Football Danmark\" src=\"https:\/\/acefootball.com\/da\/fodboldnyheder\/der-er-penge-i-lortet-daniel-agger-tjener-styrtende-paa-kloagger\/embed\/#?secret=euc1kEmcDq\" data-secret=\"euc1kEmcDq\" width=\"600\" height=\"338\" frameborder=\"0\" marginwidth=\"0\" marginheight=\"0\" scrolling=\"no\"><\/iframe>\n<\/div><\/figure>\n","protected":false},"excerpt":{"rendered":"<p>If\u00f8lge Ekstra Bladet overtager Daniel Agger cheftr\u00e6nerstillingen i HB K\u00f8ge fra Auri Skarbalius. HB K\u00f8ge pr\u00e6senterer ny tr\u00e6ner klokken 13.00<\/p>\n","protected":false},"author":43,"featured_media":241103,"comment_status":"open","ping_status":"closed","sticky":false,"template":"","format":"standard","meta":{"om_disable_all_campaigns":false,"push_articles_ronaldo":{"active":false,"canonical":0,"publish":false},"force_updates":null},"categories":[8327],"tags":[53,1273,692,3303,132],"enet_tags":{"team":["8595","8238","8289","8650"],"sport_events":[]},"yoast_head":"<!-- This site is optimized with the Yoast SEO plugin v18.3 - https:\/\/yoast.com\/wordpress\/plugins\/seo\/ -->\n<title>Avis: Daniel Agger bliver cheftr\u00e6ner i 1. divsionsklub<\/title>\n<meta name=\"description\" content=\"If\u00f8lge Ekstra Bladet overtager Daniel Agger cheftr\u00e6nerstillingen i HB K\u00f8ge fra Auri Skarbalius. HB K\u00f8ge pr\u00e6senterer ny tr\u00e6ner klokken 13.00\" \/>\n<meta name=\"robots\" content=\"index, follow, max-snippet:-1, max-image-preview:large, max-video-preview:-1\" \/>\n<link rel=\"canonical\" href=\"https:\/\/acefootball.com\/da\/fodboldnyheder\/avis-daniel-agger-bliver-cheftraener-i-1-divsionsklub1\/\" \/>\n<meta property=\"og:locale\" content=\"en_US\" \/>\n<meta property=\"og:type\" content=\"article\" \/>\n<meta property=\"og:title\" content=\"Avis: Daniel Agger bliver cheftr\u00e6ner i 1. divsionsklub\" \/>\n<meta property=\"og:description\" content=\"If\u00f8lge Ekstra Bladet overtager Daniel Agger cheftr\u00e6nerstillingen i HB K\u00f8ge fra Auri Skarbalius. HB K\u00f8ge pr\u00e6senterer ny tr\u00e6ner klokken 13.00\" \/>\n<meta property=\"og:url\" content=\"https:\/\/acefootball.com\/da\/fodboldnyheder\/avis-daniel-agger-bliver-cheftraener-i-1-divsionsklub1\/\" \/>\n<meta property=\"og:site_name\" content=\"Ace Football Danmark\" \/>\n<meta property=\"article:publisher\" content=\"https:\/\/www.facebook.com\/acefootballdk\" \/>\n<meta property=\"article:published_time\" content=\"2021-03-31T08:45:37+00:00\" \/>\n<meta property=\"article:modified_time\" content=\"2021-03-31T08:50:22+00:00\" \/>\n<meta property=\"og:image\" content=\"https:\/\/acefootball.com\/da\/wp-content\/uploads\/sites\/2\/2021\/03\/Laes-mere-generel-3-9.jpg\" \/>\n\t<meta property=\"og:image:width\" content=\"1920\" \/>\n\t<meta property=\"og:image:height\" content=\"1008\" \/>\n\t<meta property=\"og:image:type\" content=\"image\/jpeg\" \/>\n<meta name=\"twitter:card\" content=\"summary_large_image\" \/>\n<meta name=\"twitter:label1\" content=\"Written by\" \/>\n\t<meta name=\"twitter:data1\" content=\"Mikki M\u00f8ller-Iversen\" \/>\n\t<meta name=\"twitter:label2\" content=\"Est. reading time\" \/>\n\t<meta name=\"twitter:data2\" content=\"1 minute\" \/>\n<script type=\"application\/ld+json\" class=\"yoast-schema-graph\">{\"@context\":\"https:\/\/schema.org\",\"@graph\":[{\"@type\":\"Organization\",\"@id\":\"https:\/\/acefootball.com\/da\/#organization\",\"name\":\"Ace Football\",\"url\":\"https:\/\/acefootball.com\/da\/\",\"sameAs\":[\"https:\/\/www.facebook.com\/acefootballdk\"],\"logo\":{\"@type\":\"ImageObject\",\"@id\":\"https:\/\/acefootball.com\/da\/#logo\",\"inLanguage\":\"en-US\",\"url\":\"https:\/\/acefootball.com\/da\/wp-content\/uploads\/sites\/2\/2020\/07\/Ace-Football-30-07-2020-2.png\",\"contentUrl\":\"https:\/\/acefootball.com\/da\/wp-content\/uploads\/sites\/2\/2020\/07\/Ace-Football-30-07-2020-2.png\",\"width\":1200,\"height\":600,\"caption\":\"Ace Football\"},\"image\":{\"@id\":\"https:\/\/acefootball.com\/da\/#logo\"}},{\"@type\":\"WebSite\",\"@id\":\"https:\/\/acefootball.com\/da\/#website\",\"url\":\"https:\/\/acefootball.com\/da\/\",\"name\":\"Ace Football Danmark\",\"description\":\"Nyheder, Spiltips &amp; Livescore\",\"publisher\":{\"@id\":\"https:\/\/acefootball.com\/da\/#organization\"},\"potentialAction\":[{\"@type\":\"SearchAction\",\"target\":{\"@type\":\"EntryPoint\",\"urlTemplate\":\"https:\/\/acefootball.com\/da\/?s={search_term_string}\"},\"query-input\":\"required name=search_term_string\"}],\"inLanguage\":\"en-US\"},{\"@type\":\"ImageObject\",\"@id\":\"https:\/\/acefootball.com\/da\/fodboldnyheder\/avis-daniel-agger-bliver-cheftraener-i-1-divsionsklub1\/#primaryimage\",\"inLanguage\":\"en-US\",\"url\":\"https:\/\/acefootball.com\/da\/wp-content\/uploads\/sites\/2\/2021\/03\/Laes-mere-generel-3-9.jpg\",\"contentUrl\":\"https:\/\/acefootball.com\/da\/wp-content\/uploads\/sites\/2\/2021\/03\/Laes-mere-generel-3-9.jpg\",\"width\":1920,\"height\":1008},{\"@type\":\"WebPage\",\"@id\":\"https:\/\/acefootball.com\/da\/fodboldnyheder\/avis-daniel-agger-bliver-cheftraener-i-1-divsionsklub1\/#webpage\",\"url\":\"https:\/\/acefootball.com\/da\/fodboldnyheder\/avis-daniel-agger-bliver-cheftraener-i-1-divsionsklub1\/\",\"name\":\"Avis: Daniel Agger bliver cheftr\u00e6ner i 1. divsionsklub\",\"isPartOf\":{\"@id\":\"https:\/\/acefootball.com\/da\/#website\"},\"primaryImageOfPage\":{\"@id\":\"https:\/\/acefootball.com\/da\/fodboldnyheder\/avis-daniel-agger-bliver-cheftraener-i-1-divsionsklub1\/#primaryimage\"},\"datePublished\":\"2021-03-31T08:45:37+00:00\",\"dateModified\":\"2021-03-31T08:50:22+00:00\",\"description\":\"If\u00f8lge Ekstra Bladet overtager Daniel Agger cheftr\u00e6nerstillingen i HB K\u00f8ge fra Auri Skarbalius. HB K\u00f8ge pr\u00e6senterer ny tr\u00e6ner klokken 13.00\",\"breadcrumb\":{\"@id\":\"https:\/\/acefootball.com\/da\/fodboldnyheder\/avis-daniel-agger-bliver-cheftraener-i-1-divsionsklub1\/#breadcrumb\"},\"inLanguage\":\"en-US\",\"potentialAction\":[{\"@type\":\"ReadAction\",\"target\":[\"https:\/\/acefootball.com\/da\/fodboldnyheder\/avis-daniel-agger-bliver-cheftraener-i-1-divsionsklub1\/\"]}]},{\"@type\":\"BreadcrumbList\",\"@id\":\"https:\/\/acefootball.com\/da\/fodboldnyheder\/avis-daniel-agger-bliver-cheftraener-i-1-divsionsklub1\/#breadcrumb\",\"itemListElement\":[{\"@type\":\"ListItem\",\"position\":1,\"name\":\"Home\",\"item\":\"https:\/\/acefootball.com\/da\/\"},{\"@type\":\"ListItem\",\"position\":2,\"name\":\"Avis: Daniel Agger bliver cheftr\u00e6ner i 1. divsionsklub\"}]},{\"@type\":\"Article\",\"@id\":\"https:\/\/acefootball.com\/da\/fodboldnyheder\/avis-daniel-agger-bliver-cheftraener-i-1-divsionsklub1\/#article\",\"isPartOf\":{\"@id\":\"https:\/\/acefootball.com\/da\/fodboldnyheder\/avis-daniel-agger-bliver-cheftraener-i-1-divsionsklub1\/#webpage\"},\"author\":{\"@id\":\"https:\/\/acefootball.com\/da\/#\/schema\/person\/017c0abe4a8e92938220bf6c097dda93\"},\"headline\":\"Avis: Daniel Agger bliver cheftr\u00e6ner i 1. divsionsklub\",\"datePublished\":\"2021-03-31T08:45:37+00:00\",\"dateModified\":\"2021-03-31T08:50:22+00:00\",\"mainEntityOfPage\":{\"@id\":\"https:\/\/acefootball.com\/da\/fodboldnyheder\/avis-daniel-agger-bliver-cheftraener-i-1-divsionsklub1\/#webpage\"},\"wordCount\":205,\"commentCount\":0,\"publisher\":{\"@id\":\"https:\/\/acefootball.com\/da\/#organization\"},\"image\":{\"@id\":\"https:\/\/acefootball.com\/da\/fodboldnyheder\/avis-daniel-agger-bliver-cheftraener-i-1-divsionsklub1\/#primaryimage\"},\"thumbnailUrl\":\"https:\/\/acefootball.com\/da\/wp-content\/uploads\/sites\/2\/2020\/10\/danielagger5.jpg\",\"keywords\":[\"Br\u00f8ndby IF\",\"Daniel Agger\",\"Danmark\",\"HB K\u00f8ge\",\"Liverpool\"],\"articleSection\":[\"Topnyhed\"],\"inLanguage\":\"en-US\",\"potentialAction\":[{\"@type\":\"CommentAction\",\"name\":\"Comment\",\"target\":[\"https:\/\/acefootball.com\/da\/fodboldnyheder\/avis-daniel-agger-bliver-cheftraener-i-1-divsionsklub1\/#respond\"]}]},{\"@type\":\"Person\",\"@id\":\"https:\/\/acefootball.com\/da\/#\/schema\/person\/017c0abe4a8e92938220bf6c097dda93\",\"name\":\"Mikki M\u00f8ller-Iversen\",\"image\":{\"@type\":\"ImageObject\",\"@id\":\"https:\/\/acefootball.com\/da\/#personlogo\",\"inLanguage\":\"en-US\",\"url\":\"https:\/\/secure.gravatar.com\/avatar\/e05b419e8b5ae5fcf516800181b96aa2?s=96&d=mm&r=g\",\"contentUrl\":\"https:\/\/secure.gravatar.com\/avatar\/e05b419e8b5ae5fcf516800181b96aa2?s=96&d=mm&r=g\",\"caption\":\"Mikki M\u00f8ller-Iversen\"},\"description\":\"Social Media Manager and writer at Ace Football. Main focus on Danish football and special stories.\",\"sameAs\":[\"https:\/\/www.linkedin.com\/in\/mikki-mller-iversen-26a3a689\/\"],\"url\":\"https:\/\/acefootball.com\/da\/fodboldnyheder\/author\/mmironaldo\/\"}]}<\/script>\n<!-- \/ Yoast SEO plugin. -->","yoast_head_json":{"title":"Avis: Daniel Agger bliver cheftr\u00e6ner i 1. divsionsklub","description":"If\u00f8lge Ekstra Bladet overtager Daniel Agger cheftr\u00e6nerstillingen i HB K\u00f8ge fra Auri Skarbalius. HB K\u00f8ge pr\u00e6senterer ny tr\u00e6ner klokken 13.00","robots":{"index":"index","follow":"follow","max-snippet":"max-snippet:-1","max-image-preview":"max-image-preview:large","max-video-preview":"max-video-preview:-1"},"canonical":"https:\/\/acefootball.com\/da\/fodboldnyheder\/avis-daniel-agger-bliver-cheftraener-i-1-divsionsklub1\/","og_locale":"en_US","og_type":"article","og_title":"Avis: Daniel Agger bliver cheftr\u00e6ner i 1. divsionsklub","og_description":"If\u00f8lge Ekstra Bladet overtager Daniel Agger cheftr\u00e6nerstillingen i HB K\u00f8ge fra Auri Skarbalius. HB K\u00f8ge pr\u00e6senterer ny tr\u00e6ner klokken 13.00","og_url":"https:\/\/acefootball.com\/da\/fodboldnyheder\/avis-daniel-agger-bliver-cheftraener-i-1-divsionsklub1\/","og_site_name":"Ace Football Danmark","article_publisher":"https:\/\/www.facebook.com\/acefootballdk","article_published_time":"2021-03-31T08:45:37+00:00","article_modified_time":"2021-03-31T08:50:22+00:00","og_image":[{"width":1920,"height":1008,"url":"https:\/\/acefootball.com\/da\/wp-content\/uploads\/sites\/2\/2021\/03\/Laes-mere-generel-3-9.jpg","type":"image\/jpeg"}],"twitter_card":"summary_large_image","twitter_misc":{"Written by":"Mikki M\u00f8ller-Iversen","Est. reading time":"1 minute"},"schema":{"@context":"https:\/\/schema.org","@graph":[{"@type":"Organization","@id":"https:\/\/acefootball.com\/da\/#organization","name":"Ace Football","url":"https:\/\/acefootball.com\/da\/","sameAs":["https:\/\/www.facebook.com\/acefootballdk"],"logo":{"@type":"ImageObject","@id":"https:\/\/acefootball.com\/da\/#logo","inLanguage":"en-US","url":"https:\/\/acefootball.com\/da\/wp-content\/uploads\/sites\/2\/2020\/07\/Ace-Football-30-07-2020-2.png","contentUrl":"https:\/\/acefootball.com\/da\/wp-content\/uploads\/sites\/2\/2020\/07\/Ace-Football-30-07-2020-2.png","width":1200,"height":600,"caption":"Ace Football"},"image":{"@id":"https:\/\/acefootball.com\/da\/#logo"}},{"@type":"WebSite","@id":"https:\/\/acefootball.com\/da\/#website","url":"https:\/\/acefootball.com\/da\/","name":"Ace Football Danmark","description":"Nyheder, Spiltips &amp; Livescore","publisher":{"@id":"https:\/\/acefootball.com\/da\/#organization"},"potentialAction":[{"@type":"SearchAction","target":{"@type":"EntryPoint","urlTemplate":"https:\/\/acefootball.com\/da\/?s={search_term_string}"},"query-input":"required name=search_term_string"}],"inLanguage":"en-US"},{"@type":"ImageObject","@id":"https:\/\/acefootball.com\/da\/fodboldnyheder\/avis-daniel-agger-bliver-cheftraener-i-1-divsionsklub1\/#primaryimage","inLanguage":"en-US","url":"https:\/\/acefootball.com\/da\/wp-content\/uploads\/sites\/2\/2021\/03\/Laes-mere-generel-3-9.jpg","contentUrl":"https:\/\/acefootball.com\/da\/wp-content\/uploads\/sites\/2\/2021\/03\/Laes-mere-generel-3-9.jpg","width":1920,"height":1008},{"@type":"WebPage","@id":"https:\/\/acefootball.com\/da\/fodboldnyheder\/avis-daniel-agger-bliver-cheftraener-i-1-divsionsklub1\/#webpage","url":"https:\/\/acefootball.com\/da\/fodboldnyheder\/avis-daniel-agger-bliver-cheftraener-i-1-divsionsklub1\/","name":"Avis: Daniel Agger bliver cheftr\u00e6ner i 1. divsionsklub","isPartOf":{"@id":"https:\/\/acefootball.com\/da\/#website"},"primaryImageOfPage":{"@id":"https:\/\/acefootball.com\/da\/fodboldnyheder\/avis-daniel-agger-bliver-cheftraener-i-1-divsionsklub1\/#primaryimage"},"datePublished":"2021-03-31T08:45:37+00:00","dateModified":"2021-03-31T08:50:22+00:00","description":"If\u00f8lge Ekstra Bladet overtager Daniel Agger cheftr\u00e6nerstillingen i HB K\u00f8ge fra Auri Skarbalius. HB K\u00f8ge pr\u00e6senterer ny tr\u00e6ner klokken 13.00","breadcrumb":{"@id":"https:\/\/acefootball.com\/da\/fodboldnyheder\/avis-daniel-agger-bliver-cheftraener-i-1-divsionsklub1\/#breadcrumb"},"inLanguage":"en-US","potentialAction":[{"@type":"ReadAction","target":["https:\/\/acefootball.com\/da\/fodboldnyheder\/avis-daniel-agger-bliver-cheftraener-i-1-divsionsklub1\/"]}]},{"@type":"BreadcrumbList","@id":"https:\/\/acefootball.com\/da\/fodboldnyheder\/avis-daniel-agger-bliver-cheftraener-i-1-divsionsklub1\/#breadcrumb","itemListElement":[{"@type":"ListItem","position":1,"name":"Home","item":"https:\/\/acefootball.com\/da\/"},{"@type":"ListItem","position":2,"name":"Avis: Daniel Agger bliver cheftr\u00e6ner i 1. divsionsklub"}]},{"@type":"Article","@id":"https:\/\/acefootball.com\/da\/fodboldnyheder\/avis-daniel-agger-bliver-cheftraener-i-1-divsionsklub1\/#article","isPartOf":{"@id":"https:\/\/acefootball.com\/da\/fodboldnyheder\/avis-daniel-agger-bliver-cheftraener-i-1-divsionsklub1\/#webpage"},"author":{"@id":"https:\/\/acefootball.com\/da\/#\/schema\/person\/017c0abe4a8e92938220bf6c097dda93"},"headline":"Avis: Daniel Agger bliver cheftr\u00e6ner i 1. divsionsklub","datePublished":"2021-03-31T08:45:37+00:00","dateModified":"2021-03-31T08:50:22+00:00","mainEntityOfPage":{"@id":"https:\/\/acefootball.com\/da\/fodboldnyheder\/avis-daniel-agger-bliver-cheftraener-i-1-divsionsklub1\/#webpage"},"wordCount":205,"commentCount":0,"publisher":{"@id":"https:\/\/acefootball.com\/da\/#organization"},"image":{"@id":"https:\/\/acefootball.com\/da\/fodboldnyheder\/avis-daniel-agger-bliver-cheftraener-i-1-divsionsklub1\/#primaryimage"},"thumbnailUrl":"https:\/\/acefootball.com\/da\/wp-content\/uploads\/sites\/2\/2020\/10\/danielagger5.jpg","keywords":["Br\u00f8ndby IF","Daniel Agger","Danmark","HB K\u00f8ge","Liverpool"],"articleSection":["Topnyhed"],"inLanguage":"en-US","potentialAction":[{"@type":"CommentAction","name":"Comment","target":["https:\/\/acefootball.com\/da\/fodboldnyheder\/avis-daniel-agger-bliver-cheftraener-i-1-divsionsklub1\/#respond"]}]},{"@type":"Person","@id":"https:\/\/acefootball.com\/da\/#\/schema\/person\/017c0abe4a8e92938220bf6c097dda93","name":"Mikki M\u00f8ller-Iversen","image":{"@type":"ImageObject","@id":"https:\/\/acefootball.com\/da\/#personlogo","inLanguage":"en-US","url":"https:\/\/secure.gravatar.com\/avatar\/e05b419e8b5ae5fcf516800181b96aa2?s=96&d=mm&r=g","contentUrl":"https:\/\/secure.gravatar.com\/avatar\/e05b419e8b5ae5fcf516800181b96aa2?s=96&d=mm&r=g","caption":"Mikki M\u00f8ller-Iversen"},"description":"Social Media Manager and writer at Ace Football. Main focus on Danish football and special stories.","sameAs":["https:\/\/www.linkedin.com\/in\/mikki-mller-iversen-26a3a689\/"],"url":"https:\/\/acefootball.com\/da\/fodboldnyheder\/author\/mmironaldo\/"}]}},"fimg_url":"https:\/\/acefootball.com\/da\/wp-content\/uploads\/sites\/2\/2020\/10\/danielagger5.jpg","_links":{"self":[{"href":"https:\/\/acefootball.com\/da\/wp-json\/wp\/v2\/posts\/256276"}],"collection":[{"href":"https:\/\/acefootball.com\/da\/wp-json\/wp\/v2\/posts"}],"about":[{"href":"https:\/\/acefootball.com\/da\/wp-json\/wp\/v2\/types\/post"}],"author":[{"embeddable":true,"href":"https:\/\/acefootball.com\/da\/wp-json\/wp\/v2\/users\/43"}],"replies":[{"embeddable":true,"href":"https:\/\/acefootball.com\/da\/wp-json\/wp\/v2\/comments?post=256276"}],"version-history":[{"count":0,"href":"https:\/\/acefootball.com\/da\/wp-json\/wp\/v2\/posts\/256276\/revisions"}],"wp:featuredmedia":[{"embeddable":true,"href":"https:\/\/acefootball.com\/da\/wp-json\/wp\/v2\/media\/241103"}],"wp:attachment":[{"href":"https:\/\/acefootball.com\/da\/wp-json\/wp\/v2\/media?parent=256276"}],"wp:term":[{"taxonomy":"category","embeddable":true,"href":"https:\/\/acefootball.com\/da\/wp-json\/wp\/v2\/categories?post=256276"},{"taxonomy":"post_tag","embeddable":true,"href":"https:\/\/acefootball.com\/da\/wp-json\/wp\/v2\/tags?post=256276"}],"curies":[{"name":"wp","href":"https:\/\/api.w.org\/{rel}","templated":true}]}}