{"id":256260,"date":"2021-03-30T22:48:23","date_gmt":"2021-03-30T20:48:23","guid":{"rendered":"https:\/\/acefootball.com\/da\/?p=256260"},"modified":"2021-03-30T22:48:24","modified_gmt":"2021-03-30T20:48:24","slug":"kun-to-kampe-groningen-boss-tilbyder-robben-forlaengelse","status":"publish","type":"post","link":"https:\/\/acefootball.com\/da\/fodboldnyheder\/kun-to-kampe-groningen-boss-tilbyder-robben-forlaengelse\/","title":{"rendered":"Kun to kampe: Groningen-boss tilbyder Robben forl\u00e6ngelse"},"content":{"rendered":"\n<h2 id=\"h-arjen-robben-har-kun-f-et-to-kampe-for-groningen-i-sin-comeback-s-son-men-klubben-vil-alligevel-gerne-forl-nge-med-legenden\">Arjen Robben har kun f\u00e5et to kampe for Groningen i sin comeback-s\u00e6son, men klubben vil alligevel gerne forl\u00e6nge med legenden<\/h2>\n\n\n\n<p>I sommeren 2019 valgte Arjen Robben at stoppe karrieren efter en fantastisk karriere i klubber som Chelsea, Real Madrid og Bayern M\u00fcnchen, men et \u00e5r efter blev st\u00f8vlerne fundet frem igen.<\/p>\n\n\n\n<p>Den nu 37-\u00e5rige veteran skrev under p\u00e5 en et\u00e5rig kontrakt med barndomsklubben FC Groningen, men det er ikke meget, man har set til ham p\u00e5 banen.<\/p>\n\n\n\n<p>Den hollandske legende gik allerede i stykker i sin anden kamp, og siden har han siddet ude med en langvarig l\u00e6gskade.<\/p>\n\n\n\n<p>Det f\u00e5r dog ikke Groningen-bossen Marc-Jan Fledderus til at tvivle p\u00e5 Robbens v\u00e6rdi for klubben.<\/p>\n\n\n\n<figure class=\"wp-block-embed is-type-wp-embed is-provider-ace-football-danmark wp-block-embed-ace-football-danmark\"><div class=\"wp-block-embed__wrapper\">\n<blockquote class=\"wp-embedded-content\" data-secret=\"5ZIwitQnEv\"><a href=\"https:\/\/acefootball.com\/da\/fodboldnyheder\/tre-kilo-rejer-saadan-fik-faenomenet-ronaldo-sit-navn\/\">Tre kilo rejer: S\u00e5dan fik f\u00e6nomenet Ronaldo sit navn<\/a><\/blockquote><iframe class=\"wp-embedded-content\" sandbox=\"allow-scripts\" security=\"restricted\" style=\"position: absolute; clip: rect(1px, 1px, 1px, 1px);\" title=\"&#8220;Tre kilo rejer: S\u00e5dan fik f\u00e6nomenet Ronaldo sit navn&#8221; &#8212; Ace Football Danmark\" src=\"https:\/\/acefootball.com\/da\/fodboldnyheder\/tre-kilo-rejer-saadan-fik-faenomenet-ronaldo-sit-navn\/embed\/#?secret=5ZIwitQnEv\" data-secret=\"5ZIwitQnEv\" width=\"600\" height=\"338\" frameborder=\"0\" marginwidth=\"0\" marginheight=\"0\" scrolling=\"no\"><\/iframe>\n<\/div><\/figure>\n\n\n\n<p>&#8220;Hans kontrakt n\u00e6rmer sig udl\u00f8b, men hvis han vil have et \u00e5r mere, siger vi &#8216;ja tak&#8217; med det samme,&#8221; udtaler sportsdirekt\u00f8ren i et interview p\u00e5 klubbens egen hjemmeside.<\/p>\n\n\n\n<p>&#8220;Selvom han har spillet meget f\u00e5 minutter i \u00c6resdivisionen, er vi meget glade for ham. Han er her hver dag og arbejder h\u00e5rdt. Han er et eksempel for de unge spillere og utroligt v\u00e6rdifuld for klubben.&#8221;<\/p>\n\n\n\n<p>Der er endnu ingen dato for, hvorn\u00e5r Arjen Robben kan v\u00e6re tilbage i aktion for Groningen.<\/p>\n","protected":false},"excerpt":{"rendered":"<p>Arjen Robben har kun f\u00e5et to kampe for Groningen i sin comeback-s\u00e6son, men klubben vil alligevel gerne forl\u00e6nge med legenden<\/p>\n","protected":false},"author":705,"featured_media":256261,"comment_status":"open","ping_status":"closed","sticky":false,"template":"","format":"standard","meta":{"om_disable_all_campaigns":false,"push_articles_ronaldo":{"active":false,"canonical":0,"publish":false},"force_updates":null},"categories":[8204],"tags":[1324,873,74,8642],"enet_tags":{"player":["30834"],"league":["57"],"team":["9823"],"sport_events":[]},"yoast_head":"<!-- This site is optimized with the Yoast SEO plugin v18.3 - https:\/\/yoast.com\/wordpress\/plugins\/seo\/ -->\n<title>Kun to kampe: Groningen-boss tilbyder Robben forl\u00e6ngelse<\/title>\n<meta name=\"description\" content=\"Arjen Robben har kun f\u00e5et to kampe for Groningen i sin comeback-s\u00e6son, men klubben vil alligevel gerne forl\u00e6nge med legenden\" \/>\n<meta name=\"robots\" content=\"index, follow, max-snippet:-1, max-image-preview:large, max-video-preview:-1\" \/>\n<link rel=\"canonical\" href=\"https:\/\/acefootball.com\/da\/fodboldnyheder\/kun-to-kampe-groningen-boss-tilbyder-robben-forlaengelse\/\" \/>\n<meta property=\"og:locale\" content=\"en_US\" \/>\n<meta property=\"og:type\" content=\"article\" \/>\n<meta property=\"og:title\" content=\"Kun to kampe: Groningen-boss tilbyder Robben forl\u00e6ngelse\" \/>\n<meta property=\"og:description\" content=\"Arjen Robben har kun f\u00e5et to kampe for Groningen i sin comeback-s\u00e6son, men klubben vil alligevel gerne forl\u00e6nge med legenden\" \/>\n<meta property=\"og:url\" content=\"https:\/\/acefootball.com\/da\/fodboldnyheder\/kun-to-kampe-groningen-boss-tilbyder-robben-forlaengelse\/\" \/>\n<meta property=\"og:site_name\" content=\"Ace Football Danmark\" \/>\n<meta property=\"article:publisher\" content=\"https:\/\/www.facebook.com\/acefootballdk\" \/>\n<meta property=\"article:published_time\" content=\"2021-03-30T20:48:23+00:00\" \/>\n<meta property=\"article:modified_time\" content=\"2021-03-30T20:48:24+00:00\" \/>\n<meta property=\"og:image\" content=\"https:\/\/acefootball.com\/da\/wp-content\/uploads\/sites\/2\/2021\/03\/GettyImages-1272752032.jpg\" \/>\n\t<meta property=\"og:image:width\" content=\"1024\" \/>\n\t<meta property=\"og:image:height\" content=\"683\" \/>\n\t<meta property=\"og:image:type\" content=\"image\/jpeg\" \/>\n<meta name=\"twitter:card\" content=\"summary_large_image\" \/>\n<meta name=\"twitter:label1\" content=\"Written by\" \/>\n\t<meta name=\"twitter:data1\" content=\"Mads Dreyer\" \/>\n\t<meta name=\"twitter:label2\" content=\"Est. reading time\" \/>\n\t<meta name=\"twitter:data2\" content=\"1 minute\" \/>\n<script type=\"application\/ld+json\" class=\"yoast-schema-graph\">{\"@context\":\"https:\/\/schema.org\",\"@graph\":[{\"@type\":\"Organization\",\"@id\":\"https:\/\/acefootball.com\/da\/#organization\",\"name\":\"Ace Football\",\"url\":\"https:\/\/acefootball.com\/da\/\",\"sameAs\":[\"https:\/\/www.facebook.com\/acefootballdk\"],\"logo\":{\"@type\":\"ImageObject\",\"@id\":\"https:\/\/acefootball.com\/da\/#logo\",\"inLanguage\":\"en-US\",\"url\":\"https:\/\/acefootball.com\/da\/wp-content\/uploads\/sites\/2\/2020\/07\/Ace-Football-30-07-2020-2.png\",\"contentUrl\":\"https:\/\/acefootball.com\/da\/wp-content\/uploads\/sites\/2\/2020\/07\/Ace-Football-30-07-2020-2.png\",\"width\":1200,\"height\":600,\"caption\":\"Ace Football\"},\"image\":{\"@id\":\"https:\/\/acefootball.com\/da\/#logo\"}},{\"@type\":\"WebSite\",\"@id\":\"https:\/\/acefootball.com\/da\/#website\",\"url\":\"https:\/\/acefootball.com\/da\/\",\"name\":\"Ace Football Danmark\",\"description\":\"Nyheder, Spiltips &amp; Livescore\",\"publisher\":{\"@id\":\"https:\/\/acefootball.com\/da\/#organization\"},\"potentialAction\":[{\"@type\":\"SearchAction\",\"target\":{\"@type\":\"EntryPoint\",\"urlTemplate\":\"https:\/\/acefootball.com\/da\/?s={search_term_string}\"},\"query-input\":\"required name=search_term_string\"}],\"inLanguage\":\"en-US\"},{\"@type\":\"ImageObject\",\"@id\":\"https:\/\/acefootball.com\/da\/fodboldnyheder\/kun-to-kampe-groningen-boss-tilbyder-robben-forlaengelse\/#primaryimage\",\"inLanguage\":\"en-US\",\"url\":\"https:\/\/acefootball.com\/da\/wp-content\/uploads\/sites\/2\/2021\/03\/GettyImages-1272752032.jpg\",\"contentUrl\":\"https:\/\/acefootball.com\/da\/wp-content\/uploads\/sites\/2\/2021\/03\/GettyImages-1272752032.jpg\",\"width\":1024,\"height\":683,\"caption\":\"GRONINGEN, NETHERLANDS - SEPTEMBER 13: Arjen Robben of Football Club Groningen in action during the Dutch Eredivisie match between FC Groningen and PSV Eindhoven at Hitachi Capital Mobility Stadion on September 13, 2020 in Groningen, Netherlands. (Photo by Dean Mouhtaropoulos\/Getty Images)\"},{\"@type\":\"WebPage\",\"@id\":\"https:\/\/acefootball.com\/da\/fodboldnyheder\/kun-to-kampe-groningen-boss-tilbyder-robben-forlaengelse\/#webpage\",\"url\":\"https:\/\/acefootball.com\/da\/fodboldnyheder\/kun-to-kampe-groningen-boss-tilbyder-robben-forlaengelse\/\",\"name\":\"Kun to kampe: Groningen-boss tilbyder Robben forl\u00e6ngelse\",\"isPartOf\":{\"@id\":\"https:\/\/acefootball.com\/da\/#website\"},\"primaryImageOfPage\":{\"@id\":\"https:\/\/acefootball.com\/da\/fodboldnyheder\/kun-to-kampe-groningen-boss-tilbyder-robben-forlaengelse\/#primaryimage\"},\"datePublished\":\"2021-03-30T20:48:23+00:00\",\"dateModified\":\"2021-03-30T20:48:24+00:00\",\"description\":\"Arjen Robben har kun f\u00e5et to kampe for Groningen i sin comeback-s\u00e6son, men klubben vil alligevel gerne forl\u00e6nge med legenden\",\"breadcrumb\":{\"@id\":\"https:\/\/acefootball.com\/da\/fodboldnyheder\/kun-to-kampe-groningen-boss-tilbyder-robben-forlaengelse\/#breadcrumb\"},\"inLanguage\":\"en-US\",\"potentialAction\":[{\"@type\":\"ReadAction\",\"target\":[\"https:\/\/acefootball.com\/da\/fodboldnyheder\/kun-to-kampe-groningen-boss-tilbyder-robben-forlaengelse\/\"]}]},{\"@type\":\"BreadcrumbList\",\"@id\":\"https:\/\/acefootball.com\/da\/fodboldnyheder\/kun-to-kampe-groningen-boss-tilbyder-robben-forlaengelse\/#breadcrumb\",\"itemListElement\":[{\"@type\":\"ListItem\",\"position\":1,\"name\":\"Home\",\"item\":\"https:\/\/acefootball.com\/da\/\"},{\"@type\":\"ListItem\",\"position\":2,\"name\":\"Kun to kampe: Groningen-boss tilbyder Robben forl\u00e6ngelse\"}]},{\"@type\":\"Article\",\"@id\":\"https:\/\/acefootball.com\/da\/fodboldnyheder\/kun-to-kampe-groningen-boss-tilbyder-robben-forlaengelse\/#article\",\"isPartOf\":{\"@id\":\"https:\/\/acefootball.com\/da\/fodboldnyheder\/kun-to-kampe-groningen-boss-tilbyder-robben-forlaengelse\/#webpage\"},\"author\":{\"@id\":\"https:\/\/acefootball.com\/da\/#\/schema\/person\/ee67e9cf04a276f144100ffa722f10cd\"},\"headline\":\"Kun to kampe: Groningen-boss tilbyder Robben forl\u00e6ngelse\",\"datePublished\":\"2021-03-30T20:48:23+00:00\",\"dateModified\":\"2021-03-30T20:48:24+00:00\",\"mainEntityOfPage\":{\"@id\":\"https:\/\/acefootball.com\/da\/fodboldnyheder\/kun-to-kampe-groningen-boss-tilbyder-robben-forlaengelse\/#webpage\"},\"wordCount\":224,\"commentCount\":0,\"publisher\":{\"@id\":\"https:\/\/acefootball.com\/da\/#organization\"},\"image\":{\"@id\":\"https:\/\/acefootball.com\/da\/fodboldnyheder\/kun-to-kampe-groningen-boss-tilbyder-robben-forlaengelse\/#primaryimage\"},\"thumbnailUrl\":\"https:\/\/acefootball.com\/da\/wp-content\/uploads\/sites\/2\/2021\/03\/GettyImages-1272752032.jpg\",\"keywords\":[\"Arjen Robben\",\"\u00c6resdivisionen\",\"Bayern M\u00fcnchen\",\"FC Groningen\"],\"articleSection\":[\"Udtalelse\"],\"inLanguage\":\"en-US\",\"potentialAction\":[{\"@type\":\"CommentAction\",\"name\":\"Comment\",\"target\":[\"https:\/\/acefootball.com\/da\/fodboldnyheder\/kun-to-kampe-groningen-boss-tilbyder-robben-forlaengelse\/#respond\"]}]},{\"@type\":\"Person\",\"@id\":\"https:\/\/acefootball.com\/da\/#\/schema\/person\/ee67e9cf04a276f144100ffa722f10cd\",\"name\":\"Mads Dreyer\",\"image\":{\"@type\":\"ImageObject\",\"@id\":\"https:\/\/acefootball.com\/da\/#personlogo\",\"inLanguage\":\"en-US\",\"url\":\"https:\/\/secure.gravatar.com\/avatar\/7c7abf72cfde9902b6a60efe60c88d4c?s=96&d=mm&r=g\",\"contentUrl\":\"https:\/\/secure.gravatar.com\/avatar\/7c7abf72cfde9902b6a60efe60c88d4c?s=96&d=mm&r=g\",\"caption\":\"Mads Dreyer\"},\"description\":\"Skribent og fodboldn\u00f8rd, der lige nu fort\u00e6ller om alt og intet i fodboldverdenen p\u00e5 acefootball.com. Uddannet i kommunikation fra Aalborg Universitet.\",\"sameAs\":[\"https:\/\/www.linkedin.com\/in\/mads-dreyer-b9b08266\/\"],\"url\":\"https:\/\/acefootball.com\/da\/fodboldnyheder\/author\/mdnronaldo\/\"}]}<\/script>\n<!-- \/ Yoast SEO plugin. -->","yoast_head_json":{"title":"Kun to kampe: Groningen-boss tilbyder Robben forl\u00e6ngelse","description":"Arjen Robben har kun f\u00e5et to kampe for Groningen i sin comeback-s\u00e6son, men klubben vil alligevel gerne forl\u00e6nge med legenden","robots":{"index":"index","follow":"follow","max-snippet":"max-snippet:-1","max-image-preview":"max-image-preview:large","max-video-preview":"max-video-preview:-1"},"canonical":"https:\/\/acefootball.com\/da\/fodboldnyheder\/kun-to-kampe-groningen-boss-tilbyder-robben-forlaengelse\/","og_locale":"en_US","og_type":"article","og_title":"Kun to kampe: Groningen-boss tilbyder Robben forl\u00e6ngelse","og_description":"Arjen Robben har kun f\u00e5et to kampe for Groningen i sin comeback-s\u00e6son, men klubben vil alligevel gerne forl\u00e6nge med legenden","og_url":"https:\/\/acefootball.com\/da\/fodboldnyheder\/kun-to-kampe-groningen-boss-tilbyder-robben-forlaengelse\/","og_site_name":"Ace Football Danmark","article_publisher":"https:\/\/www.facebook.com\/acefootballdk","article_published_time":"2021-03-30T20:48:23+00:00","article_modified_time":"2021-03-30T20:48:24+00:00","og_image":[{"width":1024,"height":683,"url":"https:\/\/acefootball.com\/da\/wp-content\/uploads\/sites\/2\/2021\/03\/GettyImages-1272752032.jpg","type":"image\/jpeg"}],"twitter_card":"summary_large_image","twitter_misc":{"Written by":"Mads Dreyer","Est. reading time":"1 minute"},"schema":{"@context":"https:\/\/schema.org","@graph":[{"@type":"Organization","@id":"https:\/\/acefootball.com\/da\/#organization","name":"Ace Football","url":"https:\/\/acefootball.com\/da\/","sameAs":["https:\/\/www.facebook.com\/acefootballdk"],"logo":{"@type":"ImageObject","@id":"https:\/\/acefootball.com\/da\/#logo","inLanguage":"en-US","url":"https:\/\/acefootball.com\/da\/wp-content\/uploads\/sites\/2\/2020\/07\/Ace-Football-30-07-2020-2.png","contentUrl":"https:\/\/acefootball.com\/da\/wp-content\/uploads\/sites\/2\/2020\/07\/Ace-Football-30-07-2020-2.png","width":1200,"height":600,"caption":"Ace Football"},"image":{"@id":"https:\/\/acefootball.com\/da\/#logo"}},{"@type":"WebSite","@id":"https:\/\/acefootball.com\/da\/#website","url":"https:\/\/acefootball.com\/da\/","name":"Ace Football Danmark","description":"Nyheder, Spiltips &amp; Livescore","publisher":{"@id":"https:\/\/acefootball.com\/da\/#organization"},"potentialAction":[{"@type":"SearchAction","target":{"@type":"EntryPoint","urlTemplate":"https:\/\/acefootball.com\/da\/?s={search_term_string}"},"query-input":"required name=search_term_string"}],"inLanguage":"en-US"},{"@type":"ImageObject","@id":"https:\/\/acefootball.com\/da\/fodboldnyheder\/kun-to-kampe-groningen-boss-tilbyder-robben-forlaengelse\/#primaryimage","inLanguage":"en-US","url":"https:\/\/acefootball.com\/da\/wp-content\/uploads\/sites\/2\/2021\/03\/GettyImages-1272752032.jpg","contentUrl":"https:\/\/acefootball.com\/da\/wp-content\/uploads\/sites\/2\/2021\/03\/GettyImages-1272752032.jpg","width":1024,"height":683,"caption":"GRONINGEN, NETHERLANDS - SEPTEMBER 13: Arjen Robben of Football Club Groningen in action during the Dutch Eredivisie match between FC Groningen and PSV Eindhoven at Hitachi Capital Mobility Stadion on September 13, 2020 in Groningen, Netherlands. (Photo by Dean Mouhtaropoulos\/Getty Images)"},{"@type":"WebPage","@id":"https:\/\/acefootball.com\/da\/fodboldnyheder\/kun-to-kampe-groningen-boss-tilbyder-robben-forlaengelse\/#webpage","url":"https:\/\/acefootball.com\/da\/fodboldnyheder\/kun-to-kampe-groningen-boss-tilbyder-robben-forlaengelse\/","name":"Kun to kampe: Groningen-boss tilbyder Robben forl\u00e6ngelse","isPartOf":{"@id":"https:\/\/acefootball.com\/da\/#website"},"primaryImageOfPage":{"@id":"https:\/\/acefootball.com\/da\/fodboldnyheder\/kun-to-kampe-groningen-boss-tilbyder-robben-forlaengelse\/#primaryimage"},"datePublished":"2021-03-30T20:48:23+00:00","dateModified":"2021-03-30T20:48:24+00:00","description":"Arjen Robben har kun f\u00e5et to kampe for Groningen i sin comeback-s\u00e6son, men klubben vil alligevel gerne forl\u00e6nge med legenden","breadcrumb":{"@id":"https:\/\/acefootball.com\/da\/fodboldnyheder\/kun-to-kampe-groningen-boss-tilbyder-robben-forlaengelse\/#breadcrumb"},"inLanguage":"en-US","potentialAction":[{"@type":"ReadAction","target":["https:\/\/acefootball.com\/da\/fodboldnyheder\/kun-to-kampe-groningen-boss-tilbyder-robben-forlaengelse\/"]}]},{"@type":"BreadcrumbList","@id":"https:\/\/acefootball.com\/da\/fodboldnyheder\/kun-to-kampe-groningen-boss-tilbyder-robben-forlaengelse\/#breadcrumb","itemListElement":[{"@type":"ListItem","position":1,"name":"Home","item":"https:\/\/acefootball.com\/da\/"},{"@type":"ListItem","position":2,"name":"Kun to kampe: Groningen-boss tilbyder Robben forl\u00e6ngelse"}]},{"@type":"Article","@id":"https:\/\/acefootball.com\/da\/fodboldnyheder\/kun-to-kampe-groningen-boss-tilbyder-robben-forlaengelse\/#article","isPartOf":{"@id":"https:\/\/acefootball.com\/da\/fodboldnyheder\/kun-to-kampe-groningen-boss-tilbyder-robben-forlaengelse\/#webpage"},"author":{"@id":"https:\/\/acefootball.com\/da\/#\/schema\/person\/ee67e9cf04a276f144100ffa722f10cd"},"headline":"Kun to kampe: Groningen-boss tilbyder Robben forl\u00e6ngelse","datePublished":"2021-03-30T20:48:23+00:00","dateModified":"2021-03-30T20:48:24+00:00","mainEntityOfPage":{"@id":"https:\/\/acefootball.com\/da\/fodboldnyheder\/kun-to-kampe-groningen-boss-tilbyder-robben-forlaengelse\/#webpage"},"wordCount":224,"commentCount":0,"publisher":{"@id":"https:\/\/acefootball.com\/da\/#organization"},"image":{"@id":"https:\/\/acefootball.com\/da\/fodboldnyheder\/kun-to-kampe-groningen-boss-tilbyder-robben-forlaengelse\/#primaryimage"},"thumbnailUrl":"https:\/\/acefootball.com\/da\/wp-content\/uploads\/sites\/2\/2021\/03\/GettyImages-1272752032.jpg","keywords":["Arjen Robben","\u00c6resdivisionen","Bayern M\u00fcnchen","FC Groningen"],"articleSection":["Udtalelse"],"inLanguage":"en-US","potentialAction":[{"@type":"CommentAction","name":"Comment","target":["https:\/\/acefootball.com\/da\/fodboldnyheder\/kun-to-kampe-groningen-boss-tilbyder-robben-forlaengelse\/#respond"]}]},{"@type":"Person","@id":"https:\/\/acefootball.com\/da\/#\/schema\/person\/ee67e9cf04a276f144100ffa722f10cd","name":"Mads Dreyer","image":{"@type":"ImageObject","@id":"https:\/\/acefootball.com\/da\/#personlogo","inLanguage":"en-US","url":"https:\/\/secure.gravatar.com\/avatar\/7c7abf72cfde9902b6a60efe60c88d4c?s=96&d=mm&r=g","contentUrl":"https:\/\/secure.gravatar.com\/avatar\/7c7abf72cfde9902b6a60efe60c88d4c?s=96&d=mm&r=g","caption":"Mads Dreyer"},"description":"Skribent og fodboldn\u00f8rd, der lige nu fort\u00e6ller om alt og intet i fodboldverdenen p\u00e5 acefootball.com. Uddannet i kommunikation fra Aalborg Universitet.","sameAs":["https:\/\/www.linkedin.com\/in\/mads-dreyer-b9b08266\/"],"url":"https:\/\/acefootball.com\/da\/fodboldnyheder\/author\/mdnronaldo\/"}]}},"fimg_url":"https:\/\/acefootball.com\/da\/wp-content\/uploads\/sites\/2\/2021\/03\/GettyImages-1272752032.jpg","_links":{"self":[{"href":"https:\/\/acefootball.com\/da\/wp-json\/wp\/v2\/posts\/256260"}],"collection":[{"href":"https:\/\/acefootball.com\/da\/wp-json\/wp\/v2\/posts"}],"about":[{"href":"https:\/\/acefootball.com\/da\/wp-json\/wp\/v2\/types\/post"}],"author":[{"embeddable":true,"href":"https:\/\/acefootball.com\/da\/wp-json\/wp\/v2\/users\/705"}],"replies":[{"embeddable":true,"href":"https:\/\/acefootball.com\/da\/wp-json\/wp\/v2\/comments?post=256260"}],"version-history":[{"count":0,"href":"https:\/\/acefootball.com\/da\/wp-json\/wp\/v2\/posts\/256260\/revisions"}],"wp:featuredmedia":[{"embeddable":true,"href":"https:\/\/acefootball.com\/da\/wp-json\/wp\/v2\/media\/256261"}],"wp:attachment":[{"href":"https:\/\/acefootball.com\/da\/wp-json\/wp\/v2\/media?parent=256260"}],"wp:term":[{"taxonomy":"category","embeddable":true,"href":"https:\/\/acefootball.com\/da\/wp-json\/wp\/v2\/categories?post=256260"},{"taxonomy":"post_tag","embeddable":true,"href":"https:\/\/acefootball.com\/da\/wp-json\/wp\/v2\/tags?post=256260"}],"curies":[{"name":"wp","href":"https:\/\/api.w.org\/{rel}","templated":true}]}}