{"id":256135,"date":"2021-03-29T20:56:52","date_gmt":"2021-03-29T18:56:52","guid":{"rendered":"https:\/\/acefootball.com\/da\/?p=256135"},"modified":"2021-03-29T20:56:53","modified_gmt":"2021-03-29T18:56:53","slug":"gareth-bale-overvejer-faelles-boykot-det-ville-hjaelpe","status":"publish","type":"post","link":"https:\/\/acefootball.com\/da\/fodboldnyheder\/gareth-bale-overvejer-faelles-boykot-det-ville-hjaelpe\/","title":{"rendered":"Gareth Bale overvejer f\u00e6lles boykot: Det ville hj\u00e6lpe"},"content":{"rendered":"\n<h2 id=\"h-gareth-bale-er-ikke-afvisende-over-for-at-boykotte-de-sociale-medier-for-at-komme-de-hadefulde-beskeder-til-livs\">Gareth Bale er ikke afvisende over for at boykotte de sociale medier for at komme de hadefulde beskeder til livs<\/h2>\n\n\n\n<p>For nyligt valgte den franske legende, Thierry Henry, at nedl\u00e6gge sine konti p\u00e5 sociale medier, da han var tr\u00e6t af de mange hadefulde beskeder, is\u00e6r ber\u00f8mtheder f\u00e5r i hverdagen.<\/p>\n\n\n\n<p>Men han er ikke den eneste, der funderer over l\u00f8sninger at undg\u00e5 hadet p\u00e5. Ogs\u00e5 Gareth Bale har gjort sig tanker om et boykot.<\/p>\n\n\n\n<figure class=\"wp-block-embed is-type-wp-embed is-provider-ace-football-danmark wp-block-embed-ace-football-danmark\"><div class=\"wp-block-embed__wrapper\">\n<blockquote class=\"wp-embedded-content\" data-secret=\"IdTve3WgIl\"><a href=\"https:\/\/acefootball.com\/da\/fodboldnyheder\/farvel-og-tak-nu-forlader-stjernen-alle-de-sociale-medier\/\">Farvel og tak: Nu forlader stjernen alle de sociale medier<\/a><\/blockquote><iframe class=\"wp-embedded-content\" sandbox=\"allow-scripts\" security=\"restricted\" style=\"position: absolute; clip: rect(1px, 1px, 1px, 1px);\" title=\"&#8220;Farvel og tak: Nu forlader stjernen alle de sociale medier&#8221; &#8212; Ace Football Danmark\" src=\"https:\/\/acefootball.com\/da\/fodboldnyheder\/farvel-og-tak-nu-forlader-stjernen-alle-de-sociale-medier\/embed\/#?secret=IdTve3WgIl\" data-secret=\"IdTve3WgIl\" width=\"600\" height=\"338\" frameborder=\"0\" marginwidth=\"0\" marginheight=\"0\" scrolling=\"no\"><\/iframe>\n<\/div><\/figure>\n\n\n\n<p>&#8220;Jeg ville overveje det. Hvis vi alle st\u00e5r sammen og beslutter at boykotte sociale medier i samlet flok, og ikke kun en eller to personer, ville alt \u00e6ndre sig. Hvis der var en kampagne, der blev delt af mange sportsfolk, er jeg ikke i tvivl om, at det ville hj\u00e6lpe,&#8221; udtaler Bale if\u00f8lge <a href=\"https:\/\/as.com\/futbol\/2021\/03\/29\/internacional\/1617036770_216201.html#?ref=rss&amp;format=simple&amp;link=link\" target=\"_blank\" rel=\"noreferrer noopener\">AS<\/a>.<\/p>\n\n\n\n<p>Ogs\u00e5 Neymar har v\u00e6ret p\u00e5virket af de mange beskeder. Det kan du l\u00e6se om her:<\/p>\n\n\n\n<figure class=\"wp-block-embed is-type-wp-embed is-provider-ace-football-danmark wp-block-embed-ace-football-danmark\"><div class=\"wp-block-embed__wrapper\">\n<blockquote class=\"wp-embedded-content\" data-secret=\"xYVbWQRLUY\"><a href=\"https:\/\/acefootball.com\/da\/fodboldnyheder\/neymar-overvejede-at-stoppe-efter-hadefulde-beskeder-det-gik-for-vidt\/\">Neymar overvejede at stoppe efter hadefulde beskeder: Det gik for vidt<\/a><\/blockquote><iframe class=\"wp-embedded-content\" sandbox=\"allow-scripts\" security=\"restricted\" style=\"position: absolute; clip: rect(1px, 1px, 1px, 1px);\" title=\"&#8220;Neymar overvejede at stoppe efter hadefulde beskeder: Det gik for vidt&#8221; &#8212; Ace Football Danmark\" src=\"https:\/\/acefootball.com\/da\/fodboldnyheder\/neymar-overvejede-at-stoppe-efter-hadefulde-beskeder-det-gik-for-vidt\/embed\/#?secret=xYVbWQRLUY\" data-secret=\"xYVbWQRLUY\" width=\"600\" height=\"338\" frameborder=\"0\" marginwidth=\"0\" marginheight=\"0\" scrolling=\"no\"><\/iframe>\n<\/div><\/figure>\n","protected":false},"excerpt":{"rendered":"<p>Gareth Bale er ikke afvisende over for at boykotte de sociale medier for at komme de hadefulde beskeder til livs<\/p>\n","protected":false},"author":705,"featured_media":241765,"comment_status":"open","ping_status":"closed","sticky":false,"template":"","format":"standard","meta":{"om_disable_all_campaigns":false,"push_articles_ronaldo":{"active":false,"canonical":0,"publish":false},"force_updates":null},"categories":[8204],"tags":[571,303,134,85,45,1331],"enet_tags":{"player":["31921"],"league":["87","47"],"team":["8633","8586","5790"],"sport_events":[]},"yoast_head":"<!-- This site is optimized with the Yoast SEO plugin v18.3 - https:\/\/yoast.com\/wordpress\/plugins\/seo\/ -->\n<title>Gareth Bale overvejer f\u00e6lles boykot: Det ville hj\u00e6lpe<\/title>\n<meta name=\"description\" content=\"Gareth Bale er ikke afvisende over for at boykotte de sociale medier for at komme de hadefulde beskeder til livs\" \/>\n<meta name=\"robots\" content=\"index, follow, max-snippet:-1, max-image-preview:large, max-video-preview:-1\" \/>\n<link rel=\"canonical\" href=\"https:\/\/acefootball.com\/da\/fodboldnyheder\/gareth-bale-overvejer-faelles-boykot-det-ville-hjaelpe\/\" \/>\n<meta property=\"og:locale\" content=\"en_US\" \/>\n<meta property=\"og:type\" content=\"article\" \/>\n<meta property=\"og:title\" content=\"Gareth Bale overvejer f\u00e6lles boykot: Det ville hj\u00e6lpe\" \/>\n<meta property=\"og:description\" content=\"Gareth Bale er ikke afvisende over for at boykotte de sociale medier for at komme de hadefulde beskeder til livs\" \/>\n<meta property=\"og:url\" content=\"https:\/\/acefootball.com\/da\/fodboldnyheder\/gareth-bale-overvejer-faelles-boykot-det-ville-hjaelpe\/\" \/>\n<meta property=\"og:site_name\" content=\"Ace Football Danmark\" \/>\n<meta property=\"article:publisher\" content=\"https:\/\/www.facebook.com\/acefootballdk\" \/>\n<meta property=\"article:published_time\" content=\"2021-03-29T18:56:52+00:00\" \/>\n<meta property=\"article:modified_time\" content=\"2021-03-29T18:56:53+00:00\" \/>\n<meta property=\"og:image\" content=\"https:\/\/acefootball.com\/da\/wp-content\/uploads\/sites\/2\/2020\/10\/GettyImages-1281798027.jpg\" \/>\n\t<meta property=\"og:image:width\" content=\"1024\" \/>\n\t<meta property=\"og:image:height\" content=\"685\" \/>\n\t<meta property=\"og:image:type\" content=\"image\/jpeg\" \/>\n<meta name=\"twitter:card\" content=\"summary_large_image\" \/>\n<meta name=\"twitter:label1\" content=\"Written by\" \/>\n\t<meta name=\"twitter:data1\" content=\"Mads Dreyer\" \/>\n\t<meta name=\"twitter:label2\" content=\"Est. reading time\" \/>\n\t<meta name=\"twitter:data2\" content=\"1 minute\" \/>\n<script type=\"application\/ld+json\" class=\"yoast-schema-graph\">{\"@context\":\"https:\/\/schema.org\",\"@graph\":[{\"@type\":\"Organization\",\"@id\":\"https:\/\/acefootball.com\/da\/#organization\",\"name\":\"Ace Football\",\"url\":\"https:\/\/acefootball.com\/da\/\",\"sameAs\":[\"https:\/\/www.facebook.com\/acefootballdk\"],\"logo\":{\"@type\":\"ImageObject\",\"@id\":\"https:\/\/acefootball.com\/da\/#logo\",\"inLanguage\":\"en-US\",\"url\":\"https:\/\/acefootball.com\/da\/wp-content\/uploads\/sites\/2\/2020\/07\/Ace-Football-30-07-2020-2.png\",\"contentUrl\":\"https:\/\/acefootball.com\/da\/wp-content\/uploads\/sites\/2\/2020\/07\/Ace-Football-30-07-2020-2.png\",\"width\":1200,\"height\":600,\"caption\":\"Ace Football\"},\"image\":{\"@id\":\"https:\/\/acefootball.com\/da\/#logo\"}},{\"@type\":\"WebSite\",\"@id\":\"https:\/\/acefootball.com\/da\/#website\",\"url\":\"https:\/\/acefootball.com\/da\/\",\"name\":\"Ace Football Danmark\",\"description\":\"Nyheder, Spiltips &amp; Livescore\",\"publisher\":{\"@id\":\"https:\/\/acefootball.com\/da\/#organization\"},\"potentialAction\":[{\"@type\":\"SearchAction\",\"target\":{\"@type\":\"EntryPoint\",\"urlTemplate\":\"https:\/\/acefootball.com\/da\/?s={search_term_string}\"},\"query-input\":\"required name=search_term_string\"}],\"inLanguage\":\"en-US\"},{\"@type\":\"ImageObject\",\"@id\":\"https:\/\/acefootball.com\/da\/fodboldnyheder\/gareth-bale-overvejer-faelles-boykot-det-ville-hjaelpe\/#primaryimage\",\"inLanguage\":\"en-US\",\"url\":\"https:\/\/acefootball.com\/da\/wp-content\/uploads\/sites\/2\/2020\/10\/GettyImages-1281798027.jpg\",\"contentUrl\":\"https:\/\/acefootball.com\/da\/wp-content\/uploads\/sites\/2\/2020\/10\/GettyImages-1281798027.jpg\",\"width\":1024,\"height\":685,\"caption\":\"LONDON, ENGLAND - OCTOBER 22: Gareth Bale of Tottenham Hotspur during the UEFA Europa League Group J stage match between Tottenham Hotspur and LASK at Tottenham Hotspur Stadium on October 22, 2020 in London, England. Sporting stadiums around the UK remain under strict restrictions due to the Coronavirus Pandemic as Government social distancing laws prohibit fans inside venues resulting in games being played behind closed doors. (Photo by Catherine Ivill\/Getty Images)\"},{\"@type\":\"WebPage\",\"@id\":\"https:\/\/acefootball.com\/da\/fodboldnyheder\/gareth-bale-overvejer-faelles-boykot-det-ville-hjaelpe\/#webpage\",\"url\":\"https:\/\/acefootball.com\/da\/fodboldnyheder\/gareth-bale-overvejer-faelles-boykot-det-ville-hjaelpe\/\",\"name\":\"Gareth Bale overvejer f\u00e6lles boykot: Det ville hj\u00e6lpe\",\"isPartOf\":{\"@id\":\"https:\/\/acefootball.com\/da\/#website\"},\"primaryImageOfPage\":{\"@id\":\"https:\/\/acefootball.com\/da\/fodboldnyheder\/gareth-bale-overvejer-faelles-boykot-det-ville-hjaelpe\/#primaryimage\"},\"datePublished\":\"2021-03-29T18:56:52+00:00\",\"dateModified\":\"2021-03-29T18:56:53+00:00\",\"description\":\"Gareth Bale er ikke afvisende over for at boykotte de sociale medier for at komme de hadefulde beskeder til livs\",\"breadcrumb\":{\"@id\":\"https:\/\/acefootball.com\/da\/fodboldnyheder\/gareth-bale-overvejer-faelles-boykot-det-ville-hjaelpe\/#breadcrumb\"},\"inLanguage\":\"en-US\",\"potentialAction\":[{\"@type\":\"ReadAction\",\"target\":[\"https:\/\/acefootball.com\/da\/fodboldnyheder\/gareth-bale-overvejer-faelles-boykot-det-ville-hjaelpe\/\"]}]},{\"@type\":\"BreadcrumbList\",\"@id\":\"https:\/\/acefootball.com\/da\/fodboldnyheder\/gareth-bale-overvejer-faelles-boykot-det-ville-hjaelpe\/#breadcrumb\",\"itemListElement\":[{\"@type\":\"ListItem\",\"position\":1,\"name\":\"Home\",\"item\":\"https:\/\/acefootball.com\/da\/\"},{\"@type\":\"ListItem\",\"position\":2,\"name\":\"Gareth Bale overvejer f\u00e6lles boykot: Det ville hj\u00e6lpe\"}]},{\"@type\":\"Article\",\"@id\":\"https:\/\/acefootball.com\/da\/fodboldnyheder\/gareth-bale-overvejer-faelles-boykot-det-ville-hjaelpe\/#article\",\"isPartOf\":{\"@id\":\"https:\/\/acefootball.com\/da\/fodboldnyheder\/gareth-bale-overvejer-faelles-boykot-det-ville-hjaelpe\/#webpage\"},\"author\":{\"@id\":\"https:\/\/acefootball.com\/da\/#\/schema\/person\/ee67e9cf04a276f144100ffa722f10cd\"},\"headline\":\"Gareth Bale overvejer f\u00e6lles boykot: Det ville hj\u00e6lpe\",\"datePublished\":\"2021-03-29T18:56:52+00:00\",\"dateModified\":\"2021-03-29T18:56:53+00:00\",\"mainEntityOfPage\":{\"@id\":\"https:\/\/acefootball.com\/da\/fodboldnyheder\/gareth-bale-overvejer-faelles-boykot-det-ville-hjaelpe\/#webpage\"},\"wordCount\":176,\"commentCount\":0,\"publisher\":{\"@id\":\"https:\/\/acefootball.com\/da\/#organization\"},\"image\":{\"@id\":\"https:\/\/acefootball.com\/da\/fodboldnyheder\/gareth-bale-overvejer-faelles-boykot-det-ville-hjaelpe\/#primaryimage\"},\"thumbnailUrl\":\"https:\/\/acefootball.com\/da\/wp-content\/uploads\/sites\/2\/2020\/10\/GettyImages-1281798027.jpg\",\"keywords\":[\"Gareth Bale\",\"La Liga\",\"Premier League\",\"Real Madrid\",\"Tottenham\",\"Wales\"],\"articleSection\":[\"Udtalelse\"],\"inLanguage\":\"en-US\",\"potentialAction\":[{\"@type\":\"CommentAction\",\"name\":\"Comment\",\"target\":[\"https:\/\/acefootball.com\/da\/fodboldnyheder\/gareth-bale-overvejer-faelles-boykot-det-ville-hjaelpe\/#respond\"]}]},{\"@type\":\"Person\",\"@id\":\"https:\/\/acefootball.com\/da\/#\/schema\/person\/ee67e9cf04a276f144100ffa722f10cd\",\"name\":\"Mads Dreyer\",\"image\":{\"@type\":\"ImageObject\",\"@id\":\"https:\/\/acefootball.com\/da\/#personlogo\",\"inLanguage\":\"en-US\",\"url\":\"https:\/\/secure.gravatar.com\/avatar\/7c7abf72cfde9902b6a60efe60c88d4c?s=96&d=mm&r=g\",\"contentUrl\":\"https:\/\/secure.gravatar.com\/avatar\/7c7abf72cfde9902b6a60efe60c88d4c?s=96&d=mm&r=g\",\"caption\":\"Mads Dreyer\"},\"description\":\"Skribent og fodboldn\u00f8rd, der lige nu fort\u00e6ller om alt og intet i fodboldverdenen p\u00e5 acefootball.com. Uddannet i kommunikation fra Aalborg Universitet.\",\"sameAs\":[\"https:\/\/www.linkedin.com\/in\/mads-dreyer-b9b08266\/\"],\"url\":\"https:\/\/acefootball.com\/da\/fodboldnyheder\/author\/mdnronaldo\/\"}]}<\/script>\n<!-- \/ Yoast SEO plugin. -->","yoast_head_json":{"title":"Gareth Bale overvejer f\u00e6lles boykot: Det ville hj\u00e6lpe","description":"Gareth Bale er ikke afvisende over for at boykotte de sociale medier for at komme de hadefulde beskeder til livs","robots":{"index":"index","follow":"follow","max-snippet":"max-snippet:-1","max-image-preview":"max-image-preview:large","max-video-preview":"max-video-preview:-1"},"canonical":"https:\/\/acefootball.com\/da\/fodboldnyheder\/gareth-bale-overvejer-faelles-boykot-det-ville-hjaelpe\/","og_locale":"en_US","og_type":"article","og_title":"Gareth Bale overvejer f\u00e6lles boykot: Det ville hj\u00e6lpe","og_description":"Gareth Bale er ikke afvisende over for at boykotte de sociale medier for at komme de hadefulde beskeder til livs","og_url":"https:\/\/acefootball.com\/da\/fodboldnyheder\/gareth-bale-overvejer-faelles-boykot-det-ville-hjaelpe\/","og_site_name":"Ace Football Danmark","article_publisher":"https:\/\/www.facebook.com\/acefootballdk","article_published_time":"2021-03-29T18:56:52+00:00","article_modified_time":"2021-03-29T18:56:53+00:00","og_image":[{"width":1024,"height":685,"url":"https:\/\/acefootball.com\/da\/wp-content\/uploads\/sites\/2\/2020\/10\/GettyImages-1281798027.jpg","type":"image\/jpeg"}],"twitter_card":"summary_large_image","twitter_misc":{"Written by":"Mads Dreyer","Est. reading time":"1 minute"},"schema":{"@context":"https:\/\/schema.org","@graph":[{"@type":"Organization","@id":"https:\/\/acefootball.com\/da\/#organization","name":"Ace Football","url":"https:\/\/acefootball.com\/da\/","sameAs":["https:\/\/www.facebook.com\/acefootballdk"],"logo":{"@type":"ImageObject","@id":"https:\/\/acefootball.com\/da\/#logo","inLanguage":"en-US","url":"https:\/\/acefootball.com\/da\/wp-content\/uploads\/sites\/2\/2020\/07\/Ace-Football-30-07-2020-2.png","contentUrl":"https:\/\/acefootball.com\/da\/wp-content\/uploads\/sites\/2\/2020\/07\/Ace-Football-30-07-2020-2.png","width":1200,"height":600,"caption":"Ace Football"},"image":{"@id":"https:\/\/acefootball.com\/da\/#logo"}},{"@type":"WebSite","@id":"https:\/\/acefootball.com\/da\/#website","url":"https:\/\/acefootball.com\/da\/","name":"Ace Football Danmark","description":"Nyheder, Spiltips &amp; Livescore","publisher":{"@id":"https:\/\/acefootball.com\/da\/#organization"},"potentialAction":[{"@type":"SearchAction","target":{"@type":"EntryPoint","urlTemplate":"https:\/\/acefootball.com\/da\/?s={search_term_string}"},"query-input":"required name=search_term_string"}],"inLanguage":"en-US"},{"@type":"ImageObject","@id":"https:\/\/acefootball.com\/da\/fodboldnyheder\/gareth-bale-overvejer-faelles-boykot-det-ville-hjaelpe\/#primaryimage","inLanguage":"en-US","url":"https:\/\/acefootball.com\/da\/wp-content\/uploads\/sites\/2\/2020\/10\/GettyImages-1281798027.jpg","contentUrl":"https:\/\/acefootball.com\/da\/wp-content\/uploads\/sites\/2\/2020\/10\/GettyImages-1281798027.jpg","width":1024,"height":685,"caption":"LONDON, ENGLAND - OCTOBER 22: Gareth Bale of Tottenham Hotspur during the UEFA Europa League Group J stage match between Tottenham Hotspur and LASK at Tottenham Hotspur Stadium on October 22, 2020 in London, England. Sporting stadiums around the UK remain under strict restrictions due to the Coronavirus Pandemic as Government social distancing laws prohibit fans inside venues resulting in games being played behind closed doors. (Photo by Catherine Ivill\/Getty Images)"},{"@type":"WebPage","@id":"https:\/\/acefootball.com\/da\/fodboldnyheder\/gareth-bale-overvejer-faelles-boykot-det-ville-hjaelpe\/#webpage","url":"https:\/\/acefootball.com\/da\/fodboldnyheder\/gareth-bale-overvejer-faelles-boykot-det-ville-hjaelpe\/","name":"Gareth Bale overvejer f\u00e6lles boykot: Det ville hj\u00e6lpe","isPartOf":{"@id":"https:\/\/acefootball.com\/da\/#website"},"primaryImageOfPage":{"@id":"https:\/\/acefootball.com\/da\/fodboldnyheder\/gareth-bale-overvejer-faelles-boykot-det-ville-hjaelpe\/#primaryimage"},"datePublished":"2021-03-29T18:56:52+00:00","dateModified":"2021-03-29T18:56:53+00:00","description":"Gareth Bale er ikke afvisende over for at boykotte de sociale medier for at komme de hadefulde beskeder til livs","breadcrumb":{"@id":"https:\/\/acefootball.com\/da\/fodboldnyheder\/gareth-bale-overvejer-faelles-boykot-det-ville-hjaelpe\/#breadcrumb"},"inLanguage":"en-US","potentialAction":[{"@type":"ReadAction","target":["https:\/\/acefootball.com\/da\/fodboldnyheder\/gareth-bale-overvejer-faelles-boykot-det-ville-hjaelpe\/"]}]},{"@type":"BreadcrumbList","@id":"https:\/\/acefootball.com\/da\/fodboldnyheder\/gareth-bale-overvejer-faelles-boykot-det-ville-hjaelpe\/#breadcrumb","itemListElement":[{"@type":"ListItem","position":1,"name":"Home","item":"https:\/\/acefootball.com\/da\/"},{"@type":"ListItem","position":2,"name":"Gareth Bale overvejer f\u00e6lles boykot: Det ville hj\u00e6lpe"}]},{"@type":"Article","@id":"https:\/\/acefootball.com\/da\/fodboldnyheder\/gareth-bale-overvejer-faelles-boykot-det-ville-hjaelpe\/#article","isPartOf":{"@id":"https:\/\/acefootball.com\/da\/fodboldnyheder\/gareth-bale-overvejer-faelles-boykot-det-ville-hjaelpe\/#webpage"},"author":{"@id":"https:\/\/acefootball.com\/da\/#\/schema\/person\/ee67e9cf04a276f144100ffa722f10cd"},"headline":"Gareth Bale overvejer f\u00e6lles boykot: Det ville hj\u00e6lpe","datePublished":"2021-03-29T18:56:52+00:00","dateModified":"2021-03-29T18:56:53+00:00","mainEntityOfPage":{"@id":"https:\/\/acefootball.com\/da\/fodboldnyheder\/gareth-bale-overvejer-faelles-boykot-det-ville-hjaelpe\/#webpage"},"wordCount":176,"commentCount":0,"publisher":{"@id":"https:\/\/acefootball.com\/da\/#organization"},"image":{"@id":"https:\/\/acefootball.com\/da\/fodboldnyheder\/gareth-bale-overvejer-faelles-boykot-det-ville-hjaelpe\/#primaryimage"},"thumbnailUrl":"https:\/\/acefootball.com\/da\/wp-content\/uploads\/sites\/2\/2020\/10\/GettyImages-1281798027.jpg","keywords":["Gareth Bale","La Liga","Premier League","Real Madrid","Tottenham","Wales"],"articleSection":["Udtalelse"],"inLanguage":"en-US","potentialAction":[{"@type":"CommentAction","name":"Comment","target":["https:\/\/acefootball.com\/da\/fodboldnyheder\/gareth-bale-overvejer-faelles-boykot-det-ville-hjaelpe\/#respond"]}]},{"@type":"Person","@id":"https:\/\/acefootball.com\/da\/#\/schema\/person\/ee67e9cf04a276f144100ffa722f10cd","name":"Mads Dreyer","image":{"@type":"ImageObject","@id":"https:\/\/acefootball.com\/da\/#personlogo","inLanguage":"en-US","url":"https:\/\/secure.gravatar.com\/avatar\/7c7abf72cfde9902b6a60efe60c88d4c?s=96&d=mm&r=g","contentUrl":"https:\/\/secure.gravatar.com\/avatar\/7c7abf72cfde9902b6a60efe60c88d4c?s=96&d=mm&r=g","caption":"Mads Dreyer"},"description":"Skribent og fodboldn\u00f8rd, der lige nu fort\u00e6ller om alt og intet i fodboldverdenen p\u00e5 acefootball.com. Uddannet i kommunikation fra Aalborg Universitet.","sameAs":["https:\/\/www.linkedin.com\/in\/mads-dreyer-b9b08266\/"],"url":"https:\/\/acefootball.com\/da\/fodboldnyheder\/author\/mdnronaldo\/"}]}},"fimg_url":"https:\/\/acefootball.com\/da\/wp-content\/uploads\/sites\/2\/2020\/10\/GettyImages-1281798027.jpg","_links":{"self":[{"href":"https:\/\/acefootball.com\/da\/wp-json\/wp\/v2\/posts\/256135"}],"collection":[{"href":"https:\/\/acefootball.com\/da\/wp-json\/wp\/v2\/posts"}],"about":[{"href":"https:\/\/acefootball.com\/da\/wp-json\/wp\/v2\/types\/post"}],"author":[{"embeddable":true,"href":"https:\/\/acefootball.com\/da\/wp-json\/wp\/v2\/users\/705"}],"replies":[{"embeddable":true,"href":"https:\/\/acefootball.com\/da\/wp-json\/wp\/v2\/comments?post=256135"}],"version-history":[{"count":0,"href":"https:\/\/acefootball.com\/da\/wp-json\/wp\/v2\/posts\/256135\/revisions"}],"wp:featuredmedia":[{"embeddable":true,"href":"https:\/\/acefootball.com\/da\/wp-json\/wp\/v2\/media\/241765"}],"wp:attachment":[{"href":"https:\/\/acefootball.com\/da\/wp-json\/wp\/v2\/media?parent=256135"}],"wp:term":[{"taxonomy":"category","embeddable":true,"href":"https:\/\/acefootball.com\/da\/wp-json\/wp\/v2\/categories?post=256135"},{"taxonomy":"post_tag","embeddable":true,"href":"https:\/\/acefootball.com\/da\/wp-json\/wp\/v2\/tags?post=256135"}],"curies":[{"name":"wp","href":"https:\/\/api.w.org\/{rel}","templated":true}]}}