{"id":256130,"date":"2021-03-29T19:30:31","date_gmt":"2021-03-29T17:30:31","guid":{"rendered":"https:\/\/acefootball.com\/da\/?p=256130"},"modified":"2021-03-29T19:30:32","modified_gmt":"2021-03-29T17:30:32","slug":"ronaldo-undskylder-for-vild-vm-frisure-forfaerdelig","status":"publish","type":"post","link":"https:\/\/acefootball.com\/da\/fodboldnyheder\/ronaldo-undskylder-for-vild-vm-frisure-forfaerdelig\/","title":{"rendered":"Ronaldo undskylder for vild VM-frisure: Forf\u00e6rdelig!"},"content":{"rendered":"\n<h2 id=\"h-brasilianske-ronaldo-startede-en-trend-med-sin-specielle-frisure-ved-vm-i-2002-men-nu-undskylder-han-for-p-fundet\">Brasilianske Ronaldo startede en trend med sin specielle frisure ved VM i 2002, men nu undskylder han for p\u00e5fundet<\/h2>\n\n\n\n<p>N\u00e5r man n\u00e6vner &#8216;Ronaldo-frisuren&#8217;, ved de fleste, hvad man snakker om.<\/p>\n\n\n\n<p>Den blev opfundet af den brasilianske legende Ronaldo under VM i 2002 og blev hurtigt efterlignet overalt i verden. Og det undskylder han nu for.<\/p>\n\n\n\n<p>&#8220;Forf\u00e6rdelig! Jeg undskylder til alle m\u00f8dre, der m\u00e5tte se deres b\u00f8rn med samme frisure,&#8221; lyder det fra Ronaldo i et interview til <a href=\"https:\/\/www.si.com\/soccer\/2021\/03\/29\/reinventing-the-one-and-only-ronaldo-daily-cover\" target=\"_blank\" rel=\"noreferrer noopener\">Sports Illustrated<\/a>.<\/p>\n\n\n\n<p>Men det var ikke kun for sjov, at den tidligere angriber fik den interessante klipning. Det var nemlig for at aflede opm\u00e6rksomheden fra en skade, han havde p\u00e5draget sig inden semifinalen mod Tyrkiet.<\/p>\n\n\n\n<figure class=\"wp-block-embed is-type-wp-embed is-provider-ace-football-danmark wp-block-embed-ace-football-danmark\"><div class=\"wp-block-embed__wrapper\">\n<blockquote class=\"wp-embedded-content\" data-secret=\"wjDPxrOofQ\"><a href=\"https:\/\/acefootball.com\/da\/fodboldnyheder\/overraskelser-i-blandt-her-er-de-10-hidtil-bedste-spillere-i-2021\/\">Overraskelser i blandt: Her er de 10 hidtil bedste spillere i 2021<\/a><\/blockquote><iframe class=\"wp-embedded-content\" sandbox=\"allow-scripts\" security=\"restricted\" style=\"position: absolute; clip: rect(1px, 1px, 1px, 1px);\" title=\"&#8220;Overraskelser i blandt: Her er de 10 hidtil bedste spillere i 2021&#8221; &#8212; Ace Football Danmark\" src=\"https:\/\/acefootball.com\/da\/fodboldnyheder\/overraskelser-i-blandt-her-er-de-10-hidtil-bedste-spillere-i-2021\/embed\/#?secret=wjDPxrOofQ\" data-secret=\"wjDPxrOofQ\" width=\"600\" height=\"338\" frameborder=\"0\" marginwidth=\"0\" marginheight=\"0\" scrolling=\"no\"><\/iframe>\n<\/div><\/figure>\n\n\n\n<p>&#8220;S\u00e5 jeg fik den frisure. Jeg spurgte mine holdkammerater, om de kunne lide den, men de sagde, &#8216;Nej, den er forf\u00e6rdelig! F\u00e5 den v\u00e6k!&#8217; Men journalisterne s\u00e5 frisuren og glemte alt om skaden.<\/p>\n\n\n\n<p>Ronaldo endte med at score det afg\u00f8rende m\u00e5l i semifinalen, ligesom han stod bag begge scoringer i finalen mod Tyskland.<\/p>\n","protected":false},"excerpt":{"rendered":"<p>Brasilianske Ronaldo startede en trend med sin specielle frisure ved VM i 2002, men nu undskylder han for p\u00e5fundet<\/p>\n","protected":false},"author":705,"featured_media":256131,"comment_status":"open","ping_status":"closed","sticky":false,"template":"","format":"standard","meta":{"om_disable_all_campaigns":false,"push_articles_ronaldo":{"active":false,"canonical":0,"publish":false},"force_updates":null},"categories":[8204],"tags":[690,303,85,8459],"enet_tags":{"team":["8256","8633"],"league":["87"],"sport_events":[]},"yoast_head":"<!-- This site is optimized with the Yoast SEO plugin v18.3 - https:\/\/yoast.com\/wordpress\/plugins\/seo\/ -->\n<title>Ronaldo undskylder for vild VM-frisure: Forf\u00e6rdelig!<\/title>\n<meta name=\"description\" content=\"Brasilianske Ronaldo startede en trend med sin specielle frisure ved VM i 2002, men nu undskylder han for p\u00e5fundet\" \/>\n<meta name=\"robots\" content=\"index, follow, max-snippet:-1, max-image-preview:large, max-video-preview:-1\" \/>\n<link rel=\"canonical\" href=\"https:\/\/acefootball.com\/da\/fodboldnyheder\/ronaldo-undskylder-for-vild-vm-frisure-forfaerdelig\/\" \/>\n<meta property=\"og:locale\" content=\"en_US\" \/>\n<meta property=\"og:type\" content=\"article\" \/>\n<meta property=\"og:title\" content=\"Ronaldo undskylder for vild VM-frisure: Forf\u00e6rdelig!\" \/>\n<meta property=\"og:description\" content=\"Brasilianske Ronaldo startede en trend med sin specielle frisure ved VM i 2002, men nu undskylder han for p\u00e5fundet\" \/>\n<meta property=\"og:url\" content=\"https:\/\/acefootball.com\/da\/fodboldnyheder\/ronaldo-undskylder-for-vild-vm-frisure-forfaerdelig\/\" \/>\n<meta property=\"og:site_name\" content=\"Ace Football Danmark\" \/>\n<meta property=\"article:publisher\" content=\"https:\/\/www.facebook.com\/acefootballdk\" \/>\n<meta property=\"article:published_time\" content=\"2021-03-29T17:30:31+00:00\" \/>\n<meta property=\"article:modified_time\" content=\"2021-03-29T17:30:32+00:00\" \/>\n<meta property=\"og:image\" content=\"https:\/\/acefootball.com\/da\/wp-content\/uploads\/sites\/2\/2021\/03\/Laes-mere-generel-2021-03-29T192931.979.jpg\" \/>\n\t<meta property=\"og:image:width\" content=\"1920\" \/>\n\t<meta property=\"og:image:height\" content=\"1008\" \/>\n\t<meta property=\"og:image:type\" content=\"image\/jpeg\" \/>\n<meta name=\"twitter:card\" content=\"summary_large_image\" \/>\n<meta name=\"twitter:label1\" content=\"Written by\" \/>\n\t<meta name=\"twitter:data1\" content=\"Mads Dreyer\" \/>\n\t<meta name=\"twitter:label2\" content=\"Est. reading time\" \/>\n\t<meta name=\"twitter:data2\" content=\"1 minute\" \/>\n<script type=\"application\/ld+json\" class=\"yoast-schema-graph\">{\"@context\":\"https:\/\/schema.org\",\"@graph\":[{\"@type\":\"Organization\",\"@id\":\"https:\/\/acefootball.com\/da\/#organization\",\"name\":\"Ace Football\",\"url\":\"https:\/\/acefootball.com\/da\/\",\"sameAs\":[\"https:\/\/www.facebook.com\/acefootballdk\"],\"logo\":{\"@type\":\"ImageObject\",\"@id\":\"https:\/\/acefootball.com\/da\/#logo\",\"inLanguage\":\"en-US\",\"url\":\"https:\/\/acefootball.com\/da\/wp-content\/uploads\/sites\/2\/2020\/07\/Ace-Football-30-07-2020-2.png\",\"contentUrl\":\"https:\/\/acefootball.com\/da\/wp-content\/uploads\/sites\/2\/2020\/07\/Ace-Football-30-07-2020-2.png\",\"width\":1200,\"height\":600,\"caption\":\"Ace Football\"},\"image\":{\"@id\":\"https:\/\/acefootball.com\/da\/#logo\"}},{\"@type\":\"WebSite\",\"@id\":\"https:\/\/acefootball.com\/da\/#website\",\"url\":\"https:\/\/acefootball.com\/da\/\",\"name\":\"Ace Football Danmark\",\"description\":\"Nyheder, Spiltips &amp; Livescore\",\"publisher\":{\"@id\":\"https:\/\/acefootball.com\/da\/#organization\"},\"potentialAction\":[{\"@type\":\"SearchAction\",\"target\":{\"@type\":\"EntryPoint\",\"urlTemplate\":\"https:\/\/acefootball.com\/da\/?s={search_term_string}\"},\"query-input\":\"required name=search_term_string\"}],\"inLanguage\":\"en-US\"},{\"@type\":\"ImageObject\",\"@id\":\"https:\/\/acefootball.com\/da\/fodboldnyheder\/ronaldo-undskylder-for-vild-vm-frisure-forfaerdelig\/#primaryimage\",\"inLanguage\":\"en-US\",\"url\":\"https:\/\/acefootball.com\/da\/wp-content\/uploads\/sites\/2\/2021\/03\/Laes-mere-generel-2021-03-29T192931.979.jpg\",\"contentUrl\":\"https:\/\/acefootball.com\/da\/wp-content\/uploads\/sites\/2\/2021\/03\/Laes-mere-generel-2021-03-29T192931.979.jpg\",\"width\":1920,\"height\":1008,\"caption\":\"ronaldo\"},{\"@type\":\"WebPage\",\"@id\":\"https:\/\/acefootball.com\/da\/fodboldnyheder\/ronaldo-undskylder-for-vild-vm-frisure-forfaerdelig\/#webpage\",\"url\":\"https:\/\/acefootball.com\/da\/fodboldnyheder\/ronaldo-undskylder-for-vild-vm-frisure-forfaerdelig\/\",\"name\":\"Ronaldo undskylder for vild VM-frisure: Forf\u00e6rdelig!\",\"isPartOf\":{\"@id\":\"https:\/\/acefootball.com\/da\/#website\"},\"primaryImageOfPage\":{\"@id\":\"https:\/\/acefootball.com\/da\/fodboldnyheder\/ronaldo-undskylder-for-vild-vm-frisure-forfaerdelig\/#primaryimage\"},\"datePublished\":\"2021-03-29T17:30:31+00:00\",\"dateModified\":\"2021-03-29T17:30:32+00:00\",\"description\":\"Brasilianske Ronaldo startede en trend med sin specielle frisure ved VM i 2002, men nu undskylder han for p\u00e5fundet\",\"breadcrumb\":{\"@id\":\"https:\/\/acefootball.com\/da\/fodboldnyheder\/ronaldo-undskylder-for-vild-vm-frisure-forfaerdelig\/#breadcrumb\"},\"inLanguage\":\"en-US\",\"potentialAction\":[{\"@type\":\"ReadAction\",\"target\":[\"https:\/\/acefootball.com\/da\/fodboldnyheder\/ronaldo-undskylder-for-vild-vm-frisure-forfaerdelig\/\"]}]},{\"@type\":\"BreadcrumbList\",\"@id\":\"https:\/\/acefootball.com\/da\/fodboldnyheder\/ronaldo-undskylder-for-vild-vm-frisure-forfaerdelig\/#breadcrumb\",\"itemListElement\":[{\"@type\":\"ListItem\",\"position\":1,\"name\":\"Home\",\"item\":\"https:\/\/acefootball.com\/da\/\"},{\"@type\":\"ListItem\",\"position\":2,\"name\":\"Ronaldo undskylder for vild VM-frisure: Forf\u00e6rdelig!\"}]},{\"@type\":\"Article\",\"@id\":\"https:\/\/acefootball.com\/da\/fodboldnyheder\/ronaldo-undskylder-for-vild-vm-frisure-forfaerdelig\/#article\",\"isPartOf\":{\"@id\":\"https:\/\/acefootball.com\/da\/fodboldnyheder\/ronaldo-undskylder-for-vild-vm-frisure-forfaerdelig\/#webpage\"},\"author\":{\"@id\":\"https:\/\/acefootball.com\/da\/#\/schema\/person\/ee67e9cf04a276f144100ffa722f10cd\"},\"headline\":\"Ronaldo undskylder for vild VM-frisure: Forf\u00e6rdelig!\",\"datePublished\":\"2021-03-29T17:30:31+00:00\",\"dateModified\":\"2021-03-29T17:30:32+00:00\",\"mainEntityOfPage\":{\"@id\":\"https:\/\/acefootball.com\/da\/fodboldnyheder\/ronaldo-undskylder-for-vild-vm-frisure-forfaerdelig\/#webpage\"},\"wordCount\":191,\"commentCount\":0,\"publisher\":{\"@id\":\"https:\/\/acefootball.com\/da\/#organization\"},\"image\":{\"@id\":\"https:\/\/acefootball.com\/da\/fodboldnyheder\/ronaldo-undskylder-for-vild-vm-frisure-forfaerdelig\/#primaryimage\"},\"thumbnailUrl\":\"https:\/\/acefootball.com\/da\/wp-content\/uploads\/sites\/2\/2021\/03\/GettyImages-989675190.jpg\",\"keywords\":[\"Brasilien\",\"La Liga\",\"Real Madrid\",\"Ronaldo Nazario\"],\"articleSection\":[\"Udtalelse\"],\"inLanguage\":\"en-US\",\"potentialAction\":[{\"@type\":\"CommentAction\",\"name\":\"Comment\",\"target\":[\"https:\/\/acefootball.com\/da\/fodboldnyheder\/ronaldo-undskylder-for-vild-vm-frisure-forfaerdelig\/#respond\"]}]},{\"@type\":\"Person\",\"@id\":\"https:\/\/acefootball.com\/da\/#\/schema\/person\/ee67e9cf04a276f144100ffa722f10cd\",\"name\":\"Mads Dreyer\",\"image\":{\"@type\":\"ImageObject\",\"@id\":\"https:\/\/acefootball.com\/da\/#personlogo\",\"inLanguage\":\"en-US\",\"url\":\"https:\/\/secure.gravatar.com\/avatar\/7c7abf72cfde9902b6a60efe60c88d4c?s=96&d=mm&r=g\",\"contentUrl\":\"https:\/\/secure.gravatar.com\/avatar\/7c7abf72cfde9902b6a60efe60c88d4c?s=96&d=mm&r=g\",\"caption\":\"Mads Dreyer\"},\"description\":\"Skribent og fodboldn\u00f8rd, der lige nu fort\u00e6ller om alt og intet i fodboldverdenen p\u00e5 acefootball.com. Uddannet i kommunikation fra Aalborg Universitet.\",\"sameAs\":[\"https:\/\/www.linkedin.com\/in\/mads-dreyer-b9b08266\/\"],\"url\":\"https:\/\/acefootball.com\/da\/fodboldnyheder\/author\/mdnronaldo\/\"}]}<\/script>\n<!-- \/ Yoast SEO plugin. -->","yoast_head_json":{"title":"Ronaldo undskylder for vild VM-frisure: Forf\u00e6rdelig!","description":"Brasilianske Ronaldo startede en trend med sin specielle frisure ved VM i 2002, men nu undskylder han for p\u00e5fundet","robots":{"index":"index","follow":"follow","max-snippet":"max-snippet:-1","max-image-preview":"max-image-preview:large","max-video-preview":"max-video-preview:-1"},"canonical":"https:\/\/acefootball.com\/da\/fodboldnyheder\/ronaldo-undskylder-for-vild-vm-frisure-forfaerdelig\/","og_locale":"en_US","og_type":"article","og_title":"Ronaldo undskylder for vild VM-frisure: Forf\u00e6rdelig!","og_description":"Brasilianske Ronaldo startede en trend med sin specielle frisure ved VM i 2002, men nu undskylder han for p\u00e5fundet","og_url":"https:\/\/acefootball.com\/da\/fodboldnyheder\/ronaldo-undskylder-for-vild-vm-frisure-forfaerdelig\/","og_site_name":"Ace Football Danmark","article_publisher":"https:\/\/www.facebook.com\/acefootballdk","article_published_time":"2021-03-29T17:30:31+00:00","article_modified_time":"2021-03-29T17:30:32+00:00","og_image":[{"width":1920,"height":1008,"url":"https:\/\/acefootball.com\/da\/wp-content\/uploads\/sites\/2\/2021\/03\/Laes-mere-generel-2021-03-29T192931.979.jpg","type":"image\/jpeg"}],"twitter_card":"summary_large_image","twitter_misc":{"Written by":"Mads Dreyer","Est. reading time":"1 minute"},"schema":{"@context":"https:\/\/schema.org","@graph":[{"@type":"Organization","@id":"https:\/\/acefootball.com\/da\/#organization","name":"Ace Football","url":"https:\/\/acefootball.com\/da\/","sameAs":["https:\/\/www.facebook.com\/acefootballdk"],"logo":{"@type":"ImageObject","@id":"https:\/\/acefootball.com\/da\/#logo","inLanguage":"en-US","url":"https:\/\/acefootball.com\/da\/wp-content\/uploads\/sites\/2\/2020\/07\/Ace-Football-30-07-2020-2.png","contentUrl":"https:\/\/acefootball.com\/da\/wp-content\/uploads\/sites\/2\/2020\/07\/Ace-Football-30-07-2020-2.png","width":1200,"height":600,"caption":"Ace Football"},"image":{"@id":"https:\/\/acefootball.com\/da\/#logo"}},{"@type":"WebSite","@id":"https:\/\/acefootball.com\/da\/#website","url":"https:\/\/acefootball.com\/da\/","name":"Ace Football Danmark","description":"Nyheder, Spiltips &amp; Livescore","publisher":{"@id":"https:\/\/acefootball.com\/da\/#organization"},"potentialAction":[{"@type":"SearchAction","target":{"@type":"EntryPoint","urlTemplate":"https:\/\/acefootball.com\/da\/?s={search_term_string}"},"query-input":"required name=search_term_string"}],"inLanguage":"en-US"},{"@type":"ImageObject","@id":"https:\/\/acefootball.com\/da\/fodboldnyheder\/ronaldo-undskylder-for-vild-vm-frisure-forfaerdelig\/#primaryimage","inLanguage":"en-US","url":"https:\/\/acefootball.com\/da\/wp-content\/uploads\/sites\/2\/2021\/03\/Laes-mere-generel-2021-03-29T192931.979.jpg","contentUrl":"https:\/\/acefootball.com\/da\/wp-content\/uploads\/sites\/2\/2021\/03\/Laes-mere-generel-2021-03-29T192931.979.jpg","width":1920,"height":1008,"caption":"ronaldo"},{"@type":"WebPage","@id":"https:\/\/acefootball.com\/da\/fodboldnyheder\/ronaldo-undskylder-for-vild-vm-frisure-forfaerdelig\/#webpage","url":"https:\/\/acefootball.com\/da\/fodboldnyheder\/ronaldo-undskylder-for-vild-vm-frisure-forfaerdelig\/","name":"Ronaldo undskylder for vild VM-frisure: Forf\u00e6rdelig!","isPartOf":{"@id":"https:\/\/acefootball.com\/da\/#website"},"primaryImageOfPage":{"@id":"https:\/\/acefootball.com\/da\/fodboldnyheder\/ronaldo-undskylder-for-vild-vm-frisure-forfaerdelig\/#primaryimage"},"datePublished":"2021-03-29T17:30:31+00:00","dateModified":"2021-03-29T17:30:32+00:00","description":"Brasilianske Ronaldo startede en trend med sin specielle frisure ved VM i 2002, men nu undskylder han for p\u00e5fundet","breadcrumb":{"@id":"https:\/\/acefootball.com\/da\/fodboldnyheder\/ronaldo-undskylder-for-vild-vm-frisure-forfaerdelig\/#breadcrumb"},"inLanguage":"en-US","potentialAction":[{"@type":"ReadAction","target":["https:\/\/acefootball.com\/da\/fodboldnyheder\/ronaldo-undskylder-for-vild-vm-frisure-forfaerdelig\/"]}]},{"@type":"BreadcrumbList","@id":"https:\/\/acefootball.com\/da\/fodboldnyheder\/ronaldo-undskylder-for-vild-vm-frisure-forfaerdelig\/#breadcrumb","itemListElement":[{"@type":"ListItem","position":1,"name":"Home","item":"https:\/\/acefootball.com\/da\/"},{"@type":"ListItem","position":2,"name":"Ronaldo undskylder for vild VM-frisure: Forf\u00e6rdelig!"}]},{"@type":"Article","@id":"https:\/\/acefootball.com\/da\/fodboldnyheder\/ronaldo-undskylder-for-vild-vm-frisure-forfaerdelig\/#article","isPartOf":{"@id":"https:\/\/acefootball.com\/da\/fodboldnyheder\/ronaldo-undskylder-for-vild-vm-frisure-forfaerdelig\/#webpage"},"author":{"@id":"https:\/\/acefootball.com\/da\/#\/schema\/person\/ee67e9cf04a276f144100ffa722f10cd"},"headline":"Ronaldo undskylder for vild VM-frisure: Forf\u00e6rdelig!","datePublished":"2021-03-29T17:30:31+00:00","dateModified":"2021-03-29T17:30:32+00:00","mainEntityOfPage":{"@id":"https:\/\/acefootball.com\/da\/fodboldnyheder\/ronaldo-undskylder-for-vild-vm-frisure-forfaerdelig\/#webpage"},"wordCount":191,"commentCount":0,"publisher":{"@id":"https:\/\/acefootball.com\/da\/#organization"},"image":{"@id":"https:\/\/acefootball.com\/da\/fodboldnyheder\/ronaldo-undskylder-for-vild-vm-frisure-forfaerdelig\/#primaryimage"},"thumbnailUrl":"https:\/\/acefootball.com\/da\/wp-content\/uploads\/sites\/2\/2021\/03\/GettyImages-989675190.jpg","keywords":["Brasilien","La Liga","Real Madrid","Ronaldo Nazario"],"articleSection":["Udtalelse"],"inLanguage":"en-US","potentialAction":[{"@type":"CommentAction","name":"Comment","target":["https:\/\/acefootball.com\/da\/fodboldnyheder\/ronaldo-undskylder-for-vild-vm-frisure-forfaerdelig\/#respond"]}]},{"@type":"Person","@id":"https:\/\/acefootball.com\/da\/#\/schema\/person\/ee67e9cf04a276f144100ffa722f10cd","name":"Mads Dreyer","image":{"@type":"ImageObject","@id":"https:\/\/acefootball.com\/da\/#personlogo","inLanguage":"en-US","url":"https:\/\/secure.gravatar.com\/avatar\/7c7abf72cfde9902b6a60efe60c88d4c?s=96&d=mm&r=g","contentUrl":"https:\/\/secure.gravatar.com\/avatar\/7c7abf72cfde9902b6a60efe60c88d4c?s=96&d=mm&r=g","caption":"Mads Dreyer"},"description":"Skribent og fodboldn\u00f8rd, der lige nu fort\u00e6ller om alt og intet i fodboldverdenen p\u00e5 acefootball.com. Uddannet i kommunikation fra Aalborg Universitet.","sameAs":["https:\/\/www.linkedin.com\/in\/mads-dreyer-b9b08266\/"],"url":"https:\/\/acefootball.com\/da\/fodboldnyheder\/author\/mdnronaldo\/"}]}},"fimg_url":"https:\/\/acefootball.com\/da\/wp-content\/uploads\/sites\/2\/2021\/03\/GettyImages-989675190.jpg","_links":{"self":[{"href":"https:\/\/acefootball.com\/da\/wp-json\/wp\/v2\/posts\/256130"}],"collection":[{"href":"https:\/\/acefootball.com\/da\/wp-json\/wp\/v2\/posts"}],"about":[{"href":"https:\/\/acefootball.com\/da\/wp-json\/wp\/v2\/types\/post"}],"author":[{"embeddable":true,"href":"https:\/\/acefootball.com\/da\/wp-json\/wp\/v2\/users\/705"}],"replies":[{"embeddable":true,"href":"https:\/\/acefootball.com\/da\/wp-json\/wp\/v2\/comments?post=256130"}],"version-history":[{"count":0,"href":"https:\/\/acefootball.com\/da\/wp-json\/wp\/v2\/posts\/256130\/revisions"}],"wp:featuredmedia":[{"embeddable":true,"href":"https:\/\/acefootball.com\/da\/wp-json\/wp\/v2\/media\/256131"}],"wp:attachment":[{"href":"https:\/\/acefootball.com\/da\/wp-json\/wp\/v2\/media?parent=256130"}],"wp:term":[{"taxonomy":"category","embeddable":true,"href":"https:\/\/acefootball.com\/da\/wp-json\/wp\/v2\/categories?post=256130"},{"taxonomy":"post_tag","embeddable":true,"href":"https:\/\/acefootball.com\/da\/wp-json\/wp\/v2\/tags?post=256130"}],"curies":[{"name":"wp","href":"https:\/\/api.w.org\/{rel}","templated":true}]}}