{"id":256093,"date":"2021-03-29T15:35:52","date_gmt":"2021-03-29T13:35:52","guid":{"rendered":"https:\/\/acefootball.com\/da\/?p=256093"},"modified":"2021-03-29T15:45:14","modified_gmt":"2021-03-29T13:45:14","slug":"se-videoen-her-iskold-kasper-fisker-naegter-at-udtale-wilczeks-navn","status":"publish","type":"post","link":"https:\/\/acefootball.com\/da\/fodboldnyheder\/se-videoen-her-iskold-kasper-fisker-naegter-at-udtale-wilczeks-navn\/","title":{"rendered":"Se videoen her: Iskold Kasper Fisker n\u00e6gter at udtale Wilczeks navn"},"content":{"rendered":"\n<h2 id=\"h-kasper-fisker-var-med-i-dagens-udgave-af-podcasten-fodbold-fm-og-noget-tyder-p-at-han-stadig-ikke-har-tilgivet-kamil-wilczek-skiftede-til-fc-k-benhavn\">Kasper Fisker var med i dagens udgave af podcasten Fodbold FM, og noget tyder p\u00e5, at han stadig ikke har tilgivet, Kamil Wilczek skiftede til FC K\u00f8benhavn<\/h2>\n\n\n\n<p>Kamil Wilczek foretog i sommer sit meget kontroversielle skifte til FC K\u00f8benhavn, hvilket har gjort ham til en utroligt upopul\u00e6r herre i Br\u00f8ndby-lejren.<\/p>\n\n\n\n<p>Og selvom Kasper Fisker ikke l\u00e6ngere er Br\u00f8ndby-spiller, har han alts\u00e5 ikke glemt det &#8220;forbudte skifte&#8221;, og det kom alts\u00e5 til udtryk i dagens udgave af podcasten Fodbold FM.<\/p>\n\n\n\n<p>Her skulle Fisker opremse den r\u00e6kke profiler, der forlod vestegnsklubben sidste vinter, og efter at have n\u00e6vnt Hany Mukhtar og Dominik Kaiser kunne skulle han alts\u00e5 lige bruge hj\u00e6lp fra v\u00e6rterne til at s\u00e6tte navn p\u00e5 den tredje spiller, som Fisker selv blot valgte at omtale som &#8216;polakken&#8217;.<\/p>\n\n\n\n<p>Du kan se klippet herunder. <\/p>\n\n\n\n<figure class=\"wp-block-embed is-type-rich is-provider-twitter wp-block-embed-twitter\"><div class=\"wp-block-embed__wrapper\">\n<blockquote class=\"twitter-tweet\" data-width=\"550\" data-dnt=\"true\"><p lang=\"da\" dir=\"ltr\">St\u00e6rkt af <a href=\"https:\/\/twitter.com\/KasperFisker1?ref_src=twsrc%5Etfw\">@KasperFisker1<\/a> at han n\u00e6gter at udtale pis-polakkens navn i  <a href=\"https:\/\/twitter.com\/hashtag\/fodboldfm?src=hash&amp;ref_src=twsrc%5Etfw\">#fodboldfm<\/a> <a href=\"https:\/\/twitter.com\/hashtag\/sldk?src=hash&amp;ref_src=twsrc%5Etfw\">#sldk<\/a> <a href=\"https:\/\/t.co\/rT3LlwXi8N\">pic.twitter.com\/rT3LlwXi8N<\/a><\/p>&mdash; morten jakobsen (@mortenjakobsen6) <a href=\"https:\/\/twitter.com\/mortenjakobsen6\/status\/1376522013846687744?ref_src=twsrc%5Etfw\">March 29, 2021<\/a><\/blockquote><script async src=\"https:\/\/platform.twitter.com\/widgets.js\" charset=\"utf-8\"><\/script>\n<\/div><\/figure>\n\n\n\n<p>Du kan se hele udsendelsen i videoen herunder.<\/p>\n\n\n\n<figure class=\"wp-block-embed is-type-video is-provider-facebook wp-block-embed-facebook\"><div class=\"wp-block-embed__wrapper\">\n<div id=\"fb-root\"><\/div><script async=\"1\" defer=\"1\" crossorigin=\"anonymous\" src=\"https:\/\/connect.facebook.net\/nl_BE\/sdk.js#xfbml=1&amp;version=v10.0\" nonce=\"fHq5u8lE\"><\/script><div class=\"fb-video\" data-href=\"https:\/\/www.facebook.com\/FodboldFM\/videos\/1320419734999896\" data-width=\"640\"><blockquote cite=\"https:\/\/www.facebook.com\/FodboldFM\/videos\/1320419734999896\/\" class=\"fb-xfbml-parse-ignore\"><a href=\"https:\/\/www.facebook.com\/FodboldFM\/videos\/1320419734999896\/\">Fodbold FM 29. marts<\/a><p>Hvem har spillet sig ind i Hjulmands EM-varme? Kan \u00d8strig stoppe de flyvende danskere? Og hvor store er Br\u00f8ndbys guldchancer?G\u00c6STER: Ken Ils\u00f8, Sandro Spasojevic, Kasper Fisker<\/p>Posted by <a href=\"https:\/\/www.facebook.com\/235189339891074\">Fodbold FM<\/a> on Monday, March 29, 2021<\/blockquote><\/div>\n<\/div><\/figure>\n","protected":false},"excerpt":{"rendered":"<p>Kasper Fisker var med i dagens udgave af podcasten Fodbold FM, og noget tyder p\u00e5, at han stadig ikke har tilgivet, Kamil Wilczek skiftede til FC K\u00f8benhavn<\/p>\n","protected":false},"author":74,"featured_media":256094,"comment_status":"open","ping_status":"closed","sticky":false,"template":"","format":"video","meta":{"om_disable_all_campaigns":false,"push_articles_ronaldo":{"active":false,"canonical":0,"publish":false},"force_updates":null},"categories":[8098],"tags":[53,958,502,588],"enet_tags":{"team":["8595"],"player":["105535","73461"],"league":["46"],"sport_events":[]},"yoast_head":"<!-- This site is optimized with the Yoast SEO plugin v18.3 - https:\/\/yoast.com\/wordpress\/plugins\/seo\/ -->\n<title>Se videoen her: Iskold Kasper Fisker n\u00e6gter at udtale Wilczeks navn<\/title>\n<meta name=\"description\" content=\"Kasper Fisker var med i dagens udgave af podcasten Fodbold FM, og noget tyder p\u00e5, at han stadig ikke har tilgivet, Kamil Wilczek skiftede til FC K\u00f8benhavn\" \/>\n<meta name=\"robots\" content=\"index, follow, max-snippet:-1, max-image-preview:large, max-video-preview:-1\" \/>\n<link rel=\"canonical\" href=\"https:\/\/acefootball.com\/da\/fodboldnyheder\/se-videoen-her-iskold-kasper-fisker-naegter-at-udtale-wilczeks-navn\/\" \/>\n<meta property=\"og:locale\" content=\"en_US\" \/>\n<meta property=\"og:type\" content=\"article\" \/>\n<meta property=\"og:title\" content=\"Se videoen her: Iskold Kasper Fisker n\u00e6gter at udtale Wilczeks navn\" \/>\n<meta property=\"og:description\" content=\"Kasper Fisker var med i dagens udgave af podcasten Fodbold FM, og noget tyder p\u00e5, at han stadig ikke har tilgivet, Kamil Wilczek skiftede til FC K\u00f8benhavn\" \/>\n<meta property=\"og:url\" content=\"https:\/\/acefootball.com\/da\/fodboldnyheder\/se-videoen-her-iskold-kasper-fisker-naegter-at-udtale-wilczeks-navn\/\" \/>\n<meta property=\"og:site_name\" content=\"Ace Football Danmark\" \/>\n<meta property=\"article:publisher\" content=\"https:\/\/www.facebook.com\/acefootballdk\" \/>\n<meta property=\"article:published_time\" content=\"2021-03-29T13:35:52+00:00\" \/>\n<meta property=\"article:modified_time\" content=\"2021-03-29T13:45:14+00:00\" \/>\n<meta property=\"og:image\" content=\"https:\/\/acefootball.com\/da\/wp-content\/uploads\/sites\/2\/2021\/03\/Video-generel-53-2.jpg\" \/>\n\t<meta property=\"og:image:width\" content=\"1920\" \/>\n\t<meta property=\"og:image:height\" content=\"1008\" \/>\n\t<meta property=\"og:image:type\" content=\"image\/jpeg\" \/>\n<meta name=\"twitter:card\" content=\"summary_large_image\" \/>\n<meta name=\"twitter:label1\" content=\"Written by\" \/>\n\t<meta name=\"twitter:data1\" content=\"Patrick Hesselb\u00e6k\" \/>\n\t<meta name=\"twitter:label2\" content=\"Est. reading time\" \/>\n\t<meta name=\"twitter:data2\" content=\"1 minute\" \/>\n<script type=\"application\/ld+json\" class=\"yoast-schema-graph\">{\"@context\":\"https:\/\/schema.org\",\"@graph\":[{\"@type\":\"Organization\",\"@id\":\"https:\/\/acefootball.com\/da\/#organization\",\"name\":\"Ace Football\",\"url\":\"https:\/\/acefootball.com\/da\/\",\"sameAs\":[\"https:\/\/www.facebook.com\/acefootballdk\"],\"logo\":{\"@type\":\"ImageObject\",\"@id\":\"https:\/\/acefootball.com\/da\/#logo\",\"inLanguage\":\"en-US\",\"url\":\"https:\/\/acefootball.com\/da\/wp-content\/uploads\/sites\/2\/2020\/07\/Ace-Football-30-07-2020-2.png\",\"contentUrl\":\"https:\/\/acefootball.com\/da\/wp-content\/uploads\/sites\/2\/2020\/07\/Ace-Football-30-07-2020-2.png\",\"width\":1200,\"height\":600,\"caption\":\"Ace Football\"},\"image\":{\"@id\":\"https:\/\/acefootball.com\/da\/#logo\"}},{\"@type\":\"WebSite\",\"@id\":\"https:\/\/acefootball.com\/da\/#website\",\"url\":\"https:\/\/acefootball.com\/da\/\",\"name\":\"Ace Football Danmark\",\"description\":\"Nyheder, Spiltips &amp; Livescore\",\"publisher\":{\"@id\":\"https:\/\/acefootball.com\/da\/#organization\"},\"potentialAction\":[{\"@type\":\"SearchAction\",\"target\":{\"@type\":\"EntryPoint\",\"urlTemplate\":\"https:\/\/acefootball.com\/da\/?s={search_term_string}\"},\"query-input\":\"required name=search_term_string\"}],\"inLanguage\":\"en-US\"},{\"@type\":\"ImageObject\",\"@id\":\"https:\/\/acefootball.com\/da\/fodboldnyheder\/se-videoen-her-iskold-kasper-fisker-naegter-at-udtale-wilczeks-navn\/#primaryimage\",\"inLanguage\":\"en-US\",\"url\":\"https:\/\/acefootball.com\/da\/wp-content\/uploads\/sites\/2\/2021\/03\/Video-generel-53-2.jpg\",\"contentUrl\":\"https:\/\/acefootball.com\/da\/wp-content\/uploads\/sites\/2\/2021\/03\/Video-generel-53-2.jpg\",\"width\":1920,\"height\":1008,\"caption\":\"BRONDBY, DENMARK - JULY 22: Kasper Fisker of Brondby IF celebrate with the fans after playing his last home game for the club after the Danish 3F Superliga match between Brondby IF and FC Midtjylland at Brondby Stadion on July 22, 2020 in Brondby, Denmark. (Photo by Lars Ronbog \/ FrontZoneSport via Getty Images)\"},{\"@type\":\"WebPage\",\"@id\":\"https:\/\/acefootball.com\/da\/fodboldnyheder\/se-videoen-her-iskold-kasper-fisker-naegter-at-udtale-wilczeks-navn\/#webpage\",\"url\":\"https:\/\/acefootball.com\/da\/fodboldnyheder\/se-videoen-her-iskold-kasper-fisker-naegter-at-udtale-wilczeks-navn\/\",\"name\":\"Se videoen her: Iskold Kasper Fisker n\u00e6gter at udtale Wilczeks navn\",\"isPartOf\":{\"@id\":\"https:\/\/acefootball.com\/da\/#website\"},\"primaryImageOfPage\":{\"@id\":\"https:\/\/acefootball.com\/da\/fodboldnyheder\/se-videoen-her-iskold-kasper-fisker-naegter-at-udtale-wilczeks-navn\/#primaryimage\"},\"datePublished\":\"2021-03-29T13:35:52+00:00\",\"dateModified\":\"2021-03-29T13:45:14+00:00\",\"description\":\"Kasper Fisker var med i dagens udgave af podcasten Fodbold FM, og noget tyder p\u00e5, at han stadig ikke har tilgivet, Kamil Wilczek skiftede til FC K\u00f8benhavn\",\"breadcrumb\":{\"@id\":\"https:\/\/acefootball.com\/da\/fodboldnyheder\/se-videoen-her-iskold-kasper-fisker-naegter-at-udtale-wilczeks-navn\/#breadcrumb\"},\"inLanguage\":\"en-US\",\"potentialAction\":[{\"@type\":\"ReadAction\",\"target\":[\"https:\/\/acefootball.com\/da\/fodboldnyheder\/se-videoen-her-iskold-kasper-fisker-naegter-at-udtale-wilczeks-navn\/\"]}]},{\"@type\":\"BreadcrumbList\",\"@id\":\"https:\/\/acefootball.com\/da\/fodboldnyheder\/se-videoen-her-iskold-kasper-fisker-naegter-at-udtale-wilczeks-navn\/#breadcrumb\",\"itemListElement\":[{\"@type\":\"ListItem\",\"position\":1,\"name\":\"Home\",\"item\":\"https:\/\/acefootball.com\/da\/\"},{\"@type\":\"ListItem\",\"position\":2,\"name\":\"Se videoen her: Iskold Kasper Fisker n\u00e6gter at udtale Wilczeks navn\"}]},{\"@type\":\"Article\",\"@id\":\"https:\/\/acefootball.com\/da\/fodboldnyheder\/se-videoen-her-iskold-kasper-fisker-naegter-at-udtale-wilczeks-navn\/#article\",\"isPartOf\":{\"@id\":\"https:\/\/acefootball.com\/da\/fodboldnyheder\/se-videoen-her-iskold-kasper-fisker-naegter-at-udtale-wilczeks-navn\/#webpage\"},\"author\":{\"@id\":\"https:\/\/acefootball.com\/da\/#\/schema\/person\/fd6223a1c033400b41da7853ddf88c84\"},\"headline\":\"Se videoen her: Iskold Kasper Fisker n\u00e6gter at udtale Wilczeks navn\",\"datePublished\":\"2021-03-29T13:35:52+00:00\",\"dateModified\":\"2021-03-29T13:45:14+00:00\",\"mainEntityOfPage\":{\"@id\":\"https:\/\/acefootball.com\/da\/fodboldnyheder\/se-videoen-her-iskold-kasper-fisker-naegter-at-udtale-wilczeks-navn\/#webpage\"},\"wordCount\":174,\"commentCount\":0,\"publisher\":{\"@id\":\"https:\/\/acefootball.com\/da\/#organization\"},\"image\":{\"@id\":\"https:\/\/acefootball.com\/da\/fodboldnyheder\/se-videoen-her-iskold-kasper-fisker-naegter-at-udtale-wilczeks-navn\/#primaryimage\"},\"thumbnailUrl\":\"https:\/\/acefootball.com\/da\/wp-content\/uploads\/sites\/2\/2021\/03\/GettyImages-1227740701.jpg\",\"keywords\":[\"Br\u00f8ndby IF\",\"Kamil Wilczek\",\"Kasper Fisker\",\"Superligaen\"],\"articleSection\":[\"Video\"],\"inLanguage\":\"en-US\",\"potentialAction\":[{\"@type\":\"CommentAction\",\"name\":\"Comment\",\"target\":[\"https:\/\/acefootball.com\/da\/fodboldnyheder\/se-videoen-her-iskold-kasper-fisker-naegter-at-udtale-wilczeks-navn\/#respond\"]}]},{\"@type\":\"Person\",\"@id\":\"https:\/\/acefootball.com\/da\/#\/schema\/person\/fd6223a1c033400b41da7853ddf88c84\",\"name\":\"Patrick Hesselb\u00e6k\",\"image\":{\"@type\":\"ImageObject\",\"@id\":\"https:\/\/acefootball.com\/da\/#personlogo\",\"inLanguage\":\"en-US\",\"url\":\"https:\/\/secure.gravatar.com\/avatar\/7919060992759bffbffb199d6cbdce6f?s=96&d=mm&r=g\",\"contentUrl\":\"https:\/\/secure.gravatar.com\/avatar\/7919060992759bffbffb199d6cbdce6f?s=96&d=mm&r=g\",\"caption\":\"Patrick Hesselb\u00e6k\"},\"description\":\"Redakt\u00f8r p\u00e5 den danske Ace Football-redaktion. Uddannet i kommunikation fra Aalborg Universitet. Prim\u00e6rt fokus p\u00e5 den danske 3F Superliga og de st\u00f8rste europ\u00e6iske turneringer.\",\"sameAs\":[\"https:\/\/www.linkedin.com\/in\/patrick-hesselbk-2a4b1711a\/\"],\"url\":\"https:\/\/acefootball.com\/da\/fodboldnyheder\/author\/patrickhesselbaek\/\"}]}<\/script>\n<!-- \/ Yoast SEO plugin. -->","yoast_head_json":{"title":"Se videoen her: Iskold Kasper Fisker n\u00e6gter at udtale Wilczeks navn","description":"Kasper Fisker var med i dagens udgave af podcasten Fodbold FM, og noget tyder p\u00e5, at han stadig ikke har tilgivet, Kamil Wilczek skiftede til FC K\u00f8benhavn","robots":{"index":"index","follow":"follow","max-snippet":"max-snippet:-1","max-image-preview":"max-image-preview:large","max-video-preview":"max-video-preview:-1"},"canonical":"https:\/\/acefootball.com\/da\/fodboldnyheder\/se-videoen-her-iskold-kasper-fisker-naegter-at-udtale-wilczeks-navn\/","og_locale":"en_US","og_type":"article","og_title":"Se videoen her: Iskold Kasper Fisker n\u00e6gter at udtale Wilczeks navn","og_description":"Kasper Fisker var med i dagens udgave af podcasten Fodbold FM, og noget tyder p\u00e5, at han stadig ikke har tilgivet, Kamil Wilczek skiftede til FC K\u00f8benhavn","og_url":"https:\/\/acefootball.com\/da\/fodboldnyheder\/se-videoen-her-iskold-kasper-fisker-naegter-at-udtale-wilczeks-navn\/","og_site_name":"Ace Football Danmark","article_publisher":"https:\/\/www.facebook.com\/acefootballdk","article_published_time":"2021-03-29T13:35:52+00:00","article_modified_time":"2021-03-29T13:45:14+00:00","og_image":[{"width":1920,"height":1008,"url":"https:\/\/acefootball.com\/da\/wp-content\/uploads\/sites\/2\/2021\/03\/Video-generel-53-2.jpg","type":"image\/jpeg"}],"twitter_card":"summary_large_image","twitter_misc":{"Written by":"Patrick Hesselb\u00e6k","Est. reading time":"1 minute"},"schema":{"@context":"https:\/\/schema.org","@graph":[{"@type":"Organization","@id":"https:\/\/acefootball.com\/da\/#organization","name":"Ace Football","url":"https:\/\/acefootball.com\/da\/","sameAs":["https:\/\/www.facebook.com\/acefootballdk"],"logo":{"@type":"ImageObject","@id":"https:\/\/acefootball.com\/da\/#logo","inLanguage":"en-US","url":"https:\/\/acefootball.com\/da\/wp-content\/uploads\/sites\/2\/2020\/07\/Ace-Football-30-07-2020-2.png","contentUrl":"https:\/\/acefootball.com\/da\/wp-content\/uploads\/sites\/2\/2020\/07\/Ace-Football-30-07-2020-2.png","width":1200,"height":600,"caption":"Ace Football"},"image":{"@id":"https:\/\/acefootball.com\/da\/#logo"}},{"@type":"WebSite","@id":"https:\/\/acefootball.com\/da\/#website","url":"https:\/\/acefootball.com\/da\/","name":"Ace Football Danmark","description":"Nyheder, Spiltips &amp; Livescore","publisher":{"@id":"https:\/\/acefootball.com\/da\/#organization"},"potentialAction":[{"@type":"SearchAction","target":{"@type":"EntryPoint","urlTemplate":"https:\/\/acefootball.com\/da\/?s={search_term_string}"},"query-input":"required name=search_term_string"}],"inLanguage":"en-US"},{"@type":"ImageObject","@id":"https:\/\/acefootball.com\/da\/fodboldnyheder\/se-videoen-her-iskold-kasper-fisker-naegter-at-udtale-wilczeks-navn\/#primaryimage","inLanguage":"en-US","url":"https:\/\/acefootball.com\/da\/wp-content\/uploads\/sites\/2\/2021\/03\/Video-generel-53-2.jpg","contentUrl":"https:\/\/acefootball.com\/da\/wp-content\/uploads\/sites\/2\/2021\/03\/Video-generel-53-2.jpg","width":1920,"height":1008,"caption":"BRONDBY, DENMARK - JULY 22: Kasper Fisker of Brondby IF celebrate with the fans after playing his last home game for the club after the Danish 3F Superliga match between Brondby IF and FC Midtjylland at Brondby Stadion on July 22, 2020 in Brondby, Denmark. (Photo by Lars Ronbog \/ FrontZoneSport via Getty Images)"},{"@type":"WebPage","@id":"https:\/\/acefootball.com\/da\/fodboldnyheder\/se-videoen-her-iskold-kasper-fisker-naegter-at-udtale-wilczeks-navn\/#webpage","url":"https:\/\/acefootball.com\/da\/fodboldnyheder\/se-videoen-her-iskold-kasper-fisker-naegter-at-udtale-wilczeks-navn\/","name":"Se videoen her: Iskold Kasper Fisker n\u00e6gter at udtale Wilczeks navn","isPartOf":{"@id":"https:\/\/acefootball.com\/da\/#website"},"primaryImageOfPage":{"@id":"https:\/\/acefootball.com\/da\/fodboldnyheder\/se-videoen-her-iskold-kasper-fisker-naegter-at-udtale-wilczeks-navn\/#primaryimage"},"datePublished":"2021-03-29T13:35:52+00:00","dateModified":"2021-03-29T13:45:14+00:00","description":"Kasper Fisker var med i dagens udgave af podcasten Fodbold FM, og noget tyder p\u00e5, at han stadig ikke har tilgivet, Kamil Wilczek skiftede til FC K\u00f8benhavn","breadcrumb":{"@id":"https:\/\/acefootball.com\/da\/fodboldnyheder\/se-videoen-her-iskold-kasper-fisker-naegter-at-udtale-wilczeks-navn\/#breadcrumb"},"inLanguage":"en-US","potentialAction":[{"@type":"ReadAction","target":["https:\/\/acefootball.com\/da\/fodboldnyheder\/se-videoen-her-iskold-kasper-fisker-naegter-at-udtale-wilczeks-navn\/"]}]},{"@type":"BreadcrumbList","@id":"https:\/\/acefootball.com\/da\/fodboldnyheder\/se-videoen-her-iskold-kasper-fisker-naegter-at-udtale-wilczeks-navn\/#breadcrumb","itemListElement":[{"@type":"ListItem","position":1,"name":"Home","item":"https:\/\/acefootball.com\/da\/"},{"@type":"ListItem","position":2,"name":"Se videoen her: Iskold Kasper Fisker n\u00e6gter at udtale Wilczeks navn"}]},{"@type":"Article","@id":"https:\/\/acefootball.com\/da\/fodboldnyheder\/se-videoen-her-iskold-kasper-fisker-naegter-at-udtale-wilczeks-navn\/#article","isPartOf":{"@id":"https:\/\/acefootball.com\/da\/fodboldnyheder\/se-videoen-her-iskold-kasper-fisker-naegter-at-udtale-wilczeks-navn\/#webpage"},"author":{"@id":"https:\/\/acefootball.com\/da\/#\/schema\/person\/fd6223a1c033400b41da7853ddf88c84"},"headline":"Se videoen her: Iskold Kasper Fisker n\u00e6gter at udtale Wilczeks navn","datePublished":"2021-03-29T13:35:52+00:00","dateModified":"2021-03-29T13:45:14+00:00","mainEntityOfPage":{"@id":"https:\/\/acefootball.com\/da\/fodboldnyheder\/se-videoen-her-iskold-kasper-fisker-naegter-at-udtale-wilczeks-navn\/#webpage"},"wordCount":174,"commentCount":0,"publisher":{"@id":"https:\/\/acefootball.com\/da\/#organization"},"image":{"@id":"https:\/\/acefootball.com\/da\/fodboldnyheder\/se-videoen-her-iskold-kasper-fisker-naegter-at-udtale-wilczeks-navn\/#primaryimage"},"thumbnailUrl":"https:\/\/acefootball.com\/da\/wp-content\/uploads\/sites\/2\/2021\/03\/GettyImages-1227740701.jpg","keywords":["Br\u00f8ndby IF","Kamil Wilczek","Kasper Fisker","Superligaen"],"articleSection":["Video"],"inLanguage":"en-US","potentialAction":[{"@type":"CommentAction","name":"Comment","target":["https:\/\/acefootball.com\/da\/fodboldnyheder\/se-videoen-her-iskold-kasper-fisker-naegter-at-udtale-wilczeks-navn\/#respond"]}]},{"@type":"Person","@id":"https:\/\/acefootball.com\/da\/#\/schema\/person\/fd6223a1c033400b41da7853ddf88c84","name":"Patrick Hesselb\u00e6k","image":{"@type":"ImageObject","@id":"https:\/\/acefootball.com\/da\/#personlogo","inLanguage":"en-US","url":"https:\/\/secure.gravatar.com\/avatar\/7919060992759bffbffb199d6cbdce6f?s=96&d=mm&r=g","contentUrl":"https:\/\/secure.gravatar.com\/avatar\/7919060992759bffbffb199d6cbdce6f?s=96&d=mm&r=g","caption":"Patrick Hesselb\u00e6k"},"description":"Redakt\u00f8r p\u00e5 den danske Ace Football-redaktion. Uddannet i kommunikation fra Aalborg Universitet. Prim\u00e6rt fokus p\u00e5 den danske 3F Superliga og de st\u00f8rste europ\u00e6iske turneringer.","sameAs":["https:\/\/www.linkedin.com\/in\/patrick-hesselbk-2a4b1711a\/"],"url":"https:\/\/acefootball.com\/da\/fodboldnyheder\/author\/patrickhesselbaek\/"}]}},"fimg_url":"https:\/\/acefootball.com\/da\/wp-content\/uploads\/sites\/2\/2021\/03\/GettyImages-1227740701.jpg","_links":{"self":[{"href":"https:\/\/acefootball.com\/da\/wp-json\/wp\/v2\/posts\/256093"}],"collection":[{"href":"https:\/\/acefootball.com\/da\/wp-json\/wp\/v2\/posts"}],"about":[{"href":"https:\/\/acefootball.com\/da\/wp-json\/wp\/v2\/types\/post"}],"author":[{"embeddable":true,"href":"https:\/\/acefootball.com\/da\/wp-json\/wp\/v2\/users\/74"}],"replies":[{"embeddable":true,"href":"https:\/\/acefootball.com\/da\/wp-json\/wp\/v2\/comments?post=256093"}],"version-history":[{"count":0,"href":"https:\/\/acefootball.com\/da\/wp-json\/wp\/v2\/posts\/256093\/revisions"}],"wp:featuredmedia":[{"embeddable":true,"href":"https:\/\/acefootball.com\/da\/wp-json\/wp\/v2\/media\/256094"}],"wp:attachment":[{"href":"https:\/\/acefootball.com\/da\/wp-json\/wp\/v2\/media?parent=256093"}],"wp:term":[{"taxonomy":"category","embeddable":true,"href":"https:\/\/acefootball.com\/da\/wp-json\/wp\/v2\/categories?post=256093"},{"taxonomy":"post_tag","embeddable":true,"href":"https:\/\/acefootball.com\/da\/wp-json\/wp\/v2\/tags?post=256093"}],"curies":[{"name":"wp","href":"https:\/\/api.w.org\/{rel}","templated":true}]}}