{"id":256052,"date":"2021-03-29T10:15:47","date_gmt":"2021-03-29T08:15:47","guid":{"rendered":"https:\/\/acefootball.com\/da\/?p=256052"},"modified":"2021-03-29T10:15:48","modified_gmt":"2021-03-29T08:15:48","slug":"belgisk-medie-storroser-broendby-duo-derfor-vil-brugge-have-dem","status":"publish","type":"post","link":"https:\/\/acefootball.com\/da\/fodboldnyheder\/belgisk-medie-storroser-broendby-duo-derfor-vil-brugge-have-dem\/","title":{"rendered":"Belgisk medie storroser Br\u00f8ndby-duo: Derfor vil Br\u00fcgge have dem"},"content":{"rendered":"\n<h2 id=\"h-rygterne-der-k-der-br-ndby-duoen-jesper-lindstr-m-og-morten-frendrup-sammen-med-club-br-gge-forts-tter-nu-roser-belgisk-medie-de-to-talenter\">Rygterne der k\u00e6der Br\u00f8ndby-duoen Jesper Lindstr\u00f8m og Morten Frendrup sammen med Club Br\u00fcgge forts\u00e6tter. Nu roser belgisk medie de to talenter<\/h2>\n\n\n\n<p>Jesper Lindstr\u00f8m og Morten Frendrup er p\u00e5 det seneste blevet k\u00e6det sammen med belgiske Club Br\u00fcgge, og det er i den grad noget der skrives om i de belgiske medier.<\/p>\n\n\n\n<figure class=\"wp-block-embed is-type-wp-embed is-provider-ace-football-danmark wp-block-embed-ace-football-danmark\"><div class=\"wp-block-embed__wrapper\">\n<blockquote class=\"wp-embedded-content\" data-secret=\"ugBS2lJSYj\"><a href=\"https:\/\/acefootball.com\/da\/fodboldnyheder\/medie-belgisk-klub-vil-slaa-transferrekord-for-jesper-lindstroem\/\">Medie: Belgisk klub vil sl\u00e5 transferrekord for Jesper Lindstr\u00f8m<\/a><\/blockquote><iframe class=\"wp-embedded-content\" sandbox=\"allow-scripts\" security=\"restricted\" style=\"position: absolute; clip: rect(1px, 1px, 1px, 1px);\" title=\"&#8220;Medie: Belgisk klub vil sl\u00e5 transferrekord for Jesper Lindstr\u00f8m&#8221; &#8212; Ace Football Danmark\" src=\"https:\/\/acefootball.com\/da\/fodboldnyheder\/medie-belgisk-klub-vil-slaa-transferrekord-for-jesper-lindstroem\/embed\/#?secret=ugBS2lJSYj\" data-secret=\"ugBS2lJSYj\" width=\"600\" height=\"338\" frameborder=\"0\" marginwidth=\"0\" marginheight=\"0\" scrolling=\"no\"><\/iframe>\n<\/div><\/figure>\n\n\n\n<p>Belgierne skulle have lagt en ny transferstrategi, der handler om at fokusere p\u00e5 unge spillere, og her skulle de to Br\u00f8ndby-talenter alts\u00e5 passe perfekt ind.<\/p>\n\n\n\n<p>Det belgiske medie <a href=\"https:\/\/www.voetbalnieuws.be\/news\/589659\/club-brugge-bereidt-groots-transferoffensief-voor\" target=\"_blank\" rel=\"noreferrer noopener\">VoetbalNieuws <\/a>har taget Br\u00f8ndby-duoen under luppen, og de har positive ting at berette om Lindstr\u00f8m og Frendrup:<\/p>\n\n\n\n<p>&#8220;Vi beh\u00f8ver ikke at researche s\u00e5 meget for at se Lindstr\u00f8ms styrker. Hans mange m\u00e5l og assists vidner om skarphed, p\u00e5g\u00e5enhed og tilstedev\u00e6relse. Den 22-\u00e5rige bidrager ogs\u00e5 med en masse dybdel\u00f8b, hvor han str\u00e6kker modstanderens hold, og s\u00e5 er Lindstr\u00f8m yderst k\u00f8lig i feltet. De eneste forbehold er hans defensive arbejde, ligesom at han kan bygge p\u00e5 fysisk,&#8221; skriver mediet og kaster blikket p\u00e5 Frendrup:<\/p>\n\n\n\n<p>&#8220;Som en ankermand er det defensive omr\u00e5de helt klart hans styrke. P\u00e5 trods af sine kun 19 \u00e5r, fremst\u00e5r han aldeles moden og rolig. Frendrup tager oftest de rette beslutninger, og kan bevare hovedet koldt i pressede situationer. Hans spilforst\u00e5else er ligeledes p\u00e5 et utroligt h\u00f8jt niveau, s\u00e5 med disse kvaliteter ville en profil som ham passe godt ind i Club Br\u00fcgge,&#8221; slutter mediet.<\/p>\n\n\n\n<p>Club Br\u00fcgge skulle dog v\u00e6re havnet i nogle problemer, der kan besv\u00e6rligg\u00f8re indk\u00f8bene af Br\u00f8ndby-duoen. L\u00e6s mere om det herunder:<\/p>\n\n\n\n<figure class=\"wp-block-embed is-type-wp-embed is-provider-ace-football-danmark wp-block-embed-ace-football-danmark\"><div class=\"wp-block-embed__wrapper\">\n<blockquote class=\"wp-embedded-content\" data-secret=\"1dcwZAF7s7\"><a href=\"https:\/\/acefootball.com\/da\/fodboldnyheder\/var-klar-med-millioner-for-broendby-kometer-nu-er-der-problemer\/\">Var klar med millioner for Br\u00f8ndby-kometer: Nu er der problemer<\/a><\/blockquote><iframe class=\"wp-embedded-content\" sandbox=\"allow-scripts\" security=\"restricted\" style=\"position: absolute; clip: rect(1px, 1px, 1px, 1px);\" title=\"&#8220;Var klar med millioner for Br\u00f8ndby-kometer: Nu er der problemer&#8221; &#8212; Ace Football Danmark\" src=\"https:\/\/acefootball.com\/da\/fodboldnyheder\/var-klar-med-millioner-for-broendby-kometer-nu-er-der-problemer\/embed\/#?secret=1dcwZAF7s7\" data-secret=\"1dcwZAF7s7\" width=\"600\" height=\"338\" frameborder=\"0\" marginwidth=\"0\" marginheight=\"0\" scrolling=\"no\"><\/iframe>\n<\/div><\/figure>\n","protected":false},"excerpt":{"rendered":"<p>Rygterne der k\u00e6der Br\u00f8ndby-duoen Jesper Lindstr\u00f8m og Morten Frendrup sammen med Club Br\u00fcgge forts\u00e6tter. Nu roser belgisk medie de to talenter<\/p>\n","protected":false},"author":43,"featured_media":255674,"comment_status":"open","ping_status":"closed","sticky":false,"template":"","format":"standard","meta":{"om_disable_all_campaigns":false,"push_articles_ronaldo":{"active":false,"canonical":0,"publish":false},"force_updates":null},"categories":[1],"tags":[53,785,7164,2208],"enet_tags":{"team":["8595","8342"],"player":["958335","921543"],"sport_events":[]},"yoast_head":"<!-- This site is optimized with the Yoast SEO plugin v18.3 - https:\/\/yoast.com\/wordpress\/plugins\/seo\/ -->\n<title>Belgisk medie storroser Br\u00f8ndby-duo: Derfor vil Br\u00fcgge have dem<\/title>\n<meta name=\"description\" content=\"Rygterne der k\u00e6der Br\u00f8ndby-duoen Jesper Lindstr\u00f8m og Morten Frendrup sammen med Club Br\u00fcgge forts\u00e6tter. Nu roser belgisk medie de to talenter\" \/>\n<meta name=\"robots\" content=\"index, follow, max-snippet:-1, max-image-preview:large, max-video-preview:-1\" \/>\n<link rel=\"canonical\" href=\"https:\/\/acefootball.com\/da\/fodboldnyheder\/belgisk-medie-storroser-broendby-duo-derfor-vil-brugge-have-dem\/\" \/>\n<meta property=\"og:locale\" content=\"en_US\" \/>\n<meta property=\"og:type\" content=\"article\" \/>\n<meta property=\"og:title\" content=\"Belgisk medie storroser Br\u00f8ndby-duo: Derfor vil Br\u00fcgge have dem\" \/>\n<meta property=\"og:description\" content=\"Rygterne der k\u00e6der Br\u00f8ndby-duoen Jesper Lindstr\u00f8m og Morten Frendrup sammen med Club Br\u00fcgge forts\u00e6tter. Nu roser belgisk medie de to talenter\" \/>\n<meta property=\"og:url\" content=\"https:\/\/acefootball.com\/da\/fodboldnyheder\/belgisk-medie-storroser-broendby-duo-derfor-vil-brugge-have-dem\/\" \/>\n<meta property=\"og:site_name\" content=\"Ace Football Danmark\" \/>\n<meta property=\"article:publisher\" content=\"https:\/\/www.facebook.com\/acefootballdk\" \/>\n<meta property=\"article:published_time\" content=\"2021-03-29T08:15:47+00:00\" \/>\n<meta property=\"article:modified_time\" content=\"2021-03-29T08:15:48+00:00\" \/>\n<meta property=\"og:image\" content=\"https:\/\/acefootball.com\/da\/wp-content\/uploads\/sites\/2\/2021\/03\/Brondby-2021-03-29T101516.178.jpg\" \/>\n\t<meta property=\"og:image:width\" content=\"1920\" \/>\n\t<meta property=\"og:image:height\" content=\"1008\" \/>\n\t<meta property=\"og:image:type\" content=\"image\/jpeg\" \/>\n<meta name=\"twitter:card\" content=\"summary_large_image\" \/>\n<meta name=\"twitter:label1\" content=\"Written by\" \/>\n\t<meta name=\"twitter:data1\" content=\"Mikki M\u00f8ller-Iversen\" \/>\n\t<meta name=\"twitter:label2\" content=\"Est. reading time\" \/>\n\t<meta name=\"twitter:data2\" content=\"2 minutes\" \/>\n<script type=\"application\/ld+json\" class=\"yoast-schema-graph\">{\"@context\":\"https:\/\/schema.org\",\"@graph\":[{\"@type\":\"Organization\",\"@id\":\"https:\/\/acefootball.com\/da\/#organization\",\"name\":\"Ace Football\",\"url\":\"https:\/\/acefootball.com\/da\/\",\"sameAs\":[\"https:\/\/www.facebook.com\/acefootballdk\"],\"logo\":{\"@type\":\"ImageObject\",\"@id\":\"https:\/\/acefootball.com\/da\/#logo\",\"inLanguage\":\"en-US\",\"url\":\"https:\/\/acefootball.com\/da\/wp-content\/uploads\/sites\/2\/2020\/07\/Ace-Football-30-07-2020-2.png\",\"contentUrl\":\"https:\/\/acefootball.com\/da\/wp-content\/uploads\/sites\/2\/2020\/07\/Ace-Football-30-07-2020-2.png\",\"width\":1200,\"height\":600,\"caption\":\"Ace Football\"},\"image\":{\"@id\":\"https:\/\/acefootball.com\/da\/#logo\"}},{\"@type\":\"WebSite\",\"@id\":\"https:\/\/acefootball.com\/da\/#website\",\"url\":\"https:\/\/acefootball.com\/da\/\",\"name\":\"Ace Football Danmark\",\"description\":\"Nyheder, Spiltips &amp; Livescore\",\"publisher\":{\"@id\":\"https:\/\/acefootball.com\/da\/#organization\"},\"potentialAction\":[{\"@type\":\"SearchAction\",\"target\":{\"@type\":\"EntryPoint\",\"urlTemplate\":\"https:\/\/acefootball.com\/da\/?s={search_term_string}\"},\"query-input\":\"required name=search_term_string\"}],\"inLanguage\":\"en-US\"},{\"@type\":\"ImageObject\",\"@id\":\"https:\/\/acefootball.com\/da\/fodboldnyheder\/belgisk-medie-storroser-broendby-duo-derfor-vil-brugge-have-dem\/#primaryimage\",\"inLanguage\":\"en-US\",\"url\":\"https:\/\/acefootball.com\/da\/wp-content\/uploads\/sites\/2\/2021\/03\/Brondby-2021-03-29T101516.178.jpg\",\"contentUrl\":\"https:\/\/acefootball.com\/da\/wp-content\/uploads\/sites\/2\/2021\/03\/Brondby-2021-03-29T101516.178.jpg\",\"width\":1920,\"height\":1008},{\"@type\":\"WebPage\",\"@id\":\"https:\/\/acefootball.com\/da\/fodboldnyheder\/belgisk-medie-storroser-broendby-duo-derfor-vil-brugge-have-dem\/#webpage\",\"url\":\"https:\/\/acefootball.com\/da\/fodboldnyheder\/belgisk-medie-storroser-broendby-duo-derfor-vil-brugge-have-dem\/\",\"name\":\"Belgisk medie storroser Br\u00f8ndby-duo: Derfor vil Br\u00fcgge have dem\",\"isPartOf\":{\"@id\":\"https:\/\/acefootball.com\/da\/#website\"},\"primaryImageOfPage\":{\"@id\":\"https:\/\/acefootball.com\/da\/fodboldnyheder\/belgisk-medie-storroser-broendby-duo-derfor-vil-brugge-have-dem\/#primaryimage\"},\"datePublished\":\"2021-03-29T08:15:47+00:00\",\"dateModified\":\"2021-03-29T08:15:48+00:00\",\"description\":\"Rygterne der k\u00e6der Br\u00f8ndby-duoen Jesper Lindstr\u00f8m og Morten Frendrup sammen med Club Br\u00fcgge forts\u00e6tter. Nu roser belgisk medie de to talenter\",\"breadcrumb\":{\"@id\":\"https:\/\/acefootball.com\/da\/fodboldnyheder\/belgisk-medie-storroser-broendby-duo-derfor-vil-brugge-have-dem\/#breadcrumb\"},\"inLanguage\":\"en-US\",\"potentialAction\":[{\"@type\":\"ReadAction\",\"target\":[\"https:\/\/acefootball.com\/da\/fodboldnyheder\/belgisk-medie-storroser-broendby-duo-derfor-vil-brugge-have-dem\/\"]}]},{\"@type\":\"BreadcrumbList\",\"@id\":\"https:\/\/acefootball.com\/da\/fodboldnyheder\/belgisk-medie-storroser-broendby-duo-derfor-vil-brugge-have-dem\/#breadcrumb\",\"itemListElement\":[{\"@type\":\"ListItem\",\"position\":1,\"name\":\"Home\",\"item\":\"https:\/\/acefootball.com\/da\/\"},{\"@type\":\"ListItem\",\"position\":2,\"name\":\"Belgisk medie storroser Br\u00f8ndby-duo: Derfor vil Br\u00fcgge have dem\"}]},{\"@type\":\"Article\",\"@id\":\"https:\/\/acefootball.com\/da\/fodboldnyheder\/belgisk-medie-storroser-broendby-duo-derfor-vil-brugge-have-dem\/#article\",\"isPartOf\":{\"@id\":\"https:\/\/acefootball.com\/da\/fodboldnyheder\/belgisk-medie-storroser-broendby-duo-derfor-vil-brugge-have-dem\/#webpage\"},\"author\":{\"@id\":\"https:\/\/acefootball.com\/da\/#\/schema\/person\/017c0abe4a8e92938220bf6c097dda93\"},\"headline\":\"Belgisk medie storroser Br\u00f8ndby-duo: Derfor vil Br\u00fcgge have dem\",\"datePublished\":\"2021-03-29T08:15:47+00:00\",\"dateModified\":\"2021-03-29T08:15:48+00:00\",\"mainEntityOfPage\":{\"@id\":\"https:\/\/acefootball.com\/da\/fodboldnyheder\/belgisk-medie-storroser-broendby-duo-derfor-vil-brugge-have-dem\/#webpage\"},\"wordCount\":301,\"commentCount\":0,\"publisher\":{\"@id\":\"https:\/\/acefootball.com\/da\/#organization\"},\"image\":{\"@id\":\"https:\/\/acefootball.com\/da\/fodboldnyheder\/belgisk-medie-storroser-broendby-duo-derfor-vil-brugge-have-dem\/#primaryimage\"},\"thumbnailUrl\":\"https:\/\/acefootball.com\/da\/wp-content\/uploads\/sites\/2\/2021\/03\/GettyImages-1231311811-2.jpg\",\"keywords\":[\"Br\u00f8ndby IF\",\"Club Br\u00fcgge\",\"Jesper Lindstr\u00f8m\",\"Morten Frendrup\"],\"articleSection\":[\"Nyhed\"],\"inLanguage\":\"en-US\",\"potentialAction\":[{\"@type\":\"CommentAction\",\"name\":\"Comment\",\"target\":[\"https:\/\/acefootball.com\/da\/fodboldnyheder\/belgisk-medie-storroser-broendby-duo-derfor-vil-brugge-have-dem\/#respond\"]}]},{\"@type\":\"Person\",\"@id\":\"https:\/\/acefootball.com\/da\/#\/schema\/person\/017c0abe4a8e92938220bf6c097dda93\",\"name\":\"Mikki M\u00f8ller-Iversen\",\"image\":{\"@type\":\"ImageObject\",\"@id\":\"https:\/\/acefootball.com\/da\/#personlogo\",\"inLanguage\":\"en-US\",\"url\":\"https:\/\/secure.gravatar.com\/avatar\/e05b419e8b5ae5fcf516800181b96aa2?s=96&d=mm&r=g\",\"contentUrl\":\"https:\/\/secure.gravatar.com\/avatar\/e05b419e8b5ae5fcf516800181b96aa2?s=96&d=mm&r=g\",\"caption\":\"Mikki M\u00f8ller-Iversen\"},\"description\":\"Social Media Manager and writer at Ace Football. Main focus on Danish football and special stories.\",\"sameAs\":[\"https:\/\/www.linkedin.com\/in\/mikki-mller-iversen-26a3a689\/\"],\"url\":\"https:\/\/acefootball.com\/da\/fodboldnyheder\/author\/mmironaldo\/\"}]}<\/script>\n<!-- \/ Yoast SEO plugin. -->","yoast_head_json":{"title":"Belgisk medie storroser Br\u00f8ndby-duo: Derfor vil Br\u00fcgge have dem","description":"Rygterne der k\u00e6der Br\u00f8ndby-duoen Jesper Lindstr\u00f8m og Morten Frendrup sammen med Club Br\u00fcgge forts\u00e6tter. Nu roser belgisk medie de to talenter","robots":{"index":"index","follow":"follow","max-snippet":"max-snippet:-1","max-image-preview":"max-image-preview:large","max-video-preview":"max-video-preview:-1"},"canonical":"https:\/\/acefootball.com\/da\/fodboldnyheder\/belgisk-medie-storroser-broendby-duo-derfor-vil-brugge-have-dem\/","og_locale":"en_US","og_type":"article","og_title":"Belgisk medie storroser Br\u00f8ndby-duo: Derfor vil Br\u00fcgge have dem","og_description":"Rygterne der k\u00e6der Br\u00f8ndby-duoen Jesper Lindstr\u00f8m og Morten Frendrup sammen med Club Br\u00fcgge forts\u00e6tter. Nu roser belgisk medie de to talenter","og_url":"https:\/\/acefootball.com\/da\/fodboldnyheder\/belgisk-medie-storroser-broendby-duo-derfor-vil-brugge-have-dem\/","og_site_name":"Ace Football Danmark","article_publisher":"https:\/\/www.facebook.com\/acefootballdk","article_published_time":"2021-03-29T08:15:47+00:00","article_modified_time":"2021-03-29T08:15:48+00:00","og_image":[{"width":1920,"height":1008,"url":"https:\/\/acefootball.com\/da\/wp-content\/uploads\/sites\/2\/2021\/03\/Brondby-2021-03-29T101516.178.jpg","type":"image\/jpeg"}],"twitter_card":"summary_large_image","twitter_misc":{"Written by":"Mikki M\u00f8ller-Iversen","Est. reading time":"2 minutes"},"schema":{"@context":"https:\/\/schema.org","@graph":[{"@type":"Organization","@id":"https:\/\/acefootball.com\/da\/#organization","name":"Ace Football","url":"https:\/\/acefootball.com\/da\/","sameAs":["https:\/\/www.facebook.com\/acefootballdk"],"logo":{"@type":"ImageObject","@id":"https:\/\/acefootball.com\/da\/#logo","inLanguage":"en-US","url":"https:\/\/acefootball.com\/da\/wp-content\/uploads\/sites\/2\/2020\/07\/Ace-Football-30-07-2020-2.png","contentUrl":"https:\/\/acefootball.com\/da\/wp-content\/uploads\/sites\/2\/2020\/07\/Ace-Football-30-07-2020-2.png","width":1200,"height":600,"caption":"Ace Football"},"image":{"@id":"https:\/\/acefootball.com\/da\/#logo"}},{"@type":"WebSite","@id":"https:\/\/acefootball.com\/da\/#website","url":"https:\/\/acefootball.com\/da\/","name":"Ace Football Danmark","description":"Nyheder, Spiltips &amp; Livescore","publisher":{"@id":"https:\/\/acefootball.com\/da\/#organization"},"potentialAction":[{"@type":"SearchAction","target":{"@type":"EntryPoint","urlTemplate":"https:\/\/acefootball.com\/da\/?s={search_term_string}"},"query-input":"required name=search_term_string"}],"inLanguage":"en-US"},{"@type":"ImageObject","@id":"https:\/\/acefootball.com\/da\/fodboldnyheder\/belgisk-medie-storroser-broendby-duo-derfor-vil-brugge-have-dem\/#primaryimage","inLanguage":"en-US","url":"https:\/\/acefootball.com\/da\/wp-content\/uploads\/sites\/2\/2021\/03\/Brondby-2021-03-29T101516.178.jpg","contentUrl":"https:\/\/acefootball.com\/da\/wp-content\/uploads\/sites\/2\/2021\/03\/Brondby-2021-03-29T101516.178.jpg","width":1920,"height":1008},{"@type":"WebPage","@id":"https:\/\/acefootball.com\/da\/fodboldnyheder\/belgisk-medie-storroser-broendby-duo-derfor-vil-brugge-have-dem\/#webpage","url":"https:\/\/acefootball.com\/da\/fodboldnyheder\/belgisk-medie-storroser-broendby-duo-derfor-vil-brugge-have-dem\/","name":"Belgisk medie storroser Br\u00f8ndby-duo: Derfor vil Br\u00fcgge have dem","isPartOf":{"@id":"https:\/\/acefootball.com\/da\/#website"},"primaryImageOfPage":{"@id":"https:\/\/acefootball.com\/da\/fodboldnyheder\/belgisk-medie-storroser-broendby-duo-derfor-vil-brugge-have-dem\/#primaryimage"},"datePublished":"2021-03-29T08:15:47+00:00","dateModified":"2021-03-29T08:15:48+00:00","description":"Rygterne der k\u00e6der Br\u00f8ndby-duoen Jesper Lindstr\u00f8m og Morten Frendrup sammen med Club Br\u00fcgge forts\u00e6tter. Nu roser belgisk medie de to talenter","breadcrumb":{"@id":"https:\/\/acefootball.com\/da\/fodboldnyheder\/belgisk-medie-storroser-broendby-duo-derfor-vil-brugge-have-dem\/#breadcrumb"},"inLanguage":"en-US","potentialAction":[{"@type":"ReadAction","target":["https:\/\/acefootball.com\/da\/fodboldnyheder\/belgisk-medie-storroser-broendby-duo-derfor-vil-brugge-have-dem\/"]}]},{"@type":"BreadcrumbList","@id":"https:\/\/acefootball.com\/da\/fodboldnyheder\/belgisk-medie-storroser-broendby-duo-derfor-vil-brugge-have-dem\/#breadcrumb","itemListElement":[{"@type":"ListItem","position":1,"name":"Home","item":"https:\/\/acefootball.com\/da\/"},{"@type":"ListItem","position":2,"name":"Belgisk medie storroser Br\u00f8ndby-duo: Derfor vil Br\u00fcgge have dem"}]},{"@type":"Article","@id":"https:\/\/acefootball.com\/da\/fodboldnyheder\/belgisk-medie-storroser-broendby-duo-derfor-vil-brugge-have-dem\/#article","isPartOf":{"@id":"https:\/\/acefootball.com\/da\/fodboldnyheder\/belgisk-medie-storroser-broendby-duo-derfor-vil-brugge-have-dem\/#webpage"},"author":{"@id":"https:\/\/acefootball.com\/da\/#\/schema\/person\/017c0abe4a8e92938220bf6c097dda93"},"headline":"Belgisk medie storroser Br\u00f8ndby-duo: Derfor vil Br\u00fcgge have dem","datePublished":"2021-03-29T08:15:47+00:00","dateModified":"2021-03-29T08:15:48+00:00","mainEntityOfPage":{"@id":"https:\/\/acefootball.com\/da\/fodboldnyheder\/belgisk-medie-storroser-broendby-duo-derfor-vil-brugge-have-dem\/#webpage"},"wordCount":301,"commentCount":0,"publisher":{"@id":"https:\/\/acefootball.com\/da\/#organization"},"image":{"@id":"https:\/\/acefootball.com\/da\/fodboldnyheder\/belgisk-medie-storroser-broendby-duo-derfor-vil-brugge-have-dem\/#primaryimage"},"thumbnailUrl":"https:\/\/acefootball.com\/da\/wp-content\/uploads\/sites\/2\/2021\/03\/GettyImages-1231311811-2.jpg","keywords":["Br\u00f8ndby IF","Club Br\u00fcgge","Jesper Lindstr\u00f8m","Morten Frendrup"],"articleSection":["Nyhed"],"inLanguage":"en-US","potentialAction":[{"@type":"CommentAction","name":"Comment","target":["https:\/\/acefootball.com\/da\/fodboldnyheder\/belgisk-medie-storroser-broendby-duo-derfor-vil-brugge-have-dem\/#respond"]}]},{"@type":"Person","@id":"https:\/\/acefootball.com\/da\/#\/schema\/person\/017c0abe4a8e92938220bf6c097dda93","name":"Mikki M\u00f8ller-Iversen","image":{"@type":"ImageObject","@id":"https:\/\/acefootball.com\/da\/#personlogo","inLanguage":"en-US","url":"https:\/\/secure.gravatar.com\/avatar\/e05b419e8b5ae5fcf516800181b96aa2?s=96&d=mm&r=g","contentUrl":"https:\/\/secure.gravatar.com\/avatar\/e05b419e8b5ae5fcf516800181b96aa2?s=96&d=mm&r=g","caption":"Mikki M\u00f8ller-Iversen"},"description":"Social Media Manager and writer at Ace Football. Main focus on Danish football and special stories.","sameAs":["https:\/\/www.linkedin.com\/in\/mikki-mller-iversen-26a3a689\/"],"url":"https:\/\/acefootball.com\/da\/fodboldnyheder\/author\/mmironaldo\/"}]}},"fimg_url":"https:\/\/acefootball.com\/da\/wp-content\/uploads\/sites\/2\/2021\/03\/GettyImages-1231311811-2.jpg","_links":{"self":[{"href":"https:\/\/acefootball.com\/da\/wp-json\/wp\/v2\/posts\/256052"}],"collection":[{"href":"https:\/\/acefootball.com\/da\/wp-json\/wp\/v2\/posts"}],"about":[{"href":"https:\/\/acefootball.com\/da\/wp-json\/wp\/v2\/types\/post"}],"author":[{"embeddable":true,"href":"https:\/\/acefootball.com\/da\/wp-json\/wp\/v2\/users\/43"}],"replies":[{"embeddable":true,"href":"https:\/\/acefootball.com\/da\/wp-json\/wp\/v2\/comments?post=256052"}],"version-history":[{"count":0,"href":"https:\/\/acefootball.com\/da\/wp-json\/wp\/v2\/posts\/256052\/revisions"}],"wp:featuredmedia":[{"embeddable":true,"href":"https:\/\/acefootball.com\/da\/wp-json\/wp\/v2\/media\/255674"}],"wp:attachment":[{"href":"https:\/\/acefootball.com\/da\/wp-json\/wp\/v2\/media?parent=256052"}],"wp:term":[{"taxonomy":"category","embeddable":true,"href":"https:\/\/acefootball.com\/da\/wp-json\/wp\/v2\/categories?post=256052"},{"taxonomy":"post_tag","embeddable":true,"href":"https:\/\/acefootball.com\/da\/wp-json\/wp\/v2\/tags?post=256052"}],"curies":[{"name":"wp","href":"https:\/\/api.w.org\/{rel}","templated":true}]}}