{"id":256002,"date":"2021-03-28T16:34:05","date_gmt":"2021-03-28T14:34:05","guid":{"rendered":"https:\/\/acefootball.com\/da\/?p=256002"},"modified":"2021-03-28T16:34:06","modified_gmt":"2021-03-28T14:34:06","slug":"dansk-protest-stiller-op-i-specielle-troejer","status":"publish","type":"post","link":"https:\/\/acefootball.com\/da\/fodboldnyheder\/dansk-protest-stiller-op-i-specielle-troejer\/","title":{"rendered":"Dansk protest: Stiller op i specielle tr\u00f8jer"},"content":{"rendered":"\n<h2 id=\"h-dbu-meddeler-at-de-danske-landsholdsspillere-vil-v-re-if-rt-en-protesttr-je-til-dagens-landskamp-mod-moldova\">DBU meddeler, at de danske landsholdsspillere vil v\u00e6re if\u00f8rt en protesttr\u00f8je til dagens landskamp mod Moldova<\/h2>\n\n\n\n<p>Det blev l\u00f8rdag meddelt, at DBU og det danske landshold ville ytre deres mening om arbejdsforholdene i Qatar til s\u00f8ndagens VM-kvalkamp mod Moldova.<\/p>\n\n\n\n<p>Det blev dog ikke afsl\u00f8ret, hvilken form for protest, man ville lave, men nu l\u00f8fter DBU sl\u00f8ret for planen.<\/p>\n\n\n\n<p>De startende danskere vil s\u00e5ledes v\u00e6re if\u00f8rt en tr\u00f8je med en endnu ukendt tekst, og de 11 tr\u00f8jer vil efterf\u00f8lgende blive sat til salg for at samle penge ind til de udsatte migrantarbejdere i Qatar.<\/p>\n\n\n\n<figure class=\"wp-block-embed is-type-rich is-provider-twitter wp-block-embed-twitter\"><div class=\"wp-block-embed__wrapper\">\n<blockquote class=\"twitter-tweet\" data-width=\"550\" data-dnt=\"true\"><p lang=\"da\" dir=\"ltr\">Herrelandsholdet viser ved aftenens VM-kval-kamp mod Moldova protest over menneskerettigheder forhold i Qatar. <br><br>Derfor vil spillerne b\u00e6re specielle tr\u00f8jer, som vil blive sat til salg. Indt\u00e6gter g\u00e5r til migrantarbejderne <a href=\"https:\/\/twitter.com\/hashtag\/ForDanmark?src=hash&amp;ref_src=twsrc%5Etfw\">#ForDanmark<\/a> <a href=\"https:\/\/twitter.com\/hashtag\/DenMol?src=hash&amp;ref_src=twsrc%5Etfw\">#DenMol<\/a> <a href=\"https:\/\/t.co\/oQhsCcm34D\">pic.twitter.com\/oQhsCcm34D<\/a><\/p>&mdash; Fodboldlandsholdene \ud83c\udde9\ud83c\uddf0 (@dbulandshold) <a href=\"https:\/\/twitter.com\/dbulandshold\/status\/1376173230852083716?ref_src=twsrc%5Etfw\">March 28, 2021<\/a><\/blockquote><script async src=\"https:\/\/platform.twitter.com\/widgets.js\" charset=\"utf-8\"><\/script>\n<\/div><\/figure>\n\n\n\n<p>&#8220;Vi er alle imod de kritisable forhold i Qatar, b\u00e5de DBU og spillerne. Vi er stolte over, at spillerne vil vise deres holdninger sammen med landshold fra andre lande, og at det kan v\u00e6re med til at skaffe penge til migrantarbejderne og deres p\u00e5r\u00f8rende. Vi er i dialog med Amnesty om, hvordan vi bedst f\u00e5r pengene helt ud til arbejderne og deres familier,&#8221; udtaler DBU-chef Jakob Jensen.<\/p>\n\n\n\n<p>Den danske protest er arrangeret i samarbejde med det hollandske landshold. Det ventes, at flere nationer tilslutter sig kampagnen.<\/p>\n","protected":false},"excerpt":{"rendered":"<p>DBU meddeler, at de danske landsholdsspillere vil v\u00e6re if\u00f8rt en protesttr\u00f8je til dagens landskamp mod Moldova<\/p>\n","protected":false},"author":705,"featured_media":255662,"comment_status":"open","ping_status":"closed","sticky":false,"template":"","format":"standard","meta":{"om_disable_all_campaigns":false,"push_articles_ronaldo":{"active":false,"canonical":0,"publish":false},"force_updates":null},"categories":[1],"tags":[692],"enet_tags":{"team":["8238"],"sport_events":[]},"yoast_head":"<!-- This site is optimized with the Yoast SEO plugin v18.3 - https:\/\/yoast.com\/wordpress\/plugins\/seo\/ -->\n<title>Dansk protest: Stiller op i specielle tr\u00f8jer<\/title>\n<meta name=\"description\" content=\"DBU meddeler, at de danske landsholdsspillere vil v\u00e6re if\u00f8rt en protesttr\u00f8je til dagens landskamp mod Moldova\" \/>\n<meta name=\"robots\" content=\"index, follow, max-snippet:-1, max-image-preview:large, max-video-preview:-1\" \/>\n<link rel=\"canonical\" href=\"https:\/\/acefootball.com\/da\/fodboldnyheder\/dansk-protest-stiller-op-i-specielle-troejer\/\" \/>\n<meta property=\"og:locale\" content=\"en_US\" \/>\n<meta property=\"og:type\" content=\"article\" \/>\n<meta property=\"og:title\" content=\"Dansk protest: Stiller op i specielle tr\u00f8jer\" \/>\n<meta property=\"og:description\" content=\"DBU meddeler, at de danske landsholdsspillere vil v\u00e6re if\u00f8rt en protesttr\u00f8je til dagens landskamp mod Moldova\" \/>\n<meta property=\"og:url\" content=\"https:\/\/acefootball.com\/da\/fodboldnyheder\/dansk-protest-stiller-op-i-specielle-troejer\/\" \/>\n<meta property=\"og:site_name\" content=\"Ace Football Danmark\" \/>\n<meta property=\"article:publisher\" content=\"https:\/\/www.facebook.com\/acefootballdk\" \/>\n<meta property=\"article:published_time\" content=\"2021-03-28T14:34:05+00:00\" \/>\n<meta property=\"article:modified_time\" content=\"2021-03-28T14:34:06+00:00\" \/>\n<meta property=\"og:image\" content=\"https:\/\/acefootball.com\/da\/wp-content\/uploads\/sites\/2\/2021\/03\/Laes-mere-generel-2021-03-28T163331.344.jpg\" \/>\n\t<meta property=\"og:image:width\" content=\"1920\" \/>\n\t<meta property=\"og:image:height\" content=\"1008\" \/>\n\t<meta property=\"og:image:type\" content=\"image\/jpeg\" \/>\n<meta name=\"twitter:card\" content=\"summary_large_image\" \/>\n<meta name=\"twitter:label1\" content=\"Written by\" \/>\n\t<meta name=\"twitter:data1\" content=\"Mads Dreyer\" \/>\n\t<meta name=\"twitter:label2\" content=\"Est. reading time\" \/>\n\t<meta name=\"twitter:data2\" content=\"1 minute\" \/>\n<script type=\"application\/ld+json\" class=\"yoast-schema-graph\">{\"@context\":\"https:\/\/schema.org\",\"@graph\":[{\"@type\":\"Organization\",\"@id\":\"https:\/\/acefootball.com\/da\/#organization\",\"name\":\"Ace Football\",\"url\":\"https:\/\/acefootball.com\/da\/\",\"sameAs\":[\"https:\/\/www.facebook.com\/acefootballdk\"],\"logo\":{\"@type\":\"ImageObject\",\"@id\":\"https:\/\/acefootball.com\/da\/#logo\",\"inLanguage\":\"en-US\",\"url\":\"https:\/\/acefootball.com\/da\/wp-content\/uploads\/sites\/2\/2020\/07\/Ace-Football-30-07-2020-2.png\",\"contentUrl\":\"https:\/\/acefootball.com\/da\/wp-content\/uploads\/sites\/2\/2020\/07\/Ace-Football-30-07-2020-2.png\",\"width\":1200,\"height\":600,\"caption\":\"Ace Football\"},\"image\":{\"@id\":\"https:\/\/acefootball.com\/da\/#logo\"}},{\"@type\":\"WebSite\",\"@id\":\"https:\/\/acefootball.com\/da\/#website\",\"url\":\"https:\/\/acefootball.com\/da\/\",\"name\":\"Ace Football Danmark\",\"description\":\"Nyheder, Spiltips &amp; Livescore\",\"publisher\":{\"@id\":\"https:\/\/acefootball.com\/da\/#organization\"},\"potentialAction\":[{\"@type\":\"SearchAction\",\"target\":{\"@type\":\"EntryPoint\",\"urlTemplate\":\"https:\/\/acefootball.com\/da\/?s={search_term_string}\"},\"query-input\":\"required name=search_term_string\"}],\"inLanguage\":\"en-US\"},{\"@type\":\"ImageObject\",\"@id\":\"https:\/\/acefootball.com\/da\/fodboldnyheder\/dansk-protest-stiller-op-i-specielle-troejer\/#primaryimage\",\"inLanguage\":\"en-US\",\"url\":\"https:\/\/acefootball.com\/da\/wp-content\/uploads\/sites\/2\/2021\/03\/Laes-mere-generel-2021-03-28T163331.344.jpg\",\"contentUrl\":\"https:\/\/acefootball.com\/da\/wp-content\/uploads\/sites\/2\/2021\/03\/Laes-mere-generel-2021-03-28T163331.344.jpg\",\"width\":1920,\"height\":1008,\"caption\":\"danmark\"},{\"@type\":\"WebPage\",\"@id\":\"https:\/\/acefootball.com\/da\/fodboldnyheder\/dansk-protest-stiller-op-i-specielle-troejer\/#webpage\",\"url\":\"https:\/\/acefootball.com\/da\/fodboldnyheder\/dansk-protest-stiller-op-i-specielle-troejer\/\",\"name\":\"Dansk protest: Stiller op i specielle tr\u00f8jer\",\"isPartOf\":{\"@id\":\"https:\/\/acefootball.com\/da\/#website\"},\"primaryImageOfPage\":{\"@id\":\"https:\/\/acefootball.com\/da\/fodboldnyheder\/dansk-protest-stiller-op-i-specielle-troejer\/#primaryimage\"},\"datePublished\":\"2021-03-28T14:34:05+00:00\",\"dateModified\":\"2021-03-28T14:34:06+00:00\",\"description\":\"DBU meddeler, at de danske landsholdsspillere vil v\u00e6re if\u00f8rt en protesttr\u00f8je til dagens landskamp mod Moldova\",\"breadcrumb\":{\"@id\":\"https:\/\/acefootball.com\/da\/fodboldnyheder\/dansk-protest-stiller-op-i-specielle-troejer\/#breadcrumb\"},\"inLanguage\":\"en-US\",\"potentialAction\":[{\"@type\":\"ReadAction\",\"target\":[\"https:\/\/acefootball.com\/da\/fodboldnyheder\/dansk-protest-stiller-op-i-specielle-troejer\/\"]}]},{\"@type\":\"BreadcrumbList\",\"@id\":\"https:\/\/acefootball.com\/da\/fodboldnyheder\/dansk-protest-stiller-op-i-specielle-troejer\/#breadcrumb\",\"itemListElement\":[{\"@type\":\"ListItem\",\"position\":1,\"name\":\"Home\",\"item\":\"https:\/\/acefootball.com\/da\/\"},{\"@type\":\"ListItem\",\"position\":2,\"name\":\"Dansk protest: Stiller op i specielle tr\u00f8jer\"}]},{\"@type\":\"Article\",\"@id\":\"https:\/\/acefootball.com\/da\/fodboldnyheder\/dansk-protest-stiller-op-i-specielle-troejer\/#article\",\"isPartOf\":{\"@id\":\"https:\/\/acefootball.com\/da\/fodboldnyheder\/dansk-protest-stiller-op-i-specielle-troejer\/#webpage\"},\"author\":{\"@id\":\"https:\/\/acefootball.com\/da\/#\/schema\/person\/ee67e9cf04a276f144100ffa722f10cd\"},\"headline\":\"Dansk protest: Stiller op i specielle tr\u00f8jer\",\"datePublished\":\"2021-03-28T14:34:05+00:00\",\"dateModified\":\"2021-03-28T14:34:06+00:00\",\"mainEntityOfPage\":{\"@id\":\"https:\/\/acefootball.com\/da\/fodboldnyheder\/dansk-protest-stiller-op-i-specielle-troejer\/#webpage\"},\"wordCount\":210,\"commentCount\":0,\"publisher\":{\"@id\":\"https:\/\/acefootball.com\/da\/#organization\"},\"image\":{\"@id\":\"https:\/\/acefootball.com\/da\/fodboldnyheder\/dansk-protest-stiller-op-i-specielle-troejer\/#primaryimage\"},\"thumbnailUrl\":\"https:\/\/acefootball.com\/da\/wp-content\/uploads\/sites\/2\/2021\/03\/GettyImages-989034346.jpg\",\"keywords\":[\"Danmark\"],\"articleSection\":[\"Nyhed\"],\"inLanguage\":\"en-US\",\"potentialAction\":[{\"@type\":\"CommentAction\",\"name\":\"Comment\",\"target\":[\"https:\/\/acefootball.com\/da\/fodboldnyheder\/dansk-protest-stiller-op-i-specielle-troejer\/#respond\"]}]},{\"@type\":\"Person\",\"@id\":\"https:\/\/acefootball.com\/da\/#\/schema\/person\/ee67e9cf04a276f144100ffa722f10cd\",\"name\":\"Mads Dreyer\",\"image\":{\"@type\":\"ImageObject\",\"@id\":\"https:\/\/acefootball.com\/da\/#personlogo\",\"inLanguage\":\"en-US\",\"url\":\"https:\/\/secure.gravatar.com\/avatar\/7c7abf72cfde9902b6a60efe60c88d4c?s=96&d=mm&r=g\",\"contentUrl\":\"https:\/\/secure.gravatar.com\/avatar\/7c7abf72cfde9902b6a60efe60c88d4c?s=96&d=mm&r=g\",\"caption\":\"Mads Dreyer\"},\"description\":\"Skribent og fodboldn\u00f8rd, der lige nu fort\u00e6ller om alt og intet i fodboldverdenen p\u00e5 acefootball.com. Uddannet i kommunikation fra Aalborg Universitet.\",\"sameAs\":[\"https:\/\/www.linkedin.com\/in\/mads-dreyer-b9b08266\/\"],\"url\":\"https:\/\/acefootball.com\/da\/fodboldnyheder\/author\/mdnronaldo\/\"}]}<\/script>\n<!-- \/ Yoast SEO plugin. -->","yoast_head_json":{"title":"Dansk protest: Stiller op i specielle tr\u00f8jer","description":"DBU meddeler, at de danske landsholdsspillere vil v\u00e6re if\u00f8rt en protesttr\u00f8je til dagens landskamp mod Moldova","robots":{"index":"index","follow":"follow","max-snippet":"max-snippet:-1","max-image-preview":"max-image-preview:large","max-video-preview":"max-video-preview:-1"},"canonical":"https:\/\/acefootball.com\/da\/fodboldnyheder\/dansk-protest-stiller-op-i-specielle-troejer\/","og_locale":"en_US","og_type":"article","og_title":"Dansk protest: Stiller op i specielle tr\u00f8jer","og_description":"DBU meddeler, at de danske landsholdsspillere vil v\u00e6re if\u00f8rt en protesttr\u00f8je til dagens landskamp mod Moldova","og_url":"https:\/\/acefootball.com\/da\/fodboldnyheder\/dansk-protest-stiller-op-i-specielle-troejer\/","og_site_name":"Ace Football Danmark","article_publisher":"https:\/\/www.facebook.com\/acefootballdk","article_published_time":"2021-03-28T14:34:05+00:00","article_modified_time":"2021-03-28T14:34:06+00:00","og_image":[{"width":1920,"height":1008,"url":"https:\/\/acefootball.com\/da\/wp-content\/uploads\/sites\/2\/2021\/03\/Laes-mere-generel-2021-03-28T163331.344.jpg","type":"image\/jpeg"}],"twitter_card":"summary_large_image","twitter_misc":{"Written by":"Mads Dreyer","Est. reading time":"1 minute"},"schema":{"@context":"https:\/\/schema.org","@graph":[{"@type":"Organization","@id":"https:\/\/acefootball.com\/da\/#organization","name":"Ace Football","url":"https:\/\/acefootball.com\/da\/","sameAs":["https:\/\/www.facebook.com\/acefootballdk"],"logo":{"@type":"ImageObject","@id":"https:\/\/acefootball.com\/da\/#logo","inLanguage":"en-US","url":"https:\/\/acefootball.com\/da\/wp-content\/uploads\/sites\/2\/2020\/07\/Ace-Football-30-07-2020-2.png","contentUrl":"https:\/\/acefootball.com\/da\/wp-content\/uploads\/sites\/2\/2020\/07\/Ace-Football-30-07-2020-2.png","width":1200,"height":600,"caption":"Ace Football"},"image":{"@id":"https:\/\/acefootball.com\/da\/#logo"}},{"@type":"WebSite","@id":"https:\/\/acefootball.com\/da\/#website","url":"https:\/\/acefootball.com\/da\/","name":"Ace Football Danmark","description":"Nyheder, Spiltips &amp; Livescore","publisher":{"@id":"https:\/\/acefootball.com\/da\/#organization"},"potentialAction":[{"@type":"SearchAction","target":{"@type":"EntryPoint","urlTemplate":"https:\/\/acefootball.com\/da\/?s={search_term_string}"},"query-input":"required name=search_term_string"}],"inLanguage":"en-US"},{"@type":"ImageObject","@id":"https:\/\/acefootball.com\/da\/fodboldnyheder\/dansk-protest-stiller-op-i-specielle-troejer\/#primaryimage","inLanguage":"en-US","url":"https:\/\/acefootball.com\/da\/wp-content\/uploads\/sites\/2\/2021\/03\/Laes-mere-generel-2021-03-28T163331.344.jpg","contentUrl":"https:\/\/acefootball.com\/da\/wp-content\/uploads\/sites\/2\/2021\/03\/Laes-mere-generel-2021-03-28T163331.344.jpg","width":1920,"height":1008,"caption":"danmark"},{"@type":"WebPage","@id":"https:\/\/acefootball.com\/da\/fodboldnyheder\/dansk-protest-stiller-op-i-specielle-troejer\/#webpage","url":"https:\/\/acefootball.com\/da\/fodboldnyheder\/dansk-protest-stiller-op-i-specielle-troejer\/","name":"Dansk protest: Stiller op i specielle tr\u00f8jer","isPartOf":{"@id":"https:\/\/acefootball.com\/da\/#website"},"primaryImageOfPage":{"@id":"https:\/\/acefootball.com\/da\/fodboldnyheder\/dansk-protest-stiller-op-i-specielle-troejer\/#primaryimage"},"datePublished":"2021-03-28T14:34:05+00:00","dateModified":"2021-03-28T14:34:06+00:00","description":"DBU meddeler, at de danske landsholdsspillere vil v\u00e6re if\u00f8rt en protesttr\u00f8je til dagens landskamp mod Moldova","breadcrumb":{"@id":"https:\/\/acefootball.com\/da\/fodboldnyheder\/dansk-protest-stiller-op-i-specielle-troejer\/#breadcrumb"},"inLanguage":"en-US","potentialAction":[{"@type":"ReadAction","target":["https:\/\/acefootball.com\/da\/fodboldnyheder\/dansk-protest-stiller-op-i-specielle-troejer\/"]}]},{"@type":"BreadcrumbList","@id":"https:\/\/acefootball.com\/da\/fodboldnyheder\/dansk-protest-stiller-op-i-specielle-troejer\/#breadcrumb","itemListElement":[{"@type":"ListItem","position":1,"name":"Home","item":"https:\/\/acefootball.com\/da\/"},{"@type":"ListItem","position":2,"name":"Dansk protest: Stiller op i specielle tr\u00f8jer"}]},{"@type":"Article","@id":"https:\/\/acefootball.com\/da\/fodboldnyheder\/dansk-protest-stiller-op-i-specielle-troejer\/#article","isPartOf":{"@id":"https:\/\/acefootball.com\/da\/fodboldnyheder\/dansk-protest-stiller-op-i-specielle-troejer\/#webpage"},"author":{"@id":"https:\/\/acefootball.com\/da\/#\/schema\/person\/ee67e9cf04a276f144100ffa722f10cd"},"headline":"Dansk protest: Stiller op i specielle tr\u00f8jer","datePublished":"2021-03-28T14:34:05+00:00","dateModified":"2021-03-28T14:34:06+00:00","mainEntityOfPage":{"@id":"https:\/\/acefootball.com\/da\/fodboldnyheder\/dansk-protest-stiller-op-i-specielle-troejer\/#webpage"},"wordCount":210,"commentCount":0,"publisher":{"@id":"https:\/\/acefootball.com\/da\/#organization"},"image":{"@id":"https:\/\/acefootball.com\/da\/fodboldnyheder\/dansk-protest-stiller-op-i-specielle-troejer\/#primaryimage"},"thumbnailUrl":"https:\/\/acefootball.com\/da\/wp-content\/uploads\/sites\/2\/2021\/03\/GettyImages-989034346.jpg","keywords":["Danmark"],"articleSection":["Nyhed"],"inLanguage":"en-US","potentialAction":[{"@type":"CommentAction","name":"Comment","target":["https:\/\/acefootball.com\/da\/fodboldnyheder\/dansk-protest-stiller-op-i-specielle-troejer\/#respond"]}]},{"@type":"Person","@id":"https:\/\/acefootball.com\/da\/#\/schema\/person\/ee67e9cf04a276f144100ffa722f10cd","name":"Mads Dreyer","image":{"@type":"ImageObject","@id":"https:\/\/acefootball.com\/da\/#personlogo","inLanguage":"en-US","url":"https:\/\/secure.gravatar.com\/avatar\/7c7abf72cfde9902b6a60efe60c88d4c?s=96&d=mm&r=g","contentUrl":"https:\/\/secure.gravatar.com\/avatar\/7c7abf72cfde9902b6a60efe60c88d4c?s=96&d=mm&r=g","caption":"Mads Dreyer"},"description":"Skribent og fodboldn\u00f8rd, der lige nu fort\u00e6ller om alt og intet i fodboldverdenen p\u00e5 acefootball.com. Uddannet i kommunikation fra Aalborg Universitet.","sameAs":["https:\/\/www.linkedin.com\/in\/mads-dreyer-b9b08266\/"],"url":"https:\/\/acefootball.com\/da\/fodboldnyheder\/author\/mdnronaldo\/"}]}},"fimg_url":"https:\/\/acefootball.com\/da\/wp-content\/uploads\/sites\/2\/2021\/03\/GettyImages-989034346.jpg","_links":{"self":[{"href":"https:\/\/acefootball.com\/da\/wp-json\/wp\/v2\/posts\/256002"}],"collection":[{"href":"https:\/\/acefootball.com\/da\/wp-json\/wp\/v2\/posts"}],"about":[{"href":"https:\/\/acefootball.com\/da\/wp-json\/wp\/v2\/types\/post"}],"author":[{"embeddable":true,"href":"https:\/\/acefootball.com\/da\/wp-json\/wp\/v2\/users\/705"}],"replies":[{"embeddable":true,"href":"https:\/\/acefootball.com\/da\/wp-json\/wp\/v2\/comments?post=256002"}],"version-history":[{"count":0,"href":"https:\/\/acefootball.com\/da\/wp-json\/wp\/v2\/posts\/256002\/revisions"}],"wp:featuredmedia":[{"embeddable":true,"href":"https:\/\/acefootball.com\/da\/wp-json\/wp\/v2\/media\/255662"}],"wp:attachment":[{"href":"https:\/\/acefootball.com\/da\/wp-json\/wp\/v2\/media?parent=256002"}],"wp:term":[{"taxonomy":"category","embeddable":true,"href":"https:\/\/acefootball.com\/da\/wp-json\/wp\/v2\/categories?post=256002"},{"taxonomy":"post_tag","embeddable":true,"href":"https:\/\/acefootball.com\/da\/wp-json\/wp\/v2\/tags?post=256002"}],"curies":[{"name":"wp","href":"https:\/\/api.w.org\/{rel}","templated":true}]}}