{"id":255884,"date":"2021-03-27T14:05:50","date_gmt":"2021-03-27T13:05:50","guid":{"rendered":"https:\/\/acefootball.com\/da\/?p=255884"},"modified":"2021-03-27T14:05:51","modified_gmt":"2021-03-27T13:05:51","slug":"medie-real-madrid-vil-ikke-have-ronaldo-retur","status":"publish","type":"post","link":"https:\/\/acefootball.com\/da\/fodboldnyheder\/medie-real-madrid-vil-ikke-have-ronaldo-retur\/","title":{"rendered":"Medie: Real Madrid vil ikke have Ronaldo retur"},"content":{"rendered":"\n<h2 id=\"h-if-lge-marca-har-real-madrid-ingen-planer-om-at-fors-ge-at-lokke-cristiano-ronaldo-tilbage-til-la-liga-denne-sommer\">If\u00f8lge Marca har Real Madrid ingen planer om at fors\u00f8ge at lokke Cristiano Ronaldo tilbage til La Liga denne sommer<\/h2>\n\n\n\n<p>Der har den seneste tid v\u00e6ret masser af skriverier om Cristiano Ronaldos fremtid, som mange mener kan ligge v\u00e6k fra Juventus.<\/p>\n\n\n\n<p>S\u00e6rligt et skifte til Real Madrid har v\u00e6ret n\u00e6vnt som en mulighed, og det lyder heller ikke til, at Zinedine Zidane ville v\u00e6re ked af at f\u00e5 portugiseren tilbage i folden ud fra franskmandens seneste kommentarer.<\/p>\n\n\n\n<p>Men ledelsen i Real Madrid er angiveligt ikke helt s\u00e5 lun p\u00e5 id\u00e9en. Det skriver det spanske medie <a href=\"https:\/\/www.marca.com\/en\/football\/real-madrid\/2021\/03\/27\/605f12bb268e3e6a1e8b45ee.html\" target=\"_blank\" rel=\"noreferrer noopener\">Marca<\/a>.<\/p>\n\n\n\n<figure class=\"wp-block-embed is-type-wp-embed is-provider-ace-football-danmark wp-block-embed-ace-football-danmark\"><div class=\"wp-block-embed__wrapper\">\n<blockquote class=\"wp-embedded-content\" data-secret=\"7T4soxiTMc\"><a href=\"https:\/\/acefootball.com\/da\/fodboldnyheder\/stikpille-til-ronaldo-han-taenker-kun-paa-maal-og-rekorder\/\">Stikpille til Ronaldo: Han t\u00e6nker kun p\u00e5 m\u00e5l og rekorder<\/a><\/blockquote><iframe class=\"wp-embedded-content\" sandbox=\"allow-scripts\" security=\"restricted\" style=\"position: absolute; clip: rect(1px, 1px, 1px, 1px);\" title=\"&#8220;Stikpille til Ronaldo: Han t\u00e6nker kun p\u00e5 m\u00e5l og rekorder&#8221; &#8212; Ace Football Danmark\" src=\"https:\/\/acefootball.com\/da\/fodboldnyheder\/stikpille-til-ronaldo-han-taenker-kun-paa-maal-og-rekorder\/embed\/#?secret=7T4soxiTMc\" data-secret=\"7T4soxiTMc\" width=\"600\" height=\"338\" frameborder=\"0\" marginwidth=\"0\" marginheight=\"0\" scrolling=\"no\"><\/iframe>\n<\/div><\/figure>\n\n\n\n<p>If\u00f8lge avisen passer hovedstadsklubben godt p\u00e5 sine penge. Prioriteten er at bruge, hvad man har, p\u00e5 yngre kr\u00e6fter som Erling H\u00e5land og Kylian Mbapp\u00e9, der kan bidrage til det generationsskifte, klubben st\u00e5r over for.<\/p>\n\n\n\n<p>Ronaldos agent Jorge Mendes skulle dog allerede have tilbudt sin klient til Real Madrid. Juventus&#8217; pris skulle ligge p\u00e5 omkring 185 millioner kroner.<\/p>\n","protected":false},"excerpt":{"rendered":"<p>If\u00f8lge Marca har Real Madrid ingen planer om at fors\u00f8ge at lokke Cristiano Ronaldo tilbage til La Liga denne sommer<\/p>\n","protected":false},"author":705,"featured_media":252888,"comment_status":"open","ping_status":"closed","sticky":false,"template":"","format":"standard","meta":{"om_disable_all_campaigns":false,"push_articles_ronaldo":{"active":false,"canonical":0,"publish":false},"force_updates":null},"categories":[7],"tags":[357,65,303,85,131],"enet_tags":{"player":["30893"],"team":["9885","8633"],"league":["87","55"],"sport_events":[]},"yoast_head":"<!-- This site is optimized with the Yoast SEO plugin v18.3 - https:\/\/yoast.com\/wordpress\/plugins\/seo\/ -->\n<title>Medie: Real Madrid vil ikke have Ronaldo retur<\/title>\n<meta name=\"description\" content=\"If\u00f8lge Marca har Real Madrid ingen planer om at fors\u00f8ge at lokke Cristiano Ronaldo tilbage til La Liga denne sommer\" \/>\n<meta name=\"robots\" content=\"index, follow, max-snippet:-1, max-image-preview:large, max-video-preview:-1\" \/>\n<link rel=\"canonical\" href=\"https:\/\/acefootball.com\/da\/fodboldnyheder\/medie-real-madrid-vil-ikke-have-ronaldo-retur\/\" \/>\n<meta property=\"og:locale\" content=\"en_US\" \/>\n<meta property=\"og:type\" content=\"article\" \/>\n<meta property=\"og:title\" content=\"Medie: Real Madrid vil ikke have Ronaldo retur\" \/>\n<meta property=\"og:description\" content=\"If\u00f8lge Marca har Real Madrid ingen planer om at fors\u00f8ge at lokke Cristiano Ronaldo tilbage til La Liga denne sommer\" \/>\n<meta property=\"og:url\" content=\"https:\/\/acefootball.com\/da\/fodboldnyheder\/medie-real-madrid-vil-ikke-have-ronaldo-retur\/\" \/>\n<meta property=\"og:site_name\" content=\"Ace Football Danmark\" \/>\n<meta property=\"article:publisher\" content=\"https:\/\/www.facebook.com\/acefootballdk\" \/>\n<meta property=\"article:published_time\" content=\"2021-03-27T13:05:50+00:00\" \/>\n<meta property=\"article:modified_time\" content=\"2021-03-27T13:05:51+00:00\" \/>\n<meta property=\"og:image\" content=\"https:\/\/acefootball.com\/da\/wp-content\/uploads\/sites\/2\/2021\/02\/GettyImages-1231330895.jpg\" \/>\n\t<meta property=\"og:image:width\" content=\"1024\" \/>\n\t<meta property=\"og:image:height\" content=\"619\" \/>\n\t<meta property=\"og:image:type\" content=\"image\/jpeg\" \/>\n<meta name=\"twitter:card\" content=\"summary_large_image\" \/>\n<meta name=\"twitter:label1\" content=\"Written by\" \/>\n\t<meta name=\"twitter:data1\" content=\"Mads Dreyer\" \/>\n\t<meta name=\"twitter:label2\" content=\"Est. reading time\" \/>\n\t<meta name=\"twitter:data2\" content=\"1 minute\" \/>\n<script type=\"application\/ld+json\" class=\"yoast-schema-graph\">{\"@context\":\"https:\/\/schema.org\",\"@graph\":[{\"@type\":\"Organization\",\"@id\":\"https:\/\/acefootball.com\/da\/#organization\",\"name\":\"Ace Football\",\"url\":\"https:\/\/acefootball.com\/da\/\",\"sameAs\":[\"https:\/\/www.facebook.com\/acefootballdk\"],\"logo\":{\"@type\":\"ImageObject\",\"@id\":\"https:\/\/acefootball.com\/da\/#logo\",\"inLanguage\":\"en-US\",\"url\":\"https:\/\/acefootball.com\/da\/wp-content\/uploads\/sites\/2\/2020\/07\/Ace-Football-30-07-2020-2.png\",\"contentUrl\":\"https:\/\/acefootball.com\/da\/wp-content\/uploads\/sites\/2\/2020\/07\/Ace-Football-30-07-2020-2.png\",\"width\":1200,\"height\":600,\"caption\":\"Ace Football\"},\"image\":{\"@id\":\"https:\/\/acefootball.com\/da\/#logo\"}},{\"@type\":\"WebSite\",\"@id\":\"https:\/\/acefootball.com\/da\/#website\",\"url\":\"https:\/\/acefootball.com\/da\/\",\"name\":\"Ace Football Danmark\",\"description\":\"Nyheder, Spiltips &amp; Livescore\",\"publisher\":{\"@id\":\"https:\/\/acefootball.com\/da\/#organization\"},\"potentialAction\":[{\"@type\":\"SearchAction\",\"target\":{\"@type\":\"EntryPoint\",\"urlTemplate\":\"https:\/\/acefootball.com\/da\/?s={search_term_string}\"},\"query-input\":\"required name=search_term_string\"}],\"inLanguage\":\"en-US\"},{\"@type\":\"ImageObject\",\"@id\":\"https:\/\/acefootball.com\/da\/fodboldnyheder\/medie-real-madrid-vil-ikke-have-ronaldo-retur\/#primaryimage\",\"inLanguage\":\"en-US\",\"url\":\"https:\/\/acefootball.com\/da\/wp-content\/uploads\/sites\/2\/2021\/02\/GettyImages-1231330895.jpg\",\"contentUrl\":\"https:\/\/acefootball.com\/da\/wp-content\/uploads\/sites\/2\/2021\/02\/GettyImages-1231330895.jpg\",\"width\":1024,\"height\":619,\"caption\":\"TURIN, ITALY - FEBRUARY 22: Cristiano Ronaldo of Juventus reacts during the Serie A match between Juventus and FC Crotone at Allianz Stadium on February 22, 2021 in Turin, Italy. Sporting stadiums around Italy remain under strict restrictions due to the Coronavirus Pandemic as Government social distancing laws prohibit fans inside venues resulting in games being played behind closed doors. (Photo by Chris Ricco\/Getty Images)\"},{\"@type\":\"WebPage\",\"@id\":\"https:\/\/acefootball.com\/da\/fodboldnyheder\/medie-real-madrid-vil-ikke-have-ronaldo-retur\/#webpage\",\"url\":\"https:\/\/acefootball.com\/da\/fodboldnyheder\/medie-real-madrid-vil-ikke-have-ronaldo-retur\/\",\"name\":\"Medie: Real Madrid vil ikke have Ronaldo retur\",\"isPartOf\":{\"@id\":\"https:\/\/acefootball.com\/da\/#website\"},\"primaryImageOfPage\":{\"@id\":\"https:\/\/acefootball.com\/da\/fodboldnyheder\/medie-real-madrid-vil-ikke-have-ronaldo-retur\/#primaryimage\"},\"datePublished\":\"2021-03-27T13:05:50+00:00\",\"dateModified\":\"2021-03-27T13:05:51+00:00\",\"description\":\"If\u00f8lge Marca har Real Madrid ingen planer om at fors\u00f8ge at lokke Cristiano Ronaldo tilbage til La Liga denne sommer\",\"breadcrumb\":{\"@id\":\"https:\/\/acefootball.com\/da\/fodboldnyheder\/medie-real-madrid-vil-ikke-have-ronaldo-retur\/#breadcrumb\"},\"inLanguage\":\"en-US\",\"potentialAction\":[{\"@type\":\"ReadAction\",\"target\":[\"https:\/\/acefootball.com\/da\/fodboldnyheder\/medie-real-madrid-vil-ikke-have-ronaldo-retur\/\"]}]},{\"@type\":\"BreadcrumbList\",\"@id\":\"https:\/\/acefootball.com\/da\/fodboldnyheder\/medie-real-madrid-vil-ikke-have-ronaldo-retur\/#breadcrumb\",\"itemListElement\":[{\"@type\":\"ListItem\",\"position\":1,\"name\":\"Home\",\"item\":\"https:\/\/acefootball.com\/da\/\"},{\"@type\":\"ListItem\",\"position\":2,\"name\":\"Medie: Real Madrid vil ikke have Ronaldo retur\"}]},{\"@type\":\"Article\",\"@id\":\"https:\/\/acefootball.com\/da\/fodboldnyheder\/medie-real-madrid-vil-ikke-have-ronaldo-retur\/#article\",\"isPartOf\":{\"@id\":\"https:\/\/acefootball.com\/da\/fodboldnyheder\/medie-real-madrid-vil-ikke-have-ronaldo-retur\/#webpage\"},\"author\":{\"@id\":\"https:\/\/acefootball.com\/da\/#\/schema\/person\/ee67e9cf04a276f144100ffa722f10cd\"},\"headline\":\"Medie: Real Madrid vil ikke have Ronaldo retur\",\"datePublished\":\"2021-03-27T13:05:50+00:00\",\"dateModified\":\"2021-03-27T13:05:51+00:00\",\"mainEntityOfPage\":{\"@id\":\"https:\/\/acefootball.com\/da\/fodboldnyheder\/medie-real-madrid-vil-ikke-have-ronaldo-retur\/#webpage\"},\"wordCount\":179,\"commentCount\":0,\"publisher\":{\"@id\":\"https:\/\/acefootball.com\/da\/#organization\"},\"image\":{\"@id\":\"https:\/\/acefootball.com\/da\/fodboldnyheder\/medie-real-madrid-vil-ikke-have-ronaldo-retur\/#primaryimage\"},\"thumbnailUrl\":\"https:\/\/acefootball.com\/da\/wp-content\/uploads\/sites\/2\/2021\/02\/GettyImages-1231330895.jpg\",\"keywords\":[\"Cristiano Ronaldo\",\"Juventus\",\"La Liga\",\"Real Madrid\",\"Serie A\"],\"articleSection\":[\"Transfer\"],\"inLanguage\":\"en-US\",\"potentialAction\":[{\"@type\":\"CommentAction\",\"name\":\"Comment\",\"target\":[\"https:\/\/acefootball.com\/da\/fodboldnyheder\/medie-real-madrid-vil-ikke-have-ronaldo-retur\/#respond\"]}]},{\"@type\":\"Person\",\"@id\":\"https:\/\/acefootball.com\/da\/#\/schema\/person\/ee67e9cf04a276f144100ffa722f10cd\",\"name\":\"Mads Dreyer\",\"image\":{\"@type\":\"ImageObject\",\"@id\":\"https:\/\/acefootball.com\/da\/#personlogo\",\"inLanguage\":\"en-US\",\"url\":\"https:\/\/secure.gravatar.com\/avatar\/7c7abf72cfde9902b6a60efe60c88d4c?s=96&d=mm&r=g\",\"contentUrl\":\"https:\/\/secure.gravatar.com\/avatar\/7c7abf72cfde9902b6a60efe60c88d4c?s=96&d=mm&r=g\",\"caption\":\"Mads Dreyer\"},\"description\":\"Skribent og fodboldn\u00f8rd, der lige nu fort\u00e6ller om alt og intet i fodboldverdenen p\u00e5 acefootball.com. Uddannet i kommunikation fra Aalborg Universitet.\",\"sameAs\":[\"https:\/\/www.linkedin.com\/in\/mads-dreyer-b9b08266\/\"],\"url\":\"https:\/\/acefootball.com\/da\/fodboldnyheder\/author\/mdnronaldo\/\"}]}<\/script>\n<!-- \/ Yoast SEO plugin. -->","yoast_head_json":{"title":"Medie: Real Madrid vil ikke have Ronaldo retur","description":"If\u00f8lge Marca har Real Madrid ingen planer om at fors\u00f8ge at lokke Cristiano Ronaldo tilbage til La Liga denne sommer","robots":{"index":"index","follow":"follow","max-snippet":"max-snippet:-1","max-image-preview":"max-image-preview:large","max-video-preview":"max-video-preview:-1"},"canonical":"https:\/\/acefootball.com\/da\/fodboldnyheder\/medie-real-madrid-vil-ikke-have-ronaldo-retur\/","og_locale":"en_US","og_type":"article","og_title":"Medie: Real Madrid vil ikke have Ronaldo retur","og_description":"If\u00f8lge Marca har Real Madrid ingen planer om at fors\u00f8ge at lokke Cristiano Ronaldo tilbage til La Liga denne sommer","og_url":"https:\/\/acefootball.com\/da\/fodboldnyheder\/medie-real-madrid-vil-ikke-have-ronaldo-retur\/","og_site_name":"Ace Football Danmark","article_publisher":"https:\/\/www.facebook.com\/acefootballdk","article_published_time":"2021-03-27T13:05:50+00:00","article_modified_time":"2021-03-27T13:05:51+00:00","og_image":[{"width":1024,"height":619,"url":"https:\/\/acefootball.com\/da\/wp-content\/uploads\/sites\/2\/2021\/02\/GettyImages-1231330895.jpg","type":"image\/jpeg"}],"twitter_card":"summary_large_image","twitter_misc":{"Written by":"Mads Dreyer","Est. reading time":"1 minute"},"schema":{"@context":"https:\/\/schema.org","@graph":[{"@type":"Organization","@id":"https:\/\/acefootball.com\/da\/#organization","name":"Ace Football","url":"https:\/\/acefootball.com\/da\/","sameAs":["https:\/\/www.facebook.com\/acefootballdk"],"logo":{"@type":"ImageObject","@id":"https:\/\/acefootball.com\/da\/#logo","inLanguage":"en-US","url":"https:\/\/acefootball.com\/da\/wp-content\/uploads\/sites\/2\/2020\/07\/Ace-Football-30-07-2020-2.png","contentUrl":"https:\/\/acefootball.com\/da\/wp-content\/uploads\/sites\/2\/2020\/07\/Ace-Football-30-07-2020-2.png","width":1200,"height":600,"caption":"Ace Football"},"image":{"@id":"https:\/\/acefootball.com\/da\/#logo"}},{"@type":"WebSite","@id":"https:\/\/acefootball.com\/da\/#website","url":"https:\/\/acefootball.com\/da\/","name":"Ace Football Danmark","description":"Nyheder, Spiltips &amp; Livescore","publisher":{"@id":"https:\/\/acefootball.com\/da\/#organization"},"potentialAction":[{"@type":"SearchAction","target":{"@type":"EntryPoint","urlTemplate":"https:\/\/acefootball.com\/da\/?s={search_term_string}"},"query-input":"required name=search_term_string"}],"inLanguage":"en-US"},{"@type":"ImageObject","@id":"https:\/\/acefootball.com\/da\/fodboldnyheder\/medie-real-madrid-vil-ikke-have-ronaldo-retur\/#primaryimage","inLanguage":"en-US","url":"https:\/\/acefootball.com\/da\/wp-content\/uploads\/sites\/2\/2021\/02\/GettyImages-1231330895.jpg","contentUrl":"https:\/\/acefootball.com\/da\/wp-content\/uploads\/sites\/2\/2021\/02\/GettyImages-1231330895.jpg","width":1024,"height":619,"caption":"TURIN, ITALY - FEBRUARY 22: Cristiano Ronaldo of Juventus reacts during the Serie A match between Juventus and FC Crotone at Allianz Stadium on February 22, 2021 in Turin, Italy. Sporting stadiums around Italy remain under strict restrictions due to the Coronavirus Pandemic as Government social distancing laws prohibit fans inside venues resulting in games being played behind closed doors. (Photo by Chris Ricco\/Getty Images)"},{"@type":"WebPage","@id":"https:\/\/acefootball.com\/da\/fodboldnyheder\/medie-real-madrid-vil-ikke-have-ronaldo-retur\/#webpage","url":"https:\/\/acefootball.com\/da\/fodboldnyheder\/medie-real-madrid-vil-ikke-have-ronaldo-retur\/","name":"Medie: Real Madrid vil ikke have Ronaldo retur","isPartOf":{"@id":"https:\/\/acefootball.com\/da\/#website"},"primaryImageOfPage":{"@id":"https:\/\/acefootball.com\/da\/fodboldnyheder\/medie-real-madrid-vil-ikke-have-ronaldo-retur\/#primaryimage"},"datePublished":"2021-03-27T13:05:50+00:00","dateModified":"2021-03-27T13:05:51+00:00","description":"If\u00f8lge Marca har Real Madrid ingen planer om at fors\u00f8ge at lokke Cristiano Ronaldo tilbage til La Liga denne sommer","breadcrumb":{"@id":"https:\/\/acefootball.com\/da\/fodboldnyheder\/medie-real-madrid-vil-ikke-have-ronaldo-retur\/#breadcrumb"},"inLanguage":"en-US","potentialAction":[{"@type":"ReadAction","target":["https:\/\/acefootball.com\/da\/fodboldnyheder\/medie-real-madrid-vil-ikke-have-ronaldo-retur\/"]}]},{"@type":"BreadcrumbList","@id":"https:\/\/acefootball.com\/da\/fodboldnyheder\/medie-real-madrid-vil-ikke-have-ronaldo-retur\/#breadcrumb","itemListElement":[{"@type":"ListItem","position":1,"name":"Home","item":"https:\/\/acefootball.com\/da\/"},{"@type":"ListItem","position":2,"name":"Medie: Real Madrid vil ikke have Ronaldo retur"}]},{"@type":"Article","@id":"https:\/\/acefootball.com\/da\/fodboldnyheder\/medie-real-madrid-vil-ikke-have-ronaldo-retur\/#article","isPartOf":{"@id":"https:\/\/acefootball.com\/da\/fodboldnyheder\/medie-real-madrid-vil-ikke-have-ronaldo-retur\/#webpage"},"author":{"@id":"https:\/\/acefootball.com\/da\/#\/schema\/person\/ee67e9cf04a276f144100ffa722f10cd"},"headline":"Medie: Real Madrid vil ikke have Ronaldo retur","datePublished":"2021-03-27T13:05:50+00:00","dateModified":"2021-03-27T13:05:51+00:00","mainEntityOfPage":{"@id":"https:\/\/acefootball.com\/da\/fodboldnyheder\/medie-real-madrid-vil-ikke-have-ronaldo-retur\/#webpage"},"wordCount":179,"commentCount":0,"publisher":{"@id":"https:\/\/acefootball.com\/da\/#organization"},"image":{"@id":"https:\/\/acefootball.com\/da\/fodboldnyheder\/medie-real-madrid-vil-ikke-have-ronaldo-retur\/#primaryimage"},"thumbnailUrl":"https:\/\/acefootball.com\/da\/wp-content\/uploads\/sites\/2\/2021\/02\/GettyImages-1231330895.jpg","keywords":["Cristiano Ronaldo","Juventus","La Liga","Real Madrid","Serie A"],"articleSection":["Transfer"],"inLanguage":"en-US","potentialAction":[{"@type":"CommentAction","name":"Comment","target":["https:\/\/acefootball.com\/da\/fodboldnyheder\/medie-real-madrid-vil-ikke-have-ronaldo-retur\/#respond"]}]},{"@type":"Person","@id":"https:\/\/acefootball.com\/da\/#\/schema\/person\/ee67e9cf04a276f144100ffa722f10cd","name":"Mads Dreyer","image":{"@type":"ImageObject","@id":"https:\/\/acefootball.com\/da\/#personlogo","inLanguage":"en-US","url":"https:\/\/secure.gravatar.com\/avatar\/7c7abf72cfde9902b6a60efe60c88d4c?s=96&d=mm&r=g","contentUrl":"https:\/\/secure.gravatar.com\/avatar\/7c7abf72cfde9902b6a60efe60c88d4c?s=96&d=mm&r=g","caption":"Mads Dreyer"},"description":"Skribent og fodboldn\u00f8rd, der lige nu fort\u00e6ller om alt og intet i fodboldverdenen p\u00e5 acefootball.com. Uddannet i kommunikation fra Aalborg Universitet.","sameAs":["https:\/\/www.linkedin.com\/in\/mads-dreyer-b9b08266\/"],"url":"https:\/\/acefootball.com\/da\/fodboldnyheder\/author\/mdnronaldo\/"}]}},"fimg_url":"https:\/\/acefootball.com\/da\/wp-content\/uploads\/sites\/2\/2021\/02\/GettyImages-1231330895.jpg","_links":{"self":[{"href":"https:\/\/acefootball.com\/da\/wp-json\/wp\/v2\/posts\/255884"}],"collection":[{"href":"https:\/\/acefootball.com\/da\/wp-json\/wp\/v2\/posts"}],"about":[{"href":"https:\/\/acefootball.com\/da\/wp-json\/wp\/v2\/types\/post"}],"author":[{"embeddable":true,"href":"https:\/\/acefootball.com\/da\/wp-json\/wp\/v2\/users\/705"}],"replies":[{"embeddable":true,"href":"https:\/\/acefootball.com\/da\/wp-json\/wp\/v2\/comments?post=255884"}],"version-history":[{"count":0,"href":"https:\/\/acefootball.com\/da\/wp-json\/wp\/v2\/posts\/255884\/revisions"}],"wp:featuredmedia":[{"embeddable":true,"href":"https:\/\/acefootball.com\/da\/wp-json\/wp\/v2\/media\/252888"}],"wp:attachment":[{"href":"https:\/\/acefootball.com\/da\/wp-json\/wp\/v2\/media?parent=255884"}],"wp:term":[{"taxonomy":"category","embeddable":true,"href":"https:\/\/acefootball.com\/da\/wp-json\/wp\/v2\/categories?post=255884"},{"taxonomy":"post_tag","embeddable":true,"href":"https:\/\/acefootball.com\/da\/wp-json\/wp\/v2\/tags?post=255884"}],"curies":[{"name":"wp","href":"https:\/\/api.w.org\/{rel}","templated":true}]}}