{"id":255862,"date":"2021-03-27T08:55:48","date_gmt":"2021-03-27T07:55:48","guid":{"rendered":"https:\/\/acefootball.com\/da\/?p=255862"},"modified":"2021-03-27T08:55:49","modified_gmt":"2021-03-27T07:55:49","slug":"fc-koebenhavn-stjerne-er-tilbage-en-fornoejelse","status":"publish","type":"post","link":"https:\/\/acefootball.com\/da\/fodboldnyheder\/fc-koebenhavn-stjerne-er-tilbage-en-fornoejelse\/","title":{"rendered":"FC K\u00f8benhavn-stjerne er tilbage: En forn\u00f8jelse"},"content":{"rendered":"\n<h2 id=\"h-peter-ankersen-er-omsider-tilbage-p-tr-ningsbanen-i-fc-k-benhavn-efter-at-have-misset-det-meste-af-for-ret-med-en-skade\">Peter Ankersen er omsider tilbage p\u00e5 tr\u00e6ningsbanen i FC K\u00f8benhavn efter at have misset det meste af for\u00e5ret med en skade<\/h2>\n\n\n\n<p>Allerede efter en halv times spil i for\u00e5rspremieren mod AaB gik det galt for FC K\u00f8benhavns Peter Ankersen, som m\u00e5tte forlade kampen med en ankelskade.<\/p>\n\n\n\n<p>Siden har h\u00f8jrebacken ikke v\u00e6ret i aktion, men nu kommer et comeback t\u00e6ttere p\u00e5. Ankersen er nemlig tilbage p\u00e5 tr\u00e6ningsbanen, og nu er der fokus p\u00e5 at blive klar til at hj\u00e6lpe holdet.<\/p>\n\n\n\n<figure class=\"wp-block-embed is-type-wp-embed is-provider-ace-football-danmark wp-block-embed-ace-football-danmark\"><div class=\"wp-block-embed__wrapper\">\n<blockquote class=\"wp-embedded-content\" data-secret=\"oDZ0J5IDCf\"><a href=\"https:\/\/acefootball.com\/da\/fodboldnyheder\/hjulmand-trods-staerk-wind-praestation-han-er-ikke-foersteangriber\/\">Hjulmand trods st\u00e6rk Wind-pr\u00e6station: Han er ikke f\u00f8rsteangriber<\/a><\/blockquote><iframe class=\"wp-embedded-content\" sandbox=\"allow-scripts\" security=\"restricted\" style=\"position: absolute; clip: rect(1px, 1px, 1px, 1px);\" title=\"&#8220;Hjulmand trods st\u00e6rk Wind-pr\u00e6station: Han er ikke f\u00f8rsteangriber&#8221; &#8212; Ace Football Danmark\" src=\"https:\/\/acefootball.com\/da\/fodboldnyheder\/hjulmand-trods-staerk-wind-praestation-han-er-ikke-foersteangriber\/embed\/#?secret=oDZ0J5IDCf\" data-secret=\"oDZ0J5IDCf\" width=\"600\" height=\"338\" frameborder=\"0\" marginwidth=\"0\" marginheight=\"0\" scrolling=\"no\"><\/iframe>\n<\/div><\/figure>\n\n\n\n<p>&#8220;Det har naturligvis ikke g\u00e5et s\u00e5 hurtig, som man \u00f8nsker det, men lige nu er jeg bare glad for at v\u00e6re tilbage. Og det var en forn\u00f8jelse at tr\u00e6ne igen. Solen skinner og man kan tr\u00e6ne igennem. Tak til fysserne, som har hjulpet mig med at blive klar.\u00a0Nu skal jeg indhente det, som jeg mangler p\u00e5 banen, s\u00e5 jeg kan blive helt klar til at spille kampene og hj\u00e6lpe holdet.\u00a0Og s\u00e5 skal vi have gang i nogle flere point,&#8221; siger Ankersen til klubbens <a href=\"https:\/\/www.fck.dk\/nyhed\/ankersen-paa-graes-igen-fornoejelse-traene-igen\" target=\"_blank\" rel=\"noreferrer noopener\">hjemmeside<\/a>.<\/p>\n\n\n\n<p>P\u00e5 grund af landskampspausen har Peter Ankersen god tid til at arbejde med formen inden FC K\u00f8benhavns n\u00e6ste Superliga-kamp mod Randers p\u00e5 n\u00e6ste mandag.<\/p>\n","protected":false},"excerpt":{"rendered":"<p>Peter Ankersen er omsider tilbage p\u00e5 tr\u00e6ningsbanen i FC K\u00f8benhavn efter at have misset det meste af for\u00e5ret med en skade<\/p>\n","protected":false},"author":705,"featured_media":238476,"comment_status":"open","ping_status":"closed","sticky":false,"template":"","format":"standard","meta":{"om_disable_all_campaigns":false,"push_articles_ronaldo":{"active":false,"canonical":0,"publish":false},"force_updates":null},"categories":[8204],"tags":[16,381,588],"enet_tags":{"team":["8391"],"player":["180465"],"league":["46"],"sport_events":[]},"yoast_head":"<!-- This site is optimized with the Yoast SEO plugin v18.3 - https:\/\/yoast.com\/wordpress\/plugins\/seo\/ -->\n<title>FC K\u00f8benhavn-stjerne er tilbage: En forn\u00f8jelse<\/title>\n<meta name=\"description\" content=\"Peter Ankersen er omsider tilbage p\u00e5 tr\u00e6ningsbanen i FC K\u00f8benhavn efter at have misset det meste af for\u00e5ret med en skade\" \/>\n<meta name=\"robots\" content=\"index, follow, max-snippet:-1, max-image-preview:large, max-video-preview:-1\" \/>\n<link rel=\"canonical\" href=\"https:\/\/acefootball.com\/da\/fodboldnyheder\/fc-koebenhavn-stjerne-er-tilbage-en-fornoejelse\/\" \/>\n<meta property=\"og:locale\" content=\"en_US\" \/>\n<meta property=\"og:type\" content=\"article\" \/>\n<meta property=\"og:title\" content=\"FC K\u00f8benhavn-stjerne er tilbage: En forn\u00f8jelse\" \/>\n<meta property=\"og:description\" content=\"Peter Ankersen er omsider tilbage p\u00e5 tr\u00e6ningsbanen i FC K\u00f8benhavn efter at have misset det meste af for\u00e5ret med en skade\" \/>\n<meta property=\"og:url\" content=\"https:\/\/acefootball.com\/da\/fodboldnyheder\/fc-koebenhavn-stjerne-er-tilbage-en-fornoejelse\/\" \/>\n<meta property=\"og:site_name\" content=\"Ace Football Danmark\" \/>\n<meta property=\"article:publisher\" content=\"https:\/\/www.facebook.com\/acefootballdk\" \/>\n<meta property=\"article:published_time\" content=\"2021-03-27T07:55:48+00:00\" \/>\n<meta property=\"article:modified_time\" content=\"2021-03-27T07:55:49+00:00\" \/>\n<meta property=\"og:image\" content=\"https:\/\/acefootball.com\/da\/wp-content\/uploads\/sites\/2\/2021\/03\/FCK-32-1.jpg\" \/>\n\t<meta property=\"og:image:width\" content=\"1920\" \/>\n\t<meta property=\"og:image:height\" content=\"1008\" \/>\n\t<meta property=\"og:image:type\" content=\"image\/jpeg\" \/>\n<meta name=\"twitter:card\" content=\"summary_large_image\" \/>\n<meta name=\"twitter:label1\" content=\"Written by\" \/>\n\t<meta name=\"twitter:data1\" content=\"Mads Dreyer\" \/>\n\t<meta name=\"twitter:label2\" content=\"Est. reading time\" \/>\n\t<meta name=\"twitter:data2\" content=\"1 minute\" \/>\n<script type=\"application\/ld+json\" class=\"yoast-schema-graph\">{\"@context\":\"https:\/\/schema.org\",\"@graph\":[{\"@type\":\"Organization\",\"@id\":\"https:\/\/acefootball.com\/da\/#organization\",\"name\":\"Ace Football\",\"url\":\"https:\/\/acefootball.com\/da\/\",\"sameAs\":[\"https:\/\/www.facebook.com\/acefootballdk\"],\"logo\":{\"@type\":\"ImageObject\",\"@id\":\"https:\/\/acefootball.com\/da\/#logo\",\"inLanguage\":\"en-US\",\"url\":\"https:\/\/acefootball.com\/da\/wp-content\/uploads\/sites\/2\/2020\/07\/Ace-Football-30-07-2020-2.png\",\"contentUrl\":\"https:\/\/acefootball.com\/da\/wp-content\/uploads\/sites\/2\/2020\/07\/Ace-Football-30-07-2020-2.png\",\"width\":1200,\"height\":600,\"caption\":\"Ace Football\"},\"image\":{\"@id\":\"https:\/\/acefootball.com\/da\/#logo\"}},{\"@type\":\"WebSite\",\"@id\":\"https:\/\/acefootball.com\/da\/#website\",\"url\":\"https:\/\/acefootball.com\/da\/\",\"name\":\"Ace Football Danmark\",\"description\":\"Nyheder, Spiltips &amp; Livescore\",\"publisher\":{\"@id\":\"https:\/\/acefootball.com\/da\/#organization\"},\"potentialAction\":[{\"@type\":\"SearchAction\",\"target\":{\"@type\":\"EntryPoint\",\"urlTemplate\":\"https:\/\/acefootball.com\/da\/?s={search_term_string}\"},\"query-input\":\"required name=search_term_string\"}],\"inLanguage\":\"en-US\"},{\"@type\":\"ImageObject\",\"@id\":\"https:\/\/acefootball.com\/da\/fodboldnyheder\/fc-koebenhavn-stjerne-er-tilbage-en-fornoejelse\/#primaryimage\",\"inLanguage\":\"en-US\",\"url\":\"https:\/\/acefootball.com\/da\/wp-content\/uploads\/sites\/2\/2021\/03\/FCK-32-1.jpg\",\"contentUrl\":\"https:\/\/acefootball.com\/da\/wp-content\/uploads\/sites\/2\/2021\/03\/FCK-32-1.jpg\",\"width\":1920,\"height\":1008,\"caption\":\"ankersen og fischer, fck\"},{\"@type\":\"WebPage\",\"@id\":\"https:\/\/acefootball.com\/da\/fodboldnyheder\/fc-koebenhavn-stjerne-er-tilbage-en-fornoejelse\/#webpage\",\"url\":\"https:\/\/acefootball.com\/da\/fodboldnyheder\/fc-koebenhavn-stjerne-er-tilbage-en-fornoejelse\/\",\"name\":\"FC K\u00f8benhavn-stjerne er tilbage: En forn\u00f8jelse\",\"isPartOf\":{\"@id\":\"https:\/\/acefootball.com\/da\/#website\"},\"primaryImageOfPage\":{\"@id\":\"https:\/\/acefootball.com\/da\/fodboldnyheder\/fc-koebenhavn-stjerne-er-tilbage-en-fornoejelse\/#primaryimage\"},\"datePublished\":\"2021-03-27T07:55:48+00:00\",\"dateModified\":\"2021-03-27T07:55:49+00:00\",\"description\":\"Peter Ankersen er omsider tilbage p\u00e5 tr\u00e6ningsbanen i FC K\u00f8benhavn efter at have misset det meste af for\u00e5ret med en skade\",\"breadcrumb\":{\"@id\":\"https:\/\/acefootball.com\/da\/fodboldnyheder\/fc-koebenhavn-stjerne-er-tilbage-en-fornoejelse\/#breadcrumb\"},\"inLanguage\":\"en-US\",\"potentialAction\":[{\"@type\":\"ReadAction\",\"target\":[\"https:\/\/acefootball.com\/da\/fodboldnyheder\/fc-koebenhavn-stjerne-er-tilbage-en-fornoejelse\/\"]}]},{\"@type\":\"BreadcrumbList\",\"@id\":\"https:\/\/acefootball.com\/da\/fodboldnyheder\/fc-koebenhavn-stjerne-er-tilbage-en-fornoejelse\/#breadcrumb\",\"itemListElement\":[{\"@type\":\"ListItem\",\"position\":1,\"name\":\"Home\",\"item\":\"https:\/\/acefootball.com\/da\/\"},{\"@type\":\"ListItem\",\"position\":2,\"name\":\"FC K\u00f8benhavn-stjerne er tilbage: En forn\u00f8jelse\"}]},{\"@type\":\"Article\",\"@id\":\"https:\/\/acefootball.com\/da\/fodboldnyheder\/fc-koebenhavn-stjerne-er-tilbage-en-fornoejelse\/#article\",\"isPartOf\":{\"@id\":\"https:\/\/acefootball.com\/da\/fodboldnyheder\/fc-koebenhavn-stjerne-er-tilbage-en-fornoejelse\/#webpage\"},\"author\":{\"@id\":\"https:\/\/acefootball.com\/da\/#\/schema\/person\/ee67e9cf04a276f144100ffa722f10cd\"},\"headline\":\"FC K\u00f8benhavn-stjerne er tilbage: En forn\u00f8jelse\",\"datePublished\":\"2021-03-27T07:55:48+00:00\",\"dateModified\":\"2021-03-27T07:55:49+00:00\",\"mainEntityOfPage\":{\"@id\":\"https:\/\/acefootball.com\/da\/fodboldnyheder\/fc-koebenhavn-stjerne-er-tilbage-en-fornoejelse\/#webpage\"},\"wordCount\":223,\"commentCount\":0,\"publisher\":{\"@id\":\"https:\/\/acefootball.com\/da\/#organization\"},\"image\":{\"@id\":\"https:\/\/acefootball.com\/da\/fodboldnyheder\/fc-koebenhavn-stjerne-er-tilbage-en-fornoejelse\/#primaryimage\"},\"thumbnailUrl\":\"https:\/\/acefootball.com\/da\/wp-content\/uploads\/sites\/2\/2020\/09\/GettyImages-1134119664.jpg\",\"keywords\":[\"FC K\u00f8benhavn\",\"Peter Ankersen\",\"Superligaen\"],\"articleSection\":[\"Udtalelse\"],\"inLanguage\":\"en-US\",\"potentialAction\":[{\"@type\":\"CommentAction\",\"name\":\"Comment\",\"target\":[\"https:\/\/acefootball.com\/da\/fodboldnyheder\/fc-koebenhavn-stjerne-er-tilbage-en-fornoejelse\/#respond\"]}]},{\"@type\":\"Person\",\"@id\":\"https:\/\/acefootball.com\/da\/#\/schema\/person\/ee67e9cf04a276f144100ffa722f10cd\",\"name\":\"Mads Dreyer\",\"image\":{\"@type\":\"ImageObject\",\"@id\":\"https:\/\/acefootball.com\/da\/#personlogo\",\"inLanguage\":\"en-US\",\"url\":\"https:\/\/secure.gravatar.com\/avatar\/7c7abf72cfde9902b6a60efe60c88d4c?s=96&d=mm&r=g\",\"contentUrl\":\"https:\/\/secure.gravatar.com\/avatar\/7c7abf72cfde9902b6a60efe60c88d4c?s=96&d=mm&r=g\",\"caption\":\"Mads Dreyer\"},\"description\":\"Skribent og fodboldn\u00f8rd, der lige nu fort\u00e6ller om alt og intet i fodboldverdenen p\u00e5 acefootball.com. Uddannet i kommunikation fra Aalborg Universitet.\",\"sameAs\":[\"https:\/\/www.linkedin.com\/in\/mads-dreyer-b9b08266\/\"],\"url\":\"https:\/\/acefootball.com\/da\/fodboldnyheder\/author\/mdnronaldo\/\"}]}<\/script>\n<!-- \/ Yoast SEO plugin. -->","yoast_head_json":{"title":"FC K\u00f8benhavn-stjerne er tilbage: En forn\u00f8jelse","description":"Peter Ankersen er omsider tilbage p\u00e5 tr\u00e6ningsbanen i FC K\u00f8benhavn efter at have misset det meste af for\u00e5ret med en skade","robots":{"index":"index","follow":"follow","max-snippet":"max-snippet:-1","max-image-preview":"max-image-preview:large","max-video-preview":"max-video-preview:-1"},"canonical":"https:\/\/acefootball.com\/da\/fodboldnyheder\/fc-koebenhavn-stjerne-er-tilbage-en-fornoejelse\/","og_locale":"en_US","og_type":"article","og_title":"FC K\u00f8benhavn-stjerne er tilbage: En forn\u00f8jelse","og_description":"Peter Ankersen er omsider tilbage p\u00e5 tr\u00e6ningsbanen i FC K\u00f8benhavn efter at have misset det meste af for\u00e5ret med en skade","og_url":"https:\/\/acefootball.com\/da\/fodboldnyheder\/fc-koebenhavn-stjerne-er-tilbage-en-fornoejelse\/","og_site_name":"Ace Football Danmark","article_publisher":"https:\/\/www.facebook.com\/acefootballdk","article_published_time":"2021-03-27T07:55:48+00:00","article_modified_time":"2021-03-27T07:55:49+00:00","og_image":[{"width":1920,"height":1008,"url":"https:\/\/acefootball.com\/da\/wp-content\/uploads\/sites\/2\/2021\/03\/FCK-32-1.jpg","type":"image\/jpeg"}],"twitter_card":"summary_large_image","twitter_misc":{"Written by":"Mads Dreyer","Est. reading time":"1 minute"},"schema":{"@context":"https:\/\/schema.org","@graph":[{"@type":"Organization","@id":"https:\/\/acefootball.com\/da\/#organization","name":"Ace Football","url":"https:\/\/acefootball.com\/da\/","sameAs":["https:\/\/www.facebook.com\/acefootballdk"],"logo":{"@type":"ImageObject","@id":"https:\/\/acefootball.com\/da\/#logo","inLanguage":"en-US","url":"https:\/\/acefootball.com\/da\/wp-content\/uploads\/sites\/2\/2020\/07\/Ace-Football-30-07-2020-2.png","contentUrl":"https:\/\/acefootball.com\/da\/wp-content\/uploads\/sites\/2\/2020\/07\/Ace-Football-30-07-2020-2.png","width":1200,"height":600,"caption":"Ace Football"},"image":{"@id":"https:\/\/acefootball.com\/da\/#logo"}},{"@type":"WebSite","@id":"https:\/\/acefootball.com\/da\/#website","url":"https:\/\/acefootball.com\/da\/","name":"Ace Football Danmark","description":"Nyheder, Spiltips &amp; Livescore","publisher":{"@id":"https:\/\/acefootball.com\/da\/#organization"},"potentialAction":[{"@type":"SearchAction","target":{"@type":"EntryPoint","urlTemplate":"https:\/\/acefootball.com\/da\/?s={search_term_string}"},"query-input":"required name=search_term_string"}],"inLanguage":"en-US"},{"@type":"ImageObject","@id":"https:\/\/acefootball.com\/da\/fodboldnyheder\/fc-koebenhavn-stjerne-er-tilbage-en-fornoejelse\/#primaryimage","inLanguage":"en-US","url":"https:\/\/acefootball.com\/da\/wp-content\/uploads\/sites\/2\/2021\/03\/FCK-32-1.jpg","contentUrl":"https:\/\/acefootball.com\/da\/wp-content\/uploads\/sites\/2\/2021\/03\/FCK-32-1.jpg","width":1920,"height":1008,"caption":"ankersen og fischer, fck"},{"@type":"WebPage","@id":"https:\/\/acefootball.com\/da\/fodboldnyheder\/fc-koebenhavn-stjerne-er-tilbage-en-fornoejelse\/#webpage","url":"https:\/\/acefootball.com\/da\/fodboldnyheder\/fc-koebenhavn-stjerne-er-tilbage-en-fornoejelse\/","name":"FC K\u00f8benhavn-stjerne er tilbage: En forn\u00f8jelse","isPartOf":{"@id":"https:\/\/acefootball.com\/da\/#website"},"primaryImageOfPage":{"@id":"https:\/\/acefootball.com\/da\/fodboldnyheder\/fc-koebenhavn-stjerne-er-tilbage-en-fornoejelse\/#primaryimage"},"datePublished":"2021-03-27T07:55:48+00:00","dateModified":"2021-03-27T07:55:49+00:00","description":"Peter Ankersen er omsider tilbage p\u00e5 tr\u00e6ningsbanen i FC K\u00f8benhavn efter at have misset det meste af for\u00e5ret med en skade","breadcrumb":{"@id":"https:\/\/acefootball.com\/da\/fodboldnyheder\/fc-koebenhavn-stjerne-er-tilbage-en-fornoejelse\/#breadcrumb"},"inLanguage":"en-US","potentialAction":[{"@type":"ReadAction","target":["https:\/\/acefootball.com\/da\/fodboldnyheder\/fc-koebenhavn-stjerne-er-tilbage-en-fornoejelse\/"]}]},{"@type":"BreadcrumbList","@id":"https:\/\/acefootball.com\/da\/fodboldnyheder\/fc-koebenhavn-stjerne-er-tilbage-en-fornoejelse\/#breadcrumb","itemListElement":[{"@type":"ListItem","position":1,"name":"Home","item":"https:\/\/acefootball.com\/da\/"},{"@type":"ListItem","position":2,"name":"FC K\u00f8benhavn-stjerne er tilbage: En forn\u00f8jelse"}]},{"@type":"Article","@id":"https:\/\/acefootball.com\/da\/fodboldnyheder\/fc-koebenhavn-stjerne-er-tilbage-en-fornoejelse\/#article","isPartOf":{"@id":"https:\/\/acefootball.com\/da\/fodboldnyheder\/fc-koebenhavn-stjerne-er-tilbage-en-fornoejelse\/#webpage"},"author":{"@id":"https:\/\/acefootball.com\/da\/#\/schema\/person\/ee67e9cf04a276f144100ffa722f10cd"},"headline":"FC K\u00f8benhavn-stjerne er tilbage: En forn\u00f8jelse","datePublished":"2021-03-27T07:55:48+00:00","dateModified":"2021-03-27T07:55:49+00:00","mainEntityOfPage":{"@id":"https:\/\/acefootball.com\/da\/fodboldnyheder\/fc-koebenhavn-stjerne-er-tilbage-en-fornoejelse\/#webpage"},"wordCount":223,"commentCount":0,"publisher":{"@id":"https:\/\/acefootball.com\/da\/#organization"},"image":{"@id":"https:\/\/acefootball.com\/da\/fodboldnyheder\/fc-koebenhavn-stjerne-er-tilbage-en-fornoejelse\/#primaryimage"},"thumbnailUrl":"https:\/\/acefootball.com\/da\/wp-content\/uploads\/sites\/2\/2020\/09\/GettyImages-1134119664.jpg","keywords":["FC K\u00f8benhavn","Peter Ankersen","Superligaen"],"articleSection":["Udtalelse"],"inLanguage":"en-US","potentialAction":[{"@type":"CommentAction","name":"Comment","target":["https:\/\/acefootball.com\/da\/fodboldnyheder\/fc-koebenhavn-stjerne-er-tilbage-en-fornoejelse\/#respond"]}]},{"@type":"Person","@id":"https:\/\/acefootball.com\/da\/#\/schema\/person\/ee67e9cf04a276f144100ffa722f10cd","name":"Mads Dreyer","image":{"@type":"ImageObject","@id":"https:\/\/acefootball.com\/da\/#personlogo","inLanguage":"en-US","url":"https:\/\/secure.gravatar.com\/avatar\/7c7abf72cfde9902b6a60efe60c88d4c?s=96&d=mm&r=g","contentUrl":"https:\/\/secure.gravatar.com\/avatar\/7c7abf72cfde9902b6a60efe60c88d4c?s=96&d=mm&r=g","caption":"Mads Dreyer"},"description":"Skribent og fodboldn\u00f8rd, der lige nu fort\u00e6ller om alt og intet i fodboldverdenen p\u00e5 acefootball.com. Uddannet i kommunikation fra Aalborg Universitet.","sameAs":["https:\/\/www.linkedin.com\/in\/mads-dreyer-b9b08266\/"],"url":"https:\/\/acefootball.com\/da\/fodboldnyheder\/author\/mdnronaldo\/"}]}},"fimg_url":"https:\/\/acefootball.com\/da\/wp-content\/uploads\/sites\/2\/2020\/09\/GettyImages-1134119664.jpg","_links":{"self":[{"href":"https:\/\/acefootball.com\/da\/wp-json\/wp\/v2\/posts\/255862"}],"collection":[{"href":"https:\/\/acefootball.com\/da\/wp-json\/wp\/v2\/posts"}],"about":[{"href":"https:\/\/acefootball.com\/da\/wp-json\/wp\/v2\/types\/post"}],"author":[{"embeddable":true,"href":"https:\/\/acefootball.com\/da\/wp-json\/wp\/v2\/users\/705"}],"replies":[{"embeddable":true,"href":"https:\/\/acefootball.com\/da\/wp-json\/wp\/v2\/comments?post=255862"}],"version-history":[{"count":0,"href":"https:\/\/acefootball.com\/da\/wp-json\/wp\/v2\/posts\/255862\/revisions"}],"wp:featuredmedia":[{"embeddable":true,"href":"https:\/\/acefootball.com\/da\/wp-json\/wp\/v2\/media\/238476"}],"wp:attachment":[{"href":"https:\/\/acefootball.com\/da\/wp-json\/wp\/v2\/media?parent=255862"}],"wp:term":[{"taxonomy":"category","embeddable":true,"href":"https:\/\/acefootball.com\/da\/wp-json\/wp\/v2\/categories?post=255862"},{"taxonomy":"post_tag","embeddable":true,"href":"https:\/\/acefootball.com\/da\/wp-json\/wp\/v2\/tags?post=255862"}],"curies":[{"name":"wp","href":"https:\/\/api.w.org\/{rel}","templated":true}]}}