{"id":255858,"date":"2021-03-27T08:38:08","date_gmt":"2021-03-27T07:38:08","guid":{"rendered":"https:\/\/acefootball.com\/da\/?p=255858"},"modified":"2021-03-27T08:40:32","modified_gmt":"2021-03-27T07:40:32","slug":"hjulmand-trods-staerk-wind-praestation-han-er-ikke-foersteangriber","status":"publish","type":"post","link":"https:\/\/acefootball.com\/da\/fodboldnyheder\/hjulmand-trods-staerk-wind-praestation-han-er-ikke-foersteangriber\/","title":{"rendered":"Hjulmand trods st\u00e6rk Wind-pr\u00e6station: Han er ikke f\u00f8rsteangriber"},"content":{"rendered":"\n<h2 id=\"h-jonas-wind-blev-m-de-m-lscorer-og-opl-gger-i-sejren-over-israel-men-kasper-hjulmand-vil-ikke-udpege-ham-som-landsholdets-f-rsteangriber\">Jonas Wind blev m\u00e5de m\u00e5lscorer og opl\u00e6gger i sejren over Israel, men Kasper Hjulmand vil ikke udpege ham som landsholdets f\u00f8rsteangriber<\/h2>\n\n\n\n<p>Jonas Wind blev en af de store helte i Danmarks f\u00f8rste VM-kvalifikationskamp, da han med b\u00e5de opl\u00e6g og m\u00e5l s\u00f8rgede for en 2-0-sejr.<\/p>\n\n\n\n<p>Det giver FC K\u00f8benhavn-angriberen en st\u00e6rk statistik i de f\u00e5 landskampe, han hidtil har f\u00e5et, men alligevel vil landstr\u00e6ner Kasper Hjulmand ikke betragte ham som holdets f\u00f8rsteangriber.<\/p>\n\n\n\n<p>&#8220;Det er der ikke noget, der hedder. Der er ikke nogen af de andre, der er hverken f\u00f8rsteangriber, midtbane eller forsvarer. Jeg er selvf\u00f8lgelig rigtig glad for Jonas&#8217; indtr\u00e6den p\u00e5 holdet, og kombineret med de andre typer p\u00e5 holdet har det v\u00e6ret nogle fine kampe,&#8221; siger Hjulmand if\u00f8lge <a href=\"https:\/\/www.bold.dk\/fodbold\/nyheder\/hjulmand-fastslaar-wind-er-ikke-foersteangriber\/\" target=\"_blank\" rel=\"noreferrer noopener\">bold.dk<\/a>.<\/p>\n\n\n\n<figure class=\"wp-block-embed is-type-wp-embed is-provider-ace-football-danmark wp-block-embed-ace-football-danmark\"><div class=\"wp-block-embed__wrapper\">\n<blockquote class=\"wp-embedded-content\" data-secret=\"mxlRH5AzTR\"><a href=\"https:\/\/acefootball.com\/da\/fodboldnyheder\/hjulmand-er-imponeret-over-wonderkid-haaber-at-han-vaelger-danmark\/\">Hjulmand er imponeret over wonderkid: H\u00e5ber, at han v\u00e6lger Danmark!<\/a><\/blockquote><iframe class=\"wp-embedded-content\" sandbox=\"allow-scripts\" security=\"restricted\" style=\"position: absolute; clip: rect(1px, 1px, 1px, 1px);\" title=\"&#8220;Hjulmand er imponeret over wonderkid: H\u00e5ber, at han v\u00e6lger Danmark!&#8221; &#8212; Ace Football Danmark\" src=\"https:\/\/acefootball.com\/da\/fodboldnyheder\/hjulmand-er-imponeret-over-wonderkid-haaber-at-han-vaelger-danmark\/embed\/#?secret=mxlRH5AzTR\" data-secret=\"mxlRH5AzTR\" width=\"600\" height=\"338\" frameborder=\"0\" marginwidth=\"0\" marginheight=\"0\" scrolling=\"no\"><\/iframe>\n<\/div><\/figure>\n\n\n\n<p>Landstr\u00e6neren fort\u00e6ller yderligere, at han har store planer med Kasper Dolberg, der inden sin skade og coronavirus leverede gode pr\u00e6stationer p\u00e5 landsholdet.<\/p>\n\n\n\n<p>Danmark spiller n\u00e6ste kamp i VM-kvalifikationen s\u00f8ndag, n\u00e5r det g\u00e6lder en hjemmekamp mod Moldova.<\/p>\n","protected":false},"excerpt":{"rendered":"<p>Jonas Wind blev m\u00e5de m\u00e5lscorer og opl\u00e6gger i sejren over Israel, men Kasper Hjulmand vil ikke udpege ham som landsholdets f\u00f8rsteangriber<\/p>\n","protected":false},"author":705,"featured_media":255763,"comment_status":"open","ping_status":"closed","sticky":false,"template":"","format":"standard","meta":{"om_disable_all_campaigns":false,"push_articles_ronaldo":{"active":false,"canonical":0,"publish":false},"force_updates":null},"categories":[8204],"tags":[692,2167,138],"enet_tags":{"team":["8238"],"player":["889785"],"sport_events":[]},"yoast_head":"<!-- This site is optimized with the Yoast SEO plugin v18.3 - https:\/\/yoast.com\/wordpress\/plugins\/seo\/ -->\n<title>Hjulmand trods st\u00e6rk Wind-pr\u00e6station: Han er ikke f\u00f8rsteangriber<\/title>\n<meta name=\"description\" content=\"Jonas Wind blev m\u00e5de m\u00e5lscorer og opl\u00e6gger i sejren over Israel, men Kasper Hjulmand vil ikke udpege ham som landsholdets f\u00f8rsteangriber\" \/>\n<meta name=\"robots\" content=\"index, follow, max-snippet:-1, max-image-preview:large, max-video-preview:-1\" \/>\n<link rel=\"canonical\" href=\"https:\/\/acefootball.com\/da\/fodboldnyheder\/hjulmand-trods-staerk-wind-praestation-han-er-ikke-foersteangriber\/\" \/>\n<meta property=\"og:locale\" content=\"en_US\" \/>\n<meta property=\"og:type\" content=\"article\" \/>\n<meta property=\"og:title\" content=\"Hjulmand trods st\u00e6rk Wind-pr\u00e6station: Han er ikke f\u00f8rsteangriber\" \/>\n<meta property=\"og:description\" content=\"Jonas Wind blev m\u00e5de m\u00e5lscorer og opl\u00e6gger i sejren over Israel, men Kasper Hjulmand vil ikke udpege ham som landsholdets f\u00f8rsteangriber\" \/>\n<meta property=\"og:url\" content=\"https:\/\/acefootball.com\/da\/fodboldnyheder\/hjulmand-trods-staerk-wind-praestation-han-er-ikke-foersteangriber\/\" \/>\n<meta property=\"og:site_name\" content=\"Ace Football Danmark\" \/>\n<meta property=\"article:publisher\" content=\"https:\/\/www.facebook.com\/acefootballdk\" \/>\n<meta property=\"article:published_time\" content=\"2021-03-27T07:38:08+00:00\" \/>\n<meta property=\"article:modified_time\" content=\"2021-03-27T07:40:32+00:00\" \/>\n<meta property=\"og:image\" content=\"https:\/\/acefootball.com\/da\/wp-content\/uploads\/sites\/2\/2021\/03\/Copy-of-Video-generel-8.jpg\" \/>\n\t<meta property=\"og:image:width\" content=\"1920\" \/>\n\t<meta property=\"og:image:height\" content=\"1008\" \/>\n\t<meta property=\"og:image:type\" content=\"image\/jpeg\" \/>\n<meta name=\"twitter:card\" content=\"summary_large_image\" \/>\n<meta name=\"twitter:label1\" content=\"Written by\" \/>\n\t<meta name=\"twitter:data1\" content=\"Mads Dreyer\" \/>\n\t<meta name=\"twitter:label2\" content=\"Est. reading time\" \/>\n\t<meta name=\"twitter:data2\" content=\"1 minute\" \/>\n<script type=\"application\/ld+json\" class=\"yoast-schema-graph\">{\"@context\":\"https:\/\/schema.org\",\"@graph\":[{\"@type\":\"Organization\",\"@id\":\"https:\/\/acefootball.com\/da\/#organization\",\"name\":\"Ace Football\",\"url\":\"https:\/\/acefootball.com\/da\/\",\"sameAs\":[\"https:\/\/www.facebook.com\/acefootballdk\"],\"logo\":{\"@type\":\"ImageObject\",\"@id\":\"https:\/\/acefootball.com\/da\/#logo\",\"inLanguage\":\"en-US\",\"url\":\"https:\/\/acefootball.com\/da\/wp-content\/uploads\/sites\/2\/2020\/07\/Ace-Football-30-07-2020-2.png\",\"contentUrl\":\"https:\/\/acefootball.com\/da\/wp-content\/uploads\/sites\/2\/2020\/07\/Ace-Football-30-07-2020-2.png\",\"width\":1200,\"height\":600,\"caption\":\"Ace Football\"},\"image\":{\"@id\":\"https:\/\/acefootball.com\/da\/#logo\"}},{\"@type\":\"WebSite\",\"@id\":\"https:\/\/acefootball.com\/da\/#website\",\"url\":\"https:\/\/acefootball.com\/da\/\",\"name\":\"Ace Football Danmark\",\"description\":\"Nyheder, Spiltips &amp; Livescore\",\"publisher\":{\"@id\":\"https:\/\/acefootball.com\/da\/#organization\"},\"potentialAction\":[{\"@type\":\"SearchAction\",\"target\":{\"@type\":\"EntryPoint\",\"urlTemplate\":\"https:\/\/acefootball.com\/da\/?s={search_term_string}\"},\"query-input\":\"required name=search_term_string\"}],\"inLanguage\":\"en-US\"},{\"@type\":\"ImageObject\",\"@id\":\"https:\/\/acefootball.com\/da\/fodboldnyheder\/hjulmand-trods-staerk-wind-praestation-han-er-ikke-foersteangriber\/#primaryimage\",\"inLanguage\":\"en-US\",\"url\":\"https:\/\/acefootball.com\/da\/wp-content\/uploads\/sites\/2\/2021\/03\/Copy-of-Video-generel-8.jpg\",\"contentUrl\":\"https:\/\/acefootball.com\/da\/wp-content\/uploads\/sites\/2\/2021\/03\/Copy-of-Video-generel-8.jpg\",\"width\":1920,\"height\":1008},{\"@type\":\"WebPage\",\"@id\":\"https:\/\/acefootball.com\/da\/fodboldnyheder\/hjulmand-trods-staerk-wind-praestation-han-er-ikke-foersteangriber\/#webpage\",\"url\":\"https:\/\/acefootball.com\/da\/fodboldnyheder\/hjulmand-trods-staerk-wind-praestation-han-er-ikke-foersteangriber\/\",\"name\":\"Hjulmand trods st\u00e6rk Wind-pr\u00e6station: Han er ikke f\u00f8rsteangriber\",\"isPartOf\":{\"@id\":\"https:\/\/acefootball.com\/da\/#website\"},\"primaryImageOfPage\":{\"@id\":\"https:\/\/acefootball.com\/da\/fodboldnyheder\/hjulmand-trods-staerk-wind-praestation-han-er-ikke-foersteangriber\/#primaryimage\"},\"datePublished\":\"2021-03-27T07:38:08+00:00\",\"dateModified\":\"2021-03-27T07:40:32+00:00\",\"description\":\"Jonas Wind blev m\u00e5de m\u00e5lscorer og opl\u00e6gger i sejren over Israel, men Kasper Hjulmand vil ikke udpege ham som landsholdets f\u00f8rsteangriber\",\"breadcrumb\":{\"@id\":\"https:\/\/acefootball.com\/da\/fodboldnyheder\/hjulmand-trods-staerk-wind-praestation-han-er-ikke-foersteangriber\/#breadcrumb\"},\"inLanguage\":\"en-US\",\"potentialAction\":[{\"@type\":\"ReadAction\",\"target\":[\"https:\/\/acefootball.com\/da\/fodboldnyheder\/hjulmand-trods-staerk-wind-praestation-han-er-ikke-foersteangriber\/\"]}]},{\"@type\":\"BreadcrumbList\",\"@id\":\"https:\/\/acefootball.com\/da\/fodboldnyheder\/hjulmand-trods-staerk-wind-praestation-han-er-ikke-foersteangriber\/#breadcrumb\",\"itemListElement\":[{\"@type\":\"ListItem\",\"position\":1,\"name\":\"Home\",\"item\":\"https:\/\/acefootball.com\/da\/\"},{\"@type\":\"ListItem\",\"position\":2,\"name\":\"Hjulmand trods st\u00e6rk Wind-pr\u00e6station: Han er ikke f\u00f8rsteangriber\"}]},{\"@type\":\"Article\",\"@id\":\"https:\/\/acefootball.com\/da\/fodboldnyheder\/hjulmand-trods-staerk-wind-praestation-han-er-ikke-foersteangriber\/#article\",\"isPartOf\":{\"@id\":\"https:\/\/acefootball.com\/da\/fodboldnyheder\/hjulmand-trods-staerk-wind-praestation-han-er-ikke-foersteangriber\/#webpage\"},\"author\":{\"@id\":\"https:\/\/acefootball.com\/da\/#\/schema\/person\/ee67e9cf04a276f144100ffa722f10cd\"},\"headline\":\"Hjulmand trods st\u00e6rk Wind-pr\u00e6station: Han er ikke f\u00f8rsteangriber\",\"datePublished\":\"2021-03-27T07:38:08+00:00\",\"dateModified\":\"2021-03-27T07:40:32+00:00\",\"mainEntityOfPage\":{\"@id\":\"https:\/\/acefootball.com\/da\/fodboldnyheder\/hjulmand-trods-staerk-wind-praestation-han-er-ikke-foersteangriber\/#webpage\"},\"wordCount\":201,\"commentCount\":0,\"publisher\":{\"@id\":\"https:\/\/acefootball.com\/da\/#organization\"},\"image\":{\"@id\":\"https:\/\/acefootball.com\/da\/fodboldnyheder\/hjulmand-trods-staerk-wind-praestation-han-er-ikke-foersteangriber\/#primaryimage\"},\"thumbnailUrl\":\"https:\/\/acefootball.com\/da\/wp-content\/uploads\/sites\/2\/2021\/03\/GettyImages-1228942781.jpg\",\"keywords\":[\"Danmark\",\"Jonas Wind\",\"Kasper Hjulmand\"],\"articleSection\":[\"Udtalelse\"],\"inLanguage\":\"en-US\",\"potentialAction\":[{\"@type\":\"CommentAction\",\"name\":\"Comment\",\"target\":[\"https:\/\/acefootball.com\/da\/fodboldnyheder\/hjulmand-trods-staerk-wind-praestation-han-er-ikke-foersteangriber\/#respond\"]}]},{\"@type\":\"Person\",\"@id\":\"https:\/\/acefootball.com\/da\/#\/schema\/person\/ee67e9cf04a276f144100ffa722f10cd\",\"name\":\"Mads Dreyer\",\"image\":{\"@type\":\"ImageObject\",\"@id\":\"https:\/\/acefootball.com\/da\/#personlogo\",\"inLanguage\":\"en-US\",\"url\":\"https:\/\/secure.gravatar.com\/avatar\/7c7abf72cfde9902b6a60efe60c88d4c?s=96&d=mm&r=g\",\"contentUrl\":\"https:\/\/secure.gravatar.com\/avatar\/7c7abf72cfde9902b6a60efe60c88d4c?s=96&d=mm&r=g\",\"caption\":\"Mads Dreyer\"},\"description\":\"Skribent og fodboldn\u00f8rd, der lige nu fort\u00e6ller om alt og intet i fodboldverdenen p\u00e5 acefootball.com. Uddannet i kommunikation fra Aalborg Universitet.\",\"sameAs\":[\"https:\/\/www.linkedin.com\/in\/mads-dreyer-b9b08266\/\"],\"url\":\"https:\/\/acefootball.com\/da\/fodboldnyheder\/author\/mdnronaldo\/\"}]}<\/script>\n<!-- \/ Yoast SEO plugin. -->","yoast_head_json":{"title":"Hjulmand trods st\u00e6rk Wind-pr\u00e6station: Han er ikke f\u00f8rsteangriber","description":"Jonas Wind blev m\u00e5de m\u00e5lscorer og opl\u00e6gger i sejren over Israel, men Kasper Hjulmand vil ikke udpege ham som landsholdets f\u00f8rsteangriber","robots":{"index":"index","follow":"follow","max-snippet":"max-snippet:-1","max-image-preview":"max-image-preview:large","max-video-preview":"max-video-preview:-1"},"canonical":"https:\/\/acefootball.com\/da\/fodboldnyheder\/hjulmand-trods-staerk-wind-praestation-han-er-ikke-foersteangriber\/","og_locale":"en_US","og_type":"article","og_title":"Hjulmand trods st\u00e6rk Wind-pr\u00e6station: Han er ikke f\u00f8rsteangriber","og_description":"Jonas Wind blev m\u00e5de m\u00e5lscorer og opl\u00e6gger i sejren over Israel, men Kasper Hjulmand vil ikke udpege ham som landsholdets f\u00f8rsteangriber","og_url":"https:\/\/acefootball.com\/da\/fodboldnyheder\/hjulmand-trods-staerk-wind-praestation-han-er-ikke-foersteangriber\/","og_site_name":"Ace Football Danmark","article_publisher":"https:\/\/www.facebook.com\/acefootballdk","article_published_time":"2021-03-27T07:38:08+00:00","article_modified_time":"2021-03-27T07:40:32+00:00","og_image":[{"width":1920,"height":1008,"url":"https:\/\/acefootball.com\/da\/wp-content\/uploads\/sites\/2\/2021\/03\/Copy-of-Video-generel-8.jpg","type":"image\/jpeg"}],"twitter_card":"summary_large_image","twitter_misc":{"Written by":"Mads Dreyer","Est. reading time":"1 minute"},"schema":{"@context":"https:\/\/schema.org","@graph":[{"@type":"Organization","@id":"https:\/\/acefootball.com\/da\/#organization","name":"Ace Football","url":"https:\/\/acefootball.com\/da\/","sameAs":["https:\/\/www.facebook.com\/acefootballdk"],"logo":{"@type":"ImageObject","@id":"https:\/\/acefootball.com\/da\/#logo","inLanguage":"en-US","url":"https:\/\/acefootball.com\/da\/wp-content\/uploads\/sites\/2\/2020\/07\/Ace-Football-30-07-2020-2.png","contentUrl":"https:\/\/acefootball.com\/da\/wp-content\/uploads\/sites\/2\/2020\/07\/Ace-Football-30-07-2020-2.png","width":1200,"height":600,"caption":"Ace Football"},"image":{"@id":"https:\/\/acefootball.com\/da\/#logo"}},{"@type":"WebSite","@id":"https:\/\/acefootball.com\/da\/#website","url":"https:\/\/acefootball.com\/da\/","name":"Ace Football Danmark","description":"Nyheder, Spiltips &amp; Livescore","publisher":{"@id":"https:\/\/acefootball.com\/da\/#organization"},"potentialAction":[{"@type":"SearchAction","target":{"@type":"EntryPoint","urlTemplate":"https:\/\/acefootball.com\/da\/?s={search_term_string}"},"query-input":"required name=search_term_string"}],"inLanguage":"en-US"},{"@type":"ImageObject","@id":"https:\/\/acefootball.com\/da\/fodboldnyheder\/hjulmand-trods-staerk-wind-praestation-han-er-ikke-foersteangriber\/#primaryimage","inLanguage":"en-US","url":"https:\/\/acefootball.com\/da\/wp-content\/uploads\/sites\/2\/2021\/03\/Copy-of-Video-generel-8.jpg","contentUrl":"https:\/\/acefootball.com\/da\/wp-content\/uploads\/sites\/2\/2021\/03\/Copy-of-Video-generel-8.jpg","width":1920,"height":1008},{"@type":"WebPage","@id":"https:\/\/acefootball.com\/da\/fodboldnyheder\/hjulmand-trods-staerk-wind-praestation-han-er-ikke-foersteangriber\/#webpage","url":"https:\/\/acefootball.com\/da\/fodboldnyheder\/hjulmand-trods-staerk-wind-praestation-han-er-ikke-foersteangriber\/","name":"Hjulmand trods st\u00e6rk Wind-pr\u00e6station: Han er ikke f\u00f8rsteangriber","isPartOf":{"@id":"https:\/\/acefootball.com\/da\/#website"},"primaryImageOfPage":{"@id":"https:\/\/acefootball.com\/da\/fodboldnyheder\/hjulmand-trods-staerk-wind-praestation-han-er-ikke-foersteangriber\/#primaryimage"},"datePublished":"2021-03-27T07:38:08+00:00","dateModified":"2021-03-27T07:40:32+00:00","description":"Jonas Wind blev m\u00e5de m\u00e5lscorer og opl\u00e6gger i sejren over Israel, men Kasper Hjulmand vil ikke udpege ham som landsholdets f\u00f8rsteangriber","breadcrumb":{"@id":"https:\/\/acefootball.com\/da\/fodboldnyheder\/hjulmand-trods-staerk-wind-praestation-han-er-ikke-foersteangriber\/#breadcrumb"},"inLanguage":"en-US","potentialAction":[{"@type":"ReadAction","target":["https:\/\/acefootball.com\/da\/fodboldnyheder\/hjulmand-trods-staerk-wind-praestation-han-er-ikke-foersteangriber\/"]}]},{"@type":"BreadcrumbList","@id":"https:\/\/acefootball.com\/da\/fodboldnyheder\/hjulmand-trods-staerk-wind-praestation-han-er-ikke-foersteangriber\/#breadcrumb","itemListElement":[{"@type":"ListItem","position":1,"name":"Home","item":"https:\/\/acefootball.com\/da\/"},{"@type":"ListItem","position":2,"name":"Hjulmand trods st\u00e6rk Wind-pr\u00e6station: Han er ikke f\u00f8rsteangriber"}]},{"@type":"Article","@id":"https:\/\/acefootball.com\/da\/fodboldnyheder\/hjulmand-trods-staerk-wind-praestation-han-er-ikke-foersteangriber\/#article","isPartOf":{"@id":"https:\/\/acefootball.com\/da\/fodboldnyheder\/hjulmand-trods-staerk-wind-praestation-han-er-ikke-foersteangriber\/#webpage"},"author":{"@id":"https:\/\/acefootball.com\/da\/#\/schema\/person\/ee67e9cf04a276f144100ffa722f10cd"},"headline":"Hjulmand trods st\u00e6rk Wind-pr\u00e6station: Han er ikke f\u00f8rsteangriber","datePublished":"2021-03-27T07:38:08+00:00","dateModified":"2021-03-27T07:40:32+00:00","mainEntityOfPage":{"@id":"https:\/\/acefootball.com\/da\/fodboldnyheder\/hjulmand-trods-staerk-wind-praestation-han-er-ikke-foersteangriber\/#webpage"},"wordCount":201,"commentCount":0,"publisher":{"@id":"https:\/\/acefootball.com\/da\/#organization"},"image":{"@id":"https:\/\/acefootball.com\/da\/fodboldnyheder\/hjulmand-trods-staerk-wind-praestation-han-er-ikke-foersteangriber\/#primaryimage"},"thumbnailUrl":"https:\/\/acefootball.com\/da\/wp-content\/uploads\/sites\/2\/2021\/03\/GettyImages-1228942781.jpg","keywords":["Danmark","Jonas Wind","Kasper Hjulmand"],"articleSection":["Udtalelse"],"inLanguage":"en-US","potentialAction":[{"@type":"CommentAction","name":"Comment","target":["https:\/\/acefootball.com\/da\/fodboldnyheder\/hjulmand-trods-staerk-wind-praestation-han-er-ikke-foersteangriber\/#respond"]}]},{"@type":"Person","@id":"https:\/\/acefootball.com\/da\/#\/schema\/person\/ee67e9cf04a276f144100ffa722f10cd","name":"Mads Dreyer","image":{"@type":"ImageObject","@id":"https:\/\/acefootball.com\/da\/#personlogo","inLanguage":"en-US","url":"https:\/\/secure.gravatar.com\/avatar\/7c7abf72cfde9902b6a60efe60c88d4c?s=96&d=mm&r=g","contentUrl":"https:\/\/secure.gravatar.com\/avatar\/7c7abf72cfde9902b6a60efe60c88d4c?s=96&d=mm&r=g","caption":"Mads Dreyer"},"description":"Skribent og fodboldn\u00f8rd, der lige nu fort\u00e6ller om alt og intet i fodboldverdenen p\u00e5 acefootball.com. Uddannet i kommunikation fra Aalborg Universitet.","sameAs":["https:\/\/www.linkedin.com\/in\/mads-dreyer-b9b08266\/"],"url":"https:\/\/acefootball.com\/da\/fodboldnyheder\/author\/mdnronaldo\/"}]}},"fimg_url":"https:\/\/acefootball.com\/da\/wp-content\/uploads\/sites\/2\/2021\/03\/GettyImages-1228942781.jpg","_links":{"self":[{"href":"https:\/\/acefootball.com\/da\/wp-json\/wp\/v2\/posts\/255858"}],"collection":[{"href":"https:\/\/acefootball.com\/da\/wp-json\/wp\/v2\/posts"}],"about":[{"href":"https:\/\/acefootball.com\/da\/wp-json\/wp\/v2\/types\/post"}],"author":[{"embeddable":true,"href":"https:\/\/acefootball.com\/da\/wp-json\/wp\/v2\/users\/705"}],"replies":[{"embeddable":true,"href":"https:\/\/acefootball.com\/da\/wp-json\/wp\/v2\/comments?post=255858"}],"version-history":[{"count":0,"href":"https:\/\/acefootball.com\/da\/wp-json\/wp\/v2\/posts\/255858\/revisions"}],"wp:featuredmedia":[{"embeddable":true,"href":"https:\/\/acefootball.com\/da\/wp-json\/wp\/v2\/media\/255763"}],"wp:attachment":[{"href":"https:\/\/acefootball.com\/da\/wp-json\/wp\/v2\/media?parent=255858"}],"wp:term":[{"taxonomy":"category","embeddable":true,"href":"https:\/\/acefootball.com\/da\/wp-json\/wp\/v2\/categories?post=255858"},{"taxonomy":"post_tag","embeddable":true,"href":"https:\/\/acefootball.com\/da\/wp-json\/wp\/v2\/tags?post=255858"}],"curies":[{"name":"wp","href":"https:\/\/api.w.org\/{rel}","templated":true}]}}