{"id":255805,"date":"2021-03-26T13:25:09","date_gmt":"2021-03-26T12:25:09","guid":{"rendered":"https:\/\/acefootball.com\/da\/?p=255805"},"modified":"2021-03-26T13:25:10","modified_gmt":"2021-03-26T12:25:10","slug":"farvel-og-tak-nu-forlader-stjernen-alle-de-sociale-medier","status":"publish","type":"post","link":"https:\/\/acefootball.com\/da\/fodboldnyheder\/farvel-og-tak-nu-forlader-stjernen-alle-de-sociale-medier\/","title":{"rendered":"Farvel og tak: Nu forlader stjernen alle de sociale medier"},"content":{"rendered":"\n<h2 id=\"h-den-tidligere-arsenal-stjerne-thierry-henry-forlader-i-morgen-alle-sociale-medier-grunden-er-ganske-enkel\">Den tidligere Arsenal-stjerne Thierry Henry forlader i morgen alle sociale medier. Grunden er ganske enkel<\/h2>\n\n\n\n<p>Den senere tid er der kommet flere og flere eksempler p\u00e5 fodboldspillere, der er blevet udsat for beskeder med truende og racistisk adf\u00e6rd p\u00e5 de sociale medier, og der har nu f\u00e5et Thierry Henry til at sige stop.<\/p>\n\n\n\n<p>Den tidliger Arsenal-angriber har netop varslet, at han fra i morgen vil fjerne alle sine profiler p\u00e5 de sociale medier, og f\u00f8rst vender tilbage n\u00e5r de ansvarlige kan finde ud af at moderere sprogbruget p\u00e5 deres platforme.<\/p>\n\n\n\n<p>Det skriver han i en opdatering fredag middag:<\/p>\n\n\n\n<figure class=\"wp-block-embed is-type-rich is-provider-twitter wp-block-embed-twitter\"><div class=\"wp-block-embed__wrapper\">\n<blockquote class=\"twitter-tweet\" data-width=\"550\" data-dnt=\"true\"><p lang=\"en\" dir=\"ltr\">Hi Guys <br><br>From tomorrow morning I will be removing myself from social media until the people in power are able to regulate their platforms with the same vigour and ferocity that they currently do when you infringe copyright&#8230;. <a href=\"https:\/\/t.co\/gXSObqo4xg\">pic.twitter.com\/gXSObqo4xg<\/a><\/p>&mdash; Thierry Henry (@ThierryHenry) <a href=\"https:\/\/twitter.com\/ThierryHenry\/status\/1375405445108674571?ref_src=twsrc%5Etfw\">March 26, 2021<\/a><\/blockquote><script async src=\"https:\/\/platform.twitter.com\/widgets.js\" charset=\"utf-8\"><\/script>\n<\/div><\/figure>\n\n\n\n<p>Du kan l\u00e6se et eksempel p\u00e5 den s\u00f8rgelige udvikling herunder:<\/p>\n\n\n\n<figure class=\"wp-block-embed is-type-wp-embed is-provider-ace-football-danmark wp-block-embed-ace-football-danmark\"><div class=\"wp-block-embed__wrapper\">\n<blockquote class=\"wp-embedded-content\" data-secret=\"oHAhpBNEqg\"><a href=\"https:\/\/acefootball.com\/da\/fodboldnyheder\/neymar-overvejede-at-stoppe-efter-hadefulde-beskeder-det-gik-for-vidt\/\">Neymar overvejede at stoppe efter hadefulde beskeder: Det gik for vidt<\/a><\/blockquote><iframe class=\"wp-embedded-content\" sandbox=\"allow-scripts\" security=\"restricted\" style=\"position: absolute; clip: rect(1px, 1px, 1px, 1px);\" title=\"&#8220;Neymar overvejede at stoppe efter hadefulde beskeder: Det gik for vidt&#8221; &#8212; Ace Football Danmark\" src=\"https:\/\/acefootball.com\/da\/fodboldnyheder\/neymar-overvejede-at-stoppe-efter-hadefulde-beskeder-det-gik-for-vidt\/embed\/#?secret=oHAhpBNEqg\" data-secret=\"oHAhpBNEqg\" width=\"600\" height=\"338\" frameborder=\"0\" marginwidth=\"0\" marginheight=\"0\" scrolling=\"no\"><\/iframe>\n<\/div><\/figure>\n","protected":false},"excerpt":{"rendered":"<p>Den tidligere Arsenal-stjerne Thierry Henry forlader i morgen alle sociale medier. Grunden er ganske enkel<\/p>\n","protected":false},"author":43,"featured_media":252289,"comment_status":"open","ping_status":"closed","sticky":false,"template":"","format":"standard","meta":{"om_disable_all_campaigns":false,"push_articles_ronaldo":{"active":false,"canonical":0,"publish":false},"force_updates":null},"categories":[1],"tags":[703],"enet_tags":{"player":["969831"],"sport_events":[]},"yoast_head":"<!-- This site is optimized with the Yoast SEO plugin v18.3 - https:\/\/yoast.com\/wordpress\/plugins\/seo\/ -->\n<title>Farvel og tak: Nu forlader stjernen alle de sociale medier<\/title>\n<meta name=\"description\" content=\"Den tidligere Arsenal-stjerne Thierry Henry forlader i morgen alle sociale medier. Grunden er ganske enkel\" \/>\n<meta name=\"robots\" content=\"index, follow, max-snippet:-1, max-image-preview:large, max-video-preview:-1\" \/>\n<link rel=\"canonical\" href=\"https:\/\/acefootball.com\/da\/fodboldnyheder\/farvel-og-tak-nu-forlader-stjernen-alle-de-sociale-medier\/\" \/>\n<meta property=\"og:locale\" content=\"en_US\" \/>\n<meta property=\"og:type\" content=\"article\" \/>\n<meta property=\"og:title\" content=\"Farvel og tak: Nu forlader stjernen alle de sociale medier\" \/>\n<meta property=\"og:description\" content=\"Den tidligere Arsenal-stjerne Thierry Henry forlader i morgen alle sociale medier. Grunden er ganske enkel\" \/>\n<meta property=\"og:url\" content=\"https:\/\/acefootball.com\/da\/fodboldnyheder\/farvel-og-tak-nu-forlader-stjernen-alle-de-sociale-medier\/\" \/>\n<meta property=\"og:site_name\" content=\"Ace Football Danmark\" \/>\n<meta property=\"article:publisher\" content=\"https:\/\/www.facebook.com\/acefootballdk\" \/>\n<meta property=\"article:published_time\" content=\"2021-03-26T12:25:09+00:00\" \/>\n<meta property=\"article:modified_time\" content=\"2021-03-26T12:25:10+00:00\" \/>\n<meta property=\"og:image\" content=\"https:\/\/acefootball.com\/da\/wp-content\/uploads\/sites\/2\/2021\/03\/Copy-of-Video-generel-6.jpg\" \/>\n\t<meta property=\"og:image:width\" content=\"1920\" \/>\n\t<meta property=\"og:image:height\" content=\"1008\" \/>\n\t<meta property=\"og:image:type\" content=\"image\/jpeg\" \/>\n<meta name=\"twitter:card\" content=\"summary_large_image\" \/>\n<meta name=\"twitter:label1\" content=\"Written by\" \/>\n\t<meta name=\"twitter:data1\" content=\"Mikki M\u00f8ller-Iversen\" \/>\n\t<meta name=\"twitter:label2\" content=\"Est. reading time\" \/>\n\t<meta name=\"twitter:data2\" content=\"1 minute\" \/>\n<script type=\"application\/ld+json\" class=\"yoast-schema-graph\">{\"@context\":\"https:\/\/schema.org\",\"@graph\":[{\"@type\":\"Organization\",\"@id\":\"https:\/\/acefootball.com\/da\/#organization\",\"name\":\"Ace Football\",\"url\":\"https:\/\/acefootball.com\/da\/\",\"sameAs\":[\"https:\/\/www.facebook.com\/acefootballdk\"],\"logo\":{\"@type\":\"ImageObject\",\"@id\":\"https:\/\/acefootball.com\/da\/#logo\",\"inLanguage\":\"en-US\",\"url\":\"https:\/\/acefootball.com\/da\/wp-content\/uploads\/sites\/2\/2020\/07\/Ace-Football-30-07-2020-2.png\",\"contentUrl\":\"https:\/\/acefootball.com\/da\/wp-content\/uploads\/sites\/2\/2020\/07\/Ace-Football-30-07-2020-2.png\",\"width\":1200,\"height\":600,\"caption\":\"Ace Football\"},\"image\":{\"@id\":\"https:\/\/acefootball.com\/da\/#logo\"}},{\"@type\":\"WebSite\",\"@id\":\"https:\/\/acefootball.com\/da\/#website\",\"url\":\"https:\/\/acefootball.com\/da\/\",\"name\":\"Ace Football Danmark\",\"description\":\"Nyheder, Spiltips &amp; Livescore\",\"publisher\":{\"@id\":\"https:\/\/acefootball.com\/da\/#organization\"},\"potentialAction\":[{\"@type\":\"SearchAction\",\"target\":{\"@type\":\"EntryPoint\",\"urlTemplate\":\"https:\/\/acefootball.com\/da\/?s={search_term_string}\"},\"query-input\":\"required name=search_term_string\"}],\"inLanguage\":\"en-US\"},{\"@type\":\"ImageObject\",\"@id\":\"https:\/\/acefootball.com\/da\/fodboldnyheder\/farvel-og-tak-nu-forlader-stjernen-alle-de-sociale-medier\/#primaryimage\",\"inLanguage\":\"en-US\",\"url\":\"https:\/\/acefootball.com\/da\/wp-content\/uploads\/sites\/2\/2021\/03\/Copy-of-Video-generel-6.jpg\",\"contentUrl\":\"https:\/\/acefootball.com\/da\/wp-content\/uploads\/sites\/2\/2021\/03\/Copy-of-Video-generel-6.jpg\",\"width\":1920,\"height\":1008},{\"@type\":\"WebPage\",\"@id\":\"https:\/\/acefootball.com\/da\/fodboldnyheder\/farvel-og-tak-nu-forlader-stjernen-alle-de-sociale-medier\/#webpage\",\"url\":\"https:\/\/acefootball.com\/da\/fodboldnyheder\/farvel-og-tak-nu-forlader-stjernen-alle-de-sociale-medier\/\",\"name\":\"Farvel og tak: Nu forlader stjernen alle de sociale medier\",\"isPartOf\":{\"@id\":\"https:\/\/acefootball.com\/da\/#website\"},\"primaryImageOfPage\":{\"@id\":\"https:\/\/acefootball.com\/da\/fodboldnyheder\/farvel-og-tak-nu-forlader-stjernen-alle-de-sociale-medier\/#primaryimage\"},\"datePublished\":\"2021-03-26T12:25:09+00:00\",\"dateModified\":\"2021-03-26T12:25:10+00:00\",\"description\":\"Den tidligere Arsenal-stjerne Thierry Henry forlader i morgen alle sociale medier. Grunden er ganske enkel\",\"breadcrumb\":{\"@id\":\"https:\/\/acefootball.com\/da\/fodboldnyheder\/farvel-og-tak-nu-forlader-stjernen-alle-de-sociale-medier\/#breadcrumb\"},\"inLanguage\":\"en-US\",\"potentialAction\":[{\"@type\":\"ReadAction\",\"target\":[\"https:\/\/acefootball.com\/da\/fodboldnyheder\/farvel-og-tak-nu-forlader-stjernen-alle-de-sociale-medier\/\"]}]},{\"@type\":\"BreadcrumbList\",\"@id\":\"https:\/\/acefootball.com\/da\/fodboldnyheder\/farvel-og-tak-nu-forlader-stjernen-alle-de-sociale-medier\/#breadcrumb\",\"itemListElement\":[{\"@type\":\"ListItem\",\"position\":1,\"name\":\"Home\",\"item\":\"https:\/\/acefootball.com\/da\/\"},{\"@type\":\"ListItem\",\"position\":2,\"name\":\"Farvel og tak: Nu forlader stjernen alle de sociale medier\"}]},{\"@type\":\"Article\",\"@id\":\"https:\/\/acefootball.com\/da\/fodboldnyheder\/farvel-og-tak-nu-forlader-stjernen-alle-de-sociale-medier\/#article\",\"isPartOf\":{\"@id\":\"https:\/\/acefootball.com\/da\/fodboldnyheder\/farvel-og-tak-nu-forlader-stjernen-alle-de-sociale-medier\/#webpage\"},\"author\":{\"@id\":\"https:\/\/acefootball.com\/da\/#\/schema\/person\/017c0abe4a8e92938220bf6c097dda93\"},\"headline\":\"Farvel og tak: Nu forlader stjernen alle de sociale medier\",\"datePublished\":\"2021-03-26T12:25:09+00:00\",\"dateModified\":\"2021-03-26T12:25:10+00:00\",\"mainEntityOfPage\":{\"@id\":\"https:\/\/acefootball.com\/da\/fodboldnyheder\/farvel-og-tak-nu-forlader-stjernen-alle-de-sociale-medier\/#webpage\"},\"wordCount\":135,\"commentCount\":0,\"publisher\":{\"@id\":\"https:\/\/acefootball.com\/da\/#organization\"},\"image\":{\"@id\":\"https:\/\/acefootball.com\/da\/fodboldnyheder\/farvel-og-tak-nu-forlader-stjernen-alle-de-sociale-medier\/#primaryimage\"},\"thumbnailUrl\":\"https:\/\/acefootball.com\/da\/wp-content\/uploads\/sites\/2\/2021\/02\/GettyImages-1209909900.jpg\",\"keywords\":[\"Thierry Henry\"],\"articleSection\":[\"Nyhed\"],\"inLanguage\":\"en-US\",\"potentialAction\":[{\"@type\":\"CommentAction\",\"name\":\"Comment\",\"target\":[\"https:\/\/acefootball.com\/da\/fodboldnyheder\/farvel-og-tak-nu-forlader-stjernen-alle-de-sociale-medier\/#respond\"]}]},{\"@type\":\"Person\",\"@id\":\"https:\/\/acefootball.com\/da\/#\/schema\/person\/017c0abe4a8e92938220bf6c097dda93\",\"name\":\"Mikki M\u00f8ller-Iversen\",\"image\":{\"@type\":\"ImageObject\",\"@id\":\"https:\/\/acefootball.com\/da\/#personlogo\",\"inLanguage\":\"en-US\",\"url\":\"https:\/\/secure.gravatar.com\/avatar\/e05b419e8b5ae5fcf516800181b96aa2?s=96&d=mm&r=g\",\"contentUrl\":\"https:\/\/secure.gravatar.com\/avatar\/e05b419e8b5ae5fcf516800181b96aa2?s=96&d=mm&r=g\",\"caption\":\"Mikki M\u00f8ller-Iversen\"},\"description\":\"Social Media Manager and writer at Ace Football. Main focus on Danish football and special stories.\",\"sameAs\":[\"https:\/\/www.linkedin.com\/in\/mikki-mller-iversen-26a3a689\/\"],\"url\":\"https:\/\/acefootball.com\/da\/fodboldnyheder\/author\/mmironaldo\/\"}]}<\/script>\n<!-- \/ Yoast SEO plugin. -->","yoast_head_json":{"title":"Farvel og tak: Nu forlader stjernen alle de sociale medier","description":"Den tidligere Arsenal-stjerne Thierry Henry forlader i morgen alle sociale medier. Grunden er ganske enkel","robots":{"index":"index","follow":"follow","max-snippet":"max-snippet:-1","max-image-preview":"max-image-preview:large","max-video-preview":"max-video-preview:-1"},"canonical":"https:\/\/acefootball.com\/da\/fodboldnyheder\/farvel-og-tak-nu-forlader-stjernen-alle-de-sociale-medier\/","og_locale":"en_US","og_type":"article","og_title":"Farvel og tak: Nu forlader stjernen alle de sociale medier","og_description":"Den tidligere Arsenal-stjerne Thierry Henry forlader i morgen alle sociale medier. Grunden er ganske enkel","og_url":"https:\/\/acefootball.com\/da\/fodboldnyheder\/farvel-og-tak-nu-forlader-stjernen-alle-de-sociale-medier\/","og_site_name":"Ace Football Danmark","article_publisher":"https:\/\/www.facebook.com\/acefootballdk","article_published_time":"2021-03-26T12:25:09+00:00","article_modified_time":"2021-03-26T12:25:10+00:00","og_image":[{"width":1920,"height":1008,"url":"https:\/\/acefootball.com\/da\/wp-content\/uploads\/sites\/2\/2021\/03\/Copy-of-Video-generel-6.jpg","type":"image\/jpeg"}],"twitter_card":"summary_large_image","twitter_misc":{"Written by":"Mikki M\u00f8ller-Iversen","Est. reading time":"1 minute"},"schema":{"@context":"https:\/\/schema.org","@graph":[{"@type":"Organization","@id":"https:\/\/acefootball.com\/da\/#organization","name":"Ace Football","url":"https:\/\/acefootball.com\/da\/","sameAs":["https:\/\/www.facebook.com\/acefootballdk"],"logo":{"@type":"ImageObject","@id":"https:\/\/acefootball.com\/da\/#logo","inLanguage":"en-US","url":"https:\/\/acefootball.com\/da\/wp-content\/uploads\/sites\/2\/2020\/07\/Ace-Football-30-07-2020-2.png","contentUrl":"https:\/\/acefootball.com\/da\/wp-content\/uploads\/sites\/2\/2020\/07\/Ace-Football-30-07-2020-2.png","width":1200,"height":600,"caption":"Ace Football"},"image":{"@id":"https:\/\/acefootball.com\/da\/#logo"}},{"@type":"WebSite","@id":"https:\/\/acefootball.com\/da\/#website","url":"https:\/\/acefootball.com\/da\/","name":"Ace Football Danmark","description":"Nyheder, Spiltips &amp; Livescore","publisher":{"@id":"https:\/\/acefootball.com\/da\/#organization"},"potentialAction":[{"@type":"SearchAction","target":{"@type":"EntryPoint","urlTemplate":"https:\/\/acefootball.com\/da\/?s={search_term_string}"},"query-input":"required name=search_term_string"}],"inLanguage":"en-US"},{"@type":"ImageObject","@id":"https:\/\/acefootball.com\/da\/fodboldnyheder\/farvel-og-tak-nu-forlader-stjernen-alle-de-sociale-medier\/#primaryimage","inLanguage":"en-US","url":"https:\/\/acefootball.com\/da\/wp-content\/uploads\/sites\/2\/2021\/03\/Copy-of-Video-generel-6.jpg","contentUrl":"https:\/\/acefootball.com\/da\/wp-content\/uploads\/sites\/2\/2021\/03\/Copy-of-Video-generel-6.jpg","width":1920,"height":1008},{"@type":"WebPage","@id":"https:\/\/acefootball.com\/da\/fodboldnyheder\/farvel-og-tak-nu-forlader-stjernen-alle-de-sociale-medier\/#webpage","url":"https:\/\/acefootball.com\/da\/fodboldnyheder\/farvel-og-tak-nu-forlader-stjernen-alle-de-sociale-medier\/","name":"Farvel og tak: Nu forlader stjernen alle de sociale medier","isPartOf":{"@id":"https:\/\/acefootball.com\/da\/#website"},"primaryImageOfPage":{"@id":"https:\/\/acefootball.com\/da\/fodboldnyheder\/farvel-og-tak-nu-forlader-stjernen-alle-de-sociale-medier\/#primaryimage"},"datePublished":"2021-03-26T12:25:09+00:00","dateModified":"2021-03-26T12:25:10+00:00","description":"Den tidligere Arsenal-stjerne Thierry Henry forlader i morgen alle sociale medier. Grunden er ganske enkel","breadcrumb":{"@id":"https:\/\/acefootball.com\/da\/fodboldnyheder\/farvel-og-tak-nu-forlader-stjernen-alle-de-sociale-medier\/#breadcrumb"},"inLanguage":"en-US","potentialAction":[{"@type":"ReadAction","target":["https:\/\/acefootball.com\/da\/fodboldnyheder\/farvel-og-tak-nu-forlader-stjernen-alle-de-sociale-medier\/"]}]},{"@type":"BreadcrumbList","@id":"https:\/\/acefootball.com\/da\/fodboldnyheder\/farvel-og-tak-nu-forlader-stjernen-alle-de-sociale-medier\/#breadcrumb","itemListElement":[{"@type":"ListItem","position":1,"name":"Home","item":"https:\/\/acefootball.com\/da\/"},{"@type":"ListItem","position":2,"name":"Farvel og tak: Nu forlader stjernen alle de sociale medier"}]},{"@type":"Article","@id":"https:\/\/acefootball.com\/da\/fodboldnyheder\/farvel-og-tak-nu-forlader-stjernen-alle-de-sociale-medier\/#article","isPartOf":{"@id":"https:\/\/acefootball.com\/da\/fodboldnyheder\/farvel-og-tak-nu-forlader-stjernen-alle-de-sociale-medier\/#webpage"},"author":{"@id":"https:\/\/acefootball.com\/da\/#\/schema\/person\/017c0abe4a8e92938220bf6c097dda93"},"headline":"Farvel og tak: Nu forlader stjernen alle de sociale medier","datePublished":"2021-03-26T12:25:09+00:00","dateModified":"2021-03-26T12:25:10+00:00","mainEntityOfPage":{"@id":"https:\/\/acefootball.com\/da\/fodboldnyheder\/farvel-og-tak-nu-forlader-stjernen-alle-de-sociale-medier\/#webpage"},"wordCount":135,"commentCount":0,"publisher":{"@id":"https:\/\/acefootball.com\/da\/#organization"},"image":{"@id":"https:\/\/acefootball.com\/da\/fodboldnyheder\/farvel-og-tak-nu-forlader-stjernen-alle-de-sociale-medier\/#primaryimage"},"thumbnailUrl":"https:\/\/acefootball.com\/da\/wp-content\/uploads\/sites\/2\/2021\/02\/GettyImages-1209909900.jpg","keywords":["Thierry Henry"],"articleSection":["Nyhed"],"inLanguage":"en-US","potentialAction":[{"@type":"CommentAction","name":"Comment","target":["https:\/\/acefootball.com\/da\/fodboldnyheder\/farvel-og-tak-nu-forlader-stjernen-alle-de-sociale-medier\/#respond"]}]},{"@type":"Person","@id":"https:\/\/acefootball.com\/da\/#\/schema\/person\/017c0abe4a8e92938220bf6c097dda93","name":"Mikki M\u00f8ller-Iversen","image":{"@type":"ImageObject","@id":"https:\/\/acefootball.com\/da\/#personlogo","inLanguage":"en-US","url":"https:\/\/secure.gravatar.com\/avatar\/e05b419e8b5ae5fcf516800181b96aa2?s=96&d=mm&r=g","contentUrl":"https:\/\/secure.gravatar.com\/avatar\/e05b419e8b5ae5fcf516800181b96aa2?s=96&d=mm&r=g","caption":"Mikki M\u00f8ller-Iversen"},"description":"Social Media Manager and writer at Ace Football. Main focus on Danish football and special stories.","sameAs":["https:\/\/www.linkedin.com\/in\/mikki-mller-iversen-26a3a689\/"],"url":"https:\/\/acefootball.com\/da\/fodboldnyheder\/author\/mmironaldo\/"}]}},"fimg_url":"https:\/\/acefootball.com\/da\/wp-content\/uploads\/sites\/2\/2021\/02\/GettyImages-1209909900.jpg","_links":{"self":[{"href":"https:\/\/acefootball.com\/da\/wp-json\/wp\/v2\/posts\/255805"}],"collection":[{"href":"https:\/\/acefootball.com\/da\/wp-json\/wp\/v2\/posts"}],"about":[{"href":"https:\/\/acefootball.com\/da\/wp-json\/wp\/v2\/types\/post"}],"author":[{"embeddable":true,"href":"https:\/\/acefootball.com\/da\/wp-json\/wp\/v2\/users\/43"}],"replies":[{"embeddable":true,"href":"https:\/\/acefootball.com\/da\/wp-json\/wp\/v2\/comments?post=255805"}],"version-history":[{"count":0,"href":"https:\/\/acefootball.com\/da\/wp-json\/wp\/v2\/posts\/255805\/revisions"}],"wp:featuredmedia":[{"embeddable":true,"href":"https:\/\/acefootball.com\/da\/wp-json\/wp\/v2\/media\/252289"}],"wp:attachment":[{"href":"https:\/\/acefootball.com\/da\/wp-json\/wp\/v2\/media?parent=255805"}],"wp:term":[{"taxonomy":"category","embeddable":true,"href":"https:\/\/acefootball.com\/da\/wp-json\/wp\/v2\/categories?post=255805"},{"taxonomy":"post_tag","embeddable":true,"href":"https:\/\/acefootball.com\/da\/wp-json\/wp\/v2\/tags?post=255805"}],"curies":[{"name":"wp","href":"https:\/\/api.w.org\/{rel}","templated":true}]}}