{"id":255765,"date":"2021-03-25T21:25:44","date_gmt":"2021-03-25T20:25:44","guid":{"rendered":"https:\/\/acefootball.com\/da\/?p=255765"},"modified":"2021-03-25T21:41:49","modified_gmt":"2021-03-25T20:41:49","slug":"wind-kommentar-revses-hold-det-ude-af-landsholdslejren","status":"publish","type":"post","link":"https:\/\/acefootball.com\/da\/fodboldnyheder\/wind-kommentar-revses-hold-det-ude-af-landsholdslejren\/","title":{"rendered":"Wind-kommentar revses: Hold det ude af landsholdslejren!"},"content":{"rendered":"\n<h2 id=\"h-jonas-wind-fik-efter-en-flot-landskamp-lige-sendt-en-hurtig-beskyldning-afsted-om-at-det-nok-er-br-ndby-fans-der-har-kritiseret-ham\">Jonas Wind fik efter en flot landskamp lige sendt en hurtig beskyldning afsted om, at det nok er Br\u00f8ndby-fans, der har kritiseret ham<\/h2>\n\n\n\n<div class=\"wp-block-si-widget wp-block-si-widget--center\"><si-lb-widget widget-id=\"MatchInfo\" width=\"440\" data-nopadding=\"true\" data-card=\"true\" data-event-id=\"3495251\" data-theme-appearance=\"dark\"><\/si-lb-widget><\/div>\n\n\n\n<p>Jonas Wind blev dagens mand i skysovs for det danske herrelandshold, da han tidligere p\u00e5 aftenen b\u00e5de fik leveret en flot assist til Martin Braithwaite og s\u00e5gar selv kom p\u00e5 m\u00e5ltavlen i 2-0 sejren over Israel.<\/p>\n\n\n\n<p>Derfor var det ogs\u00e5 en glad angriber, der efter kampen kunne stille op til interview, men m\u00e5ske han lige skulle have t\u00e6nkt sig om en ekstra gang og kigget ned p\u00e5 sin tr\u00f8je, hvor det alts\u00e5 var det danske logo og ikke FC K\u00f8benhavn-logoet, der sad p\u00e5 brystet, inden han valgte at sende en spydig kommentar afsted efter hans rivaler i klubfodbolden, Br\u00f8ndby IF, som han mener er dem, der kritiserer ham for kun at score p\u00e5 straffespark.<\/p>\n\n\n\n<figure class=\"wp-block-embed is-type-wp-embed is-provider-ace-football-danmark wp-block-embed-ace-football-danmark\"><div class=\"wp-block-embed__wrapper\">\n<blockquote class=\"wp-embedded-content\" data-secret=\"2mWfxrSFpo\"><a href=\"https:\/\/acefootball.com\/da\/fodboldnyheder\/jonas-wind-reagerer-paa-kritik-tror-kun-det-er-broendby-fans\/\">Jonas Wind reagerer p\u00e5 kritik: &#8216;Tror kun, det er Br\u00f8ndby-fans&#8217;<\/a><\/blockquote><iframe class=\"wp-embedded-content\" sandbox=\"allow-scripts\" security=\"restricted\" style=\"position: absolute; clip: rect(1px, 1px, 1px, 1px);\" title=\"&#8220;Jonas Wind reagerer p\u00e5 kritik: &#8216;Tror kun, det er Br\u00f8ndby-fans&#8217;&#8221; &#8212; Ace Football Danmark\" src=\"https:\/\/acefootball.com\/da\/fodboldnyheder\/jonas-wind-reagerer-paa-kritik-tror-kun-det-er-broendby-fans\/embed\/#?secret=2mWfxrSFpo\" data-secret=\"2mWfxrSFpo\" width=\"600\" height=\"338\" frameborder=\"0\" marginwidth=\"0\" marginheight=\"0\" scrolling=\"no\"><\/iframe>\n<\/div><\/figure>\n\n\n\n<p>I hvert fald er Winds kommentar efterf\u00f8lgende blevet m\u00f8dt af stor kritik, og den har faktisk ogs\u00e5 skabt lidt af en debat i forhold til, om det er i orden at bringe den slags klubrivalisering med sig ind p\u00e5 landsholdet. Flere mener, at det er decideret skadeligt.<\/p>\n\n\n\n<p>Du kan l\u00e6se en r\u00e6kke kommentarer til episoden herunder.<\/p>\n\n\n\n<figure class=\"wp-block-embed is-type-rich is-provider-twitter wp-block-embed-twitter\"><div class=\"wp-block-embed__wrapper\">\n<blockquote class=\"twitter-tweet\" data-width=\"550\" data-dnt=\"true\"><p lang=\"da\" dir=\"ltr\">Jeg synes Winds udtalelse er alt andet end klasse. N\u00e5r man spiller p\u00e5 landsholdet, s\u00e5 skal man gerne se om man kan v\u00e6re mere helende end delene. <br><br>Det der m\u00e5 man lade blive i klubben. <a href=\"https:\/\/twitter.com\/hashtag\/isrden?src=hash&amp;ref_src=twsrc%5Etfw\">#isrden<\/a> <a href=\"https:\/\/twitter.com\/hashtag\/fordanmark?src=hash&amp;ref_src=twsrc%5Etfw\">#fordanmark<\/a> <a href=\"https:\/\/twitter.com\/hashtag\/sldk?src=hash&amp;ref_src=twsrc%5Etfw\">#sldk<\/a> <a href=\"https:\/\/t.co\/ogUGxFQdD7\">https:\/\/t.co\/ogUGxFQdD7<\/a><\/p>&mdash; Casper de Linde (@casperdelinde) <a href=\"https:\/\/twitter.com\/casperdelinde\/status\/1375165989860556800?ref_src=twsrc%5Etfw\">March 25, 2021<\/a><\/blockquote><script async src=\"https:\/\/platform.twitter.com\/widgets.js\" charset=\"utf-8\"><\/script>\n<\/div><\/figure>\n\n\n\n<figure class=\"wp-block-image size-large is-resized\"><img loading=\"lazy\" src=\"https:\/\/acefootball.com\/da\/wp-content\/uploads\/sites\/2\/2021\/03\/Skaermbillede-2021-03-25-kl.-21.21.36.png\" alt=\"\" class=\"wp-image-255773\" width=\"666\" height=\"164\" srcset=\"https:\/\/acefootball.com\/da\/wp-content\/uploads\/sites\/2\/2021\/03\/Skaermbillede-2021-03-25-kl.-21.21.36.png 948w, https:\/\/acefootball.com\/da\/wp-content\/uploads\/sites\/2\/2021\/03\/Skaermbillede-2021-03-25-kl.-21.21.36-300x74.png 300w, https:\/\/acefootball.com\/da\/wp-content\/uploads\/sites\/2\/2021\/03\/Skaermbillede-2021-03-25-kl.-21.21.36-768x190.png 768w\" sizes=\"(max-width: 666px) 100vw, 666px\" \/><\/figure>\n\n\n\n<figure class=\"wp-block-image size-large is-resized\"><img loading=\"lazy\" src=\"https:\/\/acefootball.com\/da\/wp-content\/uploads\/sites\/2\/2021\/03\/Skaermbillede-2021-03-25-kl.-21.21.51.png\" alt=\"\" class=\"wp-image-255772\" width=\"668\" height=\"186\" srcset=\"https:\/\/acefootball.com\/da\/wp-content\/uploads\/sites\/2\/2021\/03\/Skaermbillede-2021-03-25-kl.-21.21.51.png 952w, https:\/\/acefootball.com\/da\/wp-content\/uploads\/sites\/2\/2021\/03\/Skaermbillede-2021-03-25-kl.-21.21.51-300x84.png 300w, https:\/\/acefootball.com\/da\/wp-content\/uploads\/sites\/2\/2021\/03\/Skaermbillede-2021-03-25-kl.-21.21.51-768x215.png 768w\" sizes=\"(max-width: 668px) 100vw, 668px\" \/><\/figure>\n\n\n\n<figure class=\"wp-block-image size-large is-resized\"><img loading=\"lazy\" src=\"https:\/\/acefootball.com\/da\/wp-content\/uploads\/sites\/2\/2021\/03\/Skaermbillede-2021-03-25-kl.-21.22.03.png\" alt=\"\" class=\"wp-image-255771\" width=\"672\" height=\"219\" srcset=\"https:\/\/acefootball.com\/da\/wp-content\/uploads\/sites\/2\/2021\/03\/Skaermbillede-2021-03-25-kl.-21.22.03.png 942w, https:\/\/acefootball.com\/da\/wp-content\/uploads\/sites\/2\/2021\/03\/Skaermbillede-2021-03-25-kl.-21.22.03-300x98.png 300w, https:\/\/acefootball.com\/da\/wp-content\/uploads\/sites\/2\/2021\/03\/Skaermbillede-2021-03-25-kl.-21.22.03-768x251.png 768w\" sizes=\"(max-width: 672px) 100vw, 672px\" \/><\/figure>\n\n\n\n<figure class=\"wp-block-image size-large is-resized\"><img loading=\"lazy\" src=\"https:\/\/acefootball.com\/da\/wp-content\/uploads\/sites\/2\/2021\/03\/Skaermbillede-2021-03-25-kl.-21.21.21.png\" alt=\"\" class=\"wp-image-255770\" width=\"670\" height=\"391\" srcset=\"https:\/\/acefootball.com\/da\/wp-content\/uploads\/sites\/2\/2021\/03\/Skaermbillede-2021-03-25-kl.-21.21.21.png 946w, https:\/\/acefootball.com\/da\/wp-content\/uploads\/sites\/2\/2021\/03\/Skaermbillede-2021-03-25-kl.-21.21.21-300x176.png 300w\" sizes=\"(max-width: 670px) 100vw, 670px\" \/><\/figure>\n\n\n\n<figure class=\"wp-block-image size-large is-resized\"><img loading=\"lazy\" src=\"https:\/\/acefootball.com\/da\/wp-content\/uploads\/sites\/2\/2021\/03\/Skaermbillede-2021-03-25-kl.-21.20.37.png\" alt=\"\" class=\"wp-image-255769\" width=\"668\" height=\"372\" srcset=\"https:\/\/acefootball.com\/da\/wp-content\/uploads\/sites\/2\/2021\/03\/Skaermbillede-2021-03-25-kl.-21.20.37.png 950w, https:\/\/acefootball.com\/da\/wp-content\/uploads\/sites\/2\/2021\/03\/Skaermbillede-2021-03-25-kl.-21.20.37-300x167.png 300w, https:\/\/acefootball.com\/da\/wp-content\/uploads\/sites\/2\/2021\/03\/Skaermbillede-2021-03-25-kl.-21.20.37-768x428.png 768w\" sizes=\"(max-width: 668px) 100vw, 668px\" \/><\/figure>\n\n\n\n<figure class=\"wp-block-embed is-type-wp-embed is-provider-ace-football-danmark wp-block-embed-ace-football-danmark\"><div class=\"wp-block-embed__wrapper\">\n<blockquote class=\"wp-embedded-content\" data-secret=\"QCugBT9SNN\"><a href=\"https:\/\/acefootball.com\/da\/fodboldnyheder\/fans-verden-over-tuner-ind-paa-danmark-israel-en-kaempe-forskel\/\">Fans verden over tuner ind p\u00e5 Israel &#8211; Danmark: En k\u00e6mpe forskel!<\/a><\/blockquote><iframe class=\"wp-embedded-content\" sandbox=\"allow-scripts\" security=\"restricted\" style=\"position: absolute; clip: rect(1px, 1px, 1px, 1px);\" title=\"&#8220;Fans verden over tuner ind p\u00e5 Israel &#8211; Danmark: En k\u00e6mpe forskel!&#8221; &#8212; Ace Football Danmark\" src=\"https:\/\/acefootball.com\/da\/fodboldnyheder\/fans-verden-over-tuner-ind-paa-danmark-israel-en-kaempe-forskel\/embed\/#?secret=QCugBT9SNN\" data-secret=\"QCugBT9SNN\" width=\"600\" height=\"338\" frameborder=\"0\" marginwidth=\"0\" marginheight=\"0\" scrolling=\"no\"><\/iframe>\n<\/div><\/figure>\n","protected":false},"excerpt":{"rendered":"<p>Jonas Wind fik efter en flot landskamp lige sendt en hurtig beskyldning afsted om, at det nok er Br\u00f8ndby-fans, der har kritiseret ham<\/p>\n","protected":false},"author":74,"featured_media":255767,"comment_status":"open","ping_status":"closed","sticky":false,"template":"","format":"standard","meta":{"om_disable_all_campaigns":false,"push_articles_ronaldo":{"active":false,"canonical":0,"publish":false},"force_updates":null},"categories":[8060],"tags":[53,692,16,2167,588],"enet_tags":{"team":["8595","8238","8391"],"player":["889785"],"league":["46"],"sport_events":[3495251]},"yoast_head":"<!-- This site is optimized with the Yoast SEO plugin v18.3 - https:\/\/yoast.com\/wordpress\/plugins\/seo\/ -->\n<title>Wind-kommentar revses: Hold det ude af landsholdslejren!<\/title>\n<meta name=\"description\" content=\"Jonas Wind fik efter en flot landskamp lige sendt en hurtig beskyldning afsted om, at det nok er Br\u00f8ndby-fans, der har kritiseret ham\" \/>\n<meta name=\"robots\" content=\"index, follow, max-snippet:-1, max-image-preview:large, max-video-preview:-1\" \/>\n<link rel=\"canonical\" href=\"https:\/\/acefootball.com\/da\/fodboldnyheder\/wind-kommentar-revses-hold-det-ude-af-landsholdslejren\/\" \/>\n<meta property=\"og:locale\" content=\"en_US\" \/>\n<meta property=\"og:type\" content=\"article\" \/>\n<meta property=\"og:title\" content=\"Wind-kommentar revses: Hold det ude af landsholdslejren!\" \/>\n<meta property=\"og:description\" content=\"Jonas Wind fik efter en flot landskamp lige sendt en hurtig beskyldning afsted om, at det nok er Br\u00f8ndby-fans, der har kritiseret ham\" \/>\n<meta property=\"og:url\" content=\"https:\/\/acefootball.com\/da\/fodboldnyheder\/wind-kommentar-revses-hold-det-ude-af-landsholdslejren\/\" \/>\n<meta property=\"og:site_name\" content=\"Ace Football Danmark\" \/>\n<meta property=\"article:publisher\" content=\"https:\/\/www.facebook.com\/acefootballdk\" \/>\n<meta property=\"article:published_time\" content=\"2021-03-25T20:25:44+00:00\" \/>\n<meta property=\"article:modified_time\" content=\"2021-03-25T20:41:49+00:00\" \/>\n<meta property=\"og:image\" content=\"https:\/\/acefootball.com\/da\/wp-content\/uploads\/sites\/2\/2021\/03\/Laes-mere-generel-69-3.jpg\" \/>\n\t<meta property=\"og:image:width\" content=\"1920\" \/>\n\t<meta property=\"og:image:height\" content=\"1008\" \/>\n\t<meta property=\"og:image:type\" content=\"image\/jpeg\" \/>\n<meta name=\"twitter:card\" content=\"summary_large_image\" \/>\n<meta name=\"twitter:label1\" content=\"Written by\" \/>\n\t<meta name=\"twitter:data1\" content=\"Patrick Hesselb\u00e6k\" \/>\n\t<meta name=\"twitter:label2\" content=\"Est. reading time\" \/>\n\t<meta name=\"twitter:data2\" content=\"2 minutes\" \/>\n<script type=\"application\/ld+json\" class=\"yoast-schema-graph\">{\"@context\":\"https:\/\/schema.org\",\"@graph\":[{\"@type\":\"Organization\",\"@id\":\"https:\/\/acefootball.com\/da\/#organization\",\"name\":\"Ace Football\",\"url\":\"https:\/\/acefootball.com\/da\/\",\"sameAs\":[\"https:\/\/www.facebook.com\/acefootballdk\"],\"logo\":{\"@type\":\"ImageObject\",\"@id\":\"https:\/\/acefootball.com\/da\/#logo\",\"inLanguage\":\"en-US\",\"url\":\"https:\/\/acefootball.com\/da\/wp-content\/uploads\/sites\/2\/2020\/07\/Ace-Football-30-07-2020-2.png\",\"contentUrl\":\"https:\/\/acefootball.com\/da\/wp-content\/uploads\/sites\/2\/2020\/07\/Ace-Football-30-07-2020-2.png\",\"width\":1200,\"height\":600,\"caption\":\"Ace Football\"},\"image\":{\"@id\":\"https:\/\/acefootball.com\/da\/#logo\"}},{\"@type\":\"WebSite\",\"@id\":\"https:\/\/acefootball.com\/da\/#website\",\"url\":\"https:\/\/acefootball.com\/da\/\",\"name\":\"Ace Football Danmark\",\"description\":\"Nyheder, Spiltips &amp; Livescore\",\"publisher\":{\"@id\":\"https:\/\/acefootball.com\/da\/#organization\"},\"potentialAction\":[{\"@type\":\"SearchAction\",\"target\":{\"@type\":\"EntryPoint\",\"urlTemplate\":\"https:\/\/acefootball.com\/da\/?s={search_term_string}\"},\"query-input\":\"required name=search_term_string\"}],\"inLanguage\":\"en-US\"},{\"@type\":\"ImageObject\",\"@id\":\"https:\/\/acefootball.com\/da\/fodboldnyheder\/wind-kommentar-revses-hold-det-ude-af-landsholdslejren\/#primaryimage\",\"inLanguage\":\"en-US\",\"url\":\"https:\/\/acefootball.com\/da\/wp-content\/uploads\/sites\/2\/2021\/03\/Laes-mere-generel-69-3.jpg\",\"contentUrl\":\"https:\/\/acefootball.com\/da\/wp-content\/uploads\/sites\/2\/2021\/03\/Laes-mere-generel-69-3.jpg\",\"width\":1920,\"height\":1008},{\"@type\":\"WebPage\",\"@id\":\"https:\/\/acefootball.com\/da\/fodboldnyheder\/wind-kommentar-revses-hold-det-ude-af-landsholdslejren\/#webpage\",\"url\":\"https:\/\/acefootball.com\/da\/fodboldnyheder\/wind-kommentar-revses-hold-det-ude-af-landsholdslejren\/\",\"name\":\"Wind-kommentar revses: Hold det ude af landsholdslejren!\",\"isPartOf\":{\"@id\":\"https:\/\/acefootball.com\/da\/#website\"},\"primaryImageOfPage\":{\"@id\":\"https:\/\/acefootball.com\/da\/fodboldnyheder\/wind-kommentar-revses-hold-det-ude-af-landsholdslejren\/#primaryimage\"},\"datePublished\":\"2021-03-25T20:25:44+00:00\",\"dateModified\":\"2021-03-25T20:41:49+00:00\",\"description\":\"Jonas Wind fik efter en flot landskamp lige sendt en hurtig beskyldning afsted om, at det nok er Br\u00f8ndby-fans, der har kritiseret ham\",\"breadcrumb\":{\"@id\":\"https:\/\/acefootball.com\/da\/fodboldnyheder\/wind-kommentar-revses-hold-det-ude-af-landsholdslejren\/#breadcrumb\"},\"inLanguage\":\"en-US\",\"potentialAction\":[{\"@type\":\"ReadAction\",\"target\":[\"https:\/\/acefootball.com\/da\/fodboldnyheder\/wind-kommentar-revses-hold-det-ude-af-landsholdslejren\/\"]}]},{\"@type\":\"BreadcrumbList\",\"@id\":\"https:\/\/acefootball.com\/da\/fodboldnyheder\/wind-kommentar-revses-hold-det-ude-af-landsholdslejren\/#breadcrumb\",\"itemListElement\":[{\"@type\":\"ListItem\",\"position\":1,\"name\":\"Home\",\"item\":\"https:\/\/acefootball.com\/da\/\"},{\"@type\":\"ListItem\",\"position\":2,\"name\":\"Wind-kommentar revses: Hold det ude af landsholdslejren!\"}]},{\"@type\":\"Article\",\"@id\":\"https:\/\/acefootball.com\/da\/fodboldnyheder\/wind-kommentar-revses-hold-det-ude-af-landsholdslejren\/#article\",\"isPartOf\":{\"@id\":\"https:\/\/acefootball.com\/da\/fodboldnyheder\/wind-kommentar-revses-hold-det-ude-af-landsholdslejren\/#webpage\"},\"author\":{\"@id\":\"https:\/\/acefootball.com\/da\/#\/schema\/person\/fd6223a1c033400b41da7853ddf88c84\"},\"headline\":\"Wind-kommentar revses: Hold det ude af landsholdslejren!\",\"datePublished\":\"2021-03-25T20:25:44+00:00\",\"dateModified\":\"2021-03-25T20:41:49+00:00\",\"mainEntityOfPage\":{\"@id\":\"https:\/\/acefootball.com\/da\/fodboldnyheder\/wind-kommentar-revses-hold-det-ude-af-landsholdslejren\/#webpage\"},\"wordCount\":230,\"commentCount\":0,\"publisher\":{\"@id\":\"https:\/\/acefootball.com\/da\/#organization\"},\"image\":{\"@id\":\"https:\/\/acefootball.com\/da\/fodboldnyheder\/wind-kommentar-revses-hold-det-ude-af-landsholdslejren\/#primaryimage\"},\"thumbnailUrl\":\"https:\/\/acefootball.com\/da\/wp-content\/uploads\/sites\/2\/2021\/03\/GettyImages-1228942450.jpg\",\"keywords\":[\"Br\u00f8ndby IF\",\"Danmark\",\"FC K\u00f8benhavn\",\"Jonas Wind\",\"Superligaen\"],\"articleSection\":[\"Reaktion\"],\"inLanguage\":\"en-US\",\"potentialAction\":[{\"@type\":\"CommentAction\",\"name\":\"Comment\",\"target\":[\"https:\/\/acefootball.com\/da\/fodboldnyheder\/wind-kommentar-revses-hold-det-ude-af-landsholdslejren\/#respond\"]}]},{\"@type\":\"Person\",\"@id\":\"https:\/\/acefootball.com\/da\/#\/schema\/person\/fd6223a1c033400b41da7853ddf88c84\",\"name\":\"Patrick Hesselb\u00e6k\",\"image\":{\"@type\":\"ImageObject\",\"@id\":\"https:\/\/acefootball.com\/da\/#personlogo\",\"inLanguage\":\"en-US\",\"url\":\"https:\/\/secure.gravatar.com\/avatar\/7919060992759bffbffb199d6cbdce6f?s=96&d=mm&r=g\",\"contentUrl\":\"https:\/\/secure.gravatar.com\/avatar\/7919060992759bffbffb199d6cbdce6f?s=96&d=mm&r=g\",\"caption\":\"Patrick Hesselb\u00e6k\"},\"description\":\"Redakt\u00f8r p\u00e5 den danske Ace Football-redaktion. Uddannet i kommunikation fra Aalborg Universitet. Prim\u00e6rt fokus p\u00e5 den danske 3F Superliga og de st\u00f8rste europ\u00e6iske turneringer.\",\"sameAs\":[\"https:\/\/www.linkedin.com\/in\/patrick-hesselbk-2a4b1711a\/\"],\"url\":\"https:\/\/acefootball.com\/da\/fodboldnyheder\/author\/patrickhesselbaek\/\"}]}<\/script>\n<!-- \/ Yoast SEO plugin. -->","yoast_head_json":{"title":"Wind-kommentar revses: Hold det ude af landsholdslejren!","description":"Jonas Wind fik efter en flot landskamp lige sendt en hurtig beskyldning afsted om, at det nok er Br\u00f8ndby-fans, der har kritiseret ham","robots":{"index":"index","follow":"follow","max-snippet":"max-snippet:-1","max-image-preview":"max-image-preview:large","max-video-preview":"max-video-preview:-1"},"canonical":"https:\/\/acefootball.com\/da\/fodboldnyheder\/wind-kommentar-revses-hold-det-ude-af-landsholdslejren\/","og_locale":"en_US","og_type":"article","og_title":"Wind-kommentar revses: Hold det ude af landsholdslejren!","og_description":"Jonas Wind fik efter en flot landskamp lige sendt en hurtig beskyldning afsted om, at det nok er Br\u00f8ndby-fans, der har kritiseret ham","og_url":"https:\/\/acefootball.com\/da\/fodboldnyheder\/wind-kommentar-revses-hold-det-ude-af-landsholdslejren\/","og_site_name":"Ace Football Danmark","article_publisher":"https:\/\/www.facebook.com\/acefootballdk","article_published_time":"2021-03-25T20:25:44+00:00","article_modified_time":"2021-03-25T20:41:49+00:00","og_image":[{"width":1920,"height":1008,"url":"https:\/\/acefootball.com\/da\/wp-content\/uploads\/sites\/2\/2021\/03\/Laes-mere-generel-69-3.jpg","type":"image\/jpeg"}],"twitter_card":"summary_large_image","twitter_misc":{"Written by":"Patrick Hesselb\u00e6k","Est. reading time":"2 minutes"},"schema":{"@context":"https:\/\/schema.org","@graph":[{"@type":"Organization","@id":"https:\/\/acefootball.com\/da\/#organization","name":"Ace Football","url":"https:\/\/acefootball.com\/da\/","sameAs":["https:\/\/www.facebook.com\/acefootballdk"],"logo":{"@type":"ImageObject","@id":"https:\/\/acefootball.com\/da\/#logo","inLanguage":"en-US","url":"https:\/\/acefootball.com\/da\/wp-content\/uploads\/sites\/2\/2020\/07\/Ace-Football-30-07-2020-2.png","contentUrl":"https:\/\/acefootball.com\/da\/wp-content\/uploads\/sites\/2\/2020\/07\/Ace-Football-30-07-2020-2.png","width":1200,"height":600,"caption":"Ace Football"},"image":{"@id":"https:\/\/acefootball.com\/da\/#logo"}},{"@type":"WebSite","@id":"https:\/\/acefootball.com\/da\/#website","url":"https:\/\/acefootball.com\/da\/","name":"Ace Football Danmark","description":"Nyheder, Spiltips &amp; Livescore","publisher":{"@id":"https:\/\/acefootball.com\/da\/#organization"},"potentialAction":[{"@type":"SearchAction","target":{"@type":"EntryPoint","urlTemplate":"https:\/\/acefootball.com\/da\/?s={search_term_string}"},"query-input":"required name=search_term_string"}],"inLanguage":"en-US"},{"@type":"ImageObject","@id":"https:\/\/acefootball.com\/da\/fodboldnyheder\/wind-kommentar-revses-hold-det-ude-af-landsholdslejren\/#primaryimage","inLanguage":"en-US","url":"https:\/\/acefootball.com\/da\/wp-content\/uploads\/sites\/2\/2021\/03\/Laes-mere-generel-69-3.jpg","contentUrl":"https:\/\/acefootball.com\/da\/wp-content\/uploads\/sites\/2\/2021\/03\/Laes-mere-generel-69-3.jpg","width":1920,"height":1008},{"@type":"WebPage","@id":"https:\/\/acefootball.com\/da\/fodboldnyheder\/wind-kommentar-revses-hold-det-ude-af-landsholdslejren\/#webpage","url":"https:\/\/acefootball.com\/da\/fodboldnyheder\/wind-kommentar-revses-hold-det-ude-af-landsholdslejren\/","name":"Wind-kommentar revses: Hold det ude af landsholdslejren!","isPartOf":{"@id":"https:\/\/acefootball.com\/da\/#website"},"primaryImageOfPage":{"@id":"https:\/\/acefootball.com\/da\/fodboldnyheder\/wind-kommentar-revses-hold-det-ude-af-landsholdslejren\/#primaryimage"},"datePublished":"2021-03-25T20:25:44+00:00","dateModified":"2021-03-25T20:41:49+00:00","description":"Jonas Wind fik efter en flot landskamp lige sendt en hurtig beskyldning afsted om, at det nok er Br\u00f8ndby-fans, der har kritiseret ham","breadcrumb":{"@id":"https:\/\/acefootball.com\/da\/fodboldnyheder\/wind-kommentar-revses-hold-det-ude-af-landsholdslejren\/#breadcrumb"},"inLanguage":"en-US","potentialAction":[{"@type":"ReadAction","target":["https:\/\/acefootball.com\/da\/fodboldnyheder\/wind-kommentar-revses-hold-det-ude-af-landsholdslejren\/"]}]},{"@type":"BreadcrumbList","@id":"https:\/\/acefootball.com\/da\/fodboldnyheder\/wind-kommentar-revses-hold-det-ude-af-landsholdslejren\/#breadcrumb","itemListElement":[{"@type":"ListItem","position":1,"name":"Home","item":"https:\/\/acefootball.com\/da\/"},{"@type":"ListItem","position":2,"name":"Wind-kommentar revses: Hold det ude af landsholdslejren!"}]},{"@type":"Article","@id":"https:\/\/acefootball.com\/da\/fodboldnyheder\/wind-kommentar-revses-hold-det-ude-af-landsholdslejren\/#article","isPartOf":{"@id":"https:\/\/acefootball.com\/da\/fodboldnyheder\/wind-kommentar-revses-hold-det-ude-af-landsholdslejren\/#webpage"},"author":{"@id":"https:\/\/acefootball.com\/da\/#\/schema\/person\/fd6223a1c033400b41da7853ddf88c84"},"headline":"Wind-kommentar revses: Hold det ude af landsholdslejren!","datePublished":"2021-03-25T20:25:44+00:00","dateModified":"2021-03-25T20:41:49+00:00","mainEntityOfPage":{"@id":"https:\/\/acefootball.com\/da\/fodboldnyheder\/wind-kommentar-revses-hold-det-ude-af-landsholdslejren\/#webpage"},"wordCount":230,"commentCount":0,"publisher":{"@id":"https:\/\/acefootball.com\/da\/#organization"},"image":{"@id":"https:\/\/acefootball.com\/da\/fodboldnyheder\/wind-kommentar-revses-hold-det-ude-af-landsholdslejren\/#primaryimage"},"thumbnailUrl":"https:\/\/acefootball.com\/da\/wp-content\/uploads\/sites\/2\/2021\/03\/GettyImages-1228942450.jpg","keywords":["Br\u00f8ndby IF","Danmark","FC K\u00f8benhavn","Jonas Wind","Superligaen"],"articleSection":["Reaktion"],"inLanguage":"en-US","potentialAction":[{"@type":"CommentAction","name":"Comment","target":["https:\/\/acefootball.com\/da\/fodboldnyheder\/wind-kommentar-revses-hold-det-ude-af-landsholdslejren\/#respond"]}]},{"@type":"Person","@id":"https:\/\/acefootball.com\/da\/#\/schema\/person\/fd6223a1c033400b41da7853ddf88c84","name":"Patrick Hesselb\u00e6k","image":{"@type":"ImageObject","@id":"https:\/\/acefootball.com\/da\/#personlogo","inLanguage":"en-US","url":"https:\/\/secure.gravatar.com\/avatar\/7919060992759bffbffb199d6cbdce6f?s=96&d=mm&r=g","contentUrl":"https:\/\/secure.gravatar.com\/avatar\/7919060992759bffbffb199d6cbdce6f?s=96&d=mm&r=g","caption":"Patrick Hesselb\u00e6k"},"description":"Redakt\u00f8r p\u00e5 den danske Ace Football-redaktion. Uddannet i kommunikation fra Aalborg Universitet. Prim\u00e6rt fokus p\u00e5 den danske 3F Superliga og de st\u00f8rste europ\u00e6iske turneringer.","sameAs":["https:\/\/www.linkedin.com\/in\/patrick-hesselbk-2a4b1711a\/"],"url":"https:\/\/acefootball.com\/da\/fodboldnyheder\/author\/patrickhesselbaek\/"}]}},"fimg_url":"https:\/\/acefootball.com\/da\/wp-content\/uploads\/sites\/2\/2021\/03\/GettyImages-1228942450.jpg","_links":{"self":[{"href":"https:\/\/acefootball.com\/da\/wp-json\/wp\/v2\/posts\/255765"}],"collection":[{"href":"https:\/\/acefootball.com\/da\/wp-json\/wp\/v2\/posts"}],"about":[{"href":"https:\/\/acefootball.com\/da\/wp-json\/wp\/v2\/types\/post"}],"author":[{"embeddable":true,"href":"https:\/\/acefootball.com\/da\/wp-json\/wp\/v2\/users\/74"}],"replies":[{"embeddable":true,"href":"https:\/\/acefootball.com\/da\/wp-json\/wp\/v2\/comments?post=255765"}],"version-history":[{"count":0,"href":"https:\/\/acefootball.com\/da\/wp-json\/wp\/v2\/posts\/255765\/revisions"}],"wp:featuredmedia":[{"embeddable":true,"href":"https:\/\/acefootball.com\/da\/wp-json\/wp\/v2\/media\/255767"}],"wp:attachment":[{"href":"https:\/\/acefootball.com\/da\/wp-json\/wp\/v2\/media?parent=255765"}],"wp:term":[{"taxonomy":"category","embeddable":true,"href":"https:\/\/acefootball.com\/da\/wp-json\/wp\/v2\/categories?post=255765"},{"taxonomy":"post_tag","embeddable":true,"href":"https:\/\/acefootball.com\/da\/wp-json\/wp\/v2\/tags?post=255765"}],"curies":[{"name":"wp","href":"https:\/\/api.w.org\/{rel}","templated":true}]}}