{"id":255712,"date":"2021-03-25T14:15:14","date_gmt":"2021-03-25T13:15:14","guid":{"rendered":"https:\/\/acefootball.com\/da\/?p=255712"},"modified":"2021-03-25T14:17:46","modified_gmt":"2021-03-25T13:17:46","slug":"hold-paa-hat-og-briller-broendby-talent-scorer-gudemaal-i-traeningskamp-mod-fcn","status":"publish","type":"post","link":"https:\/\/acefootball.com\/da\/fodboldnyheder\/hold-paa-hat-og-briller-broendby-talent-scorer-gudemaal-i-traeningskamp-mod-fcn\/","title":{"rendered":"Hold p\u00e5 hat og briller: Br\u00f8ndby-talent scorer gudem\u00e5l i tr\u00e6ningskamp mod FCN"},"content":{"rendered":"\n<h2 id=\"h-br-ndby-talentet-andreas-pyndt-har-scoret-en-sand-perle-for-br-ndby-i-dagens-tr-ningskamp-mod-fc-nordsj-lland-se-den-flotte-scoring-her\">Br\u00f8ndby-talentet Andreas Pyndt har scoret en sand perle for Br\u00f8ndby i dagens tr\u00e6ningskamp mod FC Nordsj\u00e6lland. Se den flotte scoring her<\/h2>\n\n\n\n<p>Br\u00f8ndby er i skrivende stund i gang med at splitte FC Nordsj\u00e6lland ad i en tr\u00e6ningskamp, hvor de bl\u00e5gule netop har udbygget deres f\u00f8ring til 4-1.<\/p>\n\n\n\n<p>Kort f\u00f8r pausen kom kampens absolut flotteste detalje, da 20-\u00e5rige Andreas Pyndt fra kanten af feltet kanonerede bolden op i krogen efter et hj\u00f8rnespark.<\/p>\n\n\n\n<p>Se den flotte scoring her:<\/p>\n\n\n\n<figure class=\"wp-block-embed is-type-video is-provider-youtube wp-block-embed-youtube wp-embed-aspect-4-3 wp-has-aspect-ratio\"><div class=\"wp-block-embed__wrapper\">\n<iframe loading=\"lazy\" title=\"FC Nordsj\u00e6lland - Br\u00f8ndby IF (Reservekamp)\" width=\"640\" height=\"480\" src=\"https:\/\/www.youtube.com\/embed\/Zinvkl8AvoE?start=3510&#038;feature=oembed\" frameborder=\"0\" allow=\"accelerometer; autoplay; clipboard-write; encrypted-media; gyroscope; picture-in-picture\" allowfullscreen><\/iframe>\n<\/div><\/figure>\n\n\n\n<p><em>(Videoen skulle starte automatisk ved m\u00e5let, der starter efter 43 minutter og 30 sekunders spilletid.)<\/em><\/p>\n\n\n\n<p>P\u00e5 m\u00e5l har Br\u00f8ndby en spiller, mange m\u00e5ske havde glemt. Det kan du l\u00e6se mere om herunder:<\/p>\n\n\n\n<figure class=\"wp-block-embed is-type-wp-embed is-provider-ace-football-danmark wp-block-embed-ace-football-danmark\"><div class=\"wp-block-embed__wrapper\">\n<blockquote class=\"wp-embedded-content\" data-secret=\"lLR98q3sMs\"><a href=\"https:\/\/acefootball.com\/da\/fodboldnyheder\/spillede-sin-sidste-officielt-kamp-for-broendby-i-2013-i-dag-starter-han-inde\/\">Spillede sin sidste officielle kamp for Br\u00f8ndby i 2013: I dag starter han inde<\/a><\/blockquote><iframe class=\"wp-embedded-content\" sandbox=\"allow-scripts\" security=\"restricted\" style=\"position: absolute; clip: rect(1px, 1px, 1px, 1px);\" title=\"&#8220;Spillede sin sidste officielle kamp for Br\u00f8ndby i 2013: I dag starter han inde&#8221; &#8212; Ace Football Danmark\" src=\"https:\/\/acefootball.com\/da\/fodboldnyheder\/spillede-sin-sidste-officielt-kamp-for-broendby-i-2013-i-dag-starter-han-inde\/embed\/#?secret=lLR98q3sMs\" data-secret=\"lLR98q3sMs\" width=\"600\" height=\"338\" frameborder=\"0\" marginwidth=\"0\" marginheight=\"0\" scrolling=\"no\"><\/iframe>\n<\/div><\/figure>\n","protected":false},"excerpt":{"rendered":"<p>Br\u00f8ndby-talentet Andreas Pyndt har scoret en sand perle for Br\u00f8ndby i dagens tr\u00e6ningskamp mod FC Nordsj\u00e6lland. Se den flotte scoring her<\/p>\n","protected":false},"author":43,"featured_media":246230,"comment_status":"open","ping_status":"closed","sticky":false,"template":"","format":"video","meta":{"om_disable_all_campaigns":false,"push_articles_ronaldo":{"active":false,"canonical":0,"publish":false},"force_updates":null},"categories":[8098],"tags":[8586,53],"enet_tags":{"team":["8595"],"sport_events":[]},"yoast_head":"<!-- This site is optimized with the Yoast SEO plugin v18.3 - https:\/\/yoast.com\/wordpress\/plugins\/seo\/ -->\n<title>Hold p\u00e5 hat og briller: Br\u00f8ndby-talent scorer gudem\u00e5l i tr\u00e6ningskamp mod FCN<\/title>\n<meta name=\"description\" content=\"Br\u00f8ndby-talentet Andreas Pyndt har scoret en sand perle for Br\u00f8ndby i dagens tr\u00e6ningskamp mod FC Nordsj\u00e6lland. Se den flotte scoring her\" \/>\n<meta name=\"robots\" content=\"index, follow, max-snippet:-1, max-image-preview:large, max-video-preview:-1\" \/>\n<link rel=\"canonical\" href=\"https:\/\/acefootball.com\/da\/fodboldnyheder\/hold-paa-hat-og-briller-broendby-talent-scorer-gudemaal-i-traeningskamp-mod-fcn\/\" \/>\n<meta property=\"og:locale\" content=\"en_US\" \/>\n<meta property=\"og:type\" content=\"article\" \/>\n<meta property=\"og:title\" content=\"Hold p\u00e5 hat og briller: Br\u00f8ndby-talent scorer gudem\u00e5l i tr\u00e6ningskamp mod FCN\" \/>\n<meta property=\"og:description\" content=\"Br\u00f8ndby-talentet Andreas Pyndt har scoret en sand perle for Br\u00f8ndby i dagens tr\u00e6ningskamp mod FC Nordsj\u00e6lland. Se den flotte scoring her\" \/>\n<meta property=\"og:url\" content=\"https:\/\/acefootball.com\/da\/fodboldnyheder\/hold-paa-hat-og-briller-broendby-talent-scorer-gudemaal-i-traeningskamp-mod-fcn\/\" \/>\n<meta property=\"og:site_name\" content=\"Ace Football Danmark\" \/>\n<meta property=\"article:publisher\" content=\"https:\/\/www.facebook.com\/acefootballdk\" \/>\n<meta property=\"article:published_time\" content=\"2021-03-25T13:15:14+00:00\" \/>\n<meta property=\"article:modified_time\" content=\"2021-03-25T13:17:46+00:00\" \/>\n<meta property=\"og:image\" content=\"https:\/\/acefootball.com\/da\/wp-content\/uploads\/sites\/2\/2021\/03\/Copy-of-Brondby-31.jpg\" \/>\n\t<meta property=\"og:image:width\" content=\"1920\" \/>\n\t<meta property=\"og:image:height\" content=\"1008\" \/>\n\t<meta property=\"og:image:type\" content=\"image\/jpeg\" \/>\n<meta name=\"twitter:card\" content=\"summary_large_image\" \/>\n<meta name=\"twitter:label1\" content=\"Written by\" \/>\n\t<meta name=\"twitter:data1\" content=\"Mikki M\u00f8ller-Iversen\" \/>\n\t<meta name=\"twitter:label2\" content=\"Est. reading time\" \/>\n\t<meta name=\"twitter:data2\" content=\"1 minute\" \/>\n<script type=\"application\/ld+json\" class=\"yoast-schema-graph\">{\"@context\":\"https:\/\/schema.org\",\"@graph\":[{\"@type\":\"Organization\",\"@id\":\"https:\/\/acefootball.com\/da\/#organization\",\"name\":\"Ace Football\",\"url\":\"https:\/\/acefootball.com\/da\/\",\"sameAs\":[\"https:\/\/www.facebook.com\/acefootballdk\"],\"logo\":{\"@type\":\"ImageObject\",\"@id\":\"https:\/\/acefootball.com\/da\/#logo\",\"inLanguage\":\"en-US\",\"url\":\"https:\/\/acefootball.com\/da\/wp-content\/uploads\/sites\/2\/2020\/07\/Ace-Football-30-07-2020-2.png\",\"contentUrl\":\"https:\/\/acefootball.com\/da\/wp-content\/uploads\/sites\/2\/2020\/07\/Ace-Football-30-07-2020-2.png\",\"width\":1200,\"height\":600,\"caption\":\"Ace Football\"},\"image\":{\"@id\":\"https:\/\/acefootball.com\/da\/#logo\"}},{\"@type\":\"WebSite\",\"@id\":\"https:\/\/acefootball.com\/da\/#website\",\"url\":\"https:\/\/acefootball.com\/da\/\",\"name\":\"Ace Football Danmark\",\"description\":\"Nyheder, Spiltips &amp; Livescore\",\"publisher\":{\"@id\":\"https:\/\/acefootball.com\/da\/#organization\"},\"potentialAction\":[{\"@type\":\"SearchAction\",\"target\":{\"@type\":\"EntryPoint\",\"urlTemplate\":\"https:\/\/acefootball.com\/da\/?s={search_term_string}\"},\"query-input\":\"required name=search_term_string\"}],\"inLanguage\":\"en-US\"},{\"@type\":\"ImageObject\",\"@id\":\"https:\/\/acefootball.com\/da\/fodboldnyheder\/hold-paa-hat-og-briller-broendby-talent-scorer-gudemaal-i-traeningskamp-mod-fcn\/#primaryimage\",\"inLanguage\":\"en-US\",\"url\":\"https:\/\/acefootball.com\/da\/wp-content\/uploads\/sites\/2\/2021\/03\/Copy-of-Brondby-31.jpg\",\"contentUrl\":\"https:\/\/acefootball.com\/da\/wp-content\/uploads\/sites\/2\/2021\/03\/Copy-of-Brondby-31.jpg\",\"width\":1920,\"height\":1008},{\"@type\":\"WebPage\",\"@id\":\"https:\/\/acefootball.com\/da\/fodboldnyheder\/hold-paa-hat-og-briller-broendby-talent-scorer-gudemaal-i-traeningskamp-mod-fcn\/#webpage\",\"url\":\"https:\/\/acefootball.com\/da\/fodboldnyheder\/hold-paa-hat-og-briller-broendby-talent-scorer-gudemaal-i-traeningskamp-mod-fcn\/\",\"name\":\"Hold p\u00e5 hat og briller: Br\u00f8ndby-talent scorer gudem\u00e5l i tr\u00e6ningskamp mod FCN\",\"isPartOf\":{\"@id\":\"https:\/\/acefootball.com\/da\/#website\"},\"primaryImageOfPage\":{\"@id\":\"https:\/\/acefootball.com\/da\/fodboldnyheder\/hold-paa-hat-og-briller-broendby-talent-scorer-gudemaal-i-traeningskamp-mod-fcn\/#primaryimage\"},\"datePublished\":\"2021-03-25T13:15:14+00:00\",\"dateModified\":\"2021-03-25T13:17:46+00:00\",\"description\":\"Br\u00f8ndby-talentet Andreas Pyndt har scoret en sand perle for Br\u00f8ndby i dagens tr\u00e6ningskamp mod FC Nordsj\u00e6lland. Se den flotte scoring her\",\"breadcrumb\":{\"@id\":\"https:\/\/acefootball.com\/da\/fodboldnyheder\/hold-paa-hat-og-briller-broendby-talent-scorer-gudemaal-i-traeningskamp-mod-fcn\/#breadcrumb\"},\"inLanguage\":\"en-US\",\"potentialAction\":[{\"@type\":\"ReadAction\",\"target\":[\"https:\/\/acefootball.com\/da\/fodboldnyheder\/hold-paa-hat-og-briller-broendby-talent-scorer-gudemaal-i-traeningskamp-mod-fcn\/\"]}]},{\"@type\":\"BreadcrumbList\",\"@id\":\"https:\/\/acefootball.com\/da\/fodboldnyheder\/hold-paa-hat-og-briller-broendby-talent-scorer-gudemaal-i-traeningskamp-mod-fcn\/#breadcrumb\",\"itemListElement\":[{\"@type\":\"ListItem\",\"position\":1,\"name\":\"Home\",\"item\":\"https:\/\/acefootball.com\/da\/\"},{\"@type\":\"ListItem\",\"position\":2,\"name\":\"Hold p\u00e5 hat og briller: Br\u00f8ndby-talent scorer gudem\u00e5l i tr\u00e6ningskamp mod FCN\"}]},{\"@type\":\"Article\",\"@id\":\"https:\/\/acefootball.com\/da\/fodboldnyheder\/hold-paa-hat-og-briller-broendby-talent-scorer-gudemaal-i-traeningskamp-mod-fcn\/#article\",\"isPartOf\":{\"@id\":\"https:\/\/acefootball.com\/da\/fodboldnyheder\/hold-paa-hat-og-briller-broendby-talent-scorer-gudemaal-i-traeningskamp-mod-fcn\/#webpage\"},\"author\":{\"@id\":\"https:\/\/acefootball.com\/da\/#\/schema\/person\/017c0abe4a8e92938220bf6c097dda93\"},\"headline\":\"Hold p\u00e5 hat og briller: Br\u00f8ndby-talent scorer gudem\u00e5l i tr\u00e6ningskamp mod FCN\",\"datePublished\":\"2021-03-25T13:15:14+00:00\",\"dateModified\":\"2021-03-25T13:17:46+00:00\",\"mainEntityOfPage\":{\"@id\":\"https:\/\/acefootball.com\/da\/fodboldnyheder\/hold-paa-hat-og-briller-broendby-talent-scorer-gudemaal-i-traeningskamp-mod-fcn\/#webpage\"},\"wordCount\":156,\"commentCount\":0,\"publisher\":{\"@id\":\"https:\/\/acefootball.com\/da\/#organization\"},\"image\":{\"@id\":\"https:\/\/acefootball.com\/da\/fodboldnyheder\/hold-paa-hat-og-briller-broendby-talent-scorer-gudemaal-i-traeningskamp-mod-fcn\/#primaryimage\"},\"thumbnailUrl\":\"https:\/\/acefootball.com\/da\/wp-content\/uploads\/sites\/2\/2020\/12\/GettyImages-1199936462.jpg\",\"keywords\":[\"Andreas Pyndt Andersen\",\"Br\u00f8ndby IF\"],\"articleSection\":[\"Video\"],\"inLanguage\":\"en-US\",\"potentialAction\":[{\"@type\":\"CommentAction\",\"name\":\"Comment\",\"target\":[\"https:\/\/acefootball.com\/da\/fodboldnyheder\/hold-paa-hat-og-briller-broendby-talent-scorer-gudemaal-i-traeningskamp-mod-fcn\/#respond\"]}]},{\"@type\":\"Person\",\"@id\":\"https:\/\/acefootball.com\/da\/#\/schema\/person\/017c0abe4a8e92938220bf6c097dda93\",\"name\":\"Mikki M\u00f8ller-Iversen\",\"image\":{\"@type\":\"ImageObject\",\"@id\":\"https:\/\/acefootball.com\/da\/#personlogo\",\"inLanguage\":\"en-US\",\"url\":\"https:\/\/secure.gravatar.com\/avatar\/e05b419e8b5ae5fcf516800181b96aa2?s=96&d=mm&r=g\",\"contentUrl\":\"https:\/\/secure.gravatar.com\/avatar\/e05b419e8b5ae5fcf516800181b96aa2?s=96&d=mm&r=g\",\"caption\":\"Mikki M\u00f8ller-Iversen\"},\"description\":\"Social Media Manager and writer at Ace Football. Main focus on Danish football and special stories.\",\"sameAs\":[\"https:\/\/www.linkedin.com\/in\/mikki-mller-iversen-26a3a689\/\"],\"url\":\"https:\/\/acefootball.com\/da\/fodboldnyheder\/author\/mmironaldo\/\"}]}<\/script>\n<!-- \/ Yoast SEO plugin. -->","yoast_head_json":{"title":"Hold p\u00e5 hat og briller: Br\u00f8ndby-talent scorer gudem\u00e5l i tr\u00e6ningskamp mod FCN","description":"Br\u00f8ndby-talentet Andreas Pyndt har scoret en sand perle for Br\u00f8ndby i dagens tr\u00e6ningskamp mod FC Nordsj\u00e6lland. Se den flotte scoring her","robots":{"index":"index","follow":"follow","max-snippet":"max-snippet:-1","max-image-preview":"max-image-preview:large","max-video-preview":"max-video-preview:-1"},"canonical":"https:\/\/acefootball.com\/da\/fodboldnyheder\/hold-paa-hat-og-briller-broendby-talent-scorer-gudemaal-i-traeningskamp-mod-fcn\/","og_locale":"en_US","og_type":"article","og_title":"Hold p\u00e5 hat og briller: Br\u00f8ndby-talent scorer gudem\u00e5l i tr\u00e6ningskamp mod FCN","og_description":"Br\u00f8ndby-talentet Andreas Pyndt har scoret en sand perle for Br\u00f8ndby i dagens tr\u00e6ningskamp mod FC Nordsj\u00e6lland. Se den flotte scoring her","og_url":"https:\/\/acefootball.com\/da\/fodboldnyheder\/hold-paa-hat-og-briller-broendby-talent-scorer-gudemaal-i-traeningskamp-mod-fcn\/","og_site_name":"Ace Football Danmark","article_publisher":"https:\/\/www.facebook.com\/acefootballdk","article_published_time":"2021-03-25T13:15:14+00:00","article_modified_time":"2021-03-25T13:17:46+00:00","og_image":[{"width":1920,"height":1008,"url":"https:\/\/acefootball.com\/da\/wp-content\/uploads\/sites\/2\/2021\/03\/Copy-of-Brondby-31.jpg","type":"image\/jpeg"}],"twitter_card":"summary_large_image","twitter_misc":{"Written by":"Mikki M\u00f8ller-Iversen","Est. reading time":"1 minute"},"schema":{"@context":"https:\/\/schema.org","@graph":[{"@type":"Organization","@id":"https:\/\/acefootball.com\/da\/#organization","name":"Ace Football","url":"https:\/\/acefootball.com\/da\/","sameAs":["https:\/\/www.facebook.com\/acefootballdk"],"logo":{"@type":"ImageObject","@id":"https:\/\/acefootball.com\/da\/#logo","inLanguage":"en-US","url":"https:\/\/acefootball.com\/da\/wp-content\/uploads\/sites\/2\/2020\/07\/Ace-Football-30-07-2020-2.png","contentUrl":"https:\/\/acefootball.com\/da\/wp-content\/uploads\/sites\/2\/2020\/07\/Ace-Football-30-07-2020-2.png","width":1200,"height":600,"caption":"Ace Football"},"image":{"@id":"https:\/\/acefootball.com\/da\/#logo"}},{"@type":"WebSite","@id":"https:\/\/acefootball.com\/da\/#website","url":"https:\/\/acefootball.com\/da\/","name":"Ace Football Danmark","description":"Nyheder, Spiltips &amp; Livescore","publisher":{"@id":"https:\/\/acefootball.com\/da\/#organization"},"potentialAction":[{"@type":"SearchAction","target":{"@type":"EntryPoint","urlTemplate":"https:\/\/acefootball.com\/da\/?s={search_term_string}"},"query-input":"required name=search_term_string"}],"inLanguage":"en-US"},{"@type":"ImageObject","@id":"https:\/\/acefootball.com\/da\/fodboldnyheder\/hold-paa-hat-og-briller-broendby-talent-scorer-gudemaal-i-traeningskamp-mod-fcn\/#primaryimage","inLanguage":"en-US","url":"https:\/\/acefootball.com\/da\/wp-content\/uploads\/sites\/2\/2021\/03\/Copy-of-Brondby-31.jpg","contentUrl":"https:\/\/acefootball.com\/da\/wp-content\/uploads\/sites\/2\/2021\/03\/Copy-of-Brondby-31.jpg","width":1920,"height":1008},{"@type":"WebPage","@id":"https:\/\/acefootball.com\/da\/fodboldnyheder\/hold-paa-hat-og-briller-broendby-talent-scorer-gudemaal-i-traeningskamp-mod-fcn\/#webpage","url":"https:\/\/acefootball.com\/da\/fodboldnyheder\/hold-paa-hat-og-briller-broendby-talent-scorer-gudemaal-i-traeningskamp-mod-fcn\/","name":"Hold p\u00e5 hat og briller: Br\u00f8ndby-talent scorer gudem\u00e5l i tr\u00e6ningskamp mod FCN","isPartOf":{"@id":"https:\/\/acefootball.com\/da\/#website"},"primaryImageOfPage":{"@id":"https:\/\/acefootball.com\/da\/fodboldnyheder\/hold-paa-hat-og-briller-broendby-talent-scorer-gudemaal-i-traeningskamp-mod-fcn\/#primaryimage"},"datePublished":"2021-03-25T13:15:14+00:00","dateModified":"2021-03-25T13:17:46+00:00","description":"Br\u00f8ndby-talentet Andreas Pyndt har scoret en sand perle for Br\u00f8ndby i dagens tr\u00e6ningskamp mod FC Nordsj\u00e6lland. Se den flotte scoring her","breadcrumb":{"@id":"https:\/\/acefootball.com\/da\/fodboldnyheder\/hold-paa-hat-og-briller-broendby-talent-scorer-gudemaal-i-traeningskamp-mod-fcn\/#breadcrumb"},"inLanguage":"en-US","potentialAction":[{"@type":"ReadAction","target":["https:\/\/acefootball.com\/da\/fodboldnyheder\/hold-paa-hat-og-briller-broendby-talent-scorer-gudemaal-i-traeningskamp-mod-fcn\/"]}]},{"@type":"BreadcrumbList","@id":"https:\/\/acefootball.com\/da\/fodboldnyheder\/hold-paa-hat-og-briller-broendby-talent-scorer-gudemaal-i-traeningskamp-mod-fcn\/#breadcrumb","itemListElement":[{"@type":"ListItem","position":1,"name":"Home","item":"https:\/\/acefootball.com\/da\/"},{"@type":"ListItem","position":2,"name":"Hold p\u00e5 hat og briller: Br\u00f8ndby-talent scorer gudem\u00e5l i tr\u00e6ningskamp mod FCN"}]},{"@type":"Article","@id":"https:\/\/acefootball.com\/da\/fodboldnyheder\/hold-paa-hat-og-briller-broendby-talent-scorer-gudemaal-i-traeningskamp-mod-fcn\/#article","isPartOf":{"@id":"https:\/\/acefootball.com\/da\/fodboldnyheder\/hold-paa-hat-og-briller-broendby-talent-scorer-gudemaal-i-traeningskamp-mod-fcn\/#webpage"},"author":{"@id":"https:\/\/acefootball.com\/da\/#\/schema\/person\/017c0abe4a8e92938220bf6c097dda93"},"headline":"Hold p\u00e5 hat og briller: Br\u00f8ndby-talent scorer gudem\u00e5l i tr\u00e6ningskamp mod FCN","datePublished":"2021-03-25T13:15:14+00:00","dateModified":"2021-03-25T13:17:46+00:00","mainEntityOfPage":{"@id":"https:\/\/acefootball.com\/da\/fodboldnyheder\/hold-paa-hat-og-briller-broendby-talent-scorer-gudemaal-i-traeningskamp-mod-fcn\/#webpage"},"wordCount":156,"commentCount":0,"publisher":{"@id":"https:\/\/acefootball.com\/da\/#organization"},"image":{"@id":"https:\/\/acefootball.com\/da\/fodboldnyheder\/hold-paa-hat-og-briller-broendby-talent-scorer-gudemaal-i-traeningskamp-mod-fcn\/#primaryimage"},"thumbnailUrl":"https:\/\/acefootball.com\/da\/wp-content\/uploads\/sites\/2\/2020\/12\/GettyImages-1199936462.jpg","keywords":["Andreas Pyndt Andersen","Br\u00f8ndby IF"],"articleSection":["Video"],"inLanguage":"en-US","potentialAction":[{"@type":"CommentAction","name":"Comment","target":["https:\/\/acefootball.com\/da\/fodboldnyheder\/hold-paa-hat-og-briller-broendby-talent-scorer-gudemaal-i-traeningskamp-mod-fcn\/#respond"]}]},{"@type":"Person","@id":"https:\/\/acefootball.com\/da\/#\/schema\/person\/017c0abe4a8e92938220bf6c097dda93","name":"Mikki M\u00f8ller-Iversen","image":{"@type":"ImageObject","@id":"https:\/\/acefootball.com\/da\/#personlogo","inLanguage":"en-US","url":"https:\/\/secure.gravatar.com\/avatar\/e05b419e8b5ae5fcf516800181b96aa2?s=96&d=mm&r=g","contentUrl":"https:\/\/secure.gravatar.com\/avatar\/e05b419e8b5ae5fcf516800181b96aa2?s=96&d=mm&r=g","caption":"Mikki M\u00f8ller-Iversen"},"description":"Social Media Manager and writer at Ace Football. Main focus on Danish football and special stories.","sameAs":["https:\/\/www.linkedin.com\/in\/mikki-mller-iversen-26a3a689\/"],"url":"https:\/\/acefootball.com\/da\/fodboldnyheder\/author\/mmironaldo\/"}]}},"fimg_url":"https:\/\/acefootball.com\/da\/wp-content\/uploads\/sites\/2\/2020\/12\/GettyImages-1199936462.jpg","_links":{"self":[{"href":"https:\/\/acefootball.com\/da\/wp-json\/wp\/v2\/posts\/255712"}],"collection":[{"href":"https:\/\/acefootball.com\/da\/wp-json\/wp\/v2\/posts"}],"about":[{"href":"https:\/\/acefootball.com\/da\/wp-json\/wp\/v2\/types\/post"}],"author":[{"embeddable":true,"href":"https:\/\/acefootball.com\/da\/wp-json\/wp\/v2\/users\/43"}],"replies":[{"embeddable":true,"href":"https:\/\/acefootball.com\/da\/wp-json\/wp\/v2\/comments?post=255712"}],"version-history":[{"count":0,"href":"https:\/\/acefootball.com\/da\/wp-json\/wp\/v2\/posts\/255712\/revisions"}],"wp:featuredmedia":[{"embeddable":true,"href":"https:\/\/acefootball.com\/da\/wp-json\/wp\/v2\/media\/246230"}],"wp:attachment":[{"href":"https:\/\/acefootball.com\/da\/wp-json\/wp\/v2\/media?parent=255712"}],"wp:term":[{"taxonomy":"category","embeddable":true,"href":"https:\/\/acefootball.com\/da\/wp-json\/wp\/v2\/categories?post=255712"},{"taxonomy":"post_tag","embeddable":true,"href":"https:\/\/acefootball.com\/da\/wp-json\/wp\/v2\/tags?post=255712"}],"curies":[{"name":"wp","href":"https:\/\/api.w.org\/{rel}","templated":true}]}}