{"id":255700,"date":"2021-03-25T11:52:47","date_gmt":"2021-03-25T10:52:47","guid":{"rendered":"https:\/\/acefootball.com\/da\/?p=255700"},"modified":"2021-03-25T11:52:48","modified_gmt":"2021-03-25T10:52:48","slug":"fans-og-klubber-raser-over-em-udmelding-en-haan-mod-de-danske-fodboldklubber","status":"publish","type":"post","link":"https:\/\/acefootball.com\/da\/fodboldnyheder\/fans-og-klubber-raser-over-em-udmelding-en-haan-mod-de-danske-fodboldklubber\/","title":{"rendered":"Fans og klubber raser over EM-udmelding: En h\u00e5n mod de danske fodboldklubber!"},"content":{"rendered":"\n<h2 id=\"h-regeringen-bruger-superliga-ordningen-som-argument-for-at-lukke-tilskuere-i-parken-til-sommerens-em-men-hvor-bliver-superliga-fansene-af\">Regeringen bruger Superliga-ordningen som argument for, at lukke tilskuere i Parken til sommerens EM. Men hvor bliver Superliga-fansene af?<\/h2>\n\n\n\n<p>Torsdag landende nyheden, om at regeringen med kulturminister Joy Mogensen i spidsen, havde udstedt en garanti UEFA for tilskuere i Parken til sommerens EM, og dermed vil Danmark fortsat v\u00e6re et af v\u00e6rtslandene til sommerens slutrunde.<\/p>\n\n\n\n<p>I pressemeddelelsen brugte Mogensen Superliga-modellen som et argument for at lukke tilskuere ind til sommer, da man if\u00f8lge hende har haft gode erfaringer med den:<\/p>\n\n\n\n<figure class=\"wp-block-embed is-type-wp-embed is-provider-ace-football-danmark wp-block-embed-ace-football-danmark\"><div class=\"wp-block-embed__wrapper\">\n<blockquote class=\"wp-embedded-content\" data-secret=\"WQIuU3wO3L\"><a href=\"https:\/\/acefootball.com\/da\/fodboldnyheder\/breaking-em-afholdes-i-parken-med-12-000-fans-paa-laegterne\/\">Breaking: EM afholdes i Parken med 12.000 fans p\u00e5 l\u00e6gterne<\/a><\/blockquote><iframe class=\"wp-embedded-content\" sandbox=\"allow-scripts\" security=\"restricted\" style=\"position: absolute; clip: rect(1px, 1px, 1px, 1px);\" title=\"&#8220;Breaking: EM afholdes i Parken med 12.000 fans p\u00e5 l\u00e6gterne&#8221; &#8212; Ace Football Danmark\" src=\"https:\/\/acefootball.com\/da\/fodboldnyheder\/breaking-em-afholdes-i-parken-med-12-000-fans-paa-laegterne\/embed\/#?secret=WQIuU3wO3L\" data-secret=\"WQIuU3wO3L\" width=\"600\" height=\"338\" frameborder=\"0\" marginwidth=\"0\" marginheight=\"0\" scrolling=\"no\"><\/iframe>\n<\/div><\/figure>\n\n\n\n<p>&#8220;Grunden til, at vi siger 12.000 tilskuere p\u00e5 nuv\u00e6rende tidspunkt, inden ekspertgruppen (er klar, red.), er fordi, vi har erfaringerne fra superliga-ordningen sidste sommer, hvor at vi jo fik de her erfaringer med sektionering og \u00e9n meters afstand, s\u00e5 kunne man i en sommerperiode godt have flere mennesker samlet,&#8221; udtalte Mogensen if\u00f8lge DR.<\/p>\n\n\n\n<p>Nu undrer fans og klubberne sig dog over, hvorfor der ikke \u00e5bnes op for tilskuere i Superligaen, n\u00e5r man har s\u00e5 gode erfaringer med Superliga-ordningen? Se et udsnit af opslagene her:<\/p>\n\n\n\n<figure class=\"wp-block-embed is-type-rich is-provider-twitter wp-block-embed-twitter\"><div class=\"wp-block-embed__wrapper\">\n<blockquote class=\"twitter-tweet\" data-width=\"550\" data-dnt=\"true\"><p lang=\"da\" dir=\"ltr\">\ud83d\udde3\ufe0f Lars Bo Jeppesen: Dejligt med tilskuere til EM \u2013 men husk Superligaen!<br><br>L\u00e6s mere \ud83d\udc47  <a href=\"https:\/\/twitter.com\/hashtag\/sldk?src=hash&amp;ref_src=twsrc%5Etfw\">#sldk<\/a> <a href=\"https:\/\/twitter.com\/hashtag\/fcklive?src=hash&amp;ref_src=twsrc%5Etfw\">#fcklive<\/a><a href=\"https:\/\/t.co\/aDdi96WVtL\">https:\/\/t.co\/aDdi96WVtL<\/a><\/p>&mdash; F.C. K\u00f8benhavn (@FCKobenhavn) <a href=\"https:\/\/twitter.com\/FCKobenhavn\/status\/1375035226859188225?ref_src=twsrc%5Etfw\">March 25, 2021<\/a><\/blockquote><script async src=\"https:\/\/platform.twitter.com\/widgets.js\" charset=\"utf-8\"><\/script>\n<\/div><\/figure>\n\n\n\n<figure class=\"wp-block-embed is-type-rich is-provider-twitter wp-block-embed-twitter\"><div class=\"wp-block-embed__wrapper\">\n<blockquote class=\"twitter-tweet\" data-width=\"550\" data-dnt=\"true\"><p lang=\"da\" dir=\"ltr\">\u201cJoy Mogensen tilf\u00f8jer over for DR, at udmeldingen blandt andet bygger p\u00e5 erfaringerne fra fors\u00f8gsordningen i Superligaen sidste sommer&#8230;<br>\u2014-<br>Men det var jo de erfaringer I ikke kunne bruge nu til at arbejde p\u00e5 en \u00e5bning af <a href=\"https:\/\/twitter.com\/hashtag\/sldk?src=hash&amp;ref_src=twsrc%5Etfw\">#sldk<\/a>??? \ud83d\ude32 <a href=\"https:\/\/twitter.com\/hashtag\/ksdh?src=hash&amp;ref_src=twsrc%5Etfw\">#ksdh<\/a> <a href=\"https:\/\/twitter.com\/hashtag\/hvadskerder?src=hash&amp;ref_src=twsrc%5Etfw\">#hvadskerder<\/a> <a href=\"https:\/\/t.co\/fHx4TWjIKe\">https:\/\/t.co\/fHx4TWjIKe<\/a><\/p>&mdash; S\u00f8ren H\u00f8jlund Carlsen (@shc2012) <a href=\"https:\/\/twitter.com\/shc2012\/status\/1375034927218053123?ref_src=twsrc%5Etfw\">March 25, 2021<\/a><\/blockquote><script async src=\"https:\/\/platform.twitter.com\/widgets.js\" charset=\"utf-8\"><\/script>\n<\/div><\/figure>\n\n\n\n<figure class=\"wp-block-embed is-type-rich is-provider-twitter wp-block-embed-twitter\"><div class=\"wp-block-embed__wrapper\">\n<blockquote class=\"twitter-tweet\" data-width=\"550\" data-dnt=\"true\"><p lang=\"da\" dir=\"ltr\">Gode erfaringer fra <a href=\"https:\/\/twitter.com\/hashtag\/sldk?src=hash&amp;ref_src=twsrc%5Etfw\">#sldk<\/a> danner grundlag for et OK til tilskuere.<br><br>Det kan alts\u00e5 godt virke lidt sp\u00f8jst. <a href=\"https:\/\/t.co\/C9fG47Njov\">https:\/\/t.co\/C9fG47Njov<\/a> <a href=\"https:\/\/t.co\/uexkt2D4wo\">pic.twitter.com\/uexkt2D4wo<\/a><\/p>&mdash; Torben Quitzau (@quitte74) <a href=\"https:\/\/twitter.com\/quitte74\/status\/1375035469210193920?ref_src=twsrc%5Etfw\">March 25, 2021<\/a><\/blockquote><script async src=\"https:\/\/platform.twitter.com\/widgets.js\" charset=\"utf-8\"><\/script>\n<\/div><\/figure>\n\n\n\n<figure class=\"wp-block-embed is-type-rich is-provider-twitter wp-block-embed-twitter\"><div class=\"wp-block-embed__wrapper\">\n<blockquote class=\"twitter-tweet\" data-width=\"550\" data-dnt=\"true\"><p lang=\"da\" dir=\"ltr\">Vi skal jo huske p\u00e5, at EM-tilskuere ikke smitter helt s\u00e5 meget som <a href=\"https:\/\/twitter.com\/hashtag\/sldk?src=hash&amp;ref_src=twsrc%5Etfw\">#sldk<\/a>-tilskuere &#8230;&#8230;. p\u00e6rer og bananer? N\u00e6ppe <a href=\"https:\/\/t.co\/ol7Dpcg61h\">https:\/\/t.co\/ol7Dpcg61h<\/a><\/p>&mdash; Jakob N\u00f8rgaard (@JakobNoergaard) <a href=\"https:\/\/twitter.com\/JakobNoergaard\/status\/1375034915906072580?ref_src=twsrc%5Etfw\">March 25, 2021<\/a><\/blockquote><script async src=\"https:\/\/platform.twitter.com\/widgets.js\" charset=\"utf-8\"><\/script>\n<\/div><\/figure>\n\n\n\n<figure class=\"wp-block-embed is-type-rich is-provider-twitter wp-block-embed-twitter\"><div class=\"wp-block-embed__wrapper\">\n<blockquote class=\"twitter-tweet\" data-width=\"550\" data-dnt=\"true\"><p lang=\"da\" dir=\"ltr\">Hvad fanden er det der foreg\u00e5r? <a href=\"https:\/\/twitter.com\/hashtag\/sldk?src=hash&amp;ref_src=twsrc%5Etfw\">#sldk<\/a> <a href=\"https:\/\/t.co\/4UsUwinbzE\">https:\/\/t.co\/4UsUwinbzE<\/a><\/p>&mdash; Lars-Ulrik Rasmussen (@LuRasmusssen) <a href=\"https:\/\/twitter.com\/LuRasmusssen\/status\/1375034765158535174?ref_src=twsrc%5Etfw\">March 25, 2021<\/a><\/blockquote><script async src=\"https:\/\/platform.twitter.com\/widgets.js\" charset=\"utf-8\"><\/script>\n<\/div><\/figure>\n\n\n\n<figure class=\"wp-block-embed is-type-rich is-provider-twitter wp-block-embed-twitter\"><div class=\"wp-block-embed__wrapper\">\n<blockquote class=\"twitter-tweet\" data-width=\"550\" data-dnt=\"true\"><p lang=\"da\" dir=\"ltr\">Smitter den virus helt vildt eller ej? \u00c5bnes der her, b\u00f8r der \u00e5bnes til \u00f8vrige kampe ogs\u00e5! Alt andet er useri\u00f8st og utrov\u00e6rdigt. <a href=\"https:\/\/twitter.com\/hashtag\/sldk?src=hash&amp;ref_src=twsrc%5Etfw\">#sldk<\/a> <a href=\"https:\/\/twitter.com\/hashtag\/dkpol?src=hash&amp;ref_src=twsrc%5Etfw\">#dkpol<\/a> <a href=\"https:\/\/t.co\/29lkKnY83z\">https:\/\/t.co\/29lkKnY83z<\/a><\/p>&mdash; Mortennope (@Mortennope) <a href=\"https:\/\/twitter.com\/Mortennope\/status\/1375034513609347075?ref_src=twsrc%5Etfw\">March 25, 2021<\/a><\/blockquote><script async src=\"https:\/\/platform.twitter.com\/widgets.js\" charset=\"utf-8\"><\/script>\n<\/div><\/figure>\n\n\n\n<figure class=\"wp-block-embed is-type-rich is-provider-twitter wp-block-embed-twitter\"><div class=\"wp-block-embed__wrapper\">\n<blockquote class=\"twitter-tweet\" data-width=\"550\" data-dnt=\"true\"><p lang=\"da\" dir=\"ltr\">En h\u00e5n mod de danske fodboldklubber! \ud83e\udd2e\ud83e\udd2e<br>Is\u00e6r denne her s\u00e6tning:<br><br>&quot;Hun henviser til Superligaordningen, hvor det har v\u00e6ret muligt at afvikle kampene med en meters afstand og en kapacitet p\u00e5 omkring 12.000 i Parken. &quot;<a href=\"https:\/\/twitter.com\/hashtag\/sldk?src=hash&amp;ref_src=twsrc%5Etfw\">#sldk<\/a> <a href=\"https:\/\/twitter.com\/hashtag\/em2020?src=hash&amp;ref_src=twsrc%5Etfw\">#em2020<\/a><a href=\"https:\/\/t.co\/olvHyKvzMk\">https:\/\/t.co\/olvHyKvzMk<\/a><\/p>&mdash; Michael Obitz (@Obitz90) <a href=\"https:\/\/twitter.com\/Obitz90\/status\/1375034332419657728?ref_src=twsrc%5Etfw\">March 25, 2021<\/a><\/blockquote><script async src=\"https:\/\/platform.twitter.com\/widgets.js\" charset=\"utf-8\"><\/script>\n<\/div><\/figure>\n\n\n\n<figure class=\"wp-block-embed is-type-rich is-provider-twitter wp-block-embed-twitter\"><div class=\"wp-block-embed__wrapper\">\n<blockquote class=\"twitter-tweet\" data-width=\"550\" data-dnt=\"true\"><p lang=\"da\" dir=\"ltr\">Er det en f.. joke, hvorfor kan vi s\u00e5 ikke f\u00e5 fans p\u00e5 stadion? \ud83e\udd26\ud83c\udffc\u200d\u2642\ufe0f<a href=\"https:\/\/twitter.com\/hashtag\/sldk?src=hash&amp;ref_src=twsrc%5Etfw\">#sldk<\/a> <a href=\"https:\/\/twitter.com\/hashtag\/genstartfodbold?src=hash&amp;ref_src=twsrc%5Etfw\">#genstartfodbold<\/a> <a href=\"https:\/\/twitter.com\/hashtag\/flerefansp%C3%A5stadion?src=hash&amp;ref_src=twsrc%5Etfw\">#flerefansp\u00e5stadion<\/a> <a href=\"https:\/\/t.co\/8xmqG2tPdp\">pic.twitter.com\/8xmqG2tPdp<\/a><\/p>&mdash; Rasmus Egh\u00f8je (@reghoje) <a href=\"https:\/\/twitter.com\/reghoje\/status\/1375031603265671171?ref_src=twsrc%5Etfw\">March 25, 2021<\/a><\/blockquote><script async src=\"https:\/\/platform.twitter.com\/widgets.js\" charset=\"utf-8\"><\/script>\n<\/div><\/figure>\n\n\n\n<figure class=\"wp-block-embed is-type-rich is-provider-twitter wp-block-embed-twitter\"><div class=\"wp-block-embed__wrapper\">\n<blockquote class=\"twitter-tweet\" data-width=\"550\" data-dnt=\"true\"><p lang=\"da\" dir=\"ltr\">Dejligt med tilskuere til EM. Men indeni er jeg rasende. Hvorfor skal der v\u00e6re forskel p\u00e5 EM og SL? Der bliver jo forfanden ikke nogen folkefest i Kbh, \u00c5rhus eller Odense alligevel. Superligaklubberne bl\u00f8der og har undv\u00e6ret tilskuere i et \u00e5r. 1\/2 <a href=\"https:\/\/twitter.com\/hashtag\/Genstartfodbold?src=hash&amp;ref_src=twsrc%5Etfw\">#Genstartfodbold<\/a> <a href=\"https:\/\/twitter.com\/hashtag\/sldk?src=hash&amp;ref_src=twsrc%5Etfw\">#sldk<\/a> <a href=\"https:\/\/twitter.com\/hashtag\/dkpol?src=hash&amp;ref_src=twsrc%5Etfw\">#dkpol<\/a><\/p>&mdash; William Thulstrup (@willmwd) <a href=\"https:\/\/twitter.com\/willmwd\/status\/1375030699477106688?ref_src=twsrc%5Etfw\">March 25, 2021<\/a><\/blockquote><script async src=\"https:\/\/platform.twitter.com\/widgets.js\" charset=\"utf-8\"><\/script>\n<\/div><\/figure>\n\n\n\n<figure class=\"wp-block-embed is-type-rich is-provider-twitter wp-block-embed-twitter\"><div class=\"wp-block-embed__wrapper\">\n<blockquote class=\"twitter-tweet\" data-width=\"550\" data-dnt=\"true\"><p lang=\"da\" dir=\"ltr\">Med henvisning til Superligaordningen \ud83d\ude02\ud83d\ude02 <a href=\"https:\/\/twitter.com\/hashtag\/sldk?src=hash&amp;ref_src=twsrc%5Etfw\">#sldk<\/a> <a href=\"https:\/\/t.co\/quhCQsLZs1\">https:\/\/t.co\/quhCQsLZs1<\/a><\/p>&mdash; Ronni Lykke B\u00f8dker (@Rbodker) <a href=\"https:\/\/twitter.com\/Rbodker\/status\/1375028647107694595?ref_src=twsrc%5Etfw\">March 25, 2021<\/a><\/blockquote><script async src=\"https:\/\/platform.twitter.com\/widgets.js\" charset=\"utf-8\"><\/script>\n<\/div><\/figure>\n","protected":false},"excerpt":{"rendered":"<p>Regeringen bruger Superliga-ordningen som argument for, at lukke tilskuere i Parken til sommerens EM. Men hvor bliver Superliga-fansene af?<\/p>\n","protected":false},"author":43,"featured_media":253271,"comment_status":"open","ping_status":"closed","sticky":false,"template":"","format":"standard","meta":{"om_disable_all_campaigns":false,"push_articles_ronaldo":{"active":false,"canonical":0,"publish":false},"force_updates":null},"categories":[1],"tags":[692,588],"enet_tags":{"team":["8238"],"league":["46"],"sport_events":[]},"yoast_head":"<!-- This site is optimized with the Yoast SEO plugin v18.3 - https:\/\/yoast.com\/wordpress\/plugins\/seo\/ -->\n<title>Fans og klubber raser over EM-udmelding: En h\u00e5n mod de danske fodboldklubber!<\/title>\n<meta name=\"description\" content=\"Regeringen bruger Superliga-ordningen som argument for, at lukke tilskuere i Parken til sommerens EM. Men hvor bliver Superliga-fansene af?\" \/>\n<meta name=\"robots\" content=\"index, follow, max-snippet:-1, max-image-preview:large, max-video-preview:-1\" \/>\n<link rel=\"canonical\" href=\"https:\/\/acefootball.com\/da\/fodboldnyheder\/fans-og-klubber-raser-over-em-udmelding-en-haan-mod-de-danske-fodboldklubber\/\" \/>\n<meta property=\"og:locale\" content=\"en_US\" \/>\n<meta property=\"og:type\" content=\"article\" \/>\n<meta property=\"og:title\" content=\"Fans og klubber raser over EM-udmelding: En h\u00e5n mod de danske fodboldklubber!\" \/>\n<meta property=\"og:description\" content=\"Regeringen bruger Superliga-ordningen som argument for, at lukke tilskuere i Parken til sommerens EM. Men hvor bliver Superliga-fansene af?\" \/>\n<meta property=\"og:url\" content=\"https:\/\/acefootball.com\/da\/fodboldnyheder\/fans-og-klubber-raser-over-em-udmelding-en-haan-mod-de-danske-fodboldklubber\/\" \/>\n<meta property=\"og:site_name\" content=\"Ace Football Danmark\" \/>\n<meta property=\"article:publisher\" content=\"https:\/\/www.facebook.com\/acefootballdk\" \/>\n<meta property=\"article:published_time\" content=\"2021-03-25T10:52:47+00:00\" \/>\n<meta property=\"article:modified_time\" content=\"2021-03-25T10:52:48+00:00\" \/>\n<meta property=\"og:image\" content=\"https:\/\/acefootball.com\/da\/wp-content\/uploads\/sites\/2\/2021\/03\/Laes-mere-generel-2021-03-25T115206.128.jpg\" \/>\n\t<meta property=\"og:image:width\" content=\"1920\" \/>\n\t<meta property=\"og:image:height\" content=\"1008\" \/>\n\t<meta property=\"og:image:type\" content=\"image\/jpeg\" \/>\n<meta name=\"twitter:card\" content=\"summary_large_image\" \/>\n<meta name=\"twitter:label1\" content=\"Written by\" \/>\n\t<meta name=\"twitter:data1\" content=\"Mikki M\u00f8ller-Iversen\" \/>\n\t<meta name=\"twitter:label2\" content=\"Est. reading time\" \/>\n\t<meta name=\"twitter:data2\" content=\"1 minute\" \/>\n<script type=\"application\/ld+json\" class=\"yoast-schema-graph\">{\"@context\":\"https:\/\/schema.org\",\"@graph\":[{\"@type\":\"Organization\",\"@id\":\"https:\/\/acefootball.com\/da\/#organization\",\"name\":\"Ace Football\",\"url\":\"https:\/\/acefootball.com\/da\/\",\"sameAs\":[\"https:\/\/www.facebook.com\/acefootballdk\"],\"logo\":{\"@type\":\"ImageObject\",\"@id\":\"https:\/\/acefootball.com\/da\/#logo\",\"inLanguage\":\"en-US\",\"url\":\"https:\/\/acefootball.com\/da\/wp-content\/uploads\/sites\/2\/2020\/07\/Ace-Football-30-07-2020-2.png\",\"contentUrl\":\"https:\/\/acefootball.com\/da\/wp-content\/uploads\/sites\/2\/2020\/07\/Ace-Football-30-07-2020-2.png\",\"width\":1200,\"height\":600,\"caption\":\"Ace Football\"},\"image\":{\"@id\":\"https:\/\/acefootball.com\/da\/#logo\"}},{\"@type\":\"WebSite\",\"@id\":\"https:\/\/acefootball.com\/da\/#website\",\"url\":\"https:\/\/acefootball.com\/da\/\",\"name\":\"Ace Football Danmark\",\"description\":\"Nyheder, Spiltips &amp; Livescore\",\"publisher\":{\"@id\":\"https:\/\/acefootball.com\/da\/#organization\"},\"potentialAction\":[{\"@type\":\"SearchAction\",\"target\":{\"@type\":\"EntryPoint\",\"urlTemplate\":\"https:\/\/acefootball.com\/da\/?s={search_term_string}\"},\"query-input\":\"required name=search_term_string\"}],\"inLanguage\":\"en-US\"},{\"@type\":\"ImageObject\",\"@id\":\"https:\/\/acefootball.com\/da\/fodboldnyheder\/fans-og-klubber-raser-over-em-udmelding-en-haan-mod-de-danske-fodboldklubber\/#primaryimage\",\"inLanguage\":\"en-US\",\"url\":\"https:\/\/acefootball.com\/da\/wp-content\/uploads\/sites\/2\/2021\/03\/Laes-mere-generel-2021-03-25T115206.128.jpg\",\"contentUrl\":\"https:\/\/acefootball.com\/da\/wp-content\/uploads\/sites\/2\/2021\/03\/Laes-mere-generel-2021-03-25T115206.128.jpg\",\"width\":1920,\"height\":1008},{\"@type\":\"WebPage\",\"@id\":\"https:\/\/acefootball.com\/da\/fodboldnyheder\/fans-og-klubber-raser-over-em-udmelding-en-haan-mod-de-danske-fodboldklubber\/#webpage\",\"url\":\"https:\/\/acefootball.com\/da\/fodboldnyheder\/fans-og-klubber-raser-over-em-udmelding-en-haan-mod-de-danske-fodboldklubber\/\",\"name\":\"Fans og klubber raser over EM-udmelding: En h\u00e5n mod de danske fodboldklubber!\",\"isPartOf\":{\"@id\":\"https:\/\/acefootball.com\/da\/#website\"},\"primaryImageOfPage\":{\"@id\":\"https:\/\/acefootball.com\/da\/fodboldnyheder\/fans-og-klubber-raser-over-em-udmelding-en-haan-mod-de-danske-fodboldklubber\/#primaryimage\"},\"datePublished\":\"2021-03-25T10:52:47+00:00\",\"dateModified\":\"2021-03-25T10:52:48+00:00\",\"description\":\"Regeringen bruger Superliga-ordningen som argument for, at lukke tilskuere i Parken til sommerens EM. Men hvor bliver Superliga-fansene af?\",\"breadcrumb\":{\"@id\":\"https:\/\/acefootball.com\/da\/fodboldnyheder\/fans-og-klubber-raser-over-em-udmelding-en-haan-mod-de-danske-fodboldklubber\/#breadcrumb\"},\"inLanguage\":\"en-US\",\"potentialAction\":[{\"@type\":\"ReadAction\",\"target\":[\"https:\/\/acefootball.com\/da\/fodboldnyheder\/fans-og-klubber-raser-over-em-udmelding-en-haan-mod-de-danske-fodboldklubber\/\"]}]},{\"@type\":\"BreadcrumbList\",\"@id\":\"https:\/\/acefootball.com\/da\/fodboldnyheder\/fans-og-klubber-raser-over-em-udmelding-en-haan-mod-de-danske-fodboldklubber\/#breadcrumb\",\"itemListElement\":[{\"@type\":\"ListItem\",\"position\":1,\"name\":\"Home\",\"item\":\"https:\/\/acefootball.com\/da\/\"},{\"@type\":\"ListItem\",\"position\":2,\"name\":\"Fans og klubber raser over EM-udmelding: En h\u00e5n mod de danske fodboldklubber!\"}]},{\"@type\":\"Article\",\"@id\":\"https:\/\/acefootball.com\/da\/fodboldnyheder\/fans-og-klubber-raser-over-em-udmelding-en-haan-mod-de-danske-fodboldklubber\/#article\",\"isPartOf\":{\"@id\":\"https:\/\/acefootball.com\/da\/fodboldnyheder\/fans-og-klubber-raser-over-em-udmelding-en-haan-mod-de-danske-fodboldklubber\/#webpage\"},\"author\":{\"@id\":\"https:\/\/acefootball.com\/da\/#\/schema\/person\/017c0abe4a8e92938220bf6c097dda93\"},\"headline\":\"Fans og klubber raser over EM-udmelding: En h\u00e5n mod de danske fodboldklubber!\",\"datePublished\":\"2021-03-25T10:52:47+00:00\",\"dateModified\":\"2021-03-25T10:52:48+00:00\",\"mainEntityOfPage\":{\"@id\":\"https:\/\/acefootball.com\/da\/fodboldnyheder\/fans-og-klubber-raser-over-em-udmelding-en-haan-mod-de-danske-fodboldklubber\/#webpage\"},\"wordCount\":240,\"commentCount\":0,\"publisher\":{\"@id\":\"https:\/\/acefootball.com\/da\/#organization\"},\"image\":{\"@id\":\"https:\/\/acefootball.com\/da\/fodboldnyheder\/fans-og-klubber-raser-over-em-udmelding-en-haan-mod-de-danske-fodboldklubber\/#primaryimage\"},\"thumbnailUrl\":\"https:\/\/acefootball.com\/da\/wp-content\/uploads\/sites\/2\/2021\/03\/GettyImages-1057624382-1.jpg\",\"keywords\":[\"Danmark\",\"Superligaen\"],\"articleSection\":[\"Nyhed\"],\"inLanguage\":\"en-US\",\"potentialAction\":[{\"@type\":\"CommentAction\",\"name\":\"Comment\",\"target\":[\"https:\/\/acefootball.com\/da\/fodboldnyheder\/fans-og-klubber-raser-over-em-udmelding-en-haan-mod-de-danske-fodboldklubber\/#respond\"]}]},{\"@type\":\"Person\",\"@id\":\"https:\/\/acefootball.com\/da\/#\/schema\/person\/017c0abe4a8e92938220bf6c097dda93\",\"name\":\"Mikki M\u00f8ller-Iversen\",\"image\":{\"@type\":\"ImageObject\",\"@id\":\"https:\/\/acefootball.com\/da\/#personlogo\",\"inLanguage\":\"en-US\",\"url\":\"https:\/\/secure.gravatar.com\/avatar\/e05b419e8b5ae5fcf516800181b96aa2?s=96&d=mm&r=g\",\"contentUrl\":\"https:\/\/secure.gravatar.com\/avatar\/e05b419e8b5ae5fcf516800181b96aa2?s=96&d=mm&r=g\",\"caption\":\"Mikki M\u00f8ller-Iversen\"},\"description\":\"Social Media Manager and writer at Ace Football. Main focus on Danish football and special stories.\",\"sameAs\":[\"https:\/\/www.linkedin.com\/in\/mikki-mller-iversen-26a3a689\/\"],\"url\":\"https:\/\/acefootball.com\/da\/fodboldnyheder\/author\/mmironaldo\/\"}]}<\/script>\n<!-- \/ Yoast SEO plugin. -->","yoast_head_json":{"title":"Fans og klubber raser over EM-udmelding: En h\u00e5n mod de danske fodboldklubber!","description":"Regeringen bruger Superliga-ordningen som argument for, at lukke tilskuere i Parken til sommerens EM. Men hvor bliver Superliga-fansene af?","robots":{"index":"index","follow":"follow","max-snippet":"max-snippet:-1","max-image-preview":"max-image-preview:large","max-video-preview":"max-video-preview:-1"},"canonical":"https:\/\/acefootball.com\/da\/fodboldnyheder\/fans-og-klubber-raser-over-em-udmelding-en-haan-mod-de-danske-fodboldklubber\/","og_locale":"en_US","og_type":"article","og_title":"Fans og klubber raser over EM-udmelding: En h\u00e5n mod de danske fodboldklubber!","og_description":"Regeringen bruger Superliga-ordningen som argument for, at lukke tilskuere i Parken til sommerens EM. Men hvor bliver Superliga-fansene af?","og_url":"https:\/\/acefootball.com\/da\/fodboldnyheder\/fans-og-klubber-raser-over-em-udmelding-en-haan-mod-de-danske-fodboldklubber\/","og_site_name":"Ace Football Danmark","article_publisher":"https:\/\/www.facebook.com\/acefootballdk","article_published_time":"2021-03-25T10:52:47+00:00","article_modified_time":"2021-03-25T10:52:48+00:00","og_image":[{"width":1920,"height":1008,"url":"https:\/\/acefootball.com\/da\/wp-content\/uploads\/sites\/2\/2021\/03\/Laes-mere-generel-2021-03-25T115206.128.jpg","type":"image\/jpeg"}],"twitter_card":"summary_large_image","twitter_misc":{"Written by":"Mikki M\u00f8ller-Iversen","Est. reading time":"1 minute"},"schema":{"@context":"https:\/\/schema.org","@graph":[{"@type":"Organization","@id":"https:\/\/acefootball.com\/da\/#organization","name":"Ace Football","url":"https:\/\/acefootball.com\/da\/","sameAs":["https:\/\/www.facebook.com\/acefootballdk"],"logo":{"@type":"ImageObject","@id":"https:\/\/acefootball.com\/da\/#logo","inLanguage":"en-US","url":"https:\/\/acefootball.com\/da\/wp-content\/uploads\/sites\/2\/2020\/07\/Ace-Football-30-07-2020-2.png","contentUrl":"https:\/\/acefootball.com\/da\/wp-content\/uploads\/sites\/2\/2020\/07\/Ace-Football-30-07-2020-2.png","width":1200,"height":600,"caption":"Ace Football"},"image":{"@id":"https:\/\/acefootball.com\/da\/#logo"}},{"@type":"WebSite","@id":"https:\/\/acefootball.com\/da\/#website","url":"https:\/\/acefootball.com\/da\/","name":"Ace Football Danmark","description":"Nyheder, Spiltips &amp; Livescore","publisher":{"@id":"https:\/\/acefootball.com\/da\/#organization"},"potentialAction":[{"@type":"SearchAction","target":{"@type":"EntryPoint","urlTemplate":"https:\/\/acefootball.com\/da\/?s={search_term_string}"},"query-input":"required name=search_term_string"}],"inLanguage":"en-US"},{"@type":"ImageObject","@id":"https:\/\/acefootball.com\/da\/fodboldnyheder\/fans-og-klubber-raser-over-em-udmelding-en-haan-mod-de-danske-fodboldklubber\/#primaryimage","inLanguage":"en-US","url":"https:\/\/acefootball.com\/da\/wp-content\/uploads\/sites\/2\/2021\/03\/Laes-mere-generel-2021-03-25T115206.128.jpg","contentUrl":"https:\/\/acefootball.com\/da\/wp-content\/uploads\/sites\/2\/2021\/03\/Laes-mere-generel-2021-03-25T115206.128.jpg","width":1920,"height":1008},{"@type":"WebPage","@id":"https:\/\/acefootball.com\/da\/fodboldnyheder\/fans-og-klubber-raser-over-em-udmelding-en-haan-mod-de-danske-fodboldklubber\/#webpage","url":"https:\/\/acefootball.com\/da\/fodboldnyheder\/fans-og-klubber-raser-over-em-udmelding-en-haan-mod-de-danske-fodboldklubber\/","name":"Fans og klubber raser over EM-udmelding: En h\u00e5n mod de danske fodboldklubber!","isPartOf":{"@id":"https:\/\/acefootball.com\/da\/#website"},"primaryImageOfPage":{"@id":"https:\/\/acefootball.com\/da\/fodboldnyheder\/fans-og-klubber-raser-over-em-udmelding-en-haan-mod-de-danske-fodboldklubber\/#primaryimage"},"datePublished":"2021-03-25T10:52:47+00:00","dateModified":"2021-03-25T10:52:48+00:00","description":"Regeringen bruger Superliga-ordningen som argument for, at lukke tilskuere i Parken til sommerens EM. Men hvor bliver Superliga-fansene af?","breadcrumb":{"@id":"https:\/\/acefootball.com\/da\/fodboldnyheder\/fans-og-klubber-raser-over-em-udmelding-en-haan-mod-de-danske-fodboldklubber\/#breadcrumb"},"inLanguage":"en-US","potentialAction":[{"@type":"ReadAction","target":["https:\/\/acefootball.com\/da\/fodboldnyheder\/fans-og-klubber-raser-over-em-udmelding-en-haan-mod-de-danske-fodboldklubber\/"]}]},{"@type":"BreadcrumbList","@id":"https:\/\/acefootball.com\/da\/fodboldnyheder\/fans-og-klubber-raser-over-em-udmelding-en-haan-mod-de-danske-fodboldklubber\/#breadcrumb","itemListElement":[{"@type":"ListItem","position":1,"name":"Home","item":"https:\/\/acefootball.com\/da\/"},{"@type":"ListItem","position":2,"name":"Fans og klubber raser over EM-udmelding: En h\u00e5n mod de danske fodboldklubber!"}]},{"@type":"Article","@id":"https:\/\/acefootball.com\/da\/fodboldnyheder\/fans-og-klubber-raser-over-em-udmelding-en-haan-mod-de-danske-fodboldklubber\/#article","isPartOf":{"@id":"https:\/\/acefootball.com\/da\/fodboldnyheder\/fans-og-klubber-raser-over-em-udmelding-en-haan-mod-de-danske-fodboldklubber\/#webpage"},"author":{"@id":"https:\/\/acefootball.com\/da\/#\/schema\/person\/017c0abe4a8e92938220bf6c097dda93"},"headline":"Fans og klubber raser over EM-udmelding: En h\u00e5n mod de danske fodboldklubber!","datePublished":"2021-03-25T10:52:47+00:00","dateModified":"2021-03-25T10:52:48+00:00","mainEntityOfPage":{"@id":"https:\/\/acefootball.com\/da\/fodboldnyheder\/fans-og-klubber-raser-over-em-udmelding-en-haan-mod-de-danske-fodboldklubber\/#webpage"},"wordCount":240,"commentCount":0,"publisher":{"@id":"https:\/\/acefootball.com\/da\/#organization"},"image":{"@id":"https:\/\/acefootball.com\/da\/fodboldnyheder\/fans-og-klubber-raser-over-em-udmelding-en-haan-mod-de-danske-fodboldklubber\/#primaryimage"},"thumbnailUrl":"https:\/\/acefootball.com\/da\/wp-content\/uploads\/sites\/2\/2021\/03\/GettyImages-1057624382-1.jpg","keywords":["Danmark","Superligaen"],"articleSection":["Nyhed"],"inLanguage":"en-US","potentialAction":[{"@type":"CommentAction","name":"Comment","target":["https:\/\/acefootball.com\/da\/fodboldnyheder\/fans-og-klubber-raser-over-em-udmelding-en-haan-mod-de-danske-fodboldklubber\/#respond"]}]},{"@type":"Person","@id":"https:\/\/acefootball.com\/da\/#\/schema\/person\/017c0abe4a8e92938220bf6c097dda93","name":"Mikki M\u00f8ller-Iversen","image":{"@type":"ImageObject","@id":"https:\/\/acefootball.com\/da\/#personlogo","inLanguage":"en-US","url":"https:\/\/secure.gravatar.com\/avatar\/e05b419e8b5ae5fcf516800181b96aa2?s=96&d=mm&r=g","contentUrl":"https:\/\/secure.gravatar.com\/avatar\/e05b419e8b5ae5fcf516800181b96aa2?s=96&d=mm&r=g","caption":"Mikki M\u00f8ller-Iversen"},"description":"Social Media Manager and writer at Ace Football. Main focus on Danish football and special stories.","sameAs":["https:\/\/www.linkedin.com\/in\/mikki-mller-iversen-26a3a689\/"],"url":"https:\/\/acefootball.com\/da\/fodboldnyheder\/author\/mmironaldo\/"}]}},"fimg_url":"https:\/\/acefootball.com\/da\/wp-content\/uploads\/sites\/2\/2021\/03\/GettyImages-1057624382-1.jpg","_links":{"self":[{"href":"https:\/\/acefootball.com\/da\/wp-json\/wp\/v2\/posts\/255700"}],"collection":[{"href":"https:\/\/acefootball.com\/da\/wp-json\/wp\/v2\/posts"}],"about":[{"href":"https:\/\/acefootball.com\/da\/wp-json\/wp\/v2\/types\/post"}],"author":[{"embeddable":true,"href":"https:\/\/acefootball.com\/da\/wp-json\/wp\/v2\/users\/43"}],"replies":[{"embeddable":true,"href":"https:\/\/acefootball.com\/da\/wp-json\/wp\/v2\/comments?post=255700"}],"version-history":[{"count":0,"href":"https:\/\/acefootball.com\/da\/wp-json\/wp\/v2\/posts\/255700\/revisions"}],"wp:featuredmedia":[{"embeddable":true,"href":"https:\/\/acefootball.com\/da\/wp-json\/wp\/v2\/media\/253271"}],"wp:attachment":[{"href":"https:\/\/acefootball.com\/da\/wp-json\/wp\/v2\/media?parent=255700"}],"wp:term":[{"taxonomy":"category","embeddable":true,"href":"https:\/\/acefootball.com\/da\/wp-json\/wp\/v2\/categories?post=255700"},{"taxonomy":"post_tag","embeddable":true,"href":"https:\/\/acefootball.com\/da\/wp-json\/wp\/v2\/tags?post=255700"}],"curies":[{"name":"wp","href":"https:\/\/api.w.org\/{rel}","templated":true}]}}