{"id":255650,"date":"2021-03-24T21:04:58","date_gmt":"2021-03-24T20:04:58","guid":{"rendered":"https:\/\/acefootball.com\/da\/?p=255650"},"modified":"2021-03-24T21:44:44","modified_gmt":"2021-03-24T20:44:44","slug":"blev-samlet-op-i-milano-landsholdsflyet-maatte-lande-i-italien-og-samle-eriksen-op","status":"publish","type":"post","link":"https:\/\/acefootball.com\/da\/fodboldnyheder\/blev-samlet-op-i-milano-landsholdsflyet-maatte-lande-i-italien-og-samle-eriksen-op\/","title":{"rendered":"Blev samlet op i Milano: Landsholdsflyet m\u00e5tte lande i Italien og samle Eriksen op"},"content":{"rendered":"\n<h2 id=\"h-den-29-rige-midtbanespiller-fik-til-sidst-lov-til-at-drage-med-det-danske-landshold-til-israel-s-m-tte-flyet-med-landsholdsspillerne-samle-ham-op-i-italien\">Den 29-\u00e5rige midtbanespiller fik til sidst lov til at drage med det danske landshold til Israel. S\u00e5 m\u00e5tte flyet med landsholdsspillerne samle ham op i Italien<\/h2>\n\n\n\n<p>Christian Eriksen blev i f\u00f8rste omgang d\u00f8mt ude af Danmarks opg\u00f8r mod Israel, s\u00e5 blev meldingen lidt mere lovende, og til sidst fik han lov til at tage afsted.<\/p>\n\n\n\n<p>Hele sagaen startede da flere Inter-spiller var blevet testet positive med coronavirus. Efterf\u00f8lgende blev Eriksen og kompagni dog igen testet, hvor man kunne konstatere at smitten ikke have bredt sig, og s\u00e5 kunne den danske stjerne slutte sig til sine landsholdskammerater.<\/p>\n\n\n\n<figure class=\"wp-block-embed is-type-wp-embed is-provider-ace-football-danmark wp-block-embed-ace-football-danmark\"><div class=\"wp-block-embed__wrapper\">\n<blockquote class=\"wp-embedded-content\" data-secret=\"EcJWzrn89W\"><a href=\"https:\/\/acefootball.com\/da\/fodboldnyheder\/officielt-eriksen-er-klar-til-landskampe\/\">Officielt: Eriksen er klar til landskampe<\/a><\/blockquote><iframe class=\"wp-embedded-content\" sandbox=\"allow-scripts\" security=\"restricted\" style=\"position: absolute; clip: rect(1px, 1px, 1px, 1px);\" title=\"&#8220;Officielt: Eriksen er klar til landskampe&#8221; &#8212; Ace Football Danmark\" src=\"https:\/\/acefootball.com\/da\/fodboldnyheder\/officielt-eriksen-er-klar-til-landskampe\/embed\/#?secret=EcJWzrn89W\" data-secret=\"EcJWzrn89W\" width=\"600\" height=\"338\" frameborder=\"0\" marginwidth=\"0\" marginheight=\"0\" scrolling=\"no\"><\/iframe>\n<\/div><\/figure>\n\n\n\n<p>Om det skyldes travlhed eller bare stjernestatus vides ikke, men landsholdsflyet samlede Eriksen, Simon Kj\u00e6r og de andre danskere i Italien op i Milano, hvilket Christian Eriksen havde en k\u00e6k kommentar til p\u00e5 dagens pressem\u00f8de:<\/p>\n\n\n\n<p>&#8220;Ej, jeg tror, det var lidt noget planl\u00e6gning og noget indrejse til Israel, og hvor mange der spiller i Italien. At den skulle mellemlande i Italien, er vores k\u00e6re anf\u00f8rer skyld i. Jeg kan takke ham for, at jeg n\u00e5ede flyet og kom med,&#8221; udtalte Eriksen k\u00e6kt if\u00f8lge <a href=\"https:\/\/www.bt.dk\/fodbold\/kaek-eriksen-om-pitstop-jeg-kan-takke-vores-anfoerer-for-jeg-naaede-flyet\" target=\"_blank\" rel=\"noreferrer noopener\">BT<\/a>.<\/p>\n\n\n\n<figure class=\"wp-block-embed is-type-wp-embed is-provider-ace-football-danmark wp-block-embed-ace-football-danmark\"><div class=\"wp-block-embed__wrapper\">\n<blockquote class=\"wp-embedded-content\" data-secret=\"mcWZzz7myj\"><a href=\"https:\/\/acefootball.com\/da\/fodboldnyheder\/eksperter-forudser-danmark-kan-stille-op-i-ny-formation\/\">Eksperter forudser: Danmark kan stille op i ny formation<\/a><\/blockquote><iframe class=\"wp-embedded-content\" sandbox=\"allow-scripts\" security=\"restricted\" style=\"position: absolute; clip: rect(1px, 1px, 1px, 1px);\" title=\"&#8220;Eksperter forudser: Danmark kan stille op i ny formation&#8221; &#8212; Ace Football Danmark\" src=\"https:\/\/acefootball.com\/da\/fodboldnyheder\/eksperter-forudser-danmark-kan-stille-op-i-ny-formation\/embed\/#?secret=mcWZzz7myj\" data-secret=\"mcWZzz7myj\" width=\"600\" height=\"338\" frameborder=\"0\" marginwidth=\"0\" marginheight=\"0\" scrolling=\"no\"><\/iframe>\n<\/div><\/figure>\n\n\n\n<p>Israel og Danmark m\u00f8des torsdag aften kl. 18.00.<\/p>\n","protected":false},"excerpt":{"rendered":"<p>Den 29-\u00e5rige midtbanespiller fik til sidst lov til at drage med det danske landshold til Israel. S\u00e5 m\u00e5tte flyet med landsholdsspillerne samle ham op i Italien<\/p>\n","protected":false},"author":43,"featured_media":243019,"comment_status":"open","ping_status":"closed","sticky":false,"template":"","format":"standard","meta":{"om_disable_all_campaigns":false,"push_articles_ronaldo":{"active":false,"canonical":0,"publish":false},"force_updates":null},"categories":[1],"tags":[478,692],"enet_tags":{"player":["157723"],"team":["8238"],"sport_events":[]},"yoast_head":"<!-- This site is optimized with the Yoast SEO plugin v18.3 - https:\/\/yoast.com\/wordpress\/plugins\/seo\/ -->\n<title>Blev samlet op i Milano: Landsholdsflyet m\u00e5tte lande i Italien og samle Eriksen op<\/title>\n<meta name=\"description\" content=\"Den 29-\u00e5rige midtbanespiller fik til sidst lov til at drage med det danske landshold til Israel. S\u00e5 m\u00e5tte flyet med landsholdsspillerne samle ham op i Italien\" \/>\n<meta name=\"robots\" content=\"index, follow, max-snippet:-1, max-image-preview:large, max-video-preview:-1\" \/>\n<link rel=\"canonical\" href=\"https:\/\/acefootball.com\/da\/fodboldnyheder\/blev-samlet-op-i-milano-landsholdsflyet-maatte-lande-i-italien-og-samle-eriksen-op\/\" \/>\n<meta property=\"og:locale\" content=\"en_US\" \/>\n<meta property=\"og:type\" content=\"article\" \/>\n<meta property=\"og:title\" content=\"Blev samlet op i Milano: Landsholdsflyet m\u00e5tte lande i Italien og samle Eriksen op\" \/>\n<meta property=\"og:description\" content=\"Den 29-\u00e5rige midtbanespiller fik til sidst lov til at drage med det danske landshold til Israel. S\u00e5 m\u00e5tte flyet med landsholdsspillerne samle ham op i Italien\" \/>\n<meta property=\"og:url\" content=\"https:\/\/acefootball.com\/da\/fodboldnyheder\/blev-samlet-op-i-milano-landsholdsflyet-maatte-lande-i-italien-og-samle-eriksen-op\/\" \/>\n<meta property=\"og:site_name\" content=\"Ace Football Danmark\" \/>\n<meta property=\"article:publisher\" content=\"https:\/\/www.facebook.com\/acefootballdk\" \/>\n<meta property=\"article:published_time\" content=\"2021-03-24T20:04:58+00:00\" \/>\n<meta property=\"article:modified_time\" content=\"2021-03-24T20:44:44+00:00\" \/>\n<meta property=\"og:image\" content=\"https:\/\/acefootball.com\/da\/wp-content\/uploads\/sites\/2\/2021\/03\/Laes-mere-generel-2021-03-24T210415.124.jpg\" \/>\n\t<meta property=\"og:image:width\" content=\"1920\" \/>\n\t<meta property=\"og:image:height\" content=\"1008\" \/>\n\t<meta property=\"og:image:type\" content=\"image\/jpeg\" \/>\n<meta name=\"twitter:card\" content=\"summary_large_image\" \/>\n<meta name=\"twitter:label1\" content=\"Written by\" \/>\n\t<meta name=\"twitter:data1\" content=\"Mikki M\u00f8ller-Iversen\" \/>\n\t<meta name=\"twitter:label2\" content=\"Est. reading time\" \/>\n\t<meta name=\"twitter:data2\" content=\"1 minute\" \/>\n<script type=\"application\/ld+json\" class=\"yoast-schema-graph\">{\"@context\":\"https:\/\/schema.org\",\"@graph\":[{\"@type\":\"Organization\",\"@id\":\"https:\/\/acefootball.com\/da\/#organization\",\"name\":\"Ace Football\",\"url\":\"https:\/\/acefootball.com\/da\/\",\"sameAs\":[\"https:\/\/www.facebook.com\/acefootballdk\"],\"logo\":{\"@type\":\"ImageObject\",\"@id\":\"https:\/\/acefootball.com\/da\/#logo\",\"inLanguage\":\"en-US\",\"url\":\"https:\/\/acefootball.com\/da\/wp-content\/uploads\/sites\/2\/2020\/07\/Ace-Football-30-07-2020-2.png\",\"contentUrl\":\"https:\/\/acefootball.com\/da\/wp-content\/uploads\/sites\/2\/2020\/07\/Ace-Football-30-07-2020-2.png\",\"width\":1200,\"height\":600,\"caption\":\"Ace Football\"},\"image\":{\"@id\":\"https:\/\/acefootball.com\/da\/#logo\"}},{\"@type\":\"WebSite\",\"@id\":\"https:\/\/acefootball.com\/da\/#website\",\"url\":\"https:\/\/acefootball.com\/da\/\",\"name\":\"Ace Football Danmark\",\"description\":\"Nyheder, Spiltips &amp; Livescore\",\"publisher\":{\"@id\":\"https:\/\/acefootball.com\/da\/#organization\"},\"potentialAction\":[{\"@type\":\"SearchAction\",\"target\":{\"@type\":\"EntryPoint\",\"urlTemplate\":\"https:\/\/acefootball.com\/da\/?s={search_term_string}\"},\"query-input\":\"required name=search_term_string\"}],\"inLanguage\":\"en-US\"},{\"@type\":\"ImageObject\",\"@id\":\"https:\/\/acefootball.com\/da\/fodboldnyheder\/blev-samlet-op-i-milano-landsholdsflyet-maatte-lande-i-italien-og-samle-eriksen-op\/#primaryimage\",\"inLanguage\":\"en-US\",\"url\":\"https:\/\/acefootball.com\/da\/wp-content\/uploads\/sites\/2\/2021\/03\/Laes-mere-generel-2021-03-24T210415.124.jpg\",\"contentUrl\":\"https:\/\/acefootball.com\/da\/wp-content\/uploads\/sites\/2\/2021\/03\/Laes-mere-generel-2021-03-24T210415.124.jpg\",\"width\":1920,\"height\":1008},{\"@type\":\"WebPage\",\"@id\":\"https:\/\/acefootball.com\/da\/fodboldnyheder\/blev-samlet-op-i-milano-landsholdsflyet-maatte-lande-i-italien-og-samle-eriksen-op\/#webpage\",\"url\":\"https:\/\/acefootball.com\/da\/fodboldnyheder\/blev-samlet-op-i-milano-landsholdsflyet-maatte-lande-i-italien-og-samle-eriksen-op\/\",\"name\":\"Blev samlet op i Milano: Landsholdsflyet m\u00e5tte lande i Italien og samle Eriksen op\",\"isPartOf\":{\"@id\":\"https:\/\/acefootball.com\/da\/#website\"},\"primaryImageOfPage\":{\"@id\":\"https:\/\/acefootball.com\/da\/fodboldnyheder\/blev-samlet-op-i-milano-landsholdsflyet-maatte-lande-i-italien-og-samle-eriksen-op\/#primaryimage\"},\"datePublished\":\"2021-03-24T20:04:58+00:00\",\"dateModified\":\"2021-03-24T20:44:44+00:00\",\"description\":\"Den 29-\u00e5rige midtbanespiller fik til sidst lov til at drage med det danske landshold til Israel. S\u00e5 m\u00e5tte flyet med landsholdsspillerne samle ham op i Italien\",\"breadcrumb\":{\"@id\":\"https:\/\/acefootball.com\/da\/fodboldnyheder\/blev-samlet-op-i-milano-landsholdsflyet-maatte-lande-i-italien-og-samle-eriksen-op\/#breadcrumb\"},\"inLanguage\":\"en-US\",\"potentialAction\":[{\"@type\":\"ReadAction\",\"target\":[\"https:\/\/acefootball.com\/da\/fodboldnyheder\/blev-samlet-op-i-milano-landsholdsflyet-maatte-lande-i-italien-og-samle-eriksen-op\/\"]}]},{\"@type\":\"BreadcrumbList\",\"@id\":\"https:\/\/acefootball.com\/da\/fodboldnyheder\/blev-samlet-op-i-milano-landsholdsflyet-maatte-lande-i-italien-og-samle-eriksen-op\/#breadcrumb\",\"itemListElement\":[{\"@type\":\"ListItem\",\"position\":1,\"name\":\"Home\",\"item\":\"https:\/\/acefootball.com\/da\/\"},{\"@type\":\"ListItem\",\"position\":2,\"name\":\"Blev samlet op i Milano: Landsholdsflyet m\u00e5tte lande i Italien og samle Eriksen op\"}]},{\"@type\":\"Article\",\"@id\":\"https:\/\/acefootball.com\/da\/fodboldnyheder\/blev-samlet-op-i-milano-landsholdsflyet-maatte-lande-i-italien-og-samle-eriksen-op\/#article\",\"isPartOf\":{\"@id\":\"https:\/\/acefootball.com\/da\/fodboldnyheder\/blev-samlet-op-i-milano-landsholdsflyet-maatte-lande-i-italien-og-samle-eriksen-op\/#webpage\"},\"author\":{\"@id\":\"https:\/\/acefootball.com\/da\/#\/schema\/person\/017c0abe4a8e92938220bf6c097dda93\"},\"headline\":\"Blev samlet op i Milano: Landsholdsflyet m\u00e5tte lande i Italien og samle Eriksen op\",\"datePublished\":\"2021-03-24T20:04:58+00:00\",\"dateModified\":\"2021-03-24T20:44:44+00:00\",\"mainEntityOfPage\":{\"@id\":\"https:\/\/acefootball.com\/da\/fodboldnyheder\/blev-samlet-op-i-milano-landsholdsflyet-maatte-lande-i-italien-og-samle-eriksen-op\/#webpage\"},\"wordCount\":230,\"commentCount\":0,\"publisher\":{\"@id\":\"https:\/\/acefootball.com\/da\/#organization\"},\"image\":{\"@id\":\"https:\/\/acefootball.com\/da\/fodboldnyheder\/blev-samlet-op-i-milano-landsholdsflyet-maatte-lande-i-italien-og-samle-eriksen-op\/#primaryimage\"},\"thumbnailUrl\":\"https:\/\/acefootball.com\/da\/wp-content\/uploads\/sites\/2\/2020\/11\/GettyImages-1228942612-1.jpg\",\"keywords\":[\"Christian Eriksen\",\"Danmark\"],\"articleSection\":[\"Nyhed\"],\"inLanguage\":\"en-US\",\"potentialAction\":[{\"@type\":\"CommentAction\",\"name\":\"Comment\",\"target\":[\"https:\/\/acefootball.com\/da\/fodboldnyheder\/blev-samlet-op-i-milano-landsholdsflyet-maatte-lande-i-italien-og-samle-eriksen-op\/#respond\"]}]},{\"@type\":\"Person\",\"@id\":\"https:\/\/acefootball.com\/da\/#\/schema\/person\/017c0abe4a8e92938220bf6c097dda93\",\"name\":\"Mikki M\u00f8ller-Iversen\",\"image\":{\"@type\":\"ImageObject\",\"@id\":\"https:\/\/acefootball.com\/da\/#personlogo\",\"inLanguage\":\"en-US\",\"url\":\"https:\/\/secure.gravatar.com\/avatar\/e05b419e8b5ae5fcf516800181b96aa2?s=96&d=mm&r=g\",\"contentUrl\":\"https:\/\/secure.gravatar.com\/avatar\/e05b419e8b5ae5fcf516800181b96aa2?s=96&d=mm&r=g\",\"caption\":\"Mikki M\u00f8ller-Iversen\"},\"description\":\"Social Media Manager and writer at Ace Football. Main focus on Danish football and special stories.\",\"sameAs\":[\"https:\/\/www.linkedin.com\/in\/mikki-mller-iversen-26a3a689\/\"],\"url\":\"https:\/\/acefootball.com\/da\/fodboldnyheder\/author\/mmironaldo\/\"}]}<\/script>\n<!-- \/ Yoast SEO plugin. -->","yoast_head_json":{"title":"Blev samlet op i Milano: Landsholdsflyet m\u00e5tte lande i Italien og samle Eriksen op","description":"Den 29-\u00e5rige midtbanespiller fik til sidst lov til at drage med det danske landshold til Israel. S\u00e5 m\u00e5tte flyet med landsholdsspillerne samle ham op i Italien","robots":{"index":"index","follow":"follow","max-snippet":"max-snippet:-1","max-image-preview":"max-image-preview:large","max-video-preview":"max-video-preview:-1"},"canonical":"https:\/\/acefootball.com\/da\/fodboldnyheder\/blev-samlet-op-i-milano-landsholdsflyet-maatte-lande-i-italien-og-samle-eriksen-op\/","og_locale":"en_US","og_type":"article","og_title":"Blev samlet op i Milano: Landsholdsflyet m\u00e5tte lande i Italien og samle Eriksen op","og_description":"Den 29-\u00e5rige midtbanespiller fik til sidst lov til at drage med det danske landshold til Israel. S\u00e5 m\u00e5tte flyet med landsholdsspillerne samle ham op i Italien","og_url":"https:\/\/acefootball.com\/da\/fodboldnyheder\/blev-samlet-op-i-milano-landsholdsflyet-maatte-lande-i-italien-og-samle-eriksen-op\/","og_site_name":"Ace Football Danmark","article_publisher":"https:\/\/www.facebook.com\/acefootballdk","article_published_time":"2021-03-24T20:04:58+00:00","article_modified_time":"2021-03-24T20:44:44+00:00","og_image":[{"width":1920,"height":1008,"url":"https:\/\/acefootball.com\/da\/wp-content\/uploads\/sites\/2\/2021\/03\/Laes-mere-generel-2021-03-24T210415.124.jpg","type":"image\/jpeg"}],"twitter_card":"summary_large_image","twitter_misc":{"Written by":"Mikki M\u00f8ller-Iversen","Est. reading time":"1 minute"},"schema":{"@context":"https:\/\/schema.org","@graph":[{"@type":"Organization","@id":"https:\/\/acefootball.com\/da\/#organization","name":"Ace Football","url":"https:\/\/acefootball.com\/da\/","sameAs":["https:\/\/www.facebook.com\/acefootballdk"],"logo":{"@type":"ImageObject","@id":"https:\/\/acefootball.com\/da\/#logo","inLanguage":"en-US","url":"https:\/\/acefootball.com\/da\/wp-content\/uploads\/sites\/2\/2020\/07\/Ace-Football-30-07-2020-2.png","contentUrl":"https:\/\/acefootball.com\/da\/wp-content\/uploads\/sites\/2\/2020\/07\/Ace-Football-30-07-2020-2.png","width":1200,"height":600,"caption":"Ace Football"},"image":{"@id":"https:\/\/acefootball.com\/da\/#logo"}},{"@type":"WebSite","@id":"https:\/\/acefootball.com\/da\/#website","url":"https:\/\/acefootball.com\/da\/","name":"Ace Football Danmark","description":"Nyheder, Spiltips &amp; Livescore","publisher":{"@id":"https:\/\/acefootball.com\/da\/#organization"},"potentialAction":[{"@type":"SearchAction","target":{"@type":"EntryPoint","urlTemplate":"https:\/\/acefootball.com\/da\/?s={search_term_string}"},"query-input":"required name=search_term_string"}],"inLanguage":"en-US"},{"@type":"ImageObject","@id":"https:\/\/acefootball.com\/da\/fodboldnyheder\/blev-samlet-op-i-milano-landsholdsflyet-maatte-lande-i-italien-og-samle-eriksen-op\/#primaryimage","inLanguage":"en-US","url":"https:\/\/acefootball.com\/da\/wp-content\/uploads\/sites\/2\/2021\/03\/Laes-mere-generel-2021-03-24T210415.124.jpg","contentUrl":"https:\/\/acefootball.com\/da\/wp-content\/uploads\/sites\/2\/2021\/03\/Laes-mere-generel-2021-03-24T210415.124.jpg","width":1920,"height":1008},{"@type":"WebPage","@id":"https:\/\/acefootball.com\/da\/fodboldnyheder\/blev-samlet-op-i-milano-landsholdsflyet-maatte-lande-i-italien-og-samle-eriksen-op\/#webpage","url":"https:\/\/acefootball.com\/da\/fodboldnyheder\/blev-samlet-op-i-milano-landsholdsflyet-maatte-lande-i-italien-og-samle-eriksen-op\/","name":"Blev samlet op i Milano: Landsholdsflyet m\u00e5tte lande i Italien og samle Eriksen op","isPartOf":{"@id":"https:\/\/acefootball.com\/da\/#website"},"primaryImageOfPage":{"@id":"https:\/\/acefootball.com\/da\/fodboldnyheder\/blev-samlet-op-i-milano-landsholdsflyet-maatte-lande-i-italien-og-samle-eriksen-op\/#primaryimage"},"datePublished":"2021-03-24T20:04:58+00:00","dateModified":"2021-03-24T20:44:44+00:00","description":"Den 29-\u00e5rige midtbanespiller fik til sidst lov til at drage med det danske landshold til Israel. S\u00e5 m\u00e5tte flyet med landsholdsspillerne samle ham op i Italien","breadcrumb":{"@id":"https:\/\/acefootball.com\/da\/fodboldnyheder\/blev-samlet-op-i-milano-landsholdsflyet-maatte-lande-i-italien-og-samle-eriksen-op\/#breadcrumb"},"inLanguage":"en-US","potentialAction":[{"@type":"ReadAction","target":["https:\/\/acefootball.com\/da\/fodboldnyheder\/blev-samlet-op-i-milano-landsholdsflyet-maatte-lande-i-italien-og-samle-eriksen-op\/"]}]},{"@type":"BreadcrumbList","@id":"https:\/\/acefootball.com\/da\/fodboldnyheder\/blev-samlet-op-i-milano-landsholdsflyet-maatte-lande-i-italien-og-samle-eriksen-op\/#breadcrumb","itemListElement":[{"@type":"ListItem","position":1,"name":"Home","item":"https:\/\/acefootball.com\/da\/"},{"@type":"ListItem","position":2,"name":"Blev samlet op i Milano: Landsholdsflyet m\u00e5tte lande i Italien og samle Eriksen op"}]},{"@type":"Article","@id":"https:\/\/acefootball.com\/da\/fodboldnyheder\/blev-samlet-op-i-milano-landsholdsflyet-maatte-lande-i-italien-og-samle-eriksen-op\/#article","isPartOf":{"@id":"https:\/\/acefootball.com\/da\/fodboldnyheder\/blev-samlet-op-i-milano-landsholdsflyet-maatte-lande-i-italien-og-samle-eriksen-op\/#webpage"},"author":{"@id":"https:\/\/acefootball.com\/da\/#\/schema\/person\/017c0abe4a8e92938220bf6c097dda93"},"headline":"Blev samlet op i Milano: Landsholdsflyet m\u00e5tte lande i Italien og samle Eriksen op","datePublished":"2021-03-24T20:04:58+00:00","dateModified":"2021-03-24T20:44:44+00:00","mainEntityOfPage":{"@id":"https:\/\/acefootball.com\/da\/fodboldnyheder\/blev-samlet-op-i-milano-landsholdsflyet-maatte-lande-i-italien-og-samle-eriksen-op\/#webpage"},"wordCount":230,"commentCount":0,"publisher":{"@id":"https:\/\/acefootball.com\/da\/#organization"},"image":{"@id":"https:\/\/acefootball.com\/da\/fodboldnyheder\/blev-samlet-op-i-milano-landsholdsflyet-maatte-lande-i-italien-og-samle-eriksen-op\/#primaryimage"},"thumbnailUrl":"https:\/\/acefootball.com\/da\/wp-content\/uploads\/sites\/2\/2020\/11\/GettyImages-1228942612-1.jpg","keywords":["Christian Eriksen","Danmark"],"articleSection":["Nyhed"],"inLanguage":"en-US","potentialAction":[{"@type":"CommentAction","name":"Comment","target":["https:\/\/acefootball.com\/da\/fodboldnyheder\/blev-samlet-op-i-milano-landsholdsflyet-maatte-lande-i-italien-og-samle-eriksen-op\/#respond"]}]},{"@type":"Person","@id":"https:\/\/acefootball.com\/da\/#\/schema\/person\/017c0abe4a8e92938220bf6c097dda93","name":"Mikki M\u00f8ller-Iversen","image":{"@type":"ImageObject","@id":"https:\/\/acefootball.com\/da\/#personlogo","inLanguage":"en-US","url":"https:\/\/secure.gravatar.com\/avatar\/e05b419e8b5ae5fcf516800181b96aa2?s=96&d=mm&r=g","contentUrl":"https:\/\/secure.gravatar.com\/avatar\/e05b419e8b5ae5fcf516800181b96aa2?s=96&d=mm&r=g","caption":"Mikki M\u00f8ller-Iversen"},"description":"Social Media Manager and writer at Ace Football. Main focus on Danish football and special stories.","sameAs":["https:\/\/www.linkedin.com\/in\/mikki-mller-iversen-26a3a689\/"],"url":"https:\/\/acefootball.com\/da\/fodboldnyheder\/author\/mmironaldo\/"}]}},"fimg_url":"https:\/\/acefootball.com\/da\/wp-content\/uploads\/sites\/2\/2020\/11\/GettyImages-1228942612-1.jpg","_links":{"self":[{"href":"https:\/\/acefootball.com\/da\/wp-json\/wp\/v2\/posts\/255650"}],"collection":[{"href":"https:\/\/acefootball.com\/da\/wp-json\/wp\/v2\/posts"}],"about":[{"href":"https:\/\/acefootball.com\/da\/wp-json\/wp\/v2\/types\/post"}],"author":[{"embeddable":true,"href":"https:\/\/acefootball.com\/da\/wp-json\/wp\/v2\/users\/43"}],"replies":[{"embeddable":true,"href":"https:\/\/acefootball.com\/da\/wp-json\/wp\/v2\/comments?post=255650"}],"version-history":[{"count":0,"href":"https:\/\/acefootball.com\/da\/wp-json\/wp\/v2\/posts\/255650\/revisions"}],"wp:featuredmedia":[{"embeddable":true,"href":"https:\/\/acefootball.com\/da\/wp-json\/wp\/v2\/media\/243019"}],"wp:attachment":[{"href":"https:\/\/acefootball.com\/da\/wp-json\/wp\/v2\/media?parent=255650"}],"wp:term":[{"taxonomy":"category","embeddable":true,"href":"https:\/\/acefootball.com\/da\/wp-json\/wp\/v2\/categories?post=255650"},{"taxonomy":"post_tag","embeddable":true,"href":"https:\/\/acefootball.com\/da\/wp-json\/wp\/v2\/tags?post=255650"}],"curies":[{"name":"wp","href":"https:\/\/api.w.org\/{rel}","templated":true}]}}