{"id":255541,"date":"2021-03-24T09:28:06","date_gmt":"2021-03-24T08:28:06","guid":{"rendered":"https:\/\/acefootball.com\/da\/?p=255541"},"modified":"2021-03-24T09:28:07","modified_gmt":"2021-03-24T08:28:07","slug":"fcm-talent-om-stormvejr-jeg-blev-misforstaaet","status":"publish","type":"post","link":"https:\/\/acefootball.com\/da\/fodboldnyheder\/fcm-talent-om-stormvejr-jeg-blev-misforstaaet\/","title":{"rendered":"FCM-talent om stormvejr: Jeg blev misforst\u00e5et"},"content":{"rendered":"\n<h2 id=\"h-mikael-anderson-blev-sidste-r-kritiseret-for-at-have-afvist-at-optr-de-for-det-islandske-u21-landshold-men-det-er-n-stor-misforst-else\">Mikael Anderson blev sidste \u00e5r kritiseret for at have afvist at optr\u00e6de for det islandske U21-landshold, men det er \u00e9n stor misforst\u00e5else<\/h2>\n\n\n\n<p>I slutningen af sidste s\u00e6son blev Mikael Anderson udtaget til det islandske A-landshold, men da truppen skulle sk\u00e6res ned, r\u00f8g FC Midtjylland-spilleren en tur ned i hierarkiet.<\/p>\n\n\n\n<p>I stedet skulle han have v\u00e6ret med U21-landsholdet, men det valgte han at afvise for at fokusere p\u00e5 at komme tilbage p\u00e5 holdet i FC Midtjylland.<\/p>\n\n\n\n<p>Det blev tolket som en klar afvisning af hele nationen, men Anderson forklarer nu, at der var tale om \u00e9n stor misforst\u00e5else.<\/p>\n\n\n\n<figure class=\"wp-block-embed is-type-wp-embed is-provider-ace-football-danmark wp-block-embed-ace-football-danmark\"><div class=\"wp-block-embed__wrapper\">\n<blockquote class=\"wp-embedded-content\" data-secret=\"wfb2J8cKkD\"><a href=\"https:\/\/acefootball.com\/da\/fodboldnyheder\/officielt-tidligere-superliga-profil-praesenteret-i-svensk-amatoerklub\/\">Officielt: Tidligere Superliga-profil pr\u00e6senteret i svensk amat\u00f8rklub<\/a><\/blockquote><iframe class=\"wp-embedded-content\" sandbox=\"allow-scripts\" security=\"restricted\" style=\"position: absolute; clip: rect(1px, 1px, 1px, 1px);\" title=\"&#8220;Officielt: Tidligere Superliga-profil pr\u00e6senteret i svensk amat\u00f8rklub&#8221; &#8212; Ace Football Danmark\" src=\"https:\/\/acefootball.com\/da\/fodboldnyheder\/officielt-tidligere-superliga-profil-praesenteret-i-svensk-amatoerklub\/embed\/#?secret=wfb2J8cKkD\" data-secret=\"wfb2J8cKkD\" width=\"600\" height=\"338\" frameborder=\"0\" marginwidth=\"0\" marginheight=\"0\" scrolling=\"no\"><\/iframe>\n<\/div><\/figure>\n\n\n\n<p>&#8220;Jeg var i en sv\u00e6r periode i FC Midtjylland og spillede ikke s\u00e5 meget, som jeg gerne ville. S\u00e5 kom der en pokalkamp under landsholdspausen, og de ville gerne have mig til at spille for at komme t\u00e6ttere p\u00e5 holdet,&#8221; fort\u00e6ller Anderson til <a href=\"https:\/\/www.ruv.is\/frett\/2021\/03\/24\/mikael-anderson-eg-held-ad-folk-misskilji-mig\" target=\"_blank\" rel=\"noreferrer noopener\">RUV<\/a>.<\/p>\n\n\n\n<p>&#8220;Jeg talte bare med Hamr\u00e9n, men m\u00e5ske skulle jeg bare have talt med Adda (U21-landstr\u00e6ner Arnar \u00de\u00f3r Vi\u00f0arsson, red.), for der skete en misforst\u00e5else, og han t\u00e6nkte m\u00e5ske, at jeg ikke ville spille for U21-landsholdet, hvilket slet ikke er rigtigt.&#8221;<\/p>\n\n\n\n<p>Mikael Anderson er tilbage p\u00e5 det islandske U21-landshold, der blandt andet skal m\u00f8de Danmark ved EM.<\/p>\n","protected":false},"excerpt":{"rendered":"<p>Mikael Anderson blev sidste \u00e5r kritiseret for at have afvist at optr\u00e6de for det islandske U21-landshold, men det er \u00e9n stor misforst\u00e5else<\/p>\n","protected":false},"author":705,"featured_media":255542,"comment_status":"open","ping_status":"closed","sticky":false,"template":"","format":"standard","meta":{"om_disable_all_campaigns":false,"push_articles_ronaldo":{"active":false,"canonical":0,"publish":false},"force_updates":null},"categories":[8204],"tags":[51,4209,588],"enet_tags":{"team":["8113"],"player":["723695"],"league":["46"],"sport_events":[]},"yoast_head":"<!-- This site is optimized with the Yoast SEO plugin v18.3 - https:\/\/yoast.com\/wordpress\/plugins\/seo\/ -->\n<title>FCM-talent om stormvejr: Jeg blev misforst\u00e5et<\/title>\n<meta name=\"description\" content=\"Mikael Anderson blev sidste \u00e5r kritiseret for at have afvist at optr\u00e6de for det islandske U21-landshold, men det er \u00e9n stor misforst\u00e5else\" \/>\n<meta name=\"robots\" content=\"index, follow, max-snippet:-1, max-image-preview:large, max-video-preview:-1\" \/>\n<link rel=\"canonical\" href=\"https:\/\/acefootball.com\/da\/fodboldnyheder\/fcm-talent-om-stormvejr-jeg-blev-misforstaaet\/\" \/>\n<meta property=\"og:locale\" content=\"en_US\" \/>\n<meta property=\"og:type\" content=\"article\" \/>\n<meta property=\"og:title\" content=\"FCM-talent om stormvejr: Jeg blev misforst\u00e5et\" \/>\n<meta property=\"og:description\" content=\"Mikael Anderson blev sidste \u00e5r kritiseret for at have afvist at optr\u00e6de for det islandske U21-landshold, men det er \u00e9n stor misforst\u00e5else\" \/>\n<meta property=\"og:url\" content=\"https:\/\/acefootball.com\/da\/fodboldnyheder\/fcm-talent-om-stormvejr-jeg-blev-misforstaaet\/\" \/>\n<meta property=\"og:site_name\" content=\"Ace Football Danmark\" \/>\n<meta property=\"article:publisher\" content=\"https:\/\/www.facebook.com\/acefootballdk\" \/>\n<meta property=\"article:published_time\" content=\"2021-03-24T08:28:06+00:00\" \/>\n<meta property=\"article:modified_time\" content=\"2021-03-24T08:28:07+00:00\" \/>\n<meta property=\"og:image\" content=\"https:\/\/acefootball.com\/da\/wp-content\/uploads\/sites\/2\/2021\/03\/Laes-mere-generel-93.jpg\" \/>\n\t<meta property=\"og:image:width\" content=\"1920\" \/>\n\t<meta property=\"og:image:height\" content=\"1008\" \/>\n\t<meta property=\"og:image:type\" content=\"image\/jpeg\" \/>\n<meta name=\"twitter:card\" content=\"summary_large_image\" \/>\n<meta name=\"twitter:label1\" content=\"Written by\" \/>\n\t<meta name=\"twitter:data1\" content=\"Mads Dreyer\" \/>\n\t<meta name=\"twitter:label2\" content=\"Est. reading time\" \/>\n\t<meta name=\"twitter:data2\" content=\"1 minute\" \/>\n<script type=\"application\/ld+json\" class=\"yoast-schema-graph\">{\"@context\":\"https:\/\/schema.org\",\"@graph\":[{\"@type\":\"Organization\",\"@id\":\"https:\/\/acefootball.com\/da\/#organization\",\"name\":\"Ace Football\",\"url\":\"https:\/\/acefootball.com\/da\/\",\"sameAs\":[\"https:\/\/www.facebook.com\/acefootballdk\"],\"logo\":{\"@type\":\"ImageObject\",\"@id\":\"https:\/\/acefootball.com\/da\/#logo\",\"inLanguage\":\"en-US\",\"url\":\"https:\/\/acefootball.com\/da\/wp-content\/uploads\/sites\/2\/2020\/07\/Ace-Football-30-07-2020-2.png\",\"contentUrl\":\"https:\/\/acefootball.com\/da\/wp-content\/uploads\/sites\/2\/2020\/07\/Ace-Football-30-07-2020-2.png\",\"width\":1200,\"height\":600,\"caption\":\"Ace Football\"},\"image\":{\"@id\":\"https:\/\/acefootball.com\/da\/#logo\"}},{\"@type\":\"WebSite\",\"@id\":\"https:\/\/acefootball.com\/da\/#website\",\"url\":\"https:\/\/acefootball.com\/da\/\",\"name\":\"Ace Football Danmark\",\"description\":\"Nyheder, Spiltips &amp; Livescore\",\"publisher\":{\"@id\":\"https:\/\/acefootball.com\/da\/#organization\"},\"potentialAction\":[{\"@type\":\"SearchAction\",\"target\":{\"@type\":\"EntryPoint\",\"urlTemplate\":\"https:\/\/acefootball.com\/da\/?s={search_term_string}\"},\"query-input\":\"required name=search_term_string\"}],\"inLanguage\":\"en-US\"},{\"@type\":\"ImageObject\",\"@id\":\"https:\/\/acefootball.com\/da\/fodboldnyheder\/fcm-talent-om-stormvejr-jeg-blev-misforstaaet\/#primaryimage\",\"inLanguage\":\"en-US\",\"url\":\"https:\/\/acefootball.com\/da\/wp-content\/uploads\/sites\/2\/2021\/03\/Laes-mere-generel-93.jpg\",\"contentUrl\":\"https:\/\/acefootball.com\/da\/wp-content\/uploads\/sites\/2\/2021\/03\/Laes-mere-generel-93.jpg\",\"width\":1920,\"height\":1008,\"caption\":\"anderson\"},{\"@type\":\"WebPage\",\"@id\":\"https:\/\/acefootball.com\/da\/fodboldnyheder\/fcm-talent-om-stormvejr-jeg-blev-misforstaaet\/#webpage\",\"url\":\"https:\/\/acefootball.com\/da\/fodboldnyheder\/fcm-talent-om-stormvejr-jeg-blev-misforstaaet\/\",\"name\":\"FCM-talent om stormvejr: Jeg blev misforst\u00e5et\",\"isPartOf\":{\"@id\":\"https:\/\/acefootball.com\/da\/#website\"},\"primaryImageOfPage\":{\"@id\":\"https:\/\/acefootball.com\/da\/fodboldnyheder\/fcm-talent-om-stormvejr-jeg-blev-misforstaaet\/#primaryimage\"},\"datePublished\":\"2021-03-24T08:28:06+00:00\",\"dateModified\":\"2021-03-24T08:28:07+00:00\",\"description\":\"Mikael Anderson blev sidste \u00e5r kritiseret for at have afvist at optr\u00e6de for det islandske U21-landshold, men det er \u00e9n stor misforst\u00e5else\",\"breadcrumb\":{\"@id\":\"https:\/\/acefootball.com\/da\/fodboldnyheder\/fcm-talent-om-stormvejr-jeg-blev-misforstaaet\/#breadcrumb\"},\"inLanguage\":\"en-US\",\"potentialAction\":[{\"@type\":\"ReadAction\",\"target\":[\"https:\/\/acefootball.com\/da\/fodboldnyheder\/fcm-talent-om-stormvejr-jeg-blev-misforstaaet\/\"]}]},{\"@type\":\"BreadcrumbList\",\"@id\":\"https:\/\/acefootball.com\/da\/fodboldnyheder\/fcm-talent-om-stormvejr-jeg-blev-misforstaaet\/#breadcrumb\",\"itemListElement\":[{\"@type\":\"ListItem\",\"position\":1,\"name\":\"Home\",\"item\":\"https:\/\/acefootball.com\/da\/\"},{\"@type\":\"ListItem\",\"position\":2,\"name\":\"FCM-talent om stormvejr: Jeg blev misforst\u00e5et\"}]},{\"@type\":\"Article\",\"@id\":\"https:\/\/acefootball.com\/da\/fodboldnyheder\/fcm-talent-om-stormvejr-jeg-blev-misforstaaet\/#article\",\"isPartOf\":{\"@id\":\"https:\/\/acefootball.com\/da\/fodboldnyheder\/fcm-talent-om-stormvejr-jeg-blev-misforstaaet\/#webpage\"},\"author\":{\"@id\":\"https:\/\/acefootball.com\/da\/#\/schema\/person\/ee67e9cf04a276f144100ffa722f10cd\"},\"headline\":\"FCM-talent om stormvejr: Jeg blev misforst\u00e5et\",\"datePublished\":\"2021-03-24T08:28:06+00:00\",\"dateModified\":\"2021-03-24T08:28:07+00:00\",\"mainEntityOfPage\":{\"@id\":\"https:\/\/acefootball.com\/da\/fodboldnyheder\/fcm-talent-om-stormvejr-jeg-blev-misforstaaet\/#webpage\"},\"wordCount\":233,\"commentCount\":0,\"publisher\":{\"@id\":\"https:\/\/acefootball.com\/da\/#organization\"},\"image\":{\"@id\":\"https:\/\/acefootball.com\/da\/fodboldnyheder\/fcm-talent-om-stormvejr-jeg-blev-misforstaaet\/#primaryimage\"},\"thumbnailUrl\":\"https:\/\/acefootball.com\/da\/wp-content\/uploads\/sites\/2\/2021\/03\/GettyImages-1231716417.jpg\",\"keywords\":[\"FC Midtjylland\",\"Mikael Anderson\",\"Superligaen\"],\"articleSection\":[\"Udtalelse\"],\"inLanguage\":\"en-US\",\"potentialAction\":[{\"@type\":\"CommentAction\",\"name\":\"Comment\",\"target\":[\"https:\/\/acefootball.com\/da\/fodboldnyheder\/fcm-talent-om-stormvejr-jeg-blev-misforstaaet\/#respond\"]}]},{\"@type\":\"Person\",\"@id\":\"https:\/\/acefootball.com\/da\/#\/schema\/person\/ee67e9cf04a276f144100ffa722f10cd\",\"name\":\"Mads Dreyer\",\"image\":{\"@type\":\"ImageObject\",\"@id\":\"https:\/\/acefootball.com\/da\/#personlogo\",\"inLanguage\":\"en-US\",\"url\":\"https:\/\/secure.gravatar.com\/avatar\/7c7abf72cfde9902b6a60efe60c88d4c?s=96&d=mm&r=g\",\"contentUrl\":\"https:\/\/secure.gravatar.com\/avatar\/7c7abf72cfde9902b6a60efe60c88d4c?s=96&d=mm&r=g\",\"caption\":\"Mads Dreyer\"},\"description\":\"Skribent og fodboldn\u00f8rd, der lige nu fort\u00e6ller om alt og intet i fodboldverdenen p\u00e5 acefootball.com. Uddannet i kommunikation fra Aalborg Universitet.\",\"sameAs\":[\"https:\/\/www.linkedin.com\/in\/mads-dreyer-b9b08266\/\"],\"url\":\"https:\/\/acefootball.com\/da\/fodboldnyheder\/author\/mdnronaldo\/\"}]}<\/script>\n<!-- \/ Yoast SEO plugin. -->","yoast_head_json":{"title":"FCM-talent om stormvejr: Jeg blev misforst\u00e5et","description":"Mikael Anderson blev sidste \u00e5r kritiseret for at have afvist at optr\u00e6de for det islandske U21-landshold, men det er \u00e9n stor misforst\u00e5else","robots":{"index":"index","follow":"follow","max-snippet":"max-snippet:-1","max-image-preview":"max-image-preview:large","max-video-preview":"max-video-preview:-1"},"canonical":"https:\/\/acefootball.com\/da\/fodboldnyheder\/fcm-talent-om-stormvejr-jeg-blev-misforstaaet\/","og_locale":"en_US","og_type":"article","og_title":"FCM-talent om stormvejr: Jeg blev misforst\u00e5et","og_description":"Mikael Anderson blev sidste \u00e5r kritiseret for at have afvist at optr\u00e6de for det islandske U21-landshold, men det er \u00e9n stor misforst\u00e5else","og_url":"https:\/\/acefootball.com\/da\/fodboldnyheder\/fcm-talent-om-stormvejr-jeg-blev-misforstaaet\/","og_site_name":"Ace Football Danmark","article_publisher":"https:\/\/www.facebook.com\/acefootballdk","article_published_time":"2021-03-24T08:28:06+00:00","article_modified_time":"2021-03-24T08:28:07+00:00","og_image":[{"width":1920,"height":1008,"url":"https:\/\/acefootball.com\/da\/wp-content\/uploads\/sites\/2\/2021\/03\/Laes-mere-generel-93.jpg","type":"image\/jpeg"}],"twitter_card":"summary_large_image","twitter_misc":{"Written by":"Mads Dreyer","Est. reading time":"1 minute"},"schema":{"@context":"https:\/\/schema.org","@graph":[{"@type":"Organization","@id":"https:\/\/acefootball.com\/da\/#organization","name":"Ace Football","url":"https:\/\/acefootball.com\/da\/","sameAs":["https:\/\/www.facebook.com\/acefootballdk"],"logo":{"@type":"ImageObject","@id":"https:\/\/acefootball.com\/da\/#logo","inLanguage":"en-US","url":"https:\/\/acefootball.com\/da\/wp-content\/uploads\/sites\/2\/2020\/07\/Ace-Football-30-07-2020-2.png","contentUrl":"https:\/\/acefootball.com\/da\/wp-content\/uploads\/sites\/2\/2020\/07\/Ace-Football-30-07-2020-2.png","width":1200,"height":600,"caption":"Ace Football"},"image":{"@id":"https:\/\/acefootball.com\/da\/#logo"}},{"@type":"WebSite","@id":"https:\/\/acefootball.com\/da\/#website","url":"https:\/\/acefootball.com\/da\/","name":"Ace Football Danmark","description":"Nyheder, Spiltips &amp; Livescore","publisher":{"@id":"https:\/\/acefootball.com\/da\/#organization"},"potentialAction":[{"@type":"SearchAction","target":{"@type":"EntryPoint","urlTemplate":"https:\/\/acefootball.com\/da\/?s={search_term_string}"},"query-input":"required name=search_term_string"}],"inLanguage":"en-US"},{"@type":"ImageObject","@id":"https:\/\/acefootball.com\/da\/fodboldnyheder\/fcm-talent-om-stormvejr-jeg-blev-misforstaaet\/#primaryimage","inLanguage":"en-US","url":"https:\/\/acefootball.com\/da\/wp-content\/uploads\/sites\/2\/2021\/03\/Laes-mere-generel-93.jpg","contentUrl":"https:\/\/acefootball.com\/da\/wp-content\/uploads\/sites\/2\/2021\/03\/Laes-mere-generel-93.jpg","width":1920,"height":1008,"caption":"anderson"},{"@type":"WebPage","@id":"https:\/\/acefootball.com\/da\/fodboldnyheder\/fcm-talent-om-stormvejr-jeg-blev-misforstaaet\/#webpage","url":"https:\/\/acefootball.com\/da\/fodboldnyheder\/fcm-talent-om-stormvejr-jeg-blev-misforstaaet\/","name":"FCM-talent om stormvejr: Jeg blev misforst\u00e5et","isPartOf":{"@id":"https:\/\/acefootball.com\/da\/#website"},"primaryImageOfPage":{"@id":"https:\/\/acefootball.com\/da\/fodboldnyheder\/fcm-talent-om-stormvejr-jeg-blev-misforstaaet\/#primaryimage"},"datePublished":"2021-03-24T08:28:06+00:00","dateModified":"2021-03-24T08:28:07+00:00","description":"Mikael Anderson blev sidste \u00e5r kritiseret for at have afvist at optr\u00e6de for det islandske U21-landshold, men det er \u00e9n stor misforst\u00e5else","breadcrumb":{"@id":"https:\/\/acefootball.com\/da\/fodboldnyheder\/fcm-talent-om-stormvejr-jeg-blev-misforstaaet\/#breadcrumb"},"inLanguage":"en-US","potentialAction":[{"@type":"ReadAction","target":["https:\/\/acefootball.com\/da\/fodboldnyheder\/fcm-talent-om-stormvejr-jeg-blev-misforstaaet\/"]}]},{"@type":"BreadcrumbList","@id":"https:\/\/acefootball.com\/da\/fodboldnyheder\/fcm-talent-om-stormvejr-jeg-blev-misforstaaet\/#breadcrumb","itemListElement":[{"@type":"ListItem","position":1,"name":"Home","item":"https:\/\/acefootball.com\/da\/"},{"@type":"ListItem","position":2,"name":"FCM-talent om stormvejr: Jeg blev misforst\u00e5et"}]},{"@type":"Article","@id":"https:\/\/acefootball.com\/da\/fodboldnyheder\/fcm-talent-om-stormvejr-jeg-blev-misforstaaet\/#article","isPartOf":{"@id":"https:\/\/acefootball.com\/da\/fodboldnyheder\/fcm-talent-om-stormvejr-jeg-blev-misforstaaet\/#webpage"},"author":{"@id":"https:\/\/acefootball.com\/da\/#\/schema\/person\/ee67e9cf04a276f144100ffa722f10cd"},"headline":"FCM-talent om stormvejr: Jeg blev misforst\u00e5et","datePublished":"2021-03-24T08:28:06+00:00","dateModified":"2021-03-24T08:28:07+00:00","mainEntityOfPage":{"@id":"https:\/\/acefootball.com\/da\/fodboldnyheder\/fcm-talent-om-stormvejr-jeg-blev-misforstaaet\/#webpage"},"wordCount":233,"commentCount":0,"publisher":{"@id":"https:\/\/acefootball.com\/da\/#organization"},"image":{"@id":"https:\/\/acefootball.com\/da\/fodboldnyheder\/fcm-talent-om-stormvejr-jeg-blev-misforstaaet\/#primaryimage"},"thumbnailUrl":"https:\/\/acefootball.com\/da\/wp-content\/uploads\/sites\/2\/2021\/03\/GettyImages-1231716417.jpg","keywords":["FC Midtjylland","Mikael Anderson","Superligaen"],"articleSection":["Udtalelse"],"inLanguage":"en-US","potentialAction":[{"@type":"CommentAction","name":"Comment","target":["https:\/\/acefootball.com\/da\/fodboldnyheder\/fcm-talent-om-stormvejr-jeg-blev-misforstaaet\/#respond"]}]},{"@type":"Person","@id":"https:\/\/acefootball.com\/da\/#\/schema\/person\/ee67e9cf04a276f144100ffa722f10cd","name":"Mads Dreyer","image":{"@type":"ImageObject","@id":"https:\/\/acefootball.com\/da\/#personlogo","inLanguage":"en-US","url":"https:\/\/secure.gravatar.com\/avatar\/7c7abf72cfde9902b6a60efe60c88d4c?s=96&d=mm&r=g","contentUrl":"https:\/\/secure.gravatar.com\/avatar\/7c7abf72cfde9902b6a60efe60c88d4c?s=96&d=mm&r=g","caption":"Mads Dreyer"},"description":"Skribent og fodboldn\u00f8rd, der lige nu fort\u00e6ller om alt og intet i fodboldverdenen p\u00e5 acefootball.com. Uddannet i kommunikation fra Aalborg Universitet.","sameAs":["https:\/\/www.linkedin.com\/in\/mads-dreyer-b9b08266\/"],"url":"https:\/\/acefootball.com\/da\/fodboldnyheder\/author\/mdnronaldo\/"}]}},"fimg_url":"https:\/\/acefootball.com\/da\/wp-content\/uploads\/sites\/2\/2021\/03\/GettyImages-1231716417.jpg","_links":{"self":[{"href":"https:\/\/acefootball.com\/da\/wp-json\/wp\/v2\/posts\/255541"}],"collection":[{"href":"https:\/\/acefootball.com\/da\/wp-json\/wp\/v2\/posts"}],"about":[{"href":"https:\/\/acefootball.com\/da\/wp-json\/wp\/v2\/types\/post"}],"author":[{"embeddable":true,"href":"https:\/\/acefootball.com\/da\/wp-json\/wp\/v2\/users\/705"}],"replies":[{"embeddable":true,"href":"https:\/\/acefootball.com\/da\/wp-json\/wp\/v2\/comments?post=255541"}],"version-history":[{"count":0,"href":"https:\/\/acefootball.com\/da\/wp-json\/wp\/v2\/posts\/255541\/revisions"}],"wp:featuredmedia":[{"embeddable":true,"href":"https:\/\/acefootball.com\/da\/wp-json\/wp\/v2\/media\/255542"}],"wp:attachment":[{"href":"https:\/\/acefootball.com\/da\/wp-json\/wp\/v2\/media?parent=255541"}],"wp:term":[{"taxonomy":"category","embeddable":true,"href":"https:\/\/acefootball.com\/da\/wp-json\/wp\/v2\/categories?post=255541"},{"taxonomy":"post_tag","embeddable":true,"href":"https:\/\/acefootball.com\/da\/wp-json\/wp\/v2\/tags?post=255541"}],"curies":[{"name":"wp","href":"https:\/\/api.w.org\/{rel}","templated":true}]}}