{"id":255537,"date":"2021-03-24T08:44:13","date_gmt":"2021-03-24T07:44:13","guid":{"rendered":"https:\/\/acefootball.com\/da\/?p=255537"},"modified":"2021-03-24T08:48:21","modified_gmt":"2021-03-24T07:48:21","slug":"kjulmand-vil-ikke-foelge-staale-ingen-aktion-paa-torsdag","status":"publish","type":"post","link":"https:\/\/acefootball.com\/da\/fodboldnyheder\/kjulmand-vil-ikke-foelge-staale-ingen-aktion-paa-torsdag\/","title":{"rendered":"Hjulmand vil ikke f\u00f8lge St\u00e5le: Ingen aktion p\u00e5 torsdag"},"content":{"rendered":"\n<h2 id=\"h-kasper-hjulmand-og-resten-af-landsholdet-har-ikke-t-nkt-sig-at-lave-en-protestaktion-mod-vm-i-qatar-som-norge-ellers-har-varslet\">Kasper Hjulmand og resten af landsholdet har ikke t\u00e6nkt sig at lave en protestaktion mod VM i Qatar, som Norge ellers har varslet<\/h2>\n\n\n\n<p>Diskussionen om, hvorvidt de enkelte nationer b\u00f8r boykotte VM i Qatar, forts\u00e6tter p\u00e5 sit h\u00f8jeste, og i Norge er man ikke i tvivl om, hvad holdningen er.<\/p>\n\n\n\n<p>Landstr\u00e6ner St\u00e5le Solbakken har varslet, at der vil komme en form for protestaktion, n\u00e5r nordm\u00e6ndene i aften m\u00f8der GIbraltar i f\u00f8rste VM-kvalkamp.<\/p>\n\n\n\n<p>Det kommer Danmark ikke til at f\u00f8lge trop p\u00e5. S\u00e5dan lyder meldingen fra landstr\u00e6ner Kasper Hjulmand, der s\u00e5 godt som afviser id\u00e9en.<\/p>\n\n\n\n<figure class=\"wp-block-embed is-type-wp-embed is-provider-ace-football-danmark wp-block-embed-ace-football-danmark\"><div class=\"wp-block-embed__wrapper\">\n<blockquote class=\"wp-embedded-content\" data-secret=\"0S41GzjJ5b\"><a href=\"https:\/\/acefootball.com\/da\/fodboldnyheder\/magi-paa-traeningsbanen-braithwaite-brillerer-med-solomaal-og-langskud\/\">Magi p\u00e5 tr\u00e6ningsbanen: Braithwaite brillerer med solom\u00e5l og langskud<\/a><\/blockquote><iframe class=\"wp-embedded-content\" sandbox=\"allow-scripts\" security=\"restricted\" style=\"position: absolute; clip: rect(1px, 1px, 1px, 1px);\" title=\"&#8220;Magi p\u00e5 tr\u00e6ningsbanen: Braithwaite brillerer med solom\u00e5l og langskud&#8221; &#8212; Ace Football Danmark\" src=\"https:\/\/acefootball.com\/da\/fodboldnyheder\/magi-paa-traeningsbanen-braithwaite-brillerer-med-solomaal-og-langskud\/embed\/#?secret=0S41GzjJ5b\" data-secret=\"0S41GzjJ5b\" width=\"600\" height=\"338\" frameborder=\"0\" marginwidth=\"0\" marginheight=\"0\" scrolling=\"no\"><\/iframe>\n<\/div><\/figure>\n\n\n\n<p>&#8220;Jeg er p\u00e5 linje med St\u00e5le, n\u00e5r det handler om at tale sammen om, hvad vi kan g\u00f8re. Hvordan kan vi f\u00e5 flere lande med? Hvordan kan vi f\u00e5 samlet os? Men jeg synes ogs\u00e5, at det handler om at f\u00e5 fastlagt, hvor ansvaret ligger. Men som det ser ud nu, laver vi ikke nogen aktion p\u00e5 torsdag,&#8221; udtaler Hjulmand if\u00f8lge <a href=\"https:\/\/ekstrabladet.dk\/sport\/fodbold\/landsholdsfodbold\/hjulmand-afviser-protestaktion\/8512864\" target=\"_blank\" rel=\"noreferrer noopener\">Ekstra Bladet<\/a>.<\/p>\n\n\n\n<p>Danmark starter VM-kvalifikationen torsdag p\u00e5 udebane mod Israel.<\/p>\n","protected":false},"excerpt":{"rendered":"<p>Kasper Hjulmand og resten af landsholdet har ikke t\u00e6nkt sig at lave en protestaktion mod VM i Qatar, som Norge ellers har varslet<\/p>\n","protected":false},"author":705,"featured_media":255175,"comment_status":"open","ping_status":"closed","sticky":false,"template":"","format":"standard","meta":{"om_disable_all_campaigns":false,"push_articles_ronaldo":{"active":false,"canonical":0,"publish":false},"force_updates":null},"categories":[8204],"tags":[692,138],"enet_tags":{"team":["8238"],"sport_events":[]},"yoast_head":"<!-- This site is optimized with the Yoast SEO plugin v18.3 - https:\/\/yoast.com\/wordpress\/plugins\/seo\/ -->\n<title>Hjulmand vil ikke f\u00f8lge St\u00e5le: Ingen aktion p\u00e5 torsdag<\/title>\n<meta name=\"description\" content=\"Kasper Hjulmand og resten af landsholdet har ikke t\u00e6nkt sig at lave en protestaktion mod VM i Qatar, som Norge ellers har varslet\" \/>\n<meta name=\"robots\" content=\"index, follow, max-snippet:-1, max-image-preview:large, max-video-preview:-1\" \/>\n<link rel=\"canonical\" href=\"https:\/\/acefootball.com\/da\/fodboldnyheder\/kjulmand-vil-ikke-foelge-staale-ingen-aktion-paa-torsdag\/\" \/>\n<meta property=\"og:locale\" content=\"en_US\" \/>\n<meta property=\"og:type\" content=\"article\" \/>\n<meta property=\"og:title\" content=\"Hjulmand vil ikke f\u00f8lge St\u00e5le: Ingen aktion p\u00e5 torsdag\" \/>\n<meta property=\"og:description\" content=\"Kasper Hjulmand og resten af landsholdet har ikke t\u00e6nkt sig at lave en protestaktion mod VM i Qatar, som Norge ellers har varslet\" \/>\n<meta property=\"og:url\" content=\"https:\/\/acefootball.com\/da\/fodboldnyheder\/kjulmand-vil-ikke-foelge-staale-ingen-aktion-paa-torsdag\/\" \/>\n<meta property=\"og:site_name\" content=\"Ace Football Danmark\" \/>\n<meta property=\"article:publisher\" content=\"https:\/\/www.facebook.com\/acefootballdk\" \/>\n<meta property=\"article:published_time\" content=\"2021-03-24T07:44:13+00:00\" \/>\n<meta property=\"article:modified_time\" content=\"2021-03-24T07:48:21+00:00\" \/>\n<meta property=\"og:image\" content=\"https:\/\/acefootball.com\/da\/wp-content\/uploads\/sites\/2\/2021\/03\/GettyImages-1229635463.jpg\" \/>\n\t<meta property=\"og:image:width\" content=\"1024\" \/>\n\t<meta property=\"og:image:height\" content=\"722\" \/>\n\t<meta property=\"og:image:type\" content=\"image\/jpeg\" \/>\n<meta name=\"twitter:card\" content=\"summary_large_image\" \/>\n<meta name=\"twitter:label1\" content=\"Written by\" \/>\n\t<meta name=\"twitter:data1\" content=\"Mads Dreyer\" \/>\n\t<meta name=\"twitter:label2\" content=\"Est. reading time\" \/>\n\t<meta name=\"twitter:data2\" content=\"1 minute\" \/>\n<script type=\"application\/ld+json\" class=\"yoast-schema-graph\">{\"@context\":\"https:\/\/schema.org\",\"@graph\":[{\"@type\":\"Organization\",\"@id\":\"https:\/\/acefootball.com\/da\/#organization\",\"name\":\"Ace Football\",\"url\":\"https:\/\/acefootball.com\/da\/\",\"sameAs\":[\"https:\/\/www.facebook.com\/acefootballdk\"],\"logo\":{\"@type\":\"ImageObject\",\"@id\":\"https:\/\/acefootball.com\/da\/#logo\",\"inLanguage\":\"en-US\",\"url\":\"https:\/\/acefootball.com\/da\/wp-content\/uploads\/sites\/2\/2020\/07\/Ace-Football-30-07-2020-2.png\",\"contentUrl\":\"https:\/\/acefootball.com\/da\/wp-content\/uploads\/sites\/2\/2020\/07\/Ace-Football-30-07-2020-2.png\",\"width\":1200,\"height\":600,\"caption\":\"Ace Football\"},\"image\":{\"@id\":\"https:\/\/acefootball.com\/da\/#logo\"}},{\"@type\":\"WebSite\",\"@id\":\"https:\/\/acefootball.com\/da\/#website\",\"url\":\"https:\/\/acefootball.com\/da\/\",\"name\":\"Ace Football Danmark\",\"description\":\"Nyheder, Spiltips &amp; Livescore\",\"publisher\":{\"@id\":\"https:\/\/acefootball.com\/da\/#organization\"},\"potentialAction\":[{\"@type\":\"SearchAction\",\"target\":{\"@type\":\"EntryPoint\",\"urlTemplate\":\"https:\/\/acefootball.com\/da\/?s={search_term_string}\"},\"query-input\":\"required name=search_term_string\"}],\"inLanguage\":\"en-US\"},{\"@type\":\"ImageObject\",\"@id\":\"https:\/\/acefootball.com\/da\/fodboldnyheder\/kjulmand-vil-ikke-foelge-staale-ingen-aktion-paa-torsdag\/#primaryimage\",\"inLanguage\":\"en-US\",\"url\":\"https:\/\/acefootball.com\/da\/wp-content\/uploads\/sites\/2\/2021\/03\/GettyImages-1229635463.jpg\",\"contentUrl\":\"https:\/\/acefootball.com\/da\/wp-content\/uploads\/sites\/2\/2021\/03\/GettyImages-1229635463.jpg\",\"width\":1024,\"height\":722,\"caption\":\"COPENHAGEN, DENMARK - NOVEMBER 15: Kasper Hjulmand of Denmark shows frustration during the UEFA Nations League match between Denmark and Iceland at Parken Stadium on November 15, 2020 in Copenhagen, Denmark. (Photo by Lars Ronbog \/ FrontZoneSport via Getty Images)\"},{\"@type\":\"WebPage\",\"@id\":\"https:\/\/acefootball.com\/da\/fodboldnyheder\/kjulmand-vil-ikke-foelge-staale-ingen-aktion-paa-torsdag\/#webpage\",\"url\":\"https:\/\/acefootball.com\/da\/fodboldnyheder\/kjulmand-vil-ikke-foelge-staale-ingen-aktion-paa-torsdag\/\",\"name\":\"Hjulmand vil ikke f\u00f8lge St\u00e5le: Ingen aktion p\u00e5 torsdag\",\"isPartOf\":{\"@id\":\"https:\/\/acefootball.com\/da\/#website\"},\"primaryImageOfPage\":{\"@id\":\"https:\/\/acefootball.com\/da\/fodboldnyheder\/kjulmand-vil-ikke-foelge-staale-ingen-aktion-paa-torsdag\/#primaryimage\"},\"datePublished\":\"2021-03-24T07:44:13+00:00\",\"dateModified\":\"2021-03-24T07:48:21+00:00\",\"description\":\"Kasper Hjulmand og resten af landsholdet har ikke t\u00e6nkt sig at lave en protestaktion mod VM i Qatar, som Norge ellers har varslet\",\"breadcrumb\":{\"@id\":\"https:\/\/acefootball.com\/da\/fodboldnyheder\/kjulmand-vil-ikke-foelge-staale-ingen-aktion-paa-torsdag\/#breadcrumb\"},\"inLanguage\":\"en-US\",\"potentialAction\":[{\"@type\":\"ReadAction\",\"target\":[\"https:\/\/acefootball.com\/da\/fodboldnyheder\/kjulmand-vil-ikke-foelge-staale-ingen-aktion-paa-torsdag\/\"]}]},{\"@type\":\"BreadcrumbList\",\"@id\":\"https:\/\/acefootball.com\/da\/fodboldnyheder\/kjulmand-vil-ikke-foelge-staale-ingen-aktion-paa-torsdag\/#breadcrumb\",\"itemListElement\":[{\"@type\":\"ListItem\",\"position\":1,\"name\":\"Home\",\"item\":\"https:\/\/acefootball.com\/da\/\"},{\"@type\":\"ListItem\",\"position\":2,\"name\":\"Hjulmand vil ikke f\u00f8lge St\u00e5le: Ingen aktion p\u00e5 torsdag\"}]},{\"@type\":\"Article\",\"@id\":\"https:\/\/acefootball.com\/da\/fodboldnyheder\/kjulmand-vil-ikke-foelge-staale-ingen-aktion-paa-torsdag\/#article\",\"isPartOf\":{\"@id\":\"https:\/\/acefootball.com\/da\/fodboldnyheder\/kjulmand-vil-ikke-foelge-staale-ingen-aktion-paa-torsdag\/#webpage\"},\"author\":{\"@id\":\"https:\/\/acefootball.com\/da\/#\/schema\/person\/ee67e9cf04a276f144100ffa722f10cd\"},\"headline\":\"Hjulmand vil ikke f\u00f8lge St\u00e5le: Ingen aktion p\u00e5 torsdag\",\"datePublished\":\"2021-03-24T07:44:13+00:00\",\"dateModified\":\"2021-03-24T07:48:21+00:00\",\"mainEntityOfPage\":{\"@id\":\"https:\/\/acefootball.com\/da\/fodboldnyheder\/kjulmand-vil-ikke-foelge-staale-ingen-aktion-paa-torsdag\/#webpage\"},\"wordCount\":200,\"commentCount\":0,\"publisher\":{\"@id\":\"https:\/\/acefootball.com\/da\/#organization\"},\"image\":{\"@id\":\"https:\/\/acefootball.com\/da\/fodboldnyheder\/kjulmand-vil-ikke-foelge-staale-ingen-aktion-paa-torsdag\/#primaryimage\"},\"thumbnailUrl\":\"https:\/\/acefootball.com\/da\/wp-content\/uploads\/sites\/2\/2021\/03\/GettyImages-1229635463.jpg\",\"keywords\":[\"Danmark\",\"Kasper Hjulmand\"],\"articleSection\":[\"Udtalelse\"],\"inLanguage\":\"en-US\",\"potentialAction\":[{\"@type\":\"CommentAction\",\"name\":\"Comment\",\"target\":[\"https:\/\/acefootball.com\/da\/fodboldnyheder\/kjulmand-vil-ikke-foelge-staale-ingen-aktion-paa-torsdag\/#respond\"]}]},{\"@type\":\"Person\",\"@id\":\"https:\/\/acefootball.com\/da\/#\/schema\/person\/ee67e9cf04a276f144100ffa722f10cd\",\"name\":\"Mads Dreyer\",\"image\":{\"@type\":\"ImageObject\",\"@id\":\"https:\/\/acefootball.com\/da\/#personlogo\",\"inLanguage\":\"en-US\",\"url\":\"https:\/\/secure.gravatar.com\/avatar\/7c7abf72cfde9902b6a60efe60c88d4c?s=96&d=mm&r=g\",\"contentUrl\":\"https:\/\/secure.gravatar.com\/avatar\/7c7abf72cfde9902b6a60efe60c88d4c?s=96&d=mm&r=g\",\"caption\":\"Mads Dreyer\"},\"description\":\"Skribent og fodboldn\u00f8rd, der lige nu fort\u00e6ller om alt og intet i fodboldverdenen p\u00e5 acefootball.com. Uddannet i kommunikation fra Aalborg Universitet.\",\"sameAs\":[\"https:\/\/www.linkedin.com\/in\/mads-dreyer-b9b08266\/\"],\"url\":\"https:\/\/acefootball.com\/da\/fodboldnyheder\/author\/mdnronaldo\/\"}]}<\/script>\n<!-- \/ Yoast SEO plugin. -->","yoast_head_json":{"title":"Hjulmand vil ikke f\u00f8lge St\u00e5le: Ingen aktion p\u00e5 torsdag","description":"Kasper Hjulmand og resten af landsholdet har ikke t\u00e6nkt sig at lave en protestaktion mod VM i Qatar, som Norge ellers har varslet","robots":{"index":"index","follow":"follow","max-snippet":"max-snippet:-1","max-image-preview":"max-image-preview:large","max-video-preview":"max-video-preview:-1"},"canonical":"https:\/\/acefootball.com\/da\/fodboldnyheder\/kjulmand-vil-ikke-foelge-staale-ingen-aktion-paa-torsdag\/","og_locale":"en_US","og_type":"article","og_title":"Hjulmand vil ikke f\u00f8lge St\u00e5le: Ingen aktion p\u00e5 torsdag","og_description":"Kasper Hjulmand og resten af landsholdet har ikke t\u00e6nkt sig at lave en protestaktion mod VM i Qatar, som Norge ellers har varslet","og_url":"https:\/\/acefootball.com\/da\/fodboldnyheder\/kjulmand-vil-ikke-foelge-staale-ingen-aktion-paa-torsdag\/","og_site_name":"Ace Football Danmark","article_publisher":"https:\/\/www.facebook.com\/acefootballdk","article_published_time":"2021-03-24T07:44:13+00:00","article_modified_time":"2021-03-24T07:48:21+00:00","og_image":[{"width":1024,"height":722,"url":"https:\/\/acefootball.com\/da\/wp-content\/uploads\/sites\/2\/2021\/03\/GettyImages-1229635463.jpg","type":"image\/jpeg"}],"twitter_card":"summary_large_image","twitter_misc":{"Written by":"Mads Dreyer","Est. reading time":"1 minute"},"schema":{"@context":"https:\/\/schema.org","@graph":[{"@type":"Organization","@id":"https:\/\/acefootball.com\/da\/#organization","name":"Ace Football","url":"https:\/\/acefootball.com\/da\/","sameAs":["https:\/\/www.facebook.com\/acefootballdk"],"logo":{"@type":"ImageObject","@id":"https:\/\/acefootball.com\/da\/#logo","inLanguage":"en-US","url":"https:\/\/acefootball.com\/da\/wp-content\/uploads\/sites\/2\/2020\/07\/Ace-Football-30-07-2020-2.png","contentUrl":"https:\/\/acefootball.com\/da\/wp-content\/uploads\/sites\/2\/2020\/07\/Ace-Football-30-07-2020-2.png","width":1200,"height":600,"caption":"Ace Football"},"image":{"@id":"https:\/\/acefootball.com\/da\/#logo"}},{"@type":"WebSite","@id":"https:\/\/acefootball.com\/da\/#website","url":"https:\/\/acefootball.com\/da\/","name":"Ace Football Danmark","description":"Nyheder, Spiltips &amp; Livescore","publisher":{"@id":"https:\/\/acefootball.com\/da\/#organization"},"potentialAction":[{"@type":"SearchAction","target":{"@type":"EntryPoint","urlTemplate":"https:\/\/acefootball.com\/da\/?s={search_term_string}"},"query-input":"required name=search_term_string"}],"inLanguage":"en-US"},{"@type":"ImageObject","@id":"https:\/\/acefootball.com\/da\/fodboldnyheder\/kjulmand-vil-ikke-foelge-staale-ingen-aktion-paa-torsdag\/#primaryimage","inLanguage":"en-US","url":"https:\/\/acefootball.com\/da\/wp-content\/uploads\/sites\/2\/2021\/03\/GettyImages-1229635463.jpg","contentUrl":"https:\/\/acefootball.com\/da\/wp-content\/uploads\/sites\/2\/2021\/03\/GettyImages-1229635463.jpg","width":1024,"height":722,"caption":"COPENHAGEN, DENMARK - NOVEMBER 15: Kasper Hjulmand of Denmark shows frustration during the UEFA Nations League match between Denmark and Iceland at Parken Stadium on November 15, 2020 in Copenhagen, Denmark. (Photo by Lars Ronbog \/ FrontZoneSport via Getty Images)"},{"@type":"WebPage","@id":"https:\/\/acefootball.com\/da\/fodboldnyheder\/kjulmand-vil-ikke-foelge-staale-ingen-aktion-paa-torsdag\/#webpage","url":"https:\/\/acefootball.com\/da\/fodboldnyheder\/kjulmand-vil-ikke-foelge-staale-ingen-aktion-paa-torsdag\/","name":"Hjulmand vil ikke f\u00f8lge St\u00e5le: Ingen aktion p\u00e5 torsdag","isPartOf":{"@id":"https:\/\/acefootball.com\/da\/#website"},"primaryImageOfPage":{"@id":"https:\/\/acefootball.com\/da\/fodboldnyheder\/kjulmand-vil-ikke-foelge-staale-ingen-aktion-paa-torsdag\/#primaryimage"},"datePublished":"2021-03-24T07:44:13+00:00","dateModified":"2021-03-24T07:48:21+00:00","description":"Kasper Hjulmand og resten af landsholdet har ikke t\u00e6nkt sig at lave en protestaktion mod VM i Qatar, som Norge ellers har varslet","breadcrumb":{"@id":"https:\/\/acefootball.com\/da\/fodboldnyheder\/kjulmand-vil-ikke-foelge-staale-ingen-aktion-paa-torsdag\/#breadcrumb"},"inLanguage":"en-US","potentialAction":[{"@type":"ReadAction","target":["https:\/\/acefootball.com\/da\/fodboldnyheder\/kjulmand-vil-ikke-foelge-staale-ingen-aktion-paa-torsdag\/"]}]},{"@type":"BreadcrumbList","@id":"https:\/\/acefootball.com\/da\/fodboldnyheder\/kjulmand-vil-ikke-foelge-staale-ingen-aktion-paa-torsdag\/#breadcrumb","itemListElement":[{"@type":"ListItem","position":1,"name":"Home","item":"https:\/\/acefootball.com\/da\/"},{"@type":"ListItem","position":2,"name":"Hjulmand vil ikke f\u00f8lge St\u00e5le: Ingen aktion p\u00e5 torsdag"}]},{"@type":"Article","@id":"https:\/\/acefootball.com\/da\/fodboldnyheder\/kjulmand-vil-ikke-foelge-staale-ingen-aktion-paa-torsdag\/#article","isPartOf":{"@id":"https:\/\/acefootball.com\/da\/fodboldnyheder\/kjulmand-vil-ikke-foelge-staale-ingen-aktion-paa-torsdag\/#webpage"},"author":{"@id":"https:\/\/acefootball.com\/da\/#\/schema\/person\/ee67e9cf04a276f144100ffa722f10cd"},"headline":"Hjulmand vil ikke f\u00f8lge St\u00e5le: Ingen aktion p\u00e5 torsdag","datePublished":"2021-03-24T07:44:13+00:00","dateModified":"2021-03-24T07:48:21+00:00","mainEntityOfPage":{"@id":"https:\/\/acefootball.com\/da\/fodboldnyheder\/kjulmand-vil-ikke-foelge-staale-ingen-aktion-paa-torsdag\/#webpage"},"wordCount":200,"commentCount":0,"publisher":{"@id":"https:\/\/acefootball.com\/da\/#organization"},"image":{"@id":"https:\/\/acefootball.com\/da\/fodboldnyheder\/kjulmand-vil-ikke-foelge-staale-ingen-aktion-paa-torsdag\/#primaryimage"},"thumbnailUrl":"https:\/\/acefootball.com\/da\/wp-content\/uploads\/sites\/2\/2021\/03\/GettyImages-1229635463.jpg","keywords":["Danmark","Kasper Hjulmand"],"articleSection":["Udtalelse"],"inLanguage":"en-US","potentialAction":[{"@type":"CommentAction","name":"Comment","target":["https:\/\/acefootball.com\/da\/fodboldnyheder\/kjulmand-vil-ikke-foelge-staale-ingen-aktion-paa-torsdag\/#respond"]}]},{"@type":"Person","@id":"https:\/\/acefootball.com\/da\/#\/schema\/person\/ee67e9cf04a276f144100ffa722f10cd","name":"Mads Dreyer","image":{"@type":"ImageObject","@id":"https:\/\/acefootball.com\/da\/#personlogo","inLanguage":"en-US","url":"https:\/\/secure.gravatar.com\/avatar\/7c7abf72cfde9902b6a60efe60c88d4c?s=96&d=mm&r=g","contentUrl":"https:\/\/secure.gravatar.com\/avatar\/7c7abf72cfde9902b6a60efe60c88d4c?s=96&d=mm&r=g","caption":"Mads Dreyer"},"description":"Skribent og fodboldn\u00f8rd, der lige nu fort\u00e6ller om alt og intet i fodboldverdenen p\u00e5 acefootball.com. Uddannet i kommunikation fra Aalborg Universitet.","sameAs":["https:\/\/www.linkedin.com\/in\/mads-dreyer-b9b08266\/"],"url":"https:\/\/acefootball.com\/da\/fodboldnyheder\/author\/mdnronaldo\/"}]}},"fimg_url":"https:\/\/acefootball.com\/da\/wp-content\/uploads\/sites\/2\/2021\/03\/GettyImages-1229635463.jpg","_links":{"self":[{"href":"https:\/\/acefootball.com\/da\/wp-json\/wp\/v2\/posts\/255537"}],"collection":[{"href":"https:\/\/acefootball.com\/da\/wp-json\/wp\/v2\/posts"}],"about":[{"href":"https:\/\/acefootball.com\/da\/wp-json\/wp\/v2\/types\/post"}],"author":[{"embeddable":true,"href":"https:\/\/acefootball.com\/da\/wp-json\/wp\/v2\/users\/705"}],"replies":[{"embeddable":true,"href":"https:\/\/acefootball.com\/da\/wp-json\/wp\/v2\/comments?post=255537"}],"version-history":[{"count":0,"href":"https:\/\/acefootball.com\/da\/wp-json\/wp\/v2\/posts\/255537\/revisions"}],"wp:featuredmedia":[{"embeddable":true,"href":"https:\/\/acefootball.com\/da\/wp-json\/wp\/v2\/media\/255175"}],"wp:attachment":[{"href":"https:\/\/acefootball.com\/da\/wp-json\/wp\/v2\/media?parent=255537"}],"wp:term":[{"taxonomy":"category","embeddable":true,"href":"https:\/\/acefootball.com\/da\/wp-json\/wp\/v2\/categories?post=255537"},{"taxonomy":"post_tag","embeddable":true,"href":"https:\/\/acefootball.com\/da\/wp-json\/wp\/v2\/tags?post=255537"}],"curies":[{"name":"wp","href":"https:\/\/api.w.org\/{rel}","templated":true}]}}