{"id":255519,"date":"2021-03-23T21:17:03","date_gmt":"2021-03-23T20:17:03","guid":{"rendered":"https:\/\/acefootball.com\/da\/?p=255519"},"modified":"2021-03-23T21:17:03","modified_gmt":"2021-03-23T20:17:03","slug":"skraemmende-billeder-atletico-angriber-falder-om-til-traening","status":"publish","type":"post","link":"https:\/\/acefootball.com\/da\/fodboldnyheder\/skraemmende-billeder-atletico-angriber-falder-om-til-traening\/","title":{"rendered":"Skr\u00e6mmende billeder! &#8211; Atl\u00e9tico-angriber falder om til tr\u00e6ning"},"content":{"rendered":"\n<h2 id=\"h-atl-tico-madrid-angriberen-moussa-demb-l-dejsede-tirsdag-om-til-tr-ning-men-kom-kort-efter-p-benene-igen\">Atl\u00e9tico Madrid-angriberen Moussa Demb\u00e9l\u00e9 dejsede tirsdag om til tr\u00e6ning men kom kort efter p\u00e5 benene igen<\/h2>\n\n\n\n<p>Spillere og tr\u00e6nere i Atl\u00e9tico Madrid fik sig til tirsdagens tr\u00e6ning noget af et chok, da angriberen Moussa Demb\u00e9l\u00e9 pludseligt faldt om.<\/p>\n\n\n\n<p>Han og et par holdkammerater var i gang med str\u00e6k\u00f8velser, da franskmanden faldt bagover og blev liggende faretruende stille i gr\u00e6sset.<\/p>\n\n\n\n<p>Der kom dog hurtigt hj\u00e6lp til, og efter et minuts tid fik man igen Demb\u00e9l\u00e9 p\u00e5 benene. Han skulle dog trods omst\u00e6ndighederne have det godt men bliver fortsat holdt under observation,<\/p>\n\n\n\n<p>Du kan se den skr\u00e6mmende episode i videoen her:<\/p>\n\n\n\n<figure class=\"wp-block-embed is-type-rich is-provider-twitter wp-block-embed-twitter\"><div class=\"wp-block-embed__wrapper\">\n<blockquote class=\"twitter-tweet\" data-width=\"550\" data-dnt=\"true\"><p lang=\"es\" dir=\"ltr\">\ud83d\udea8 \u00daLTIMA HORA \ud83d\udea8<br><br>\ud83d\udca5 Susto en el entrenamiento del Atl\u00e9tico<br><br>\ud83e\udd15 Moussa Demb\u00e9l\u00e9 ha sufrido una bajada de tensi\u00f3n y se ha mareado<br><br>\ud83d\udc4d\ud83c\udffd El jugador se encuentra bien pendiente de evoluci\u00f3n<br><br>\u23f0 Todos los detalles a las 20h en <a href=\"https:\/\/twitter.com\/hashtag\/GolSports?src=hash&amp;ref_src=twsrc%5Etfw\">#GolSports<\/a> con <a href=\"https:\/\/twitter.com\/LeyreBf?ref_src=twsrc%5Etfw\">@LeyreBf<\/a> <a href=\"https:\/\/t.co\/mc49kBFJc4\">pic.twitter.com\/mc49kBFJc4<\/a><\/p>&mdash; DirectoGol (@DirectoGol) <a href=\"https:\/\/twitter.com\/DirectoGol\/status\/1374413826922188802?ref_src=twsrc%5Etfw\">March 23, 2021<\/a><\/blockquote><script async src=\"https:\/\/platform.twitter.com\/widgets.js\" charset=\"utf-8\"><\/script>\n<\/div><\/figure>\n","protected":false},"excerpt":{"rendered":"<p>Atl\u00e9tico Madrid-angriberen Moussa Demb\u00e9l\u00e9 dejsede tirsdag om til tr\u00e6ning men kom kort efter p\u00e5 benene igen<\/p>\n","protected":false},"author":705,"featured_media":255520,"comment_status":"open","ping_status":"closed","sticky":false,"template":"","format":"video","meta":{"om_disable_all_campaigns":false,"push_articles_ronaldo":{"active":false,"canonical":0,"publish":false},"force_updates":null},"categories":[8098],"tags":[75,303,1807,4315],"enet_tags":{"team":["9906","9748"],"league":["87"],"player":["509148"],"sport_events":[]},"yoast_head":"<!-- This site is optimized with the Yoast SEO plugin v18.3 - https:\/\/yoast.com\/wordpress\/plugins\/seo\/ -->\n<title>Skr\u00e6mmende billeder! - Atl\u00e9tico-angriber falder om til tr\u00e6ning<\/title>\n<meta name=\"description\" content=\"Atl\u00e9tico Madrid-angriberen Moussa Demb\u00e9l\u00e9 dejsede tirsdag om til tr\u00e6ning men kom kort efter p\u00e5 benene igen\" \/>\n<meta name=\"robots\" content=\"index, follow, max-snippet:-1, max-image-preview:large, max-video-preview:-1\" \/>\n<link rel=\"canonical\" href=\"https:\/\/acefootball.com\/da\/fodboldnyheder\/skraemmende-billeder-atletico-angriber-falder-om-til-traening\/\" \/>\n<meta property=\"og:locale\" content=\"en_US\" \/>\n<meta property=\"og:type\" content=\"article\" \/>\n<meta property=\"og:title\" content=\"Skr\u00e6mmende billeder! - Atl\u00e9tico-angriber falder om til tr\u00e6ning\" \/>\n<meta property=\"og:description\" content=\"Atl\u00e9tico Madrid-angriberen Moussa Demb\u00e9l\u00e9 dejsede tirsdag om til tr\u00e6ning men kom kort efter p\u00e5 benene igen\" \/>\n<meta property=\"og:url\" content=\"https:\/\/acefootball.com\/da\/fodboldnyheder\/skraemmende-billeder-atletico-angriber-falder-om-til-traening\/\" \/>\n<meta property=\"og:site_name\" content=\"Ace Football Danmark\" \/>\n<meta property=\"article:publisher\" content=\"https:\/\/www.facebook.com\/acefootballdk\" \/>\n<meta property=\"article:published_time\" content=\"2021-03-23T20:17:03+00:00\" \/>\n<meta property=\"og:image\" content=\"https:\/\/acefootball.com\/da\/wp-content\/uploads\/sites\/2\/2021\/03\/Video-generel-62-1.jpg\" \/>\n\t<meta property=\"og:image:width\" content=\"1920\" \/>\n\t<meta property=\"og:image:height\" content=\"1008\" \/>\n\t<meta property=\"og:image:type\" content=\"image\/jpeg\" \/>\n<meta name=\"twitter:card\" content=\"summary_large_image\" \/>\n<meta name=\"twitter:label1\" content=\"Written by\" \/>\n\t<meta name=\"twitter:data1\" content=\"Mads Dreyer\" \/>\n\t<meta name=\"twitter:label2\" content=\"Est. reading time\" \/>\n\t<meta name=\"twitter:data2\" content=\"1 minute\" \/>\n<script type=\"application\/ld+json\" class=\"yoast-schema-graph\">{\"@context\":\"https:\/\/schema.org\",\"@graph\":[{\"@type\":\"Organization\",\"@id\":\"https:\/\/acefootball.com\/da\/#organization\",\"name\":\"Ace Football\",\"url\":\"https:\/\/acefootball.com\/da\/\",\"sameAs\":[\"https:\/\/www.facebook.com\/acefootballdk\"],\"logo\":{\"@type\":\"ImageObject\",\"@id\":\"https:\/\/acefootball.com\/da\/#logo\",\"inLanguage\":\"en-US\",\"url\":\"https:\/\/acefootball.com\/da\/wp-content\/uploads\/sites\/2\/2020\/07\/Ace-Football-30-07-2020-2.png\",\"contentUrl\":\"https:\/\/acefootball.com\/da\/wp-content\/uploads\/sites\/2\/2020\/07\/Ace-Football-30-07-2020-2.png\",\"width\":1200,\"height\":600,\"caption\":\"Ace Football\"},\"image\":{\"@id\":\"https:\/\/acefootball.com\/da\/#logo\"}},{\"@type\":\"WebSite\",\"@id\":\"https:\/\/acefootball.com\/da\/#website\",\"url\":\"https:\/\/acefootball.com\/da\/\",\"name\":\"Ace Football Danmark\",\"description\":\"Nyheder, Spiltips &amp; Livescore\",\"publisher\":{\"@id\":\"https:\/\/acefootball.com\/da\/#organization\"},\"potentialAction\":[{\"@type\":\"SearchAction\",\"target\":{\"@type\":\"EntryPoint\",\"urlTemplate\":\"https:\/\/acefootball.com\/da\/?s={search_term_string}\"},\"query-input\":\"required name=search_term_string\"}],\"inLanguage\":\"en-US\"},{\"@type\":\"ImageObject\",\"@id\":\"https:\/\/acefootball.com\/da\/fodboldnyheder\/skraemmende-billeder-atletico-angriber-falder-om-til-traening\/#primaryimage\",\"inLanguage\":\"en-US\",\"url\":\"https:\/\/acefootball.com\/da\/wp-content\/uploads\/sites\/2\/2021\/03\/Video-generel-62-1.jpg\",\"contentUrl\":\"https:\/\/acefootball.com\/da\/wp-content\/uploads\/sites\/2\/2021\/03\/Video-generel-62-1.jpg\",\"width\":1920,\"height\":1008},{\"@type\":\"WebPage\",\"@id\":\"https:\/\/acefootball.com\/da\/fodboldnyheder\/skraemmende-billeder-atletico-angriber-falder-om-til-traening\/#webpage\",\"url\":\"https:\/\/acefootball.com\/da\/fodboldnyheder\/skraemmende-billeder-atletico-angriber-falder-om-til-traening\/\",\"name\":\"Skr\u00e6mmende billeder! - Atl\u00e9tico-angriber falder om til tr\u00e6ning\",\"isPartOf\":{\"@id\":\"https:\/\/acefootball.com\/da\/#website\"},\"primaryImageOfPage\":{\"@id\":\"https:\/\/acefootball.com\/da\/fodboldnyheder\/skraemmende-billeder-atletico-angriber-falder-om-til-traening\/#primaryimage\"},\"datePublished\":\"2021-03-23T20:17:03+00:00\",\"dateModified\":\"2021-03-23T20:17:03+00:00\",\"description\":\"Atl\u00e9tico Madrid-angriberen Moussa Demb\u00e9l\u00e9 dejsede tirsdag om til tr\u00e6ning men kom kort efter p\u00e5 benene igen\",\"breadcrumb\":{\"@id\":\"https:\/\/acefootball.com\/da\/fodboldnyheder\/skraemmende-billeder-atletico-angriber-falder-om-til-traening\/#breadcrumb\"},\"inLanguage\":\"en-US\",\"potentialAction\":[{\"@type\":\"ReadAction\",\"target\":[\"https:\/\/acefootball.com\/da\/fodboldnyheder\/skraemmende-billeder-atletico-angriber-falder-om-til-traening\/\"]}]},{\"@type\":\"BreadcrumbList\",\"@id\":\"https:\/\/acefootball.com\/da\/fodboldnyheder\/skraemmende-billeder-atletico-angriber-falder-om-til-traening\/#breadcrumb\",\"itemListElement\":[{\"@type\":\"ListItem\",\"position\":1,\"name\":\"Home\",\"item\":\"https:\/\/acefootball.com\/da\/\"},{\"@type\":\"ListItem\",\"position\":2,\"name\":\"Skr\u00e6mmende billeder! &#8211; Atl\u00e9tico-angriber falder om til tr\u00e6ning\"}]},{\"@type\":\"Article\",\"@id\":\"https:\/\/acefootball.com\/da\/fodboldnyheder\/skraemmende-billeder-atletico-angriber-falder-om-til-traening\/#article\",\"isPartOf\":{\"@id\":\"https:\/\/acefootball.com\/da\/fodboldnyheder\/skraemmende-billeder-atletico-angriber-falder-om-til-traening\/#webpage\"},\"author\":{\"@id\":\"https:\/\/acefootball.com\/da\/#\/schema\/person\/ee67e9cf04a276f144100ffa722f10cd\"},\"headline\":\"Skr\u00e6mmende billeder! &#8211; Atl\u00e9tico-angriber falder om til tr\u00e6ning\",\"datePublished\":\"2021-03-23T20:17:03+00:00\",\"dateModified\":\"2021-03-23T20:17:03+00:00\",\"mainEntityOfPage\":{\"@id\":\"https:\/\/acefootball.com\/da\/fodboldnyheder\/skraemmende-billeder-atletico-angriber-falder-om-til-traening\/#webpage\"},\"wordCount\":129,\"commentCount\":0,\"publisher\":{\"@id\":\"https:\/\/acefootball.com\/da\/#organization\"},\"image\":{\"@id\":\"https:\/\/acefootball.com\/da\/fodboldnyheder\/skraemmende-billeder-atletico-angriber-falder-om-til-traening\/#primaryimage\"},\"thumbnailUrl\":\"https:\/\/acefootball.com\/da\/wp-content\/uploads\/sites\/2\/2021\/03\/Untitled-design-62.jpg\",\"keywords\":[\"Atletico Madrid\",\"La Liga\",\"Moussa Demb\u00e9l\u00e9\",\"Olympique Lyon\"],\"articleSection\":[\"Video\"],\"inLanguage\":\"en-US\",\"potentialAction\":[{\"@type\":\"CommentAction\",\"name\":\"Comment\",\"target\":[\"https:\/\/acefootball.com\/da\/fodboldnyheder\/skraemmende-billeder-atletico-angriber-falder-om-til-traening\/#respond\"]}]},{\"@type\":\"Person\",\"@id\":\"https:\/\/acefootball.com\/da\/#\/schema\/person\/ee67e9cf04a276f144100ffa722f10cd\",\"name\":\"Mads Dreyer\",\"image\":{\"@type\":\"ImageObject\",\"@id\":\"https:\/\/acefootball.com\/da\/#personlogo\",\"inLanguage\":\"en-US\",\"url\":\"https:\/\/secure.gravatar.com\/avatar\/7c7abf72cfde9902b6a60efe60c88d4c?s=96&d=mm&r=g\",\"contentUrl\":\"https:\/\/secure.gravatar.com\/avatar\/7c7abf72cfde9902b6a60efe60c88d4c?s=96&d=mm&r=g\",\"caption\":\"Mads Dreyer\"},\"description\":\"Skribent og fodboldn\u00f8rd, der lige nu fort\u00e6ller om alt og intet i fodboldverdenen p\u00e5 acefootball.com. Uddannet i kommunikation fra Aalborg Universitet.\",\"sameAs\":[\"https:\/\/www.linkedin.com\/in\/mads-dreyer-b9b08266\/\"],\"url\":\"https:\/\/acefootball.com\/da\/fodboldnyheder\/author\/mdnronaldo\/\"}]}<\/script>\n<!-- \/ Yoast SEO plugin. -->","yoast_head_json":{"title":"Skr\u00e6mmende billeder! - Atl\u00e9tico-angriber falder om til tr\u00e6ning","description":"Atl\u00e9tico Madrid-angriberen Moussa Demb\u00e9l\u00e9 dejsede tirsdag om til tr\u00e6ning men kom kort efter p\u00e5 benene igen","robots":{"index":"index","follow":"follow","max-snippet":"max-snippet:-1","max-image-preview":"max-image-preview:large","max-video-preview":"max-video-preview:-1"},"canonical":"https:\/\/acefootball.com\/da\/fodboldnyheder\/skraemmende-billeder-atletico-angriber-falder-om-til-traening\/","og_locale":"en_US","og_type":"article","og_title":"Skr\u00e6mmende billeder! - Atl\u00e9tico-angriber falder om til tr\u00e6ning","og_description":"Atl\u00e9tico Madrid-angriberen Moussa Demb\u00e9l\u00e9 dejsede tirsdag om til tr\u00e6ning men kom kort efter p\u00e5 benene igen","og_url":"https:\/\/acefootball.com\/da\/fodboldnyheder\/skraemmende-billeder-atletico-angriber-falder-om-til-traening\/","og_site_name":"Ace Football Danmark","article_publisher":"https:\/\/www.facebook.com\/acefootballdk","article_published_time":"2021-03-23T20:17:03+00:00","og_image":[{"width":1920,"height":1008,"url":"https:\/\/acefootball.com\/da\/wp-content\/uploads\/sites\/2\/2021\/03\/Video-generel-62-1.jpg","type":"image\/jpeg"}],"twitter_card":"summary_large_image","twitter_misc":{"Written by":"Mads Dreyer","Est. reading time":"1 minute"},"schema":{"@context":"https:\/\/schema.org","@graph":[{"@type":"Organization","@id":"https:\/\/acefootball.com\/da\/#organization","name":"Ace Football","url":"https:\/\/acefootball.com\/da\/","sameAs":["https:\/\/www.facebook.com\/acefootballdk"],"logo":{"@type":"ImageObject","@id":"https:\/\/acefootball.com\/da\/#logo","inLanguage":"en-US","url":"https:\/\/acefootball.com\/da\/wp-content\/uploads\/sites\/2\/2020\/07\/Ace-Football-30-07-2020-2.png","contentUrl":"https:\/\/acefootball.com\/da\/wp-content\/uploads\/sites\/2\/2020\/07\/Ace-Football-30-07-2020-2.png","width":1200,"height":600,"caption":"Ace Football"},"image":{"@id":"https:\/\/acefootball.com\/da\/#logo"}},{"@type":"WebSite","@id":"https:\/\/acefootball.com\/da\/#website","url":"https:\/\/acefootball.com\/da\/","name":"Ace Football Danmark","description":"Nyheder, Spiltips &amp; Livescore","publisher":{"@id":"https:\/\/acefootball.com\/da\/#organization"},"potentialAction":[{"@type":"SearchAction","target":{"@type":"EntryPoint","urlTemplate":"https:\/\/acefootball.com\/da\/?s={search_term_string}"},"query-input":"required name=search_term_string"}],"inLanguage":"en-US"},{"@type":"ImageObject","@id":"https:\/\/acefootball.com\/da\/fodboldnyheder\/skraemmende-billeder-atletico-angriber-falder-om-til-traening\/#primaryimage","inLanguage":"en-US","url":"https:\/\/acefootball.com\/da\/wp-content\/uploads\/sites\/2\/2021\/03\/Video-generel-62-1.jpg","contentUrl":"https:\/\/acefootball.com\/da\/wp-content\/uploads\/sites\/2\/2021\/03\/Video-generel-62-1.jpg","width":1920,"height":1008},{"@type":"WebPage","@id":"https:\/\/acefootball.com\/da\/fodboldnyheder\/skraemmende-billeder-atletico-angriber-falder-om-til-traening\/#webpage","url":"https:\/\/acefootball.com\/da\/fodboldnyheder\/skraemmende-billeder-atletico-angriber-falder-om-til-traening\/","name":"Skr\u00e6mmende billeder! - Atl\u00e9tico-angriber falder om til tr\u00e6ning","isPartOf":{"@id":"https:\/\/acefootball.com\/da\/#website"},"primaryImageOfPage":{"@id":"https:\/\/acefootball.com\/da\/fodboldnyheder\/skraemmende-billeder-atletico-angriber-falder-om-til-traening\/#primaryimage"},"datePublished":"2021-03-23T20:17:03+00:00","dateModified":"2021-03-23T20:17:03+00:00","description":"Atl\u00e9tico Madrid-angriberen Moussa Demb\u00e9l\u00e9 dejsede tirsdag om til tr\u00e6ning men kom kort efter p\u00e5 benene igen","breadcrumb":{"@id":"https:\/\/acefootball.com\/da\/fodboldnyheder\/skraemmende-billeder-atletico-angriber-falder-om-til-traening\/#breadcrumb"},"inLanguage":"en-US","potentialAction":[{"@type":"ReadAction","target":["https:\/\/acefootball.com\/da\/fodboldnyheder\/skraemmende-billeder-atletico-angriber-falder-om-til-traening\/"]}]},{"@type":"BreadcrumbList","@id":"https:\/\/acefootball.com\/da\/fodboldnyheder\/skraemmende-billeder-atletico-angriber-falder-om-til-traening\/#breadcrumb","itemListElement":[{"@type":"ListItem","position":1,"name":"Home","item":"https:\/\/acefootball.com\/da\/"},{"@type":"ListItem","position":2,"name":"Skr\u00e6mmende billeder! &#8211; Atl\u00e9tico-angriber falder om til tr\u00e6ning"}]},{"@type":"Article","@id":"https:\/\/acefootball.com\/da\/fodboldnyheder\/skraemmende-billeder-atletico-angriber-falder-om-til-traening\/#article","isPartOf":{"@id":"https:\/\/acefootball.com\/da\/fodboldnyheder\/skraemmende-billeder-atletico-angriber-falder-om-til-traening\/#webpage"},"author":{"@id":"https:\/\/acefootball.com\/da\/#\/schema\/person\/ee67e9cf04a276f144100ffa722f10cd"},"headline":"Skr\u00e6mmende billeder! &#8211; Atl\u00e9tico-angriber falder om til tr\u00e6ning","datePublished":"2021-03-23T20:17:03+00:00","dateModified":"2021-03-23T20:17:03+00:00","mainEntityOfPage":{"@id":"https:\/\/acefootball.com\/da\/fodboldnyheder\/skraemmende-billeder-atletico-angriber-falder-om-til-traening\/#webpage"},"wordCount":129,"commentCount":0,"publisher":{"@id":"https:\/\/acefootball.com\/da\/#organization"},"image":{"@id":"https:\/\/acefootball.com\/da\/fodboldnyheder\/skraemmende-billeder-atletico-angriber-falder-om-til-traening\/#primaryimage"},"thumbnailUrl":"https:\/\/acefootball.com\/da\/wp-content\/uploads\/sites\/2\/2021\/03\/Untitled-design-62.jpg","keywords":["Atletico Madrid","La Liga","Moussa Demb\u00e9l\u00e9","Olympique Lyon"],"articleSection":["Video"],"inLanguage":"en-US","potentialAction":[{"@type":"CommentAction","name":"Comment","target":["https:\/\/acefootball.com\/da\/fodboldnyheder\/skraemmende-billeder-atletico-angriber-falder-om-til-traening\/#respond"]}]},{"@type":"Person","@id":"https:\/\/acefootball.com\/da\/#\/schema\/person\/ee67e9cf04a276f144100ffa722f10cd","name":"Mads Dreyer","image":{"@type":"ImageObject","@id":"https:\/\/acefootball.com\/da\/#personlogo","inLanguage":"en-US","url":"https:\/\/secure.gravatar.com\/avatar\/7c7abf72cfde9902b6a60efe60c88d4c?s=96&d=mm&r=g","contentUrl":"https:\/\/secure.gravatar.com\/avatar\/7c7abf72cfde9902b6a60efe60c88d4c?s=96&d=mm&r=g","caption":"Mads Dreyer"},"description":"Skribent og fodboldn\u00f8rd, der lige nu fort\u00e6ller om alt og intet i fodboldverdenen p\u00e5 acefootball.com. Uddannet i kommunikation fra Aalborg Universitet.","sameAs":["https:\/\/www.linkedin.com\/in\/mads-dreyer-b9b08266\/"],"url":"https:\/\/acefootball.com\/da\/fodboldnyheder\/author\/mdnronaldo\/"}]}},"fimg_url":"https:\/\/acefootball.com\/da\/wp-content\/uploads\/sites\/2\/2021\/03\/Untitled-design-62.jpg","_links":{"self":[{"href":"https:\/\/acefootball.com\/da\/wp-json\/wp\/v2\/posts\/255519"}],"collection":[{"href":"https:\/\/acefootball.com\/da\/wp-json\/wp\/v2\/posts"}],"about":[{"href":"https:\/\/acefootball.com\/da\/wp-json\/wp\/v2\/types\/post"}],"author":[{"embeddable":true,"href":"https:\/\/acefootball.com\/da\/wp-json\/wp\/v2\/users\/705"}],"replies":[{"embeddable":true,"href":"https:\/\/acefootball.com\/da\/wp-json\/wp\/v2\/comments?post=255519"}],"version-history":[{"count":0,"href":"https:\/\/acefootball.com\/da\/wp-json\/wp\/v2\/posts\/255519\/revisions"}],"wp:featuredmedia":[{"embeddable":true,"href":"https:\/\/acefootball.com\/da\/wp-json\/wp\/v2\/media\/255520"}],"wp:attachment":[{"href":"https:\/\/acefootball.com\/da\/wp-json\/wp\/v2\/media?parent=255519"}],"wp:term":[{"taxonomy":"category","embeddable":true,"href":"https:\/\/acefootball.com\/da\/wp-json\/wp\/v2\/categories?post=255519"},{"taxonomy":"post_tag","embeddable":true,"href":"https:\/\/acefootball.com\/da\/wp-json\/wp\/v2\/tags?post=255519"}],"curies":[{"name":"wp","href":"https:\/\/api.w.org\/{rel}","templated":true}]}}