{"id":255516,"date":"2021-03-23T20:47:03","date_gmt":"2021-03-23T19:47:03","guid":{"rendered":"https:\/\/acefootball.com\/da\/?p=255516"},"modified":"2021-03-23T20:47:04","modified_gmt":"2021-03-23T19:47:04","slug":"rygte-arsenal-interesseret-i-barcelonas-delespiller","status":"publish","type":"post","link":"https:\/\/acefootball.com\/da\/fodboldnyheder\/rygte-arsenal-interesseret-i-barcelonas-delespiller\/","title":{"rendered":"Rygte: Arsenal interesseret i Barcelonas delespiller"},"content":{"rendered":"\n<h2 id=\"h-if-lge-mundo-deportivo-er-arsenal-interesseret-i-emerson-royal-som-barcelona-ejer-sammen-med-real-betis\">If\u00f8lge Mundo Deportivo er Arsenal interesseret i Emerson Royal, som Barcelona ejer sammen med Real Betis<\/h2>\n\n\n\n<p>Arsenaler i \u00f8jeblikket i gang med at kigge p\u00e5 mulige transferemner til sommervinduet, og her skulle man have kig p\u00e5 at forst\u00e6rke h\u00f8jreback-positionen.<\/p>\n\n\n\n<p>Her skulle \u00f8jnene, if\u00f8lge <a href=\"https:\/\/www.mundodeportivo.com\/futbol\/betis\/20210323\/492878790748\/el-arsenal-tambien-pone-el-ojo-sobre-emerson.html\" target=\"_blank\" rel=\"noreferrer noopener\">Mundo Deportivo<\/a>, v\u00e6re rettet mod La Liga og brasilianeren Emerson Royal, der siden 2019 har t\u00f8rnet ud for Real Betis.<\/p>\n\n\n\n<p>Sevilla-klubben er dog ikke ene om at eje Emerson, da man for to \u00e5r siden gik sammen med Barcelona om at k\u00f8be ham fri hos Atletico Mineiro.<\/p>\n\n\n\n<figure class=\"wp-block-embed is-type-wp-embed is-provider-ace-football-danmark wp-block-embed-ace-football-danmark\"><div class=\"wp-block-embed__wrapper\">\n<blockquote class=\"wp-embedded-content\" data-secret=\"oKKQc3oy61\"><a href=\"https:\/\/acefootball.com\/da\/fodboldnyheder\/nxgn-2021-barcelona-faenomen-topper-liste-over-verdens-stoerste-talenter\/\">NXGN 2021: Barcelona-f\u00e6nomen topper liste over verdens st\u00f8rste talenter<\/a><\/blockquote><iframe class=\"wp-embedded-content\" sandbox=\"allow-scripts\" security=\"restricted\" style=\"position: absolute; clip: rect(1px, 1px, 1px, 1px);\" title=\"&#8220;NXGN 2021: Barcelona-f\u00e6nomen topper liste over verdens st\u00f8rste talenter&#8221; &#8212; Ace Football Danmark\" src=\"https:\/\/acefootball.com\/da\/fodboldnyheder\/nxgn-2021-barcelona-faenomen-topper-liste-over-verdens-stoerste-talenter\/embed\/#?secret=oKKQc3oy61\" data-secret=\"oKKQc3oy61\" width=\"600\" height=\"338\" frameborder=\"0\" marginwidth=\"0\" marginheight=\"0\" scrolling=\"no\"><\/iframe>\n<\/div><\/figure>\n\n\n\n<p>Begge klubber betalte 45 millioner kroner, og aftalen l\u00f8d, at h\u00f8jrebacken skulle spille de f\u00f8rste to s\u00e6soner i Real Betis, hvorefter Barcelona kan k\u00f8be ham fri for 45 millioner kroner plus 22 millioner for de to \u00e5rs v\u00e6rdistigning.<\/p>\n\n\n\n<p>Lejeaftalen udl\u00f8ber dermed efter denne s\u00e6son, og der er fortsat tvivl om, hvad der skal ske med Emerson.<\/p>\n","protected":false},"excerpt":{"rendered":"<p>If\u00f8lge Mundo Deportivo er Arsenal interesseret i Emerson Royal, som Barcelona ejer sammen med Real Betis<\/p>\n","protected":false},"author":705,"featured_media":255517,"comment_status":"open","ping_status":"closed","sticky":false,"template":"","format":"standard","meta":{"om_disable_all_campaigns":false,"push_articles_ronaldo":{"active":false,"canonical":0,"publish":false},"force_updates":null},"categories":[7],"tags":[227,2085,41,303,134,258],"enet_tags":{"team":["9825","8634","8603"],"player":["267371"],"league":["87","47"],"sport_events":[]},"yoast_head":"<!-- This site is optimized with the Yoast SEO plugin v18.3 - https:\/\/yoast.com\/wordpress\/plugins\/seo\/ -->\n<title>Rygte: Arsenal interesseret i Barcelonas delespiller<\/title>\n<meta name=\"description\" content=\"If\u00f8lge Mundo Deportivo er Arsenal interesseret i Emerson Royal, som Barcelona ejer sammen med Real Betis\" \/>\n<meta name=\"robots\" content=\"index, follow, max-snippet:-1, max-image-preview:large, max-video-preview:-1\" \/>\n<link rel=\"canonical\" href=\"https:\/\/acefootball.com\/da\/fodboldnyheder\/rygte-arsenal-interesseret-i-barcelonas-delespiller\/\" \/>\n<meta property=\"og:locale\" content=\"en_US\" \/>\n<meta property=\"og:type\" content=\"article\" \/>\n<meta property=\"og:title\" content=\"Rygte: Arsenal interesseret i Barcelonas delespiller\" \/>\n<meta property=\"og:description\" content=\"If\u00f8lge Mundo Deportivo er Arsenal interesseret i Emerson Royal, som Barcelona ejer sammen med Real Betis\" \/>\n<meta property=\"og:url\" content=\"https:\/\/acefootball.com\/da\/fodboldnyheder\/rygte-arsenal-interesseret-i-barcelonas-delespiller\/\" \/>\n<meta property=\"og:site_name\" content=\"Ace Football Danmark\" \/>\n<meta property=\"article:publisher\" content=\"https:\/\/www.facebook.com\/acefootballdk\" \/>\n<meta property=\"article:published_time\" content=\"2021-03-23T19:47:03+00:00\" \/>\n<meta property=\"article:modified_time\" content=\"2021-03-23T19:47:04+00:00\" \/>\n<meta property=\"og:image\" content=\"https:\/\/acefootball.com\/da\/wp-content\/uploads\/sites\/2\/2021\/03\/Laes-mere-generel-92-1.jpg\" \/>\n\t<meta property=\"og:image:width\" content=\"1920\" \/>\n\t<meta property=\"og:image:height\" content=\"1008\" \/>\n\t<meta property=\"og:image:type\" content=\"image\/jpeg\" \/>\n<meta name=\"twitter:card\" content=\"summary_large_image\" \/>\n<meta name=\"twitter:label1\" content=\"Written by\" \/>\n\t<meta name=\"twitter:data1\" content=\"Mads Dreyer\" \/>\n\t<meta name=\"twitter:label2\" content=\"Est. reading time\" \/>\n\t<meta name=\"twitter:data2\" content=\"1 minute\" \/>\n<script type=\"application\/ld+json\" class=\"yoast-schema-graph\">{\"@context\":\"https:\/\/schema.org\",\"@graph\":[{\"@type\":\"Organization\",\"@id\":\"https:\/\/acefootball.com\/da\/#organization\",\"name\":\"Ace Football\",\"url\":\"https:\/\/acefootball.com\/da\/\",\"sameAs\":[\"https:\/\/www.facebook.com\/acefootballdk\"],\"logo\":{\"@type\":\"ImageObject\",\"@id\":\"https:\/\/acefootball.com\/da\/#logo\",\"inLanguage\":\"en-US\",\"url\":\"https:\/\/acefootball.com\/da\/wp-content\/uploads\/sites\/2\/2020\/07\/Ace-Football-30-07-2020-2.png\",\"contentUrl\":\"https:\/\/acefootball.com\/da\/wp-content\/uploads\/sites\/2\/2020\/07\/Ace-Football-30-07-2020-2.png\",\"width\":1200,\"height\":600,\"caption\":\"Ace Football\"},\"image\":{\"@id\":\"https:\/\/acefootball.com\/da\/#logo\"}},{\"@type\":\"WebSite\",\"@id\":\"https:\/\/acefootball.com\/da\/#website\",\"url\":\"https:\/\/acefootball.com\/da\/\",\"name\":\"Ace Football Danmark\",\"description\":\"Nyheder, Spiltips &amp; Livescore\",\"publisher\":{\"@id\":\"https:\/\/acefootball.com\/da\/#organization\"},\"potentialAction\":[{\"@type\":\"SearchAction\",\"target\":{\"@type\":\"EntryPoint\",\"urlTemplate\":\"https:\/\/acefootball.com\/da\/?s={search_term_string}\"},\"query-input\":\"required name=search_term_string\"}],\"inLanguage\":\"en-US\"},{\"@type\":\"ImageObject\",\"@id\":\"https:\/\/acefootball.com\/da\/fodboldnyheder\/rygte-arsenal-interesseret-i-barcelonas-delespiller\/#primaryimage\",\"inLanguage\":\"en-US\",\"url\":\"https:\/\/acefootball.com\/da\/wp-content\/uploads\/sites\/2\/2021\/03\/Laes-mere-generel-92-1.jpg\",\"contentUrl\":\"https:\/\/acefootball.com\/da\/wp-content\/uploads\/sites\/2\/2021\/03\/Laes-mere-generel-92-1.jpg\",\"width\":1920,\"height\":1008,\"caption\":\"emerson\"},{\"@type\":\"WebPage\",\"@id\":\"https:\/\/acefootball.com\/da\/fodboldnyheder\/rygte-arsenal-interesseret-i-barcelonas-delespiller\/#webpage\",\"url\":\"https:\/\/acefootball.com\/da\/fodboldnyheder\/rygte-arsenal-interesseret-i-barcelonas-delespiller\/\",\"name\":\"Rygte: Arsenal interesseret i Barcelonas delespiller\",\"isPartOf\":{\"@id\":\"https:\/\/acefootball.com\/da\/#website\"},\"primaryImageOfPage\":{\"@id\":\"https:\/\/acefootball.com\/da\/fodboldnyheder\/rygte-arsenal-interesseret-i-barcelonas-delespiller\/#primaryimage\"},\"datePublished\":\"2021-03-23T19:47:03+00:00\",\"dateModified\":\"2021-03-23T19:47:04+00:00\",\"description\":\"If\u00f8lge Mundo Deportivo er Arsenal interesseret i Emerson Royal, som Barcelona ejer sammen med Real Betis\",\"breadcrumb\":{\"@id\":\"https:\/\/acefootball.com\/da\/fodboldnyheder\/rygte-arsenal-interesseret-i-barcelonas-delespiller\/#breadcrumb\"},\"inLanguage\":\"en-US\",\"potentialAction\":[{\"@type\":\"ReadAction\",\"target\":[\"https:\/\/acefootball.com\/da\/fodboldnyheder\/rygte-arsenal-interesseret-i-barcelonas-delespiller\/\"]}]},{\"@type\":\"BreadcrumbList\",\"@id\":\"https:\/\/acefootball.com\/da\/fodboldnyheder\/rygte-arsenal-interesseret-i-barcelonas-delespiller\/#breadcrumb\",\"itemListElement\":[{\"@type\":\"ListItem\",\"position\":1,\"name\":\"Home\",\"item\":\"https:\/\/acefootball.com\/da\/\"},{\"@type\":\"ListItem\",\"position\":2,\"name\":\"Rygte: Arsenal interesseret i Barcelonas delespiller\"}]},{\"@type\":\"Article\",\"@id\":\"https:\/\/acefootball.com\/da\/fodboldnyheder\/rygte-arsenal-interesseret-i-barcelonas-delespiller\/#article\",\"isPartOf\":{\"@id\":\"https:\/\/acefootball.com\/da\/fodboldnyheder\/rygte-arsenal-interesseret-i-barcelonas-delespiller\/#webpage\"},\"author\":{\"@id\":\"https:\/\/acefootball.com\/da\/#\/schema\/person\/ee67e9cf04a276f144100ffa722f10cd\"},\"headline\":\"Rygte: Arsenal interesseret i Barcelonas delespiller\",\"datePublished\":\"2021-03-23T19:47:03+00:00\",\"dateModified\":\"2021-03-23T19:47:04+00:00\",\"mainEntityOfPage\":{\"@id\":\"https:\/\/acefootball.com\/da\/fodboldnyheder\/rygte-arsenal-interesseret-i-barcelonas-delespiller\/#webpage\"},\"wordCount\":170,\"commentCount\":0,\"publisher\":{\"@id\":\"https:\/\/acefootball.com\/da\/#organization\"},\"image\":{\"@id\":\"https:\/\/acefootball.com\/da\/fodboldnyheder\/rygte-arsenal-interesseret-i-barcelonas-delespiller\/#primaryimage\"},\"thumbnailUrl\":\"https:\/\/acefootball.com\/da\/wp-content\/uploads\/sites\/2\/2021\/03\/GettyImages-1273719381.jpg\",\"keywords\":[\"Arsenal\",\"Emerson\",\"FC Barcelona\",\"La Liga\",\"Premier League\",\"Real Betis\"],\"articleSection\":[\"Transfer\"],\"inLanguage\":\"en-US\",\"potentialAction\":[{\"@type\":\"CommentAction\",\"name\":\"Comment\",\"target\":[\"https:\/\/acefootball.com\/da\/fodboldnyheder\/rygte-arsenal-interesseret-i-barcelonas-delespiller\/#respond\"]}]},{\"@type\":\"Person\",\"@id\":\"https:\/\/acefootball.com\/da\/#\/schema\/person\/ee67e9cf04a276f144100ffa722f10cd\",\"name\":\"Mads Dreyer\",\"image\":{\"@type\":\"ImageObject\",\"@id\":\"https:\/\/acefootball.com\/da\/#personlogo\",\"inLanguage\":\"en-US\",\"url\":\"https:\/\/secure.gravatar.com\/avatar\/7c7abf72cfde9902b6a60efe60c88d4c?s=96&d=mm&r=g\",\"contentUrl\":\"https:\/\/secure.gravatar.com\/avatar\/7c7abf72cfde9902b6a60efe60c88d4c?s=96&d=mm&r=g\",\"caption\":\"Mads Dreyer\"},\"description\":\"Skribent og fodboldn\u00f8rd, der lige nu fort\u00e6ller om alt og intet i fodboldverdenen p\u00e5 acefootball.com. Uddannet i kommunikation fra Aalborg Universitet.\",\"sameAs\":[\"https:\/\/www.linkedin.com\/in\/mads-dreyer-b9b08266\/\"],\"url\":\"https:\/\/acefootball.com\/da\/fodboldnyheder\/author\/mdnronaldo\/\"}]}<\/script>\n<!-- \/ Yoast SEO plugin. -->","yoast_head_json":{"title":"Rygte: Arsenal interesseret i Barcelonas delespiller","description":"If\u00f8lge Mundo Deportivo er Arsenal interesseret i Emerson Royal, som Barcelona ejer sammen med Real Betis","robots":{"index":"index","follow":"follow","max-snippet":"max-snippet:-1","max-image-preview":"max-image-preview:large","max-video-preview":"max-video-preview:-1"},"canonical":"https:\/\/acefootball.com\/da\/fodboldnyheder\/rygte-arsenal-interesseret-i-barcelonas-delespiller\/","og_locale":"en_US","og_type":"article","og_title":"Rygte: Arsenal interesseret i Barcelonas delespiller","og_description":"If\u00f8lge Mundo Deportivo er Arsenal interesseret i Emerson Royal, som Barcelona ejer sammen med Real Betis","og_url":"https:\/\/acefootball.com\/da\/fodboldnyheder\/rygte-arsenal-interesseret-i-barcelonas-delespiller\/","og_site_name":"Ace Football Danmark","article_publisher":"https:\/\/www.facebook.com\/acefootballdk","article_published_time":"2021-03-23T19:47:03+00:00","article_modified_time":"2021-03-23T19:47:04+00:00","og_image":[{"width":1920,"height":1008,"url":"https:\/\/acefootball.com\/da\/wp-content\/uploads\/sites\/2\/2021\/03\/Laes-mere-generel-92-1.jpg","type":"image\/jpeg"}],"twitter_card":"summary_large_image","twitter_misc":{"Written by":"Mads Dreyer","Est. reading time":"1 minute"},"schema":{"@context":"https:\/\/schema.org","@graph":[{"@type":"Organization","@id":"https:\/\/acefootball.com\/da\/#organization","name":"Ace Football","url":"https:\/\/acefootball.com\/da\/","sameAs":["https:\/\/www.facebook.com\/acefootballdk"],"logo":{"@type":"ImageObject","@id":"https:\/\/acefootball.com\/da\/#logo","inLanguage":"en-US","url":"https:\/\/acefootball.com\/da\/wp-content\/uploads\/sites\/2\/2020\/07\/Ace-Football-30-07-2020-2.png","contentUrl":"https:\/\/acefootball.com\/da\/wp-content\/uploads\/sites\/2\/2020\/07\/Ace-Football-30-07-2020-2.png","width":1200,"height":600,"caption":"Ace Football"},"image":{"@id":"https:\/\/acefootball.com\/da\/#logo"}},{"@type":"WebSite","@id":"https:\/\/acefootball.com\/da\/#website","url":"https:\/\/acefootball.com\/da\/","name":"Ace Football Danmark","description":"Nyheder, Spiltips &amp; Livescore","publisher":{"@id":"https:\/\/acefootball.com\/da\/#organization"},"potentialAction":[{"@type":"SearchAction","target":{"@type":"EntryPoint","urlTemplate":"https:\/\/acefootball.com\/da\/?s={search_term_string}"},"query-input":"required name=search_term_string"}],"inLanguage":"en-US"},{"@type":"ImageObject","@id":"https:\/\/acefootball.com\/da\/fodboldnyheder\/rygte-arsenal-interesseret-i-barcelonas-delespiller\/#primaryimage","inLanguage":"en-US","url":"https:\/\/acefootball.com\/da\/wp-content\/uploads\/sites\/2\/2021\/03\/Laes-mere-generel-92-1.jpg","contentUrl":"https:\/\/acefootball.com\/da\/wp-content\/uploads\/sites\/2\/2021\/03\/Laes-mere-generel-92-1.jpg","width":1920,"height":1008,"caption":"emerson"},{"@type":"WebPage","@id":"https:\/\/acefootball.com\/da\/fodboldnyheder\/rygte-arsenal-interesseret-i-barcelonas-delespiller\/#webpage","url":"https:\/\/acefootball.com\/da\/fodboldnyheder\/rygte-arsenal-interesseret-i-barcelonas-delespiller\/","name":"Rygte: Arsenal interesseret i Barcelonas delespiller","isPartOf":{"@id":"https:\/\/acefootball.com\/da\/#website"},"primaryImageOfPage":{"@id":"https:\/\/acefootball.com\/da\/fodboldnyheder\/rygte-arsenal-interesseret-i-barcelonas-delespiller\/#primaryimage"},"datePublished":"2021-03-23T19:47:03+00:00","dateModified":"2021-03-23T19:47:04+00:00","description":"If\u00f8lge Mundo Deportivo er Arsenal interesseret i Emerson Royal, som Barcelona ejer sammen med Real Betis","breadcrumb":{"@id":"https:\/\/acefootball.com\/da\/fodboldnyheder\/rygte-arsenal-interesseret-i-barcelonas-delespiller\/#breadcrumb"},"inLanguage":"en-US","potentialAction":[{"@type":"ReadAction","target":["https:\/\/acefootball.com\/da\/fodboldnyheder\/rygte-arsenal-interesseret-i-barcelonas-delespiller\/"]}]},{"@type":"BreadcrumbList","@id":"https:\/\/acefootball.com\/da\/fodboldnyheder\/rygte-arsenal-interesseret-i-barcelonas-delespiller\/#breadcrumb","itemListElement":[{"@type":"ListItem","position":1,"name":"Home","item":"https:\/\/acefootball.com\/da\/"},{"@type":"ListItem","position":2,"name":"Rygte: Arsenal interesseret i Barcelonas delespiller"}]},{"@type":"Article","@id":"https:\/\/acefootball.com\/da\/fodboldnyheder\/rygte-arsenal-interesseret-i-barcelonas-delespiller\/#article","isPartOf":{"@id":"https:\/\/acefootball.com\/da\/fodboldnyheder\/rygte-arsenal-interesseret-i-barcelonas-delespiller\/#webpage"},"author":{"@id":"https:\/\/acefootball.com\/da\/#\/schema\/person\/ee67e9cf04a276f144100ffa722f10cd"},"headline":"Rygte: Arsenal interesseret i Barcelonas delespiller","datePublished":"2021-03-23T19:47:03+00:00","dateModified":"2021-03-23T19:47:04+00:00","mainEntityOfPage":{"@id":"https:\/\/acefootball.com\/da\/fodboldnyheder\/rygte-arsenal-interesseret-i-barcelonas-delespiller\/#webpage"},"wordCount":170,"commentCount":0,"publisher":{"@id":"https:\/\/acefootball.com\/da\/#organization"},"image":{"@id":"https:\/\/acefootball.com\/da\/fodboldnyheder\/rygte-arsenal-interesseret-i-barcelonas-delespiller\/#primaryimage"},"thumbnailUrl":"https:\/\/acefootball.com\/da\/wp-content\/uploads\/sites\/2\/2021\/03\/GettyImages-1273719381.jpg","keywords":["Arsenal","Emerson","FC Barcelona","La Liga","Premier League","Real Betis"],"articleSection":["Transfer"],"inLanguage":"en-US","potentialAction":[{"@type":"CommentAction","name":"Comment","target":["https:\/\/acefootball.com\/da\/fodboldnyheder\/rygte-arsenal-interesseret-i-barcelonas-delespiller\/#respond"]}]},{"@type":"Person","@id":"https:\/\/acefootball.com\/da\/#\/schema\/person\/ee67e9cf04a276f144100ffa722f10cd","name":"Mads Dreyer","image":{"@type":"ImageObject","@id":"https:\/\/acefootball.com\/da\/#personlogo","inLanguage":"en-US","url":"https:\/\/secure.gravatar.com\/avatar\/7c7abf72cfde9902b6a60efe60c88d4c?s=96&d=mm&r=g","contentUrl":"https:\/\/secure.gravatar.com\/avatar\/7c7abf72cfde9902b6a60efe60c88d4c?s=96&d=mm&r=g","caption":"Mads Dreyer"},"description":"Skribent og fodboldn\u00f8rd, der lige nu fort\u00e6ller om alt og intet i fodboldverdenen p\u00e5 acefootball.com. Uddannet i kommunikation fra Aalborg Universitet.","sameAs":["https:\/\/www.linkedin.com\/in\/mads-dreyer-b9b08266\/"],"url":"https:\/\/acefootball.com\/da\/fodboldnyheder\/author\/mdnronaldo\/"}]}},"fimg_url":"https:\/\/acefootball.com\/da\/wp-content\/uploads\/sites\/2\/2021\/03\/GettyImages-1273719381.jpg","_links":{"self":[{"href":"https:\/\/acefootball.com\/da\/wp-json\/wp\/v2\/posts\/255516"}],"collection":[{"href":"https:\/\/acefootball.com\/da\/wp-json\/wp\/v2\/posts"}],"about":[{"href":"https:\/\/acefootball.com\/da\/wp-json\/wp\/v2\/types\/post"}],"author":[{"embeddable":true,"href":"https:\/\/acefootball.com\/da\/wp-json\/wp\/v2\/users\/705"}],"replies":[{"embeddable":true,"href":"https:\/\/acefootball.com\/da\/wp-json\/wp\/v2\/comments?post=255516"}],"version-history":[{"count":0,"href":"https:\/\/acefootball.com\/da\/wp-json\/wp\/v2\/posts\/255516\/revisions"}],"wp:featuredmedia":[{"embeddable":true,"href":"https:\/\/acefootball.com\/da\/wp-json\/wp\/v2\/media\/255517"}],"wp:attachment":[{"href":"https:\/\/acefootball.com\/da\/wp-json\/wp\/v2\/media?parent=255516"}],"wp:term":[{"taxonomy":"category","embeddable":true,"href":"https:\/\/acefootball.com\/da\/wp-json\/wp\/v2\/categories?post=255516"},{"taxonomy":"post_tag","embeddable":true,"href":"https:\/\/acefootball.com\/da\/wp-json\/wp\/v2\/tags?post=255516"}],"curies":[{"name":"wp","href":"https:\/\/api.w.org\/{rel}","templated":true}]}}