{"id":255506,"date":"2021-03-23T18:55:19","date_gmt":"2021-03-23T17:55:19","guid":{"rendered":"https:\/\/acefootball.com\/da\/?p=255506"},"modified":"2021-03-23T18:55:19","modified_gmt":"2021-03-23T17:55:19","slug":"stortraener-stopper-en-moerk-sky-er-vokset-i-mig","status":"publish","type":"post","link":"https:\/\/acefootball.com\/da\/fodboldnyheder\/stortraener-stopper-en-moerk-sky-er-vokset-i-mig\/","title":{"rendered":"Stortr\u00e6ner stopper: En m\u00f8rk sky er vokset i mig"},"content":{"rendered":"\n<h2 id=\"h-fiorentina-tr-ner-cesare-prandelli-har-valgt-at-sige-op-i-serie-a-klubben-af-personlige-rsager-efter-kun-fire-m-neder-ved-roret\">Fiorentina-tr\u00e6ner Cesare Prandelli har valgt at sige op i Serie A-klubben af personlige \u00e5rsager efter kun fire m\u00e5neder ved roret<\/h2>\n\n\n\n<p>Tilbage i november blev stortr\u00e6neren Cesare Prandelli hentet ind som ny tr\u00e6ner i Fiorentina, men kun fire m\u00e5neder inde i sit virke, har italieneren nu valgt at sige op.<\/p>\n\n\n\n<p>Det sker efter, efter den nu tidligere cheftr\u00e6ner ikke l\u00e6ngere kunne genkende sig selv i stillingen, hvilket han forklarer i et dybtf\u00f8lt afskedsbrev p\u00e5 klubbens <a href=\"https:\/\/www.acffiorentina.com\/en\/news\/all\/extra\/2021-03-23\/letter-from-cesare-prandelli\" target=\"_blank\" rel=\"noreferrer noopener\">hjemmeside<\/a>.<\/p>\n\n\n\n<p>&#8220;I l\u00f8bet af de seneste m\u00e5neder har en m\u00f8rk sky vokset indeni mig, og den har \u00e6ndret min m\u00e5de at se ting p\u00e5. Jeg kom hertil for at give 100 procent, men jeg f\u00f8ler ikke l\u00e6ngere, at det er muligt, og derfor har jeg valgt at stoppe for alles bedste,&#8221; forklarer Prandelli blandt andet.<\/p>\n\n\n\n<figure class=\"wp-block-embed is-type-wp-embed is-provider-ace-football-danmark wp-block-embed-ace-football-danmark\"><div class=\"wp-block-embed__wrapper\">\n<blockquote class=\"wp-embedded-content\" data-secret=\"c7MLp0t9wN\"><a href=\"https:\/\/acefootball.com\/da\/fodboldnyheder\/agent-om-dansk-succestraener-goer-sig-attraktiv-til-stoerre-klubber\/\">Agent om dansk succestr\u00e6ner: G\u00f8r sig attraktiv til st\u00f8rre klubber<\/a><\/blockquote><iframe class=\"wp-embedded-content\" sandbox=\"allow-scripts\" security=\"restricted\" style=\"position: absolute; clip: rect(1px, 1px, 1px, 1px);\" title=\"&#8220;Agent om dansk succestr\u00e6ner: G\u00f8r sig attraktiv til st\u00f8rre klubber&#8221; &#8212; Ace Football Danmark\" src=\"https:\/\/acefootball.com\/da\/fodboldnyheder\/agent-om-dansk-succestraener-goer-sig-attraktiv-til-stoerre-klubber\/embed\/#?secret=c7MLp0t9wN\" data-secret=\"c7MLp0t9wN\" width=\"600\" height=\"338\" frameborder=\"0\" marginwidth=\"0\" marginheight=\"0\" scrolling=\"no\"><\/iframe>\n<\/div><\/figure>\n\n\n\n<p>&#8220;Jeg ved godt, at det kan v\u00e6re afslutningen p\u00e5 min tr\u00e6nerkarriere, men jeg fortryder intet. Den verden, jeg har v\u00e6ret en del af i hele mit liv, er nok ikke den rigtige for mig l\u00e6ngere &#8211; jeg kan ikke l\u00e6ngere se mig selv i den.&#8221;<\/p>\n\n\n\n<p>&#8220;Jeg har helt bestemt \u00e6ndret mig, men verden bev\u00e6ger sig ogs\u00e5 hurtigere, end jeg troede. Derfor er tiden kommet til, at jeg ikke l\u00e6ngere bare f\u00f8lger med str\u00f8mmen, men stopper op og genopdager mit sande jeg igen.&#8221;<\/p>\n\n\n\n<p>Cesare Prandelli har i gennem karrieren tr\u00e6net store klubber som Parma og Valencia, samt fire \u00e5r som italiensk landstr\u00e6ner.<\/p>\n","protected":false},"excerpt":{"rendered":"<p>Fiorentina-tr\u00e6ner Cesare Prandelli har valgt at sige op i Serie A-klubben af personlige \u00e5rsager efter kun fire m\u00e5neder ved roret<\/p>\n","protected":false},"author":705,"featured_media":255507,"comment_status":"open","ping_status":"closed","sticky":false,"template":"","format":"standard","meta":{"om_disable_all_campaigns":false,"push_articles_ronaldo":{"active":false,"canonical":0,"publish":false},"force_updates":null},"categories":[1],"tags":[5150,483,1024,131],"enet_tags":{"team":["8535","8204"],"league":["55"],"sport_events":[]},"yoast_head":"<!-- This site is optimized with the Yoast SEO plugin v18.3 - https:\/\/yoast.com\/wordpress\/plugins\/seo\/ -->\n<title>Stortr\u00e6ner stopper: En m\u00f8rk sky er vokset i mig<\/title>\n<meta name=\"description\" content=\"Fiorentina-tr\u00e6ner Cesare Prandelli har valgt at sige op i Serie A-klubben af personlige \u00e5rsager efter kun fire m\u00e5neder ved roret\" \/>\n<meta name=\"robots\" content=\"index, follow, max-snippet:-1, max-image-preview:large, max-video-preview:-1\" \/>\n<link rel=\"canonical\" href=\"https:\/\/acefootball.com\/da\/fodboldnyheder\/stortraener-stopper-en-moerk-sky-er-vokset-i-mig\/\" \/>\n<meta property=\"og:locale\" content=\"en_US\" \/>\n<meta property=\"og:type\" content=\"article\" \/>\n<meta property=\"og:title\" content=\"Stortr\u00e6ner stopper: En m\u00f8rk sky er vokset i mig\" \/>\n<meta property=\"og:description\" content=\"Fiorentina-tr\u00e6ner Cesare Prandelli har valgt at sige op i Serie A-klubben af personlige \u00e5rsager efter kun fire m\u00e5neder ved roret\" \/>\n<meta property=\"og:url\" content=\"https:\/\/acefootball.com\/da\/fodboldnyheder\/stortraener-stopper-en-moerk-sky-er-vokset-i-mig\/\" \/>\n<meta property=\"og:site_name\" content=\"Ace Football Danmark\" \/>\n<meta property=\"article:publisher\" content=\"https:\/\/www.facebook.com\/acefootballdk\" \/>\n<meta property=\"article:published_time\" content=\"2021-03-23T17:55:19+00:00\" \/>\n<meta property=\"og:image\" content=\"https:\/\/acefootball.com\/da\/wp-content\/uploads\/sites\/2\/2021\/03\/Laes-mere-generel-91-1.jpg\" \/>\n\t<meta property=\"og:image:width\" content=\"1920\" \/>\n\t<meta property=\"og:image:height\" content=\"1008\" \/>\n\t<meta property=\"og:image:type\" content=\"image\/jpeg\" \/>\n<meta name=\"twitter:card\" content=\"summary_large_image\" \/>\n<meta name=\"twitter:label1\" content=\"Written by\" \/>\n\t<meta name=\"twitter:data1\" content=\"Mads Dreyer\" \/>\n\t<meta name=\"twitter:label2\" content=\"Est. reading time\" \/>\n\t<meta name=\"twitter:data2\" content=\"2 minutes\" \/>\n<script type=\"application\/ld+json\" class=\"yoast-schema-graph\">{\"@context\":\"https:\/\/schema.org\",\"@graph\":[{\"@type\":\"Organization\",\"@id\":\"https:\/\/acefootball.com\/da\/#organization\",\"name\":\"Ace Football\",\"url\":\"https:\/\/acefootball.com\/da\/\",\"sameAs\":[\"https:\/\/www.facebook.com\/acefootballdk\"],\"logo\":{\"@type\":\"ImageObject\",\"@id\":\"https:\/\/acefootball.com\/da\/#logo\",\"inLanguage\":\"en-US\",\"url\":\"https:\/\/acefootball.com\/da\/wp-content\/uploads\/sites\/2\/2020\/07\/Ace-Football-30-07-2020-2.png\",\"contentUrl\":\"https:\/\/acefootball.com\/da\/wp-content\/uploads\/sites\/2\/2020\/07\/Ace-Football-30-07-2020-2.png\",\"width\":1200,\"height\":600,\"caption\":\"Ace Football\"},\"image\":{\"@id\":\"https:\/\/acefootball.com\/da\/#logo\"}},{\"@type\":\"WebSite\",\"@id\":\"https:\/\/acefootball.com\/da\/#website\",\"url\":\"https:\/\/acefootball.com\/da\/\",\"name\":\"Ace Football Danmark\",\"description\":\"Nyheder, Spiltips &amp; Livescore\",\"publisher\":{\"@id\":\"https:\/\/acefootball.com\/da\/#organization\"},\"potentialAction\":[{\"@type\":\"SearchAction\",\"target\":{\"@type\":\"EntryPoint\",\"urlTemplate\":\"https:\/\/acefootball.com\/da\/?s={search_term_string}\"},\"query-input\":\"required name=search_term_string\"}],\"inLanguage\":\"en-US\"},{\"@type\":\"ImageObject\",\"@id\":\"https:\/\/acefootball.com\/da\/fodboldnyheder\/stortraener-stopper-en-moerk-sky-er-vokset-i-mig\/#primaryimage\",\"inLanguage\":\"en-US\",\"url\":\"https:\/\/acefootball.com\/da\/wp-content\/uploads\/sites\/2\/2021\/03\/Laes-mere-generel-91-1.jpg\",\"contentUrl\":\"https:\/\/acefootball.com\/da\/wp-content\/uploads\/sites\/2\/2021\/03\/Laes-mere-generel-91-1.jpg\",\"width\":1920,\"height\":1008,\"caption\":\"prandelli\"},{\"@type\":\"WebPage\",\"@id\":\"https:\/\/acefootball.com\/da\/fodboldnyheder\/stortraener-stopper-en-moerk-sky-er-vokset-i-mig\/#webpage\",\"url\":\"https:\/\/acefootball.com\/da\/fodboldnyheder\/stortraener-stopper-en-moerk-sky-er-vokset-i-mig\/\",\"name\":\"Stortr\u00e6ner stopper: En m\u00f8rk sky er vokset i mig\",\"isPartOf\":{\"@id\":\"https:\/\/acefootball.com\/da\/#website\"},\"primaryImageOfPage\":{\"@id\":\"https:\/\/acefootball.com\/da\/fodboldnyheder\/stortraener-stopper-en-moerk-sky-er-vokset-i-mig\/#primaryimage\"},\"datePublished\":\"2021-03-23T17:55:19+00:00\",\"dateModified\":\"2021-03-23T17:55:19+00:00\",\"description\":\"Fiorentina-tr\u00e6ner Cesare Prandelli har valgt at sige op i Serie A-klubben af personlige \u00e5rsager efter kun fire m\u00e5neder ved roret\",\"breadcrumb\":{\"@id\":\"https:\/\/acefootball.com\/da\/fodboldnyheder\/stortraener-stopper-en-moerk-sky-er-vokset-i-mig\/#breadcrumb\"},\"inLanguage\":\"en-US\",\"potentialAction\":[{\"@type\":\"ReadAction\",\"target\":[\"https:\/\/acefootball.com\/da\/fodboldnyheder\/stortraener-stopper-en-moerk-sky-er-vokset-i-mig\/\"]}]},{\"@type\":\"BreadcrumbList\",\"@id\":\"https:\/\/acefootball.com\/da\/fodboldnyheder\/stortraener-stopper-en-moerk-sky-er-vokset-i-mig\/#breadcrumb\",\"itemListElement\":[{\"@type\":\"ListItem\",\"position\":1,\"name\":\"Home\",\"item\":\"https:\/\/acefootball.com\/da\/\"},{\"@type\":\"ListItem\",\"position\":2,\"name\":\"Stortr\u00e6ner stopper: En m\u00f8rk sky er vokset i mig\"}]},{\"@type\":\"Article\",\"@id\":\"https:\/\/acefootball.com\/da\/fodboldnyheder\/stortraener-stopper-en-moerk-sky-er-vokset-i-mig\/#article\",\"isPartOf\":{\"@id\":\"https:\/\/acefootball.com\/da\/fodboldnyheder\/stortraener-stopper-en-moerk-sky-er-vokset-i-mig\/#webpage\"},\"author\":{\"@id\":\"https:\/\/acefootball.com\/da\/#\/schema\/person\/ee67e9cf04a276f144100ffa722f10cd\"},\"headline\":\"Stortr\u00e6ner stopper: En m\u00f8rk sky er vokset i mig\",\"datePublished\":\"2021-03-23T17:55:19+00:00\",\"dateModified\":\"2021-03-23T17:55:19+00:00\",\"mainEntityOfPage\":{\"@id\":\"https:\/\/acefootball.com\/da\/fodboldnyheder\/stortraener-stopper-en-moerk-sky-er-vokset-i-mig\/#webpage\"},\"wordCount\":271,\"commentCount\":0,\"publisher\":{\"@id\":\"https:\/\/acefootball.com\/da\/#organization\"},\"image\":{\"@id\":\"https:\/\/acefootball.com\/da\/fodboldnyheder\/stortraener-stopper-en-moerk-sky-er-vokset-i-mig\/#primaryimage\"},\"thumbnailUrl\":\"https:\/\/acefootball.com\/da\/wp-content\/uploads\/sites\/2\/2021\/03\/GettyImages-1299328814.jpg\",\"keywords\":[\"Cesare Prandelli\",\"Fiorentina\",\"Italien\",\"Serie A\"],\"articleSection\":[\"Nyhed\"],\"inLanguage\":\"en-US\",\"potentialAction\":[{\"@type\":\"CommentAction\",\"name\":\"Comment\",\"target\":[\"https:\/\/acefootball.com\/da\/fodboldnyheder\/stortraener-stopper-en-moerk-sky-er-vokset-i-mig\/#respond\"]}]},{\"@type\":\"Person\",\"@id\":\"https:\/\/acefootball.com\/da\/#\/schema\/person\/ee67e9cf04a276f144100ffa722f10cd\",\"name\":\"Mads Dreyer\",\"image\":{\"@type\":\"ImageObject\",\"@id\":\"https:\/\/acefootball.com\/da\/#personlogo\",\"inLanguage\":\"en-US\",\"url\":\"https:\/\/secure.gravatar.com\/avatar\/7c7abf72cfde9902b6a60efe60c88d4c?s=96&d=mm&r=g\",\"contentUrl\":\"https:\/\/secure.gravatar.com\/avatar\/7c7abf72cfde9902b6a60efe60c88d4c?s=96&d=mm&r=g\",\"caption\":\"Mads Dreyer\"},\"description\":\"Skribent og fodboldn\u00f8rd, der lige nu fort\u00e6ller om alt og intet i fodboldverdenen p\u00e5 acefootball.com. Uddannet i kommunikation fra Aalborg Universitet.\",\"sameAs\":[\"https:\/\/www.linkedin.com\/in\/mads-dreyer-b9b08266\/\"],\"url\":\"https:\/\/acefootball.com\/da\/fodboldnyheder\/author\/mdnronaldo\/\"}]}<\/script>\n<!-- \/ Yoast SEO plugin. -->","yoast_head_json":{"title":"Stortr\u00e6ner stopper: En m\u00f8rk sky er vokset i mig","description":"Fiorentina-tr\u00e6ner Cesare Prandelli har valgt at sige op i Serie A-klubben af personlige \u00e5rsager efter kun fire m\u00e5neder ved roret","robots":{"index":"index","follow":"follow","max-snippet":"max-snippet:-1","max-image-preview":"max-image-preview:large","max-video-preview":"max-video-preview:-1"},"canonical":"https:\/\/acefootball.com\/da\/fodboldnyheder\/stortraener-stopper-en-moerk-sky-er-vokset-i-mig\/","og_locale":"en_US","og_type":"article","og_title":"Stortr\u00e6ner stopper: En m\u00f8rk sky er vokset i mig","og_description":"Fiorentina-tr\u00e6ner Cesare Prandelli har valgt at sige op i Serie A-klubben af personlige \u00e5rsager efter kun fire m\u00e5neder ved roret","og_url":"https:\/\/acefootball.com\/da\/fodboldnyheder\/stortraener-stopper-en-moerk-sky-er-vokset-i-mig\/","og_site_name":"Ace Football Danmark","article_publisher":"https:\/\/www.facebook.com\/acefootballdk","article_published_time":"2021-03-23T17:55:19+00:00","og_image":[{"width":1920,"height":1008,"url":"https:\/\/acefootball.com\/da\/wp-content\/uploads\/sites\/2\/2021\/03\/Laes-mere-generel-91-1.jpg","type":"image\/jpeg"}],"twitter_card":"summary_large_image","twitter_misc":{"Written by":"Mads Dreyer","Est. reading time":"2 minutes"},"schema":{"@context":"https:\/\/schema.org","@graph":[{"@type":"Organization","@id":"https:\/\/acefootball.com\/da\/#organization","name":"Ace Football","url":"https:\/\/acefootball.com\/da\/","sameAs":["https:\/\/www.facebook.com\/acefootballdk"],"logo":{"@type":"ImageObject","@id":"https:\/\/acefootball.com\/da\/#logo","inLanguage":"en-US","url":"https:\/\/acefootball.com\/da\/wp-content\/uploads\/sites\/2\/2020\/07\/Ace-Football-30-07-2020-2.png","contentUrl":"https:\/\/acefootball.com\/da\/wp-content\/uploads\/sites\/2\/2020\/07\/Ace-Football-30-07-2020-2.png","width":1200,"height":600,"caption":"Ace Football"},"image":{"@id":"https:\/\/acefootball.com\/da\/#logo"}},{"@type":"WebSite","@id":"https:\/\/acefootball.com\/da\/#website","url":"https:\/\/acefootball.com\/da\/","name":"Ace Football Danmark","description":"Nyheder, Spiltips &amp; Livescore","publisher":{"@id":"https:\/\/acefootball.com\/da\/#organization"},"potentialAction":[{"@type":"SearchAction","target":{"@type":"EntryPoint","urlTemplate":"https:\/\/acefootball.com\/da\/?s={search_term_string}"},"query-input":"required name=search_term_string"}],"inLanguage":"en-US"},{"@type":"ImageObject","@id":"https:\/\/acefootball.com\/da\/fodboldnyheder\/stortraener-stopper-en-moerk-sky-er-vokset-i-mig\/#primaryimage","inLanguage":"en-US","url":"https:\/\/acefootball.com\/da\/wp-content\/uploads\/sites\/2\/2021\/03\/Laes-mere-generel-91-1.jpg","contentUrl":"https:\/\/acefootball.com\/da\/wp-content\/uploads\/sites\/2\/2021\/03\/Laes-mere-generel-91-1.jpg","width":1920,"height":1008,"caption":"prandelli"},{"@type":"WebPage","@id":"https:\/\/acefootball.com\/da\/fodboldnyheder\/stortraener-stopper-en-moerk-sky-er-vokset-i-mig\/#webpage","url":"https:\/\/acefootball.com\/da\/fodboldnyheder\/stortraener-stopper-en-moerk-sky-er-vokset-i-mig\/","name":"Stortr\u00e6ner stopper: En m\u00f8rk sky er vokset i mig","isPartOf":{"@id":"https:\/\/acefootball.com\/da\/#website"},"primaryImageOfPage":{"@id":"https:\/\/acefootball.com\/da\/fodboldnyheder\/stortraener-stopper-en-moerk-sky-er-vokset-i-mig\/#primaryimage"},"datePublished":"2021-03-23T17:55:19+00:00","dateModified":"2021-03-23T17:55:19+00:00","description":"Fiorentina-tr\u00e6ner Cesare Prandelli har valgt at sige op i Serie A-klubben af personlige \u00e5rsager efter kun fire m\u00e5neder ved roret","breadcrumb":{"@id":"https:\/\/acefootball.com\/da\/fodboldnyheder\/stortraener-stopper-en-moerk-sky-er-vokset-i-mig\/#breadcrumb"},"inLanguage":"en-US","potentialAction":[{"@type":"ReadAction","target":["https:\/\/acefootball.com\/da\/fodboldnyheder\/stortraener-stopper-en-moerk-sky-er-vokset-i-mig\/"]}]},{"@type":"BreadcrumbList","@id":"https:\/\/acefootball.com\/da\/fodboldnyheder\/stortraener-stopper-en-moerk-sky-er-vokset-i-mig\/#breadcrumb","itemListElement":[{"@type":"ListItem","position":1,"name":"Home","item":"https:\/\/acefootball.com\/da\/"},{"@type":"ListItem","position":2,"name":"Stortr\u00e6ner stopper: En m\u00f8rk sky er vokset i mig"}]},{"@type":"Article","@id":"https:\/\/acefootball.com\/da\/fodboldnyheder\/stortraener-stopper-en-moerk-sky-er-vokset-i-mig\/#article","isPartOf":{"@id":"https:\/\/acefootball.com\/da\/fodboldnyheder\/stortraener-stopper-en-moerk-sky-er-vokset-i-mig\/#webpage"},"author":{"@id":"https:\/\/acefootball.com\/da\/#\/schema\/person\/ee67e9cf04a276f144100ffa722f10cd"},"headline":"Stortr\u00e6ner stopper: En m\u00f8rk sky er vokset i mig","datePublished":"2021-03-23T17:55:19+00:00","dateModified":"2021-03-23T17:55:19+00:00","mainEntityOfPage":{"@id":"https:\/\/acefootball.com\/da\/fodboldnyheder\/stortraener-stopper-en-moerk-sky-er-vokset-i-mig\/#webpage"},"wordCount":271,"commentCount":0,"publisher":{"@id":"https:\/\/acefootball.com\/da\/#organization"},"image":{"@id":"https:\/\/acefootball.com\/da\/fodboldnyheder\/stortraener-stopper-en-moerk-sky-er-vokset-i-mig\/#primaryimage"},"thumbnailUrl":"https:\/\/acefootball.com\/da\/wp-content\/uploads\/sites\/2\/2021\/03\/GettyImages-1299328814.jpg","keywords":["Cesare Prandelli","Fiorentina","Italien","Serie A"],"articleSection":["Nyhed"],"inLanguage":"en-US","potentialAction":[{"@type":"CommentAction","name":"Comment","target":["https:\/\/acefootball.com\/da\/fodboldnyheder\/stortraener-stopper-en-moerk-sky-er-vokset-i-mig\/#respond"]}]},{"@type":"Person","@id":"https:\/\/acefootball.com\/da\/#\/schema\/person\/ee67e9cf04a276f144100ffa722f10cd","name":"Mads Dreyer","image":{"@type":"ImageObject","@id":"https:\/\/acefootball.com\/da\/#personlogo","inLanguage":"en-US","url":"https:\/\/secure.gravatar.com\/avatar\/7c7abf72cfde9902b6a60efe60c88d4c?s=96&d=mm&r=g","contentUrl":"https:\/\/secure.gravatar.com\/avatar\/7c7abf72cfde9902b6a60efe60c88d4c?s=96&d=mm&r=g","caption":"Mads Dreyer"},"description":"Skribent og fodboldn\u00f8rd, der lige nu fort\u00e6ller om alt og intet i fodboldverdenen p\u00e5 acefootball.com. Uddannet i kommunikation fra Aalborg Universitet.","sameAs":["https:\/\/www.linkedin.com\/in\/mads-dreyer-b9b08266\/"],"url":"https:\/\/acefootball.com\/da\/fodboldnyheder\/author\/mdnronaldo\/"}]}},"fimg_url":"https:\/\/acefootball.com\/da\/wp-content\/uploads\/sites\/2\/2021\/03\/GettyImages-1299328814.jpg","_links":{"self":[{"href":"https:\/\/acefootball.com\/da\/wp-json\/wp\/v2\/posts\/255506"}],"collection":[{"href":"https:\/\/acefootball.com\/da\/wp-json\/wp\/v2\/posts"}],"about":[{"href":"https:\/\/acefootball.com\/da\/wp-json\/wp\/v2\/types\/post"}],"author":[{"embeddable":true,"href":"https:\/\/acefootball.com\/da\/wp-json\/wp\/v2\/users\/705"}],"replies":[{"embeddable":true,"href":"https:\/\/acefootball.com\/da\/wp-json\/wp\/v2\/comments?post=255506"}],"version-history":[{"count":0,"href":"https:\/\/acefootball.com\/da\/wp-json\/wp\/v2\/posts\/255506\/revisions"}],"wp:featuredmedia":[{"embeddable":true,"href":"https:\/\/acefootball.com\/da\/wp-json\/wp\/v2\/media\/255507"}],"wp:attachment":[{"href":"https:\/\/acefootball.com\/da\/wp-json\/wp\/v2\/media?parent=255506"}],"wp:term":[{"taxonomy":"category","embeddable":true,"href":"https:\/\/acefootball.com\/da\/wp-json\/wp\/v2\/categories?post=255506"},{"taxonomy":"post_tag","embeddable":true,"href":"https:\/\/acefootball.com\/da\/wp-json\/wp\/v2\/tags?post=255506"}],"curies":[{"name":"wp","href":"https:\/\/api.w.org\/{rel}","templated":true}]}}