{"id":255500,"date":"2021-03-23T18:05:31","date_gmt":"2021-03-23T17:05:31","guid":{"rendered":"https:\/\/acefootball.com\/da\/?p=255500"},"modified":"2021-03-23T18:05:31","modified_gmt":"2021-03-23T17:05:31","slug":"officielt-tidligere-superliga-profil-praesenteret-i-svensk-amatoerklub","status":"publish","type":"post","link":"https:\/\/acefootball.com\/da\/fodboldnyheder\/officielt-tidligere-superliga-profil-praesenteret-i-svensk-amatoerklub\/","title":{"rendered":"Officielt: Tidligere Superliga-profil pr\u00e6senteret i svensk amat\u00f8rklub"},"content":{"rendered":"\n<h2 id=\"h-den-tidligere-fc-midtjylland-og-s-nderjyske-spiller-ken-ils-er-blevet-pr-senteret-i-svenske-hestrafors-if\">Den tidligere FC Midtjylland- og S\u00f8nderjyskE-spiller Ken Ils\u00f8 er blevet pr\u00e6senteret i svenske Hestrafors IF<\/h2>\n\n\n\n<p>Rygterne sagde tidligere p\u00e5 tirsdagen, at den tidligere Superliga-spiller, Ken Ils\u00f8, var p\u00e5 vej mod et noget opsigtsv\u00e6kkende skifte til svensk fodbold.<\/p>\n\n\n\n<p>Et lokalt medie skrev s\u00e5ledes, at Ils\u00f8 har valgt at forts\u00e6tte karrieren i up\u00e5agtede Hestrafors IF, som til dagligt opererer i den femtebedste svenske r\u00e6kke, og nu har klubben pr\u00e6senteret sin danske nyerhvervelse.<\/p>\n\n\n\n<figure class=\"wp-block-embed is-type-rich is-provider-facebook wp-block-embed-facebook\"><div class=\"wp-block-embed__wrapper\">\n<div id=\"fb-root\"><\/div><script async=\"1\" defer=\"1\" crossorigin=\"anonymous\" src=\"https:\/\/connect.facebook.net\/nl_BE\/sdk.js#xfbml=1&amp;version=v10.0\" nonce=\"G1pRbBhN\"><\/script><div class=\"fb-post\" data-href=\"https:\/\/www.facebook.com\/HestraforsIF\/posts\/5402349246473572\" data-width=\"640\"><blockquote cite=\"https:\/\/graph.facebook.com\/110728825635667\/posts\/5402349246473572\/\" class=\"fb-xfbml-parse-ignore\"><p>\u00c4nnu ett m\u00e4rkligt fotbolls\u00e5r fortl\u00f6per. Inst\u00e4llda tr\u00e4ningsmatcher och uppskjuten seriestart f\u00e5r knappast n\u00e5gon att h\u00f6ja&#8230;<\/p>Posted by <a href=\"https:\/\/www.facebook.com\/110728825635667\">Hestrafors IF<\/a> on&nbsp;<a href=\"https:\/\/graph.facebook.com\/110728825635667\/posts\/5402349246473572\/\">Tuesday, March 23, 2021<\/a><\/blockquote><\/div>\n<\/div><\/figure>\n\n\n\n<p>Den tidligere FC Midtjylland- og S\u00f8nderjyskE-spiller lagde ellers st\u00f8vlerne p\u00e5 hylden i 2019 efter et eventyr i asiatisk fodbold.<\/p>\n\n\n\n<p>Kommentarer p\u00e5 Facebook siger, at &#8220;k\u00e6rligheden&#8221; har f\u00f8rt Ils\u00f8 til den svenske klub.<\/p>\n","protected":false},"excerpt":{"rendered":"<p>Den tidligere FC Midtjylland- og S\u00f8nderjyskE-spiller Ken Ils\u00f8 er blevet pr\u00e6senteret i svenske Hestrafors IF<\/p>\n","protected":false},"author":705,"featured_media":255501,"comment_status":"open","ping_status":"closed","sticky":false,"template":"","format":"standard","meta":{"om_disable_all_campaigns":false,"push_articles_ronaldo":{"active":false,"canonical":0,"publish":false},"force_updates":null},"categories":[7],"tags":[51,3454,24,588],"enet_tags":{"team":["8113","8487"],"player":["26477"],"league":["46"],"sport_events":[]},"yoast_head":"<!-- This site is optimized with the Yoast SEO plugin v18.3 - https:\/\/yoast.com\/wordpress\/plugins\/seo\/ -->\n<title>Officielt: Tidligere Superliga-profil pr\u00e6senteret i svensk amat\u00f8rklub<\/title>\n<meta name=\"description\" content=\"Den tidligere FC Midtjylland- og S\u00f8nderjyskE-spiller Ken Ils\u00f8 er blevet pr\u00e6senteret i svenske Hestrafors IF\" \/>\n<meta name=\"robots\" content=\"index, follow, max-snippet:-1, max-image-preview:large, max-video-preview:-1\" \/>\n<link rel=\"canonical\" href=\"https:\/\/acefootball.com\/da\/fodboldnyheder\/officielt-tidligere-superliga-profil-praesenteret-i-svensk-amatoerklub\/\" \/>\n<meta property=\"og:locale\" content=\"en_US\" \/>\n<meta property=\"og:type\" content=\"article\" \/>\n<meta property=\"og:title\" content=\"Officielt: Tidligere Superliga-profil pr\u00e6senteret i svensk amat\u00f8rklub\" \/>\n<meta property=\"og:description\" content=\"Den tidligere FC Midtjylland- og S\u00f8nderjyskE-spiller Ken Ils\u00f8 er blevet pr\u00e6senteret i svenske Hestrafors IF\" \/>\n<meta property=\"og:url\" content=\"https:\/\/acefootball.com\/da\/fodboldnyheder\/officielt-tidligere-superliga-profil-praesenteret-i-svensk-amatoerklub\/\" \/>\n<meta property=\"og:site_name\" content=\"Ace Football Danmark\" \/>\n<meta property=\"article:publisher\" content=\"https:\/\/www.facebook.com\/acefootballdk\" \/>\n<meta property=\"article:published_time\" content=\"2021-03-23T17:05:31+00:00\" \/>\n<meta property=\"og:image\" content=\"https:\/\/acefootball.com\/da\/wp-content\/uploads\/sites\/2\/2021\/03\/GettyImages-1055481282-1.jpg\" \/>\n\t<meta property=\"og:image:width\" content=\"1024\" \/>\n\t<meta property=\"og:image:height\" content=\"702\" \/>\n\t<meta property=\"og:image:type\" content=\"image\/jpeg\" \/>\n<meta name=\"twitter:card\" content=\"summary_large_image\" \/>\n<meta name=\"twitter:label1\" content=\"Written by\" \/>\n\t<meta name=\"twitter:data1\" content=\"Mads Dreyer\" \/>\n\t<meta name=\"twitter:label2\" content=\"Est. reading time\" \/>\n\t<meta name=\"twitter:data2\" content=\"1 minute\" \/>\n<script type=\"application\/ld+json\" class=\"yoast-schema-graph\">{\"@context\":\"https:\/\/schema.org\",\"@graph\":[{\"@type\":\"Organization\",\"@id\":\"https:\/\/acefootball.com\/da\/#organization\",\"name\":\"Ace Football\",\"url\":\"https:\/\/acefootball.com\/da\/\",\"sameAs\":[\"https:\/\/www.facebook.com\/acefootballdk\"],\"logo\":{\"@type\":\"ImageObject\",\"@id\":\"https:\/\/acefootball.com\/da\/#logo\",\"inLanguage\":\"en-US\",\"url\":\"https:\/\/acefootball.com\/da\/wp-content\/uploads\/sites\/2\/2020\/07\/Ace-Football-30-07-2020-2.png\",\"contentUrl\":\"https:\/\/acefootball.com\/da\/wp-content\/uploads\/sites\/2\/2020\/07\/Ace-Football-30-07-2020-2.png\",\"width\":1200,\"height\":600,\"caption\":\"Ace Football\"},\"image\":{\"@id\":\"https:\/\/acefootball.com\/da\/#logo\"}},{\"@type\":\"WebSite\",\"@id\":\"https:\/\/acefootball.com\/da\/#website\",\"url\":\"https:\/\/acefootball.com\/da\/\",\"name\":\"Ace Football Danmark\",\"description\":\"Nyheder, Spiltips &amp; Livescore\",\"publisher\":{\"@id\":\"https:\/\/acefootball.com\/da\/#organization\"},\"potentialAction\":[{\"@type\":\"SearchAction\",\"target\":{\"@type\":\"EntryPoint\",\"urlTemplate\":\"https:\/\/acefootball.com\/da\/?s={search_term_string}\"},\"query-input\":\"required name=search_term_string\"}],\"inLanguage\":\"en-US\"},{\"@type\":\"ImageObject\",\"@id\":\"https:\/\/acefootball.com\/da\/fodboldnyheder\/officielt-tidligere-superliga-profil-praesenteret-i-svensk-amatoerklub\/#primaryimage\",\"inLanguage\":\"en-US\",\"url\":\"https:\/\/acefootball.com\/da\/wp-content\/uploads\/sites\/2\/2021\/03\/GettyImages-1055481282-1.jpg\",\"contentUrl\":\"https:\/\/acefootball.com\/da\/wp-content\/uploads\/sites\/2\/2021\/03\/GettyImages-1055481282-1.jpg\",\"width\":1024,\"height\":702,\"caption\":\"ADELAIDE, AUSTRALIA - OCTOBER 30: Ken Ilso of Adelaide United clelebrates after the FFA Cup Final match between Adelaide United and Sydney FC at Coopers Stadium on October 30, 2018 in Adelaide, Australia. (Photo by Mark Brake\/Getty Images)\"},{\"@type\":\"WebPage\",\"@id\":\"https:\/\/acefootball.com\/da\/fodboldnyheder\/officielt-tidligere-superliga-profil-praesenteret-i-svensk-amatoerklub\/#webpage\",\"url\":\"https:\/\/acefootball.com\/da\/fodboldnyheder\/officielt-tidligere-superliga-profil-praesenteret-i-svensk-amatoerklub\/\",\"name\":\"Officielt: Tidligere Superliga-profil pr\u00e6senteret i svensk amat\u00f8rklub\",\"isPartOf\":{\"@id\":\"https:\/\/acefootball.com\/da\/#website\"},\"primaryImageOfPage\":{\"@id\":\"https:\/\/acefootball.com\/da\/fodboldnyheder\/officielt-tidligere-superliga-profil-praesenteret-i-svensk-amatoerklub\/#primaryimage\"},\"datePublished\":\"2021-03-23T17:05:31+00:00\",\"dateModified\":\"2021-03-23T17:05:31+00:00\",\"description\":\"Den tidligere FC Midtjylland- og S\u00f8nderjyskE-spiller Ken Ils\u00f8 er blevet pr\u00e6senteret i svenske Hestrafors IF\",\"breadcrumb\":{\"@id\":\"https:\/\/acefootball.com\/da\/fodboldnyheder\/officielt-tidligere-superliga-profil-praesenteret-i-svensk-amatoerklub\/#breadcrumb\"},\"inLanguage\":\"en-US\",\"potentialAction\":[{\"@type\":\"ReadAction\",\"target\":[\"https:\/\/acefootball.com\/da\/fodboldnyheder\/officielt-tidligere-superliga-profil-praesenteret-i-svensk-amatoerklub\/\"]}]},{\"@type\":\"BreadcrumbList\",\"@id\":\"https:\/\/acefootball.com\/da\/fodboldnyheder\/officielt-tidligere-superliga-profil-praesenteret-i-svensk-amatoerklub\/#breadcrumb\",\"itemListElement\":[{\"@type\":\"ListItem\",\"position\":1,\"name\":\"Home\",\"item\":\"https:\/\/acefootball.com\/da\/\"},{\"@type\":\"ListItem\",\"position\":2,\"name\":\"Officielt: Tidligere Superliga-profil pr\u00e6senteret i svensk amat\u00f8rklub\"}]},{\"@type\":\"Article\",\"@id\":\"https:\/\/acefootball.com\/da\/fodboldnyheder\/officielt-tidligere-superliga-profil-praesenteret-i-svensk-amatoerklub\/#article\",\"isPartOf\":{\"@id\":\"https:\/\/acefootball.com\/da\/fodboldnyheder\/officielt-tidligere-superliga-profil-praesenteret-i-svensk-amatoerklub\/#webpage\"},\"author\":{\"@id\":\"https:\/\/acefootball.com\/da\/#\/schema\/person\/ee67e9cf04a276f144100ffa722f10cd\"},\"headline\":\"Officielt: Tidligere Superliga-profil pr\u00e6senteret i svensk amat\u00f8rklub\",\"datePublished\":\"2021-03-23T17:05:31+00:00\",\"dateModified\":\"2021-03-23T17:05:31+00:00\",\"mainEntityOfPage\":{\"@id\":\"https:\/\/acefootball.com\/da\/fodboldnyheder\/officielt-tidligere-superliga-profil-praesenteret-i-svensk-amatoerklub\/#webpage\"},\"wordCount\":128,\"commentCount\":0,\"publisher\":{\"@id\":\"https:\/\/acefootball.com\/da\/#organization\"},\"image\":{\"@id\":\"https:\/\/acefootball.com\/da\/fodboldnyheder\/officielt-tidligere-superliga-profil-praesenteret-i-svensk-amatoerklub\/#primaryimage\"},\"thumbnailUrl\":\"https:\/\/acefootball.com\/da\/wp-content\/uploads\/sites\/2\/2021\/03\/GettyImages-1055481282-1.jpg\",\"keywords\":[\"FC Midtjylland\",\"Ken Ils\u00f8\",\"S\u00f8nderjyskE\",\"Superligaen\"],\"articleSection\":[\"Transfer\"],\"inLanguage\":\"en-US\",\"potentialAction\":[{\"@type\":\"CommentAction\",\"name\":\"Comment\",\"target\":[\"https:\/\/acefootball.com\/da\/fodboldnyheder\/officielt-tidligere-superliga-profil-praesenteret-i-svensk-amatoerklub\/#respond\"]}]},{\"@type\":\"Person\",\"@id\":\"https:\/\/acefootball.com\/da\/#\/schema\/person\/ee67e9cf04a276f144100ffa722f10cd\",\"name\":\"Mads Dreyer\",\"image\":{\"@type\":\"ImageObject\",\"@id\":\"https:\/\/acefootball.com\/da\/#personlogo\",\"inLanguage\":\"en-US\",\"url\":\"https:\/\/secure.gravatar.com\/avatar\/7c7abf72cfde9902b6a60efe60c88d4c?s=96&d=mm&r=g\",\"contentUrl\":\"https:\/\/secure.gravatar.com\/avatar\/7c7abf72cfde9902b6a60efe60c88d4c?s=96&d=mm&r=g\",\"caption\":\"Mads Dreyer\"},\"description\":\"Skribent og fodboldn\u00f8rd, der lige nu fort\u00e6ller om alt og intet i fodboldverdenen p\u00e5 acefootball.com. Uddannet i kommunikation fra Aalborg Universitet.\",\"sameAs\":[\"https:\/\/www.linkedin.com\/in\/mads-dreyer-b9b08266\/\"],\"url\":\"https:\/\/acefootball.com\/da\/fodboldnyheder\/author\/mdnronaldo\/\"}]}<\/script>\n<!-- \/ Yoast SEO plugin. -->","yoast_head_json":{"title":"Officielt: Tidligere Superliga-profil pr\u00e6senteret i svensk amat\u00f8rklub","description":"Den tidligere FC Midtjylland- og S\u00f8nderjyskE-spiller Ken Ils\u00f8 er blevet pr\u00e6senteret i svenske Hestrafors IF","robots":{"index":"index","follow":"follow","max-snippet":"max-snippet:-1","max-image-preview":"max-image-preview:large","max-video-preview":"max-video-preview:-1"},"canonical":"https:\/\/acefootball.com\/da\/fodboldnyheder\/officielt-tidligere-superliga-profil-praesenteret-i-svensk-amatoerklub\/","og_locale":"en_US","og_type":"article","og_title":"Officielt: Tidligere Superliga-profil pr\u00e6senteret i svensk amat\u00f8rklub","og_description":"Den tidligere FC Midtjylland- og S\u00f8nderjyskE-spiller Ken Ils\u00f8 er blevet pr\u00e6senteret i svenske Hestrafors IF","og_url":"https:\/\/acefootball.com\/da\/fodboldnyheder\/officielt-tidligere-superliga-profil-praesenteret-i-svensk-amatoerklub\/","og_site_name":"Ace Football Danmark","article_publisher":"https:\/\/www.facebook.com\/acefootballdk","article_published_time":"2021-03-23T17:05:31+00:00","og_image":[{"width":1024,"height":702,"url":"https:\/\/acefootball.com\/da\/wp-content\/uploads\/sites\/2\/2021\/03\/GettyImages-1055481282-1.jpg","type":"image\/jpeg"}],"twitter_card":"summary_large_image","twitter_misc":{"Written by":"Mads Dreyer","Est. reading time":"1 minute"},"schema":{"@context":"https:\/\/schema.org","@graph":[{"@type":"Organization","@id":"https:\/\/acefootball.com\/da\/#organization","name":"Ace Football","url":"https:\/\/acefootball.com\/da\/","sameAs":["https:\/\/www.facebook.com\/acefootballdk"],"logo":{"@type":"ImageObject","@id":"https:\/\/acefootball.com\/da\/#logo","inLanguage":"en-US","url":"https:\/\/acefootball.com\/da\/wp-content\/uploads\/sites\/2\/2020\/07\/Ace-Football-30-07-2020-2.png","contentUrl":"https:\/\/acefootball.com\/da\/wp-content\/uploads\/sites\/2\/2020\/07\/Ace-Football-30-07-2020-2.png","width":1200,"height":600,"caption":"Ace Football"},"image":{"@id":"https:\/\/acefootball.com\/da\/#logo"}},{"@type":"WebSite","@id":"https:\/\/acefootball.com\/da\/#website","url":"https:\/\/acefootball.com\/da\/","name":"Ace Football Danmark","description":"Nyheder, Spiltips &amp; Livescore","publisher":{"@id":"https:\/\/acefootball.com\/da\/#organization"},"potentialAction":[{"@type":"SearchAction","target":{"@type":"EntryPoint","urlTemplate":"https:\/\/acefootball.com\/da\/?s={search_term_string}"},"query-input":"required name=search_term_string"}],"inLanguage":"en-US"},{"@type":"ImageObject","@id":"https:\/\/acefootball.com\/da\/fodboldnyheder\/officielt-tidligere-superliga-profil-praesenteret-i-svensk-amatoerklub\/#primaryimage","inLanguage":"en-US","url":"https:\/\/acefootball.com\/da\/wp-content\/uploads\/sites\/2\/2021\/03\/GettyImages-1055481282-1.jpg","contentUrl":"https:\/\/acefootball.com\/da\/wp-content\/uploads\/sites\/2\/2021\/03\/GettyImages-1055481282-1.jpg","width":1024,"height":702,"caption":"ADELAIDE, AUSTRALIA - OCTOBER 30: Ken Ilso of Adelaide United clelebrates after the FFA Cup Final match between Adelaide United and Sydney FC at Coopers Stadium on October 30, 2018 in Adelaide, Australia. (Photo by Mark Brake\/Getty Images)"},{"@type":"WebPage","@id":"https:\/\/acefootball.com\/da\/fodboldnyheder\/officielt-tidligere-superliga-profil-praesenteret-i-svensk-amatoerklub\/#webpage","url":"https:\/\/acefootball.com\/da\/fodboldnyheder\/officielt-tidligere-superliga-profil-praesenteret-i-svensk-amatoerklub\/","name":"Officielt: Tidligere Superliga-profil pr\u00e6senteret i svensk amat\u00f8rklub","isPartOf":{"@id":"https:\/\/acefootball.com\/da\/#website"},"primaryImageOfPage":{"@id":"https:\/\/acefootball.com\/da\/fodboldnyheder\/officielt-tidligere-superliga-profil-praesenteret-i-svensk-amatoerklub\/#primaryimage"},"datePublished":"2021-03-23T17:05:31+00:00","dateModified":"2021-03-23T17:05:31+00:00","description":"Den tidligere FC Midtjylland- og S\u00f8nderjyskE-spiller Ken Ils\u00f8 er blevet pr\u00e6senteret i svenske Hestrafors IF","breadcrumb":{"@id":"https:\/\/acefootball.com\/da\/fodboldnyheder\/officielt-tidligere-superliga-profil-praesenteret-i-svensk-amatoerklub\/#breadcrumb"},"inLanguage":"en-US","potentialAction":[{"@type":"ReadAction","target":["https:\/\/acefootball.com\/da\/fodboldnyheder\/officielt-tidligere-superliga-profil-praesenteret-i-svensk-amatoerklub\/"]}]},{"@type":"BreadcrumbList","@id":"https:\/\/acefootball.com\/da\/fodboldnyheder\/officielt-tidligere-superliga-profil-praesenteret-i-svensk-amatoerklub\/#breadcrumb","itemListElement":[{"@type":"ListItem","position":1,"name":"Home","item":"https:\/\/acefootball.com\/da\/"},{"@type":"ListItem","position":2,"name":"Officielt: Tidligere Superliga-profil pr\u00e6senteret i svensk amat\u00f8rklub"}]},{"@type":"Article","@id":"https:\/\/acefootball.com\/da\/fodboldnyheder\/officielt-tidligere-superliga-profil-praesenteret-i-svensk-amatoerklub\/#article","isPartOf":{"@id":"https:\/\/acefootball.com\/da\/fodboldnyheder\/officielt-tidligere-superliga-profil-praesenteret-i-svensk-amatoerklub\/#webpage"},"author":{"@id":"https:\/\/acefootball.com\/da\/#\/schema\/person\/ee67e9cf04a276f144100ffa722f10cd"},"headline":"Officielt: Tidligere Superliga-profil pr\u00e6senteret i svensk amat\u00f8rklub","datePublished":"2021-03-23T17:05:31+00:00","dateModified":"2021-03-23T17:05:31+00:00","mainEntityOfPage":{"@id":"https:\/\/acefootball.com\/da\/fodboldnyheder\/officielt-tidligere-superliga-profil-praesenteret-i-svensk-amatoerklub\/#webpage"},"wordCount":128,"commentCount":0,"publisher":{"@id":"https:\/\/acefootball.com\/da\/#organization"},"image":{"@id":"https:\/\/acefootball.com\/da\/fodboldnyheder\/officielt-tidligere-superliga-profil-praesenteret-i-svensk-amatoerklub\/#primaryimage"},"thumbnailUrl":"https:\/\/acefootball.com\/da\/wp-content\/uploads\/sites\/2\/2021\/03\/GettyImages-1055481282-1.jpg","keywords":["FC Midtjylland","Ken Ils\u00f8","S\u00f8nderjyskE","Superligaen"],"articleSection":["Transfer"],"inLanguage":"en-US","potentialAction":[{"@type":"CommentAction","name":"Comment","target":["https:\/\/acefootball.com\/da\/fodboldnyheder\/officielt-tidligere-superliga-profil-praesenteret-i-svensk-amatoerklub\/#respond"]}]},{"@type":"Person","@id":"https:\/\/acefootball.com\/da\/#\/schema\/person\/ee67e9cf04a276f144100ffa722f10cd","name":"Mads Dreyer","image":{"@type":"ImageObject","@id":"https:\/\/acefootball.com\/da\/#personlogo","inLanguage":"en-US","url":"https:\/\/secure.gravatar.com\/avatar\/7c7abf72cfde9902b6a60efe60c88d4c?s=96&d=mm&r=g","contentUrl":"https:\/\/secure.gravatar.com\/avatar\/7c7abf72cfde9902b6a60efe60c88d4c?s=96&d=mm&r=g","caption":"Mads Dreyer"},"description":"Skribent og fodboldn\u00f8rd, der lige nu fort\u00e6ller om alt og intet i fodboldverdenen p\u00e5 acefootball.com. Uddannet i kommunikation fra Aalborg Universitet.","sameAs":["https:\/\/www.linkedin.com\/in\/mads-dreyer-b9b08266\/"],"url":"https:\/\/acefootball.com\/da\/fodboldnyheder\/author\/mdnronaldo\/"}]}},"fimg_url":"https:\/\/acefootball.com\/da\/wp-content\/uploads\/sites\/2\/2021\/03\/GettyImages-1055481282-1.jpg","_links":{"self":[{"href":"https:\/\/acefootball.com\/da\/wp-json\/wp\/v2\/posts\/255500"}],"collection":[{"href":"https:\/\/acefootball.com\/da\/wp-json\/wp\/v2\/posts"}],"about":[{"href":"https:\/\/acefootball.com\/da\/wp-json\/wp\/v2\/types\/post"}],"author":[{"embeddable":true,"href":"https:\/\/acefootball.com\/da\/wp-json\/wp\/v2\/users\/705"}],"replies":[{"embeddable":true,"href":"https:\/\/acefootball.com\/da\/wp-json\/wp\/v2\/comments?post=255500"}],"version-history":[{"count":0,"href":"https:\/\/acefootball.com\/da\/wp-json\/wp\/v2\/posts\/255500\/revisions"}],"wp:featuredmedia":[{"embeddable":true,"href":"https:\/\/acefootball.com\/da\/wp-json\/wp\/v2\/media\/255501"}],"wp:attachment":[{"href":"https:\/\/acefootball.com\/da\/wp-json\/wp\/v2\/media?parent=255500"}],"wp:term":[{"taxonomy":"category","embeddable":true,"href":"https:\/\/acefootball.com\/da\/wp-json\/wp\/v2\/categories?post=255500"},{"taxonomy":"post_tag","embeddable":true,"href":"https:\/\/acefootball.com\/da\/wp-json\/wp\/v2\/tags?post=255500"}],"curies":[{"name":"wp","href":"https:\/\/api.w.org\/{rel}","templated":true}]}}