{"id":255497,"date":"2021-03-23T17:28:44","date_gmt":"2021-03-23T16:28:44","guid":{"rendered":"https:\/\/acefootball.com\/da\/?p=255497"},"modified":"2021-03-23T17:29:43","modified_gmt":"2021-03-23T16:29:43","slug":"soenderjyske-rokerer-i-toppen-vil-ansaette-fodboldboss","status":"publish","type":"post","link":"https:\/\/acefootball.com\/da\/fodboldnyheder\/soenderjyske-rokerer-i-toppen-vil-ansaette-fodboldboss\/","title":{"rendered":"S\u00f8nderjyskE rokerer i toppen: Vil ans\u00e6tte fodboldboss"},"content":{"rendered":"\n<h2 id=\"h-s-nderjyske-meddeler-at-man-foretager-ndringer-p-ledelsesgangene-da-der-nu-skal-hentes-en-administrerende-direkt-r-ind\">S\u00f8nderjyskE meddeler, at man foretager \u00e6ndringer p\u00e5 ledelsesgangene, da der nu skal hentes en administrerende direkt\u00f8r ind<\/h2>\n\n\n\n<p>Indtil videre har direkt\u00f8r i S\u00f8nderjyskE A\/S Klaus Rasmussen v\u00e6ret \u00f8verstkommanderende i fodboldafdelingen, men han tr\u00e6der nu et skridt tilbage.<\/p>\n\n\n\n<p>I stedet er S\u00f8nderjyskE nu g\u00e5et p\u00e5 jagt efter kandidater til en nyoprettet stilling som administrerende direkt\u00f8r. Det meddeler klubben p\u00e5 sin <a href=\"https:\/\/www.soenderjyske.dk\/fodbold\/soenderjyske-fodbold-vil-styrke-udviklingen-med-administrerende-direktoer-ceo-2\/?utm_source=rss&amp;utm_medium=rss&amp;utm_campaign=soenderjyske-fodbold-vil-styrke-udviklingen-med-administrerende-direktoer-ceo-2#\" target=\"_blank\" rel=\"noreferrer noopener\">hjemmeside<\/a>.<\/p>\n\n\n\n<p>Superliga-mandskabet har planer om at ans\u00e6tte en dansk kandidat, som forventes at blive pr\u00e6senteret inden for en kort tidshorisont.<\/p>\n\n\n\n<figure class=\"wp-block-embed is-type-wp-embed is-provider-ace-football-danmark wp-block-embed-ace-football-danmark\"><div class=\"wp-block-embed__wrapper\">\n<blockquote class=\"wp-embedded-content\" data-secret=\"AGVRDaFs2E\"><a href=\"https:\/\/acefootball.com\/da\/fodboldnyheder\/officielt-broendby-slutter-af-mod-fcn-se-programmet-for-mesterskabsspillet-her\/\">Officielt: Br\u00f8ndby slutter af mod FCN &#8211; se programmet for slutspillet i Superligaen her<\/a><\/blockquote><iframe class=\"wp-embedded-content\" sandbox=\"allow-scripts\" security=\"restricted\" style=\"position: absolute; clip: rect(1px, 1px, 1px, 1px);\" title=\"&#8220;Officielt: Br\u00f8ndby slutter af mod FCN &#8211; se programmet for slutspillet i Superligaen her&#8221; &#8212; Ace Football Danmark\" src=\"https:\/\/acefootball.com\/da\/fodboldnyheder\/officielt-broendby-slutter-af-mod-fcn-se-programmet-for-mesterskabsspillet-her\/embed\/#?secret=AGVRDaFs2E\" data-secret=\"AGVRDaFs2E\" width=\"600\" height=\"338\" frameborder=\"0\" marginwidth=\"0\" marginheight=\"0\" scrolling=\"no\"><\/iframe>\n<\/div><\/figure>\n\n\n\n<p>&#8220;I S\u00f8nderjyskE er vi stolte af vores v\u00e6rdier, vores ansvarlighed og sammenhold. Klubben s\u00f8ger en person, der passer ind kulturelt, men som ogs\u00e5 vil give ledelsesm\u00e6ssig ekspertise p\u00e5 tv\u00e6rs af alle udviklingsomr\u00e5der i klubben. Den nye administrerende direkt\u00f8r vil arbejde for at styrke klubben inden for kommerciel v\u00e6kst, \u00f8konomisk overblik, organisering og v\u00e6re en synlig og st\u00e6rk personlighed p\u00e5 alle niveauer,&#8221; lyder det om s\u00f8gningen.<\/p>\n\n\n\n<p>Klaus Rasmussen forts\u00e6tter i sin rolle som administrerende direkt\u00f8r for hele S\u00f8nderjyskE-paletten og skal fremover arbejde t\u00e6t sammen med den nye fodboldboss.<\/p>\n","protected":false},"excerpt":{"rendered":"<p>S\u00f8nderjyskE meddeler, at man foretager \u00e6ndringer p\u00e5 ledelsesgangene, da der nu skal hentes en administrerende direkt\u00f8r ind<\/p>\n","protected":false},"author":705,"featured_media":238314,"comment_status":"open","ping_status":"closed","sticky":false,"template":"","format":"standard","meta":{"om_disable_all_campaigns":false,"push_articles_ronaldo":{"active":false,"canonical":0,"publish":false},"force_updates":null},"categories":[1],"tags":[24,588],"enet_tags":{"team":["8487"],"league":["46"],"sport_events":[]},"yoast_head":"<!-- This site is optimized with the Yoast SEO plugin v18.3 - https:\/\/yoast.com\/wordpress\/plugins\/seo\/ -->\n<title>S\u00f8nderjyskE rokerer i toppen: Vil ans\u00e6tte fodboldboss<\/title>\n<meta name=\"description\" content=\"S\u00f8nderjyskE meddeler, at man foretager \u00e6ndringer p\u00e5 ledelsesgangene, da der nu skal hentes en administrerende direkt\u00f8r ind\" \/>\n<meta name=\"robots\" content=\"index, follow, max-snippet:-1, max-image-preview:large, max-video-preview:-1\" \/>\n<link rel=\"canonical\" href=\"https:\/\/acefootball.com\/da\/fodboldnyheder\/soenderjyske-rokerer-i-toppen-vil-ansaette-fodboldboss\/\" \/>\n<meta property=\"og:locale\" content=\"en_US\" \/>\n<meta property=\"og:type\" content=\"article\" \/>\n<meta property=\"og:title\" content=\"S\u00f8nderjyskE rokerer i toppen: Vil ans\u00e6tte fodboldboss\" \/>\n<meta property=\"og:description\" content=\"S\u00f8nderjyskE meddeler, at man foretager \u00e6ndringer p\u00e5 ledelsesgangene, da der nu skal hentes en administrerende direkt\u00f8r ind\" \/>\n<meta property=\"og:url\" content=\"https:\/\/acefootball.com\/da\/fodboldnyheder\/soenderjyske-rokerer-i-toppen-vil-ansaette-fodboldboss\/\" \/>\n<meta property=\"og:site_name\" content=\"Ace Football Danmark\" \/>\n<meta property=\"article:publisher\" content=\"https:\/\/www.facebook.com\/acefootballdk\" \/>\n<meta property=\"article:published_time\" content=\"2021-03-23T16:28:44+00:00\" \/>\n<meta property=\"article:modified_time\" content=\"2021-03-23T16:29:43+00:00\" \/>\n<meta property=\"og:image\" content=\"https:\/\/acefootball.com\/da\/wp-content\/uploads\/sites\/2\/2021\/03\/Laes-mere-generel-89-2.jpg\" \/>\n\t<meta property=\"og:image:width\" content=\"1920\" \/>\n\t<meta property=\"og:image:height\" content=\"1008\" \/>\n\t<meta property=\"og:image:type\" content=\"image\/jpeg\" \/>\n<meta name=\"twitter:card\" content=\"summary_large_image\" \/>\n<meta name=\"twitter:label1\" content=\"Written by\" \/>\n\t<meta name=\"twitter:data1\" content=\"Mads Dreyer\" \/>\n\t<meta name=\"twitter:label2\" content=\"Est. reading time\" \/>\n\t<meta name=\"twitter:data2\" content=\"1 minute\" \/>\n<script type=\"application\/ld+json\" class=\"yoast-schema-graph\">{\"@context\":\"https:\/\/schema.org\",\"@graph\":[{\"@type\":\"Organization\",\"@id\":\"https:\/\/acefootball.com\/da\/#organization\",\"name\":\"Ace Football\",\"url\":\"https:\/\/acefootball.com\/da\/\",\"sameAs\":[\"https:\/\/www.facebook.com\/acefootballdk\"],\"logo\":{\"@type\":\"ImageObject\",\"@id\":\"https:\/\/acefootball.com\/da\/#logo\",\"inLanguage\":\"en-US\",\"url\":\"https:\/\/acefootball.com\/da\/wp-content\/uploads\/sites\/2\/2020\/07\/Ace-Football-30-07-2020-2.png\",\"contentUrl\":\"https:\/\/acefootball.com\/da\/wp-content\/uploads\/sites\/2\/2020\/07\/Ace-Football-30-07-2020-2.png\",\"width\":1200,\"height\":600,\"caption\":\"Ace Football\"},\"image\":{\"@id\":\"https:\/\/acefootball.com\/da\/#logo\"}},{\"@type\":\"WebSite\",\"@id\":\"https:\/\/acefootball.com\/da\/#website\",\"url\":\"https:\/\/acefootball.com\/da\/\",\"name\":\"Ace Football Danmark\",\"description\":\"Nyheder, Spiltips &amp; Livescore\",\"publisher\":{\"@id\":\"https:\/\/acefootball.com\/da\/#organization\"},\"potentialAction\":[{\"@type\":\"SearchAction\",\"target\":{\"@type\":\"EntryPoint\",\"urlTemplate\":\"https:\/\/acefootball.com\/da\/?s={search_term_string}\"},\"query-input\":\"required name=search_term_string\"}],\"inLanguage\":\"en-US\"},{\"@type\":\"ImageObject\",\"@id\":\"https:\/\/acefootball.com\/da\/fodboldnyheder\/soenderjyske-rokerer-i-toppen-vil-ansaette-fodboldboss\/#primaryimage\",\"inLanguage\":\"en-US\",\"url\":\"https:\/\/acefootball.com\/da\/wp-content\/uploads\/sites\/2\/2021\/03\/Laes-mere-generel-89-2.jpg\",\"contentUrl\":\"https:\/\/acefootball.com\/da\/wp-content\/uploads\/sites\/2\/2021\/03\/Laes-mere-generel-89-2.jpg\",\"width\":1920,\"height\":1008,\"caption\":\"s\u00f8nderjyske\"},{\"@type\":\"WebPage\",\"@id\":\"https:\/\/acefootball.com\/da\/fodboldnyheder\/soenderjyske-rokerer-i-toppen-vil-ansaette-fodboldboss\/#webpage\",\"url\":\"https:\/\/acefootball.com\/da\/fodboldnyheder\/soenderjyske-rokerer-i-toppen-vil-ansaette-fodboldboss\/\",\"name\":\"S\u00f8nderjyskE rokerer i toppen: Vil ans\u00e6tte fodboldboss\",\"isPartOf\":{\"@id\":\"https:\/\/acefootball.com\/da\/#website\"},\"primaryImageOfPage\":{\"@id\":\"https:\/\/acefootball.com\/da\/fodboldnyheder\/soenderjyske-rokerer-i-toppen-vil-ansaette-fodboldboss\/#primaryimage\"},\"datePublished\":\"2021-03-23T16:28:44+00:00\",\"dateModified\":\"2021-03-23T16:29:43+00:00\",\"description\":\"S\u00f8nderjyskE meddeler, at man foretager \u00e6ndringer p\u00e5 ledelsesgangene, da der nu skal hentes en administrerende direkt\u00f8r ind\",\"breadcrumb\":{\"@id\":\"https:\/\/acefootball.com\/da\/fodboldnyheder\/soenderjyske-rokerer-i-toppen-vil-ansaette-fodboldboss\/#breadcrumb\"},\"inLanguage\":\"en-US\",\"potentialAction\":[{\"@type\":\"ReadAction\",\"target\":[\"https:\/\/acefootball.com\/da\/fodboldnyheder\/soenderjyske-rokerer-i-toppen-vil-ansaette-fodboldboss\/\"]}]},{\"@type\":\"BreadcrumbList\",\"@id\":\"https:\/\/acefootball.com\/da\/fodboldnyheder\/soenderjyske-rokerer-i-toppen-vil-ansaette-fodboldboss\/#breadcrumb\",\"itemListElement\":[{\"@type\":\"ListItem\",\"position\":1,\"name\":\"Home\",\"item\":\"https:\/\/acefootball.com\/da\/\"},{\"@type\":\"ListItem\",\"position\":2,\"name\":\"S\u00f8nderjyskE rokerer i toppen: Vil ans\u00e6tte fodboldboss\"}]},{\"@type\":\"Article\",\"@id\":\"https:\/\/acefootball.com\/da\/fodboldnyheder\/soenderjyske-rokerer-i-toppen-vil-ansaette-fodboldboss\/#article\",\"isPartOf\":{\"@id\":\"https:\/\/acefootball.com\/da\/fodboldnyheder\/soenderjyske-rokerer-i-toppen-vil-ansaette-fodboldboss\/#webpage\"},\"author\":{\"@id\":\"https:\/\/acefootball.com\/da\/#\/schema\/person\/ee67e9cf04a276f144100ffa722f10cd\"},\"headline\":\"S\u00f8nderjyskE rokerer i toppen: Vil ans\u00e6tte fodboldboss\",\"datePublished\":\"2021-03-23T16:28:44+00:00\",\"dateModified\":\"2021-03-23T16:29:43+00:00\",\"mainEntityOfPage\":{\"@id\":\"https:\/\/acefootball.com\/da\/fodboldnyheder\/soenderjyske-rokerer-i-toppen-vil-ansaette-fodboldboss\/#webpage\"},\"wordCount\":208,\"commentCount\":0,\"publisher\":{\"@id\":\"https:\/\/acefootball.com\/da\/#organization\"},\"image\":{\"@id\":\"https:\/\/acefootball.com\/da\/fodboldnyheder\/soenderjyske-rokerer-i-toppen-vil-ansaette-fodboldboss\/#primaryimage\"},\"thumbnailUrl\":\"https:\/\/acefootball.com\/da\/wp-content\/uploads\/sites\/2\/2020\/09\/GettyImages-1228461088-1.jpg\",\"keywords\":[\"S\u00f8nderjyskE\",\"Superligaen\"],\"articleSection\":[\"Nyhed\"],\"inLanguage\":\"en-US\",\"potentialAction\":[{\"@type\":\"CommentAction\",\"name\":\"Comment\",\"target\":[\"https:\/\/acefootball.com\/da\/fodboldnyheder\/soenderjyske-rokerer-i-toppen-vil-ansaette-fodboldboss\/#respond\"]}]},{\"@type\":\"Person\",\"@id\":\"https:\/\/acefootball.com\/da\/#\/schema\/person\/ee67e9cf04a276f144100ffa722f10cd\",\"name\":\"Mads Dreyer\",\"image\":{\"@type\":\"ImageObject\",\"@id\":\"https:\/\/acefootball.com\/da\/#personlogo\",\"inLanguage\":\"en-US\",\"url\":\"https:\/\/secure.gravatar.com\/avatar\/7c7abf72cfde9902b6a60efe60c88d4c?s=96&d=mm&r=g\",\"contentUrl\":\"https:\/\/secure.gravatar.com\/avatar\/7c7abf72cfde9902b6a60efe60c88d4c?s=96&d=mm&r=g\",\"caption\":\"Mads Dreyer\"},\"description\":\"Skribent og fodboldn\u00f8rd, der lige nu fort\u00e6ller om alt og intet i fodboldverdenen p\u00e5 acefootball.com. Uddannet i kommunikation fra Aalborg Universitet.\",\"sameAs\":[\"https:\/\/www.linkedin.com\/in\/mads-dreyer-b9b08266\/\"],\"url\":\"https:\/\/acefootball.com\/da\/fodboldnyheder\/author\/mdnronaldo\/\"}]}<\/script>\n<!-- \/ Yoast SEO plugin. -->","yoast_head_json":{"title":"S\u00f8nderjyskE rokerer i toppen: Vil ans\u00e6tte fodboldboss","description":"S\u00f8nderjyskE meddeler, at man foretager \u00e6ndringer p\u00e5 ledelsesgangene, da der nu skal hentes en administrerende direkt\u00f8r ind","robots":{"index":"index","follow":"follow","max-snippet":"max-snippet:-1","max-image-preview":"max-image-preview:large","max-video-preview":"max-video-preview:-1"},"canonical":"https:\/\/acefootball.com\/da\/fodboldnyheder\/soenderjyske-rokerer-i-toppen-vil-ansaette-fodboldboss\/","og_locale":"en_US","og_type":"article","og_title":"S\u00f8nderjyskE rokerer i toppen: Vil ans\u00e6tte fodboldboss","og_description":"S\u00f8nderjyskE meddeler, at man foretager \u00e6ndringer p\u00e5 ledelsesgangene, da der nu skal hentes en administrerende direkt\u00f8r ind","og_url":"https:\/\/acefootball.com\/da\/fodboldnyheder\/soenderjyske-rokerer-i-toppen-vil-ansaette-fodboldboss\/","og_site_name":"Ace Football Danmark","article_publisher":"https:\/\/www.facebook.com\/acefootballdk","article_published_time":"2021-03-23T16:28:44+00:00","article_modified_time":"2021-03-23T16:29:43+00:00","og_image":[{"width":1920,"height":1008,"url":"https:\/\/acefootball.com\/da\/wp-content\/uploads\/sites\/2\/2021\/03\/Laes-mere-generel-89-2.jpg","type":"image\/jpeg"}],"twitter_card":"summary_large_image","twitter_misc":{"Written by":"Mads Dreyer","Est. reading time":"1 minute"},"schema":{"@context":"https:\/\/schema.org","@graph":[{"@type":"Organization","@id":"https:\/\/acefootball.com\/da\/#organization","name":"Ace Football","url":"https:\/\/acefootball.com\/da\/","sameAs":["https:\/\/www.facebook.com\/acefootballdk"],"logo":{"@type":"ImageObject","@id":"https:\/\/acefootball.com\/da\/#logo","inLanguage":"en-US","url":"https:\/\/acefootball.com\/da\/wp-content\/uploads\/sites\/2\/2020\/07\/Ace-Football-30-07-2020-2.png","contentUrl":"https:\/\/acefootball.com\/da\/wp-content\/uploads\/sites\/2\/2020\/07\/Ace-Football-30-07-2020-2.png","width":1200,"height":600,"caption":"Ace Football"},"image":{"@id":"https:\/\/acefootball.com\/da\/#logo"}},{"@type":"WebSite","@id":"https:\/\/acefootball.com\/da\/#website","url":"https:\/\/acefootball.com\/da\/","name":"Ace Football Danmark","description":"Nyheder, Spiltips &amp; Livescore","publisher":{"@id":"https:\/\/acefootball.com\/da\/#organization"},"potentialAction":[{"@type":"SearchAction","target":{"@type":"EntryPoint","urlTemplate":"https:\/\/acefootball.com\/da\/?s={search_term_string}"},"query-input":"required name=search_term_string"}],"inLanguage":"en-US"},{"@type":"ImageObject","@id":"https:\/\/acefootball.com\/da\/fodboldnyheder\/soenderjyske-rokerer-i-toppen-vil-ansaette-fodboldboss\/#primaryimage","inLanguage":"en-US","url":"https:\/\/acefootball.com\/da\/wp-content\/uploads\/sites\/2\/2021\/03\/Laes-mere-generel-89-2.jpg","contentUrl":"https:\/\/acefootball.com\/da\/wp-content\/uploads\/sites\/2\/2021\/03\/Laes-mere-generel-89-2.jpg","width":1920,"height":1008,"caption":"s\u00f8nderjyske"},{"@type":"WebPage","@id":"https:\/\/acefootball.com\/da\/fodboldnyheder\/soenderjyske-rokerer-i-toppen-vil-ansaette-fodboldboss\/#webpage","url":"https:\/\/acefootball.com\/da\/fodboldnyheder\/soenderjyske-rokerer-i-toppen-vil-ansaette-fodboldboss\/","name":"S\u00f8nderjyskE rokerer i toppen: Vil ans\u00e6tte fodboldboss","isPartOf":{"@id":"https:\/\/acefootball.com\/da\/#website"},"primaryImageOfPage":{"@id":"https:\/\/acefootball.com\/da\/fodboldnyheder\/soenderjyske-rokerer-i-toppen-vil-ansaette-fodboldboss\/#primaryimage"},"datePublished":"2021-03-23T16:28:44+00:00","dateModified":"2021-03-23T16:29:43+00:00","description":"S\u00f8nderjyskE meddeler, at man foretager \u00e6ndringer p\u00e5 ledelsesgangene, da der nu skal hentes en administrerende direkt\u00f8r ind","breadcrumb":{"@id":"https:\/\/acefootball.com\/da\/fodboldnyheder\/soenderjyske-rokerer-i-toppen-vil-ansaette-fodboldboss\/#breadcrumb"},"inLanguage":"en-US","potentialAction":[{"@type":"ReadAction","target":["https:\/\/acefootball.com\/da\/fodboldnyheder\/soenderjyske-rokerer-i-toppen-vil-ansaette-fodboldboss\/"]}]},{"@type":"BreadcrumbList","@id":"https:\/\/acefootball.com\/da\/fodboldnyheder\/soenderjyske-rokerer-i-toppen-vil-ansaette-fodboldboss\/#breadcrumb","itemListElement":[{"@type":"ListItem","position":1,"name":"Home","item":"https:\/\/acefootball.com\/da\/"},{"@type":"ListItem","position":2,"name":"S\u00f8nderjyskE rokerer i toppen: Vil ans\u00e6tte fodboldboss"}]},{"@type":"Article","@id":"https:\/\/acefootball.com\/da\/fodboldnyheder\/soenderjyske-rokerer-i-toppen-vil-ansaette-fodboldboss\/#article","isPartOf":{"@id":"https:\/\/acefootball.com\/da\/fodboldnyheder\/soenderjyske-rokerer-i-toppen-vil-ansaette-fodboldboss\/#webpage"},"author":{"@id":"https:\/\/acefootball.com\/da\/#\/schema\/person\/ee67e9cf04a276f144100ffa722f10cd"},"headline":"S\u00f8nderjyskE rokerer i toppen: Vil ans\u00e6tte fodboldboss","datePublished":"2021-03-23T16:28:44+00:00","dateModified":"2021-03-23T16:29:43+00:00","mainEntityOfPage":{"@id":"https:\/\/acefootball.com\/da\/fodboldnyheder\/soenderjyske-rokerer-i-toppen-vil-ansaette-fodboldboss\/#webpage"},"wordCount":208,"commentCount":0,"publisher":{"@id":"https:\/\/acefootball.com\/da\/#organization"},"image":{"@id":"https:\/\/acefootball.com\/da\/fodboldnyheder\/soenderjyske-rokerer-i-toppen-vil-ansaette-fodboldboss\/#primaryimage"},"thumbnailUrl":"https:\/\/acefootball.com\/da\/wp-content\/uploads\/sites\/2\/2020\/09\/GettyImages-1228461088-1.jpg","keywords":["S\u00f8nderjyskE","Superligaen"],"articleSection":["Nyhed"],"inLanguage":"en-US","potentialAction":[{"@type":"CommentAction","name":"Comment","target":["https:\/\/acefootball.com\/da\/fodboldnyheder\/soenderjyske-rokerer-i-toppen-vil-ansaette-fodboldboss\/#respond"]}]},{"@type":"Person","@id":"https:\/\/acefootball.com\/da\/#\/schema\/person\/ee67e9cf04a276f144100ffa722f10cd","name":"Mads Dreyer","image":{"@type":"ImageObject","@id":"https:\/\/acefootball.com\/da\/#personlogo","inLanguage":"en-US","url":"https:\/\/secure.gravatar.com\/avatar\/7c7abf72cfde9902b6a60efe60c88d4c?s=96&d=mm&r=g","contentUrl":"https:\/\/secure.gravatar.com\/avatar\/7c7abf72cfde9902b6a60efe60c88d4c?s=96&d=mm&r=g","caption":"Mads Dreyer"},"description":"Skribent og fodboldn\u00f8rd, der lige nu fort\u00e6ller om alt og intet i fodboldverdenen p\u00e5 acefootball.com. Uddannet i kommunikation fra Aalborg Universitet.","sameAs":["https:\/\/www.linkedin.com\/in\/mads-dreyer-b9b08266\/"],"url":"https:\/\/acefootball.com\/da\/fodboldnyheder\/author\/mdnronaldo\/"}]}},"fimg_url":"https:\/\/acefootball.com\/da\/wp-content\/uploads\/sites\/2\/2020\/09\/GettyImages-1228461088-1.jpg","_links":{"self":[{"href":"https:\/\/acefootball.com\/da\/wp-json\/wp\/v2\/posts\/255497"}],"collection":[{"href":"https:\/\/acefootball.com\/da\/wp-json\/wp\/v2\/posts"}],"about":[{"href":"https:\/\/acefootball.com\/da\/wp-json\/wp\/v2\/types\/post"}],"author":[{"embeddable":true,"href":"https:\/\/acefootball.com\/da\/wp-json\/wp\/v2\/users\/705"}],"replies":[{"embeddable":true,"href":"https:\/\/acefootball.com\/da\/wp-json\/wp\/v2\/comments?post=255497"}],"version-history":[{"count":0,"href":"https:\/\/acefootball.com\/da\/wp-json\/wp\/v2\/posts\/255497\/revisions"}],"wp:featuredmedia":[{"embeddable":true,"href":"https:\/\/acefootball.com\/da\/wp-json\/wp\/v2\/media\/238314"}],"wp:attachment":[{"href":"https:\/\/acefootball.com\/da\/wp-json\/wp\/v2\/media?parent=255497"}],"wp:term":[{"taxonomy":"category","embeddable":true,"href":"https:\/\/acefootball.com\/da\/wp-json\/wp\/v2\/categories?post=255497"},{"taxonomy":"post_tag","embeddable":true,"href":"https:\/\/acefootball.com\/da\/wp-json\/wp\/v2\/tags?post=255497"}],"curies":[{"name":"wp","href":"https:\/\/api.w.org\/{rel}","templated":true}]}}