{"id":255484,"date":"2021-03-23T15:26:55","date_gmt":"2021-03-23T14:26:55","guid":{"rendered":"https:\/\/acefootball.com\/da\/?p=255484"},"modified":"2021-03-23T15:26:56","modified_gmt":"2021-03-23T14:26:56","slug":"fc-koebenhavn-siger-farvel-til-endnu-et-bestyrelsesmedlem","status":"publish","type":"post","link":"https:\/\/acefootball.com\/da\/fodboldnyheder\/fc-koebenhavn-siger-farvel-til-endnu-et-bestyrelsesmedlem\/","title":{"rendered":"FC K\u00f8benhavn siger farvel til endnu et bestyrelsesmedlem"},"content":{"rendered":"\n<h2 id=\"h-medejer-karl-peter-korsgaard-s-rensen-tr-der-ligesom-formand-bo-rygaard-ud-af-parkens-bestyrelse-ved-n-ste-generalforsamling\">Medejer Karl Peter Korsgaard S\u00f8rensen tr\u00e6der ligesom formand Bo Rygaard ud af Parkens bestyrelse ved n\u00e6ste generalforsamling<\/h2>\n\n\n\n<p>Formand i Parken Sport &amp; Entertainment, der er selskabet bag FC K\u00f8benhavn, meddelte tidligere p\u00e5 \u00e5ret, at han tr\u00e6der tilbage fra sin stilling.<\/p>\n\n\n\n<p>Men Rygaard er ikke den eneste, der har valgt ikke at genopstille til bestyrelsens generalforsamling i april. I <a href=\"https:\/\/www.parken.dk\/sites\/default\/files\/PARKEN%20Sport%20og%20Entertainment%20AS%20-%20Indkaldelse%20til%20generalforsamling%202021%20-%20FINAL.pdf\" target=\"_blank\" rel=\"noreferrer noopener\">indkaldelsen <\/a>fremg\u00e5r det ogs\u00e5, at medejer Karl Peter Korsgaard S\u00f8rensen heller ikke forts\u00e6tter i sit virke.<\/p>\n\n\n\n<p>Derimod bliver Klaus Gad indstillet til en plads ved bordet i PSE. Gad har ingen aktier i selskabet, men kan ses som en stedfortr\u00e6der til Korsgaard S\u00f8rensen, da de har forretningsm\u00e6ssige relationer.<\/p>\n\n\n\n<p>&#8220;Tidligere advokat med speciale i fast ejendom, herunder s\u00e6rligt med erfaring indenfor ejendomsudvikling samt k\u00f8b og salg af fast ejendom,&#8221; lyder beskrivelsen af Klaus Gad i indkaldelsens bilag.<\/p>\n\n\n\n<p>Generalforsamlingen i Parken Sport &amp; Entertainment afholdes mandag den 19. april.<\/p>\n","protected":false},"excerpt":{"rendered":"<p>Medejer Karl Peter Korsgaard S\u00f8rensen tr\u00e6der ligesom formand Bo Rygaard ud af Parkens bestyrelse ved n\u00e6ste generalforsamling<\/p>\n","protected":false},"author":705,"featured_media":251278,"comment_status":"open","ping_status":"closed","sticky":false,"template":"","format":"standard","meta":{"om_disable_all_campaigns":false,"push_articles_ronaldo":{"active":false,"canonical":0,"publish":false},"force_updates":null},"categories":[1],"tags":[16,588],"enet_tags":{"team":["8391"],"league":["46"],"sport_events":[]},"yoast_head":"<!-- This site is optimized with the Yoast SEO plugin v18.3 - https:\/\/yoast.com\/wordpress\/plugins\/seo\/ -->\n<title>FC K\u00f8benhavn siger farvel til endnu et bestyrelsesmedlem<\/title>\n<meta name=\"description\" content=\"Medejer Karl Peter Korsgaard S\u00f8rensen tr\u00e6der ligesom formand Bo Rygaard ud af Parkens bestyrelse ved n\u00e6ste generalforsamling\" \/>\n<meta name=\"robots\" content=\"index, follow, max-snippet:-1, max-image-preview:large, max-video-preview:-1\" \/>\n<link rel=\"canonical\" href=\"https:\/\/acefootball.com\/da\/fodboldnyheder\/fc-koebenhavn-siger-farvel-til-endnu-et-bestyrelsesmedlem\/\" \/>\n<meta property=\"og:locale\" content=\"en_US\" \/>\n<meta property=\"og:type\" content=\"article\" \/>\n<meta property=\"og:title\" content=\"FC K\u00f8benhavn siger farvel til endnu et bestyrelsesmedlem\" \/>\n<meta property=\"og:description\" content=\"Medejer Karl Peter Korsgaard S\u00f8rensen tr\u00e6der ligesom formand Bo Rygaard ud af Parkens bestyrelse ved n\u00e6ste generalforsamling\" \/>\n<meta property=\"og:url\" content=\"https:\/\/acefootball.com\/da\/fodboldnyheder\/fc-koebenhavn-siger-farvel-til-endnu-et-bestyrelsesmedlem\/\" \/>\n<meta property=\"og:site_name\" content=\"Ace Football Danmark\" \/>\n<meta property=\"article:publisher\" content=\"https:\/\/www.facebook.com\/acefootballdk\" \/>\n<meta property=\"article:published_time\" content=\"2021-03-23T14:26:55+00:00\" \/>\n<meta property=\"article:modified_time\" content=\"2021-03-23T14:26:56+00:00\" \/>\n<meta property=\"og:image\" content=\"https:\/\/acefootball.com\/da\/wp-content\/uploads\/sites\/2\/2021\/03\/FCK-31-1.jpg\" \/>\n\t<meta property=\"og:image:width\" content=\"1920\" \/>\n\t<meta property=\"og:image:height\" content=\"1008\" \/>\n\t<meta property=\"og:image:type\" content=\"image\/jpeg\" \/>\n<meta name=\"twitter:card\" content=\"summary_large_image\" \/>\n<meta name=\"twitter:label1\" content=\"Written by\" \/>\n\t<meta name=\"twitter:data1\" content=\"Mads Dreyer\" \/>\n\t<meta name=\"twitter:label2\" content=\"Est. reading time\" \/>\n\t<meta name=\"twitter:data2\" content=\"1 minute\" \/>\n<script type=\"application\/ld+json\" class=\"yoast-schema-graph\">{\"@context\":\"https:\/\/schema.org\",\"@graph\":[{\"@type\":\"Organization\",\"@id\":\"https:\/\/acefootball.com\/da\/#organization\",\"name\":\"Ace Football\",\"url\":\"https:\/\/acefootball.com\/da\/\",\"sameAs\":[\"https:\/\/www.facebook.com\/acefootballdk\"],\"logo\":{\"@type\":\"ImageObject\",\"@id\":\"https:\/\/acefootball.com\/da\/#logo\",\"inLanguage\":\"en-US\",\"url\":\"https:\/\/acefootball.com\/da\/wp-content\/uploads\/sites\/2\/2020\/07\/Ace-Football-30-07-2020-2.png\",\"contentUrl\":\"https:\/\/acefootball.com\/da\/wp-content\/uploads\/sites\/2\/2020\/07\/Ace-Football-30-07-2020-2.png\",\"width\":1200,\"height\":600,\"caption\":\"Ace Football\"},\"image\":{\"@id\":\"https:\/\/acefootball.com\/da\/#logo\"}},{\"@type\":\"WebSite\",\"@id\":\"https:\/\/acefootball.com\/da\/#website\",\"url\":\"https:\/\/acefootball.com\/da\/\",\"name\":\"Ace Football Danmark\",\"description\":\"Nyheder, Spiltips &amp; Livescore\",\"publisher\":{\"@id\":\"https:\/\/acefootball.com\/da\/#organization\"},\"potentialAction\":[{\"@type\":\"SearchAction\",\"target\":{\"@type\":\"EntryPoint\",\"urlTemplate\":\"https:\/\/acefootball.com\/da\/?s={search_term_string}\"},\"query-input\":\"required name=search_term_string\"}],\"inLanguage\":\"en-US\"},{\"@type\":\"ImageObject\",\"@id\":\"https:\/\/acefootball.com\/da\/fodboldnyheder\/fc-koebenhavn-siger-farvel-til-endnu-et-bestyrelsesmedlem\/#primaryimage\",\"inLanguage\":\"en-US\",\"url\":\"https:\/\/acefootball.com\/da\/wp-content\/uploads\/sites\/2\/2021\/03\/FCK-31-1.jpg\",\"contentUrl\":\"https:\/\/acefootball.com\/da\/wp-content\/uploads\/sites\/2\/2021\/03\/FCK-31-1.jpg\",\"width\":1920,\"height\":1008,\"caption\":\"Parken\"},{\"@type\":\"WebPage\",\"@id\":\"https:\/\/acefootball.com\/da\/fodboldnyheder\/fc-koebenhavn-siger-farvel-til-endnu-et-bestyrelsesmedlem\/#webpage\",\"url\":\"https:\/\/acefootball.com\/da\/fodboldnyheder\/fc-koebenhavn-siger-farvel-til-endnu-et-bestyrelsesmedlem\/\",\"name\":\"FC K\u00f8benhavn siger farvel til endnu et bestyrelsesmedlem\",\"isPartOf\":{\"@id\":\"https:\/\/acefootball.com\/da\/#website\"},\"primaryImageOfPage\":{\"@id\":\"https:\/\/acefootball.com\/da\/fodboldnyheder\/fc-koebenhavn-siger-farvel-til-endnu-et-bestyrelsesmedlem\/#primaryimage\"},\"datePublished\":\"2021-03-23T14:26:55+00:00\",\"dateModified\":\"2021-03-23T14:26:56+00:00\",\"description\":\"Medejer Karl Peter Korsgaard S\u00f8rensen tr\u00e6der ligesom formand Bo Rygaard ud af Parkens bestyrelse ved n\u00e6ste generalforsamling\",\"breadcrumb\":{\"@id\":\"https:\/\/acefootball.com\/da\/fodboldnyheder\/fc-koebenhavn-siger-farvel-til-endnu-et-bestyrelsesmedlem\/#breadcrumb\"},\"inLanguage\":\"en-US\",\"potentialAction\":[{\"@type\":\"ReadAction\",\"target\":[\"https:\/\/acefootball.com\/da\/fodboldnyheder\/fc-koebenhavn-siger-farvel-til-endnu-et-bestyrelsesmedlem\/\"]}]},{\"@type\":\"BreadcrumbList\",\"@id\":\"https:\/\/acefootball.com\/da\/fodboldnyheder\/fc-koebenhavn-siger-farvel-til-endnu-et-bestyrelsesmedlem\/#breadcrumb\",\"itemListElement\":[{\"@type\":\"ListItem\",\"position\":1,\"name\":\"Home\",\"item\":\"https:\/\/acefootball.com\/da\/\"},{\"@type\":\"ListItem\",\"position\":2,\"name\":\"FC K\u00f8benhavn siger farvel til endnu et bestyrelsesmedlem\"}]},{\"@type\":\"Article\",\"@id\":\"https:\/\/acefootball.com\/da\/fodboldnyheder\/fc-koebenhavn-siger-farvel-til-endnu-et-bestyrelsesmedlem\/#article\",\"isPartOf\":{\"@id\":\"https:\/\/acefootball.com\/da\/fodboldnyheder\/fc-koebenhavn-siger-farvel-til-endnu-et-bestyrelsesmedlem\/#webpage\"},\"author\":{\"@id\":\"https:\/\/acefootball.com\/da\/#\/schema\/person\/ee67e9cf04a276f144100ffa722f10cd\"},\"headline\":\"FC K\u00f8benhavn siger farvel til endnu et bestyrelsesmedlem\",\"datePublished\":\"2021-03-23T14:26:55+00:00\",\"dateModified\":\"2021-03-23T14:26:56+00:00\",\"mainEntityOfPage\":{\"@id\":\"https:\/\/acefootball.com\/da\/fodboldnyheder\/fc-koebenhavn-siger-farvel-til-endnu-et-bestyrelsesmedlem\/#webpage\"},\"wordCount\":166,\"commentCount\":0,\"publisher\":{\"@id\":\"https:\/\/acefootball.com\/da\/#organization\"},\"image\":{\"@id\":\"https:\/\/acefootball.com\/da\/fodboldnyheder\/fc-koebenhavn-siger-farvel-til-endnu-et-bestyrelsesmedlem\/#primaryimage\"},\"thumbnailUrl\":\"https:\/\/acefootball.com\/da\/wp-content\/uploads\/sites\/2\/2021\/02\/GettyImages-1218203754.jpg\",\"keywords\":[\"FC K\u00f8benhavn\",\"Superligaen\"],\"articleSection\":[\"Nyhed\"],\"inLanguage\":\"en-US\",\"potentialAction\":[{\"@type\":\"CommentAction\",\"name\":\"Comment\",\"target\":[\"https:\/\/acefootball.com\/da\/fodboldnyheder\/fc-koebenhavn-siger-farvel-til-endnu-et-bestyrelsesmedlem\/#respond\"]}]},{\"@type\":\"Person\",\"@id\":\"https:\/\/acefootball.com\/da\/#\/schema\/person\/ee67e9cf04a276f144100ffa722f10cd\",\"name\":\"Mads Dreyer\",\"image\":{\"@type\":\"ImageObject\",\"@id\":\"https:\/\/acefootball.com\/da\/#personlogo\",\"inLanguage\":\"en-US\",\"url\":\"https:\/\/secure.gravatar.com\/avatar\/7c7abf72cfde9902b6a60efe60c88d4c?s=96&d=mm&r=g\",\"contentUrl\":\"https:\/\/secure.gravatar.com\/avatar\/7c7abf72cfde9902b6a60efe60c88d4c?s=96&d=mm&r=g\",\"caption\":\"Mads Dreyer\"},\"description\":\"Skribent og fodboldn\u00f8rd, der lige nu fort\u00e6ller om alt og intet i fodboldverdenen p\u00e5 acefootball.com. Uddannet i kommunikation fra Aalborg Universitet.\",\"sameAs\":[\"https:\/\/www.linkedin.com\/in\/mads-dreyer-b9b08266\/\"],\"url\":\"https:\/\/acefootball.com\/da\/fodboldnyheder\/author\/mdnronaldo\/\"}]}<\/script>\n<!-- \/ Yoast SEO plugin. -->","yoast_head_json":{"title":"FC K\u00f8benhavn siger farvel til endnu et bestyrelsesmedlem","description":"Medejer Karl Peter Korsgaard S\u00f8rensen tr\u00e6der ligesom formand Bo Rygaard ud af Parkens bestyrelse ved n\u00e6ste generalforsamling","robots":{"index":"index","follow":"follow","max-snippet":"max-snippet:-1","max-image-preview":"max-image-preview:large","max-video-preview":"max-video-preview:-1"},"canonical":"https:\/\/acefootball.com\/da\/fodboldnyheder\/fc-koebenhavn-siger-farvel-til-endnu-et-bestyrelsesmedlem\/","og_locale":"en_US","og_type":"article","og_title":"FC K\u00f8benhavn siger farvel til endnu et bestyrelsesmedlem","og_description":"Medejer Karl Peter Korsgaard S\u00f8rensen tr\u00e6der ligesom formand Bo Rygaard ud af Parkens bestyrelse ved n\u00e6ste generalforsamling","og_url":"https:\/\/acefootball.com\/da\/fodboldnyheder\/fc-koebenhavn-siger-farvel-til-endnu-et-bestyrelsesmedlem\/","og_site_name":"Ace Football Danmark","article_publisher":"https:\/\/www.facebook.com\/acefootballdk","article_published_time":"2021-03-23T14:26:55+00:00","article_modified_time":"2021-03-23T14:26:56+00:00","og_image":[{"width":1920,"height":1008,"url":"https:\/\/acefootball.com\/da\/wp-content\/uploads\/sites\/2\/2021\/03\/FCK-31-1.jpg","type":"image\/jpeg"}],"twitter_card":"summary_large_image","twitter_misc":{"Written by":"Mads Dreyer","Est. reading time":"1 minute"},"schema":{"@context":"https:\/\/schema.org","@graph":[{"@type":"Organization","@id":"https:\/\/acefootball.com\/da\/#organization","name":"Ace Football","url":"https:\/\/acefootball.com\/da\/","sameAs":["https:\/\/www.facebook.com\/acefootballdk"],"logo":{"@type":"ImageObject","@id":"https:\/\/acefootball.com\/da\/#logo","inLanguage":"en-US","url":"https:\/\/acefootball.com\/da\/wp-content\/uploads\/sites\/2\/2020\/07\/Ace-Football-30-07-2020-2.png","contentUrl":"https:\/\/acefootball.com\/da\/wp-content\/uploads\/sites\/2\/2020\/07\/Ace-Football-30-07-2020-2.png","width":1200,"height":600,"caption":"Ace Football"},"image":{"@id":"https:\/\/acefootball.com\/da\/#logo"}},{"@type":"WebSite","@id":"https:\/\/acefootball.com\/da\/#website","url":"https:\/\/acefootball.com\/da\/","name":"Ace Football Danmark","description":"Nyheder, Spiltips &amp; Livescore","publisher":{"@id":"https:\/\/acefootball.com\/da\/#organization"},"potentialAction":[{"@type":"SearchAction","target":{"@type":"EntryPoint","urlTemplate":"https:\/\/acefootball.com\/da\/?s={search_term_string}"},"query-input":"required name=search_term_string"}],"inLanguage":"en-US"},{"@type":"ImageObject","@id":"https:\/\/acefootball.com\/da\/fodboldnyheder\/fc-koebenhavn-siger-farvel-til-endnu-et-bestyrelsesmedlem\/#primaryimage","inLanguage":"en-US","url":"https:\/\/acefootball.com\/da\/wp-content\/uploads\/sites\/2\/2021\/03\/FCK-31-1.jpg","contentUrl":"https:\/\/acefootball.com\/da\/wp-content\/uploads\/sites\/2\/2021\/03\/FCK-31-1.jpg","width":1920,"height":1008,"caption":"Parken"},{"@type":"WebPage","@id":"https:\/\/acefootball.com\/da\/fodboldnyheder\/fc-koebenhavn-siger-farvel-til-endnu-et-bestyrelsesmedlem\/#webpage","url":"https:\/\/acefootball.com\/da\/fodboldnyheder\/fc-koebenhavn-siger-farvel-til-endnu-et-bestyrelsesmedlem\/","name":"FC K\u00f8benhavn siger farvel til endnu et bestyrelsesmedlem","isPartOf":{"@id":"https:\/\/acefootball.com\/da\/#website"},"primaryImageOfPage":{"@id":"https:\/\/acefootball.com\/da\/fodboldnyheder\/fc-koebenhavn-siger-farvel-til-endnu-et-bestyrelsesmedlem\/#primaryimage"},"datePublished":"2021-03-23T14:26:55+00:00","dateModified":"2021-03-23T14:26:56+00:00","description":"Medejer Karl Peter Korsgaard S\u00f8rensen tr\u00e6der ligesom formand Bo Rygaard ud af Parkens bestyrelse ved n\u00e6ste generalforsamling","breadcrumb":{"@id":"https:\/\/acefootball.com\/da\/fodboldnyheder\/fc-koebenhavn-siger-farvel-til-endnu-et-bestyrelsesmedlem\/#breadcrumb"},"inLanguage":"en-US","potentialAction":[{"@type":"ReadAction","target":["https:\/\/acefootball.com\/da\/fodboldnyheder\/fc-koebenhavn-siger-farvel-til-endnu-et-bestyrelsesmedlem\/"]}]},{"@type":"BreadcrumbList","@id":"https:\/\/acefootball.com\/da\/fodboldnyheder\/fc-koebenhavn-siger-farvel-til-endnu-et-bestyrelsesmedlem\/#breadcrumb","itemListElement":[{"@type":"ListItem","position":1,"name":"Home","item":"https:\/\/acefootball.com\/da\/"},{"@type":"ListItem","position":2,"name":"FC K\u00f8benhavn siger farvel til endnu et bestyrelsesmedlem"}]},{"@type":"Article","@id":"https:\/\/acefootball.com\/da\/fodboldnyheder\/fc-koebenhavn-siger-farvel-til-endnu-et-bestyrelsesmedlem\/#article","isPartOf":{"@id":"https:\/\/acefootball.com\/da\/fodboldnyheder\/fc-koebenhavn-siger-farvel-til-endnu-et-bestyrelsesmedlem\/#webpage"},"author":{"@id":"https:\/\/acefootball.com\/da\/#\/schema\/person\/ee67e9cf04a276f144100ffa722f10cd"},"headline":"FC K\u00f8benhavn siger farvel til endnu et bestyrelsesmedlem","datePublished":"2021-03-23T14:26:55+00:00","dateModified":"2021-03-23T14:26:56+00:00","mainEntityOfPage":{"@id":"https:\/\/acefootball.com\/da\/fodboldnyheder\/fc-koebenhavn-siger-farvel-til-endnu-et-bestyrelsesmedlem\/#webpage"},"wordCount":166,"commentCount":0,"publisher":{"@id":"https:\/\/acefootball.com\/da\/#organization"},"image":{"@id":"https:\/\/acefootball.com\/da\/fodboldnyheder\/fc-koebenhavn-siger-farvel-til-endnu-et-bestyrelsesmedlem\/#primaryimage"},"thumbnailUrl":"https:\/\/acefootball.com\/da\/wp-content\/uploads\/sites\/2\/2021\/02\/GettyImages-1218203754.jpg","keywords":["FC K\u00f8benhavn","Superligaen"],"articleSection":["Nyhed"],"inLanguage":"en-US","potentialAction":[{"@type":"CommentAction","name":"Comment","target":["https:\/\/acefootball.com\/da\/fodboldnyheder\/fc-koebenhavn-siger-farvel-til-endnu-et-bestyrelsesmedlem\/#respond"]}]},{"@type":"Person","@id":"https:\/\/acefootball.com\/da\/#\/schema\/person\/ee67e9cf04a276f144100ffa722f10cd","name":"Mads Dreyer","image":{"@type":"ImageObject","@id":"https:\/\/acefootball.com\/da\/#personlogo","inLanguage":"en-US","url":"https:\/\/secure.gravatar.com\/avatar\/7c7abf72cfde9902b6a60efe60c88d4c?s=96&d=mm&r=g","contentUrl":"https:\/\/secure.gravatar.com\/avatar\/7c7abf72cfde9902b6a60efe60c88d4c?s=96&d=mm&r=g","caption":"Mads Dreyer"},"description":"Skribent og fodboldn\u00f8rd, der lige nu fort\u00e6ller om alt og intet i fodboldverdenen p\u00e5 acefootball.com. Uddannet i kommunikation fra Aalborg Universitet.","sameAs":["https:\/\/www.linkedin.com\/in\/mads-dreyer-b9b08266\/"],"url":"https:\/\/acefootball.com\/da\/fodboldnyheder\/author\/mdnronaldo\/"}]}},"fimg_url":"https:\/\/acefootball.com\/da\/wp-content\/uploads\/sites\/2\/2021\/02\/GettyImages-1218203754.jpg","_links":{"self":[{"href":"https:\/\/acefootball.com\/da\/wp-json\/wp\/v2\/posts\/255484"}],"collection":[{"href":"https:\/\/acefootball.com\/da\/wp-json\/wp\/v2\/posts"}],"about":[{"href":"https:\/\/acefootball.com\/da\/wp-json\/wp\/v2\/types\/post"}],"author":[{"embeddable":true,"href":"https:\/\/acefootball.com\/da\/wp-json\/wp\/v2\/users\/705"}],"replies":[{"embeddable":true,"href":"https:\/\/acefootball.com\/da\/wp-json\/wp\/v2\/comments?post=255484"}],"version-history":[{"count":0,"href":"https:\/\/acefootball.com\/da\/wp-json\/wp\/v2\/posts\/255484\/revisions"}],"wp:featuredmedia":[{"embeddable":true,"href":"https:\/\/acefootball.com\/da\/wp-json\/wp\/v2\/media\/251278"}],"wp:attachment":[{"href":"https:\/\/acefootball.com\/da\/wp-json\/wp\/v2\/media?parent=255484"}],"wp:term":[{"taxonomy":"category","embeddable":true,"href":"https:\/\/acefootball.com\/da\/wp-json\/wp\/v2\/categories?post=255484"},{"taxonomy":"post_tag","embeddable":true,"href":"https:\/\/acefootball.com\/da\/wp-json\/wp\/v2\/tags?post=255484"}],"curies":[{"name":"wp","href":"https:\/\/api.w.org\/{rel}","templated":true}]}}