{"id":255432,"date":"2021-03-22T22:48:42","date_gmt":"2021-03-22T21:48:42","guid":{"rendered":"https:\/\/acefootball.com\/da\/?p=255432"},"modified":"2021-03-22T22:48:42","modified_gmt":"2021-03-22T21:48:42","slug":"email-koks-skyld-i-bayern-angribers-manglende-landsholdsudtagelse","status":"publish","type":"post","link":"https:\/\/acefootball.com\/da\/fodboldnyheder\/email-koks-skyld-i-bayern-angribers-manglende-landsholdsudtagelse\/","title":{"rendered":"Email-koks skyld i Bayern-angribers manglende landsholdsudtagelse"},"content":{"rendered":"\n<h2 id=\"h-bayern-m-nchens-eric-maxim-choupo-moting-er-ved-en-fejl-ikke-blevet-udtaget-til-det-camerounske-landshold\">Bayern M\u00fcnchens Eric-Maxim Choupo-Moting er ved en fejl ikke blevet udtaget til det camerounske landshold<\/h2>\n\n\n\n<p>Eric-Maxim Choupo-Moting skulle have v\u00e6ret med Cameroun p\u00e5 landsholdsopgave i denne uge, men Bayern M\u00fcnchen-angriberen m\u00e5 blive hjem.<\/p>\n\n\n\n<p>Ikke p\u00e5 grund af skade eller nogen anden fornuftig forklaring, men i stedet fordi der er sket en gevaldig misforst\u00e5else mellem parterne.<\/p>\n\n\n\n<p>Cameroun p\u00e5st\u00e5r, at de aldrig fik et svar tilbage fra invitationen, men det er noget v\u00e6rre v\u00e5s if\u00f8lge Choupo-Motings far og agent.<\/p>\n\n\n\n<figure class=\"wp-block-embed is-type-wp-embed is-provider-ace-football-danmark wp-block-embed-ace-football-danmark\"><div class=\"wp-block-embed__wrapper\">\n<blockquote class=\"wp-embedded-content\" data-secret=\"4TaDvs2rFI\"><a href=\"https:\/\/acefootball.com\/da\/fodboldnyheder\/genialt-lader-som-om-han-forstaar-nordkoreanske-instrukser\/\">GENIALT: Lader som om han forst\u00e5r nordkoreanske instrukser<\/a><\/blockquote><iframe class=\"wp-embedded-content\" sandbox=\"allow-scripts\" security=\"restricted\" style=\"position: absolute; clip: rect(1px, 1px, 1px, 1px);\" title=\"&#8220;GENIALT: Lader som om han forst\u00e5r nordkoreanske instrukser&#8221; &#8212; Ace Football Danmark\" src=\"https:\/\/acefootball.com\/da\/fodboldnyheder\/genialt-lader-som-om-han-forstaar-nordkoreanske-instrukser\/embed\/#?secret=4TaDvs2rFI\" data-secret=\"4TaDvs2rFI\" width=\"600\" height=\"338\" frameborder=\"0\" marginwidth=\"0\" marginheight=\"0\" scrolling=\"no\"><\/iframe>\n<\/div><\/figure>\n\n\n\n<p>&#8220;Jeg blev kontaktet af fodboldforbundet for at finde ud af, hvad der foreg\u00e5r. S\u00e5 kontaktede jeg Bayern, og de fortalte mig, at de aldrig havde modtaget en invitation,&#8221; udtaler han til Naja TV if\u00f8lge <a href=\"https:\/\/www.tz.de\/sport\/fc-bayern\/fc-bayern-muenchen-nationalelf-eric-maxim-choupo-moting-kamerun-vater-90255609.html\" target=\"_blank\" rel=\"noreferrer noopener\">tz.de<\/a>.<\/p>\n\n\n\n<p>&#8220;Det ser ud til, at de sendte den til en forkert email-adresse. Efter min mening er det manglende professionalisme. N\u00e5r man sender invitationer, skal man v\u00e6re sikker p\u00e5, at det er til den rigtige adresse.&#8221;<\/p>\n\n\n\n<p>Eric-Maxim Choupo-Moting kan nu i stedet forberede sig p\u00e5 n\u00e6ste Bayern-opgave, der er intet mindre end en udekamp mod RB Leipzig.<\/p>\n","protected":false},"excerpt":{"rendered":"<p>Bayern M\u00fcnchens Eric-Maxim Choupo-Moting er ved en fejl ikke blevet udtaget til det camerounske landshold<\/p>\n","protected":false},"author":705,"featured_media":255433,"comment_status":"open","ping_status":"closed","sticky":false,"template":"","format":"standard","meta":{"om_disable_all_campaigns":false,"push_articles_ronaldo":{"active":false,"canonical":0,"publish":false},"force_updates":null},"categories":[1],"tags":[74,143,5047],"enet_tags":{"team":["9823"],"league":["54"],"player":["95082"],"sport_events":[]},"yoast_head":"<!-- This site is optimized with the Yoast SEO plugin v18.3 - https:\/\/yoast.com\/wordpress\/plugins\/seo\/ -->\n<title>Email-koks skyld i Bayern-angribers manglende landsholdsudtagelse<\/title>\n<meta name=\"description\" content=\"Bayern M\u00fcnchens Eric-Maxim Choupo-Moting er ved en fejl ikke blevet udtaget til det camerounske landshold\" \/>\n<meta name=\"robots\" content=\"index, follow, max-snippet:-1, max-image-preview:large, max-video-preview:-1\" \/>\n<link rel=\"canonical\" href=\"https:\/\/acefootball.com\/da\/fodboldnyheder\/email-koks-skyld-i-bayern-angribers-manglende-landsholdsudtagelse\/\" \/>\n<meta property=\"og:locale\" content=\"en_US\" \/>\n<meta property=\"og:type\" content=\"article\" \/>\n<meta property=\"og:title\" content=\"Email-koks skyld i Bayern-angribers manglende landsholdsudtagelse\" \/>\n<meta property=\"og:description\" content=\"Bayern M\u00fcnchens Eric-Maxim Choupo-Moting er ved en fejl ikke blevet udtaget til det camerounske landshold\" \/>\n<meta property=\"og:url\" content=\"https:\/\/acefootball.com\/da\/fodboldnyheder\/email-koks-skyld-i-bayern-angribers-manglende-landsholdsudtagelse\/\" \/>\n<meta property=\"og:site_name\" content=\"Ace Football Danmark\" \/>\n<meta property=\"article:publisher\" content=\"https:\/\/www.facebook.com\/acefootballdk\" \/>\n<meta property=\"article:published_time\" content=\"2021-03-22T21:48:42+00:00\" \/>\n<meta property=\"og:image\" content=\"https:\/\/acefootball.com\/da\/wp-content\/uploads\/sites\/2\/2021\/03\/Laes-mere-generel-85-1.jpg\" \/>\n\t<meta property=\"og:image:width\" content=\"1920\" \/>\n\t<meta property=\"og:image:height\" content=\"1008\" \/>\n\t<meta property=\"og:image:type\" content=\"image\/jpeg\" \/>\n<meta name=\"twitter:card\" content=\"summary_large_image\" \/>\n<meta name=\"twitter:label1\" content=\"Written by\" \/>\n\t<meta name=\"twitter:data1\" content=\"Mads Dreyer\" \/>\n\t<meta name=\"twitter:label2\" content=\"Est. reading time\" \/>\n\t<meta name=\"twitter:data2\" content=\"1 minute\" \/>\n<script type=\"application\/ld+json\" class=\"yoast-schema-graph\">{\"@context\":\"https:\/\/schema.org\",\"@graph\":[{\"@type\":\"Organization\",\"@id\":\"https:\/\/acefootball.com\/da\/#organization\",\"name\":\"Ace Football\",\"url\":\"https:\/\/acefootball.com\/da\/\",\"sameAs\":[\"https:\/\/www.facebook.com\/acefootballdk\"],\"logo\":{\"@type\":\"ImageObject\",\"@id\":\"https:\/\/acefootball.com\/da\/#logo\",\"inLanguage\":\"en-US\",\"url\":\"https:\/\/acefootball.com\/da\/wp-content\/uploads\/sites\/2\/2020\/07\/Ace-Football-30-07-2020-2.png\",\"contentUrl\":\"https:\/\/acefootball.com\/da\/wp-content\/uploads\/sites\/2\/2020\/07\/Ace-Football-30-07-2020-2.png\",\"width\":1200,\"height\":600,\"caption\":\"Ace Football\"},\"image\":{\"@id\":\"https:\/\/acefootball.com\/da\/#logo\"}},{\"@type\":\"WebSite\",\"@id\":\"https:\/\/acefootball.com\/da\/#website\",\"url\":\"https:\/\/acefootball.com\/da\/\",\"name\":\"Ace Football Danmark\",\"description\":\"Nyheder, Spiltips &amp; Livescore\",\"publisher\":{\"@id\":\"https:\/\/acefootball.com\/da\/#organization\"},\"potentialAction\":[{\"@type\":\"SearchAction\",\"target\":{\"@type\":\"EntryPoint\",\"urlTemplate\":\"https:\/\/acefootball.com\/da\/?s={search_term_string}\"},\"query-input\":\"required name=search_term_string\"}],\"inLanguage\":\"en-US\"},{\"@type\":\"ImageObject\",\"@id\":\"https:\/\/acefootball.com\/da\/fodboldnyheder\/email-koks-skyld-i-bayern-angribers-manglende-landsholdsudtagelse\/#primaryimage\",\"inLanguage\":\"en-US\",\"url\":\"https:\/\/acefootball.com\/da\/wp-content\/uploads\/sites\/2\/2021\/03\/Laes-mere-generel-85-1.jpg\",\"contentUrl\":\"https:\/\/acefootball.com\/da\/wp-content\/uploads\/sites\/2\/2021\/03\/Laes-mere-generel-85-1.jpg\",\"width\":1920,\"height\":1008,\"caption\":\"choupo-moting\"},{\"@type\":\"WebPage\",\"@id\":\"https:\/\/acefootball.com\/da\/fodboldnyheder\/email-koks-skyld-i-bayern-angribers-manglende-landsholdsudtagelse\/#webpage\",\"url\":\"https:\/\/acefootball.com\/da\/fodboldnyheder\/email-koks-skyld-i-bayern-angribers-manglende-landsholdsudtagelse\/\",\"name\":\"Email-koks skyld i Bayern-angribers manglende landsholdsudtagelse\",\"isPartOf\":{\"@id\":\"https:\/\/acefootball.com\/da\/#website\"},\"primaryImageOfPage\":{\"@id\":\"https:\/\/acefootball.com\/da\/fodboldnyheder\/email-koks-skyld-i-bayern-angribers-manglende-landsholdsudtagelse\/#primaryimage\"},\"datePublished\":\"2021-03-22T21:48:42+00:00\",\"dateModified\":\"2021-03-22T21:48:42+00:00\",\"description\":\"Bayern M\u00fcnchens Eric-Maxim Choupo-Moting er ved en fejl ikke blevet udtaget til det camerounske landshold\",\"breadcrumb\":{\"@id\":\"https:\/\/acefootball.com\/da\/fodboldnyheder\/email-koks-skyld-i-bayern-angribers-manglende-landsholdsudtagelse\/#breadcrumb\"},\"inLanguage\":\"en-US\",\"potentialAction\":[{\"@type\":\"ReadAction\",\"target\":[\"https:\/\/acefootball.com\/da\/fodboldnyheder\/email-koks-skyld-i-bayern-angribers-manglende-landsholdsudtagelse\/\"]}]},{\"@type\":\"BreadcrumbList\",\"@id\":\"https:\/\/acefootball.com\/da\/fodboldnyheder\/email-koks-skyld-i-bayern-angribers-manglende-landsholdsudtagelse\/#breadcrumb\",\"itemListElement\":[{\"@type\":\"ListItem\",\"position\":1,\"name\":\"Home\",\"item\":\"https:\/\/acefootball.com\/da\/\"},{\"@type\":\"ListItem\",\"position\":2,\"name\":\"Email-koks skyld i Bayern-angribers manglende landsholdsudtagelse\"}]},{\"@type\":\"Article\",\"@id\":\"https:\/\/acefootball.com\/da\/fodboldnyheder\/email-koks-skyld-i-bayern-angribers-manglende-landsholdsudtagelse\/#article\",\"isPartOf\":{\"@id\":\"https:\/\/acefootball.com\/da\/fodboldnyheder\/email-koks-skyld-i-bayern-angribers-manglende-landsholdsudtagelse\/#webpage\"},\"author\":{\"@id\":\"https:\/\/acefootball.com\/da\/#\/schema\/person\/ee67e9cf04a276f144100ffa722f10cd\"},\"headline\":\"Email-koks skyld i Bayern-angribers manglende landsholdsudtagelse\",\"datePublished\":\"2021-03-22T21:48:42+00:00\",\"dateModified\":\"2021-03-22T21:48:42+00:00\",\"mainEntityOfPage\":{\"@id\":\"https:\/\/acefootball.com\/da\/fodboldnyheder\/email-koks-skyld-i-bayern-angribers-manglende-landsholdsudtagelse\/#webpage\"},\"wordCount\":195,\"commentCount\":0,\"publisher\":{\"@id\":\"https:\/\/acefootball.com\/da\/#organization\"},\"image\":{\"@id\":\"https:\/\/acefootball.com\/da\/fodboldnyheder\/email-koks-skyld-i-bayern-angribers-manglende-landsholdsudtagelse\/#primaryimage\"},\"thumbnailUrl\":\"https:\/\/acefootball.com\/da\/wp-content\/uploads\/sites\/2\/2021\/03\/GettyImages-1280426769.jpg\",\"keywords\":[\"Bayern M\u00fcnchen\",\"Bundesliga\",\"Eric Maxim Choupo-Moting\"],\"articleSection\":[\"Nyhed\"],\"inLanguage\":\"en-US\",\"potentialAction\":[{\"@type\":\"CommentAction\",\"name\":\"Comment\",\"target\":[\"https:\/\/acefootball.com\/da\/fodboldnyheder\/email-koks-skyld-i-bayern-angribers-manglende-landsholdsudtagelse\/#respond\"]}]},{\"@type\":\"Person\",\"@id\":\"https:\/\/acefootball.com\/da\/#\/schema\/person\/ee67e9cf04a276f144100ffa722f10cd\",\"name\":\"Mads Dreyer\",\"image\":{\"@type\":\"ImageObject\",\"@id\":\"https:\/\/acefootball.com\/da\/#personlogo\",\"inLanguage\":\"en-US\",\"url\":\"https:\/\/secure.gravatar.com\/avatar\/7c7abf72cfde9902b6a60efe60c88d4c?s=96&d=mm&r=g\",\"contentUrl\":\"https:\/\/secure.gravatar.com\/avatar\/7c7abf72cfde9902b6a60efe60c88d4c?s=96&d=mm&r=g\",\"caption\":\"Mads Dreyer\"},\"description\":\"Skribent og fodboldn\u00f8rd, der lige nu fort\u00e6ller om alt og intet i fodboldverdenen p\u00e5 acefootball.com. Uddannet i kommunikation fra Aalborg Universitet.\",\"sameAs\":[\"https:\/\/www.linkedin.com\/in\/mads-dreyer-b9b08266\/\"],\"url\":\"https:\/\/acefootball.com\/da\/fodboldnyheder\/author\/mdnronaldo\/\"}]}<\/script>\n<!-- \/ Yoast SEO plugin. -->","yoast_head_json":{"title":"Email-koks skyld i Bayern-angribers manglende landsholdsudtagelse","description":"Bayern M\u00fcnchens Eric-Maxim Choupo-Moting er ved en fejl ikke blevet udtaget til det camerounske landshold","robots":{"index":"index","follow":"follow","max-snippet":"max-snippet:-1","max-image-preview":"max-image-preview:large","max-video-preview":"max-video-preview:-1"},"canonical":"https:\/\/acefootball.com\/da\/fodboldnyheder\/email-koks-skyld-i-bayern-angribers-manglende-landsholdsudtagelse\/","og_locale":"en_US","og_type":"article","og_title":"Email-koks skyld i Bayern-angribers manglende landsholdsudtagelse","og_description":"Bayern M\u00fcnchens Eric-Maxim Choupo-Moting er ved en fejl ikke blevet udtaget til det camerounske landshold","og_url":"https:\/\/acefootball.com\/da\/fodboldnyheder\/email-koks-skyld-i-bayern-angribers-manglende-landsholdsudtagelse\/","og_site_name":"Ace Football Danmark","article_publisher":"https:\/\/www.facebook.com\/acefootballdk","article_published_time":"2021-03-22T21:48:42+00:00","og_image":[{"width":1920,"height":1008,"url":"https:\/\/acefootball.com\/da\/wp-content\/uploads\/sites\/2\/2021\/03\/Laes-mere-generel-85-1.jpg","type":"image\/jpeg"}],"twitter_card":"summary_large_image","twitter_misc":{"Written by":"Mads Dreyer","Est. reading time":"1 minute"},"schema":{"@context":"https:\/\/schema.org","@graph":[{"@type":"Organization","@id":"https:\/\/acefootball.com\/da\/#organization","name":"Ace Football","url":"https:\/\/acefootball.com\/da\/","sameAs":["https:\/\/www.facebook.com\/acefootballdk"],"logo":{"@type":"ImageObject","@id":"https:\/\/acefootball.com\/da\/#logo","inLanguage":"en-US","url":"https:\/\/acefootball.com\/da\/wp-content\/uploads\/sites\/2\/2020\/07\/Ace-Football-30-07-2020-2.png","contentUrl":"https:\/\/acefootball.com\/da\/wp-content\/uploads\/sites\/2\/2020\/07\/Ace-Football-30-07-2020-2.png","width":1200,"height":600,"caption":"Ace Football"},"image":{"@id":"https:\/\/acefootball.com\/da\/#logo"}},{"@type":"WebSite","@id":"https:\/\/acefootball.com\/da\/#website","url":"https:\/\/acefootball.com\/da\/","name":"Ace Football Danmark","description":"Nyheder, Spiltips &amp; Livescore","publisher":{"@id":"https:\/\/acefootball.com\/da\/#organization"},"potentialAction":[{"@type":"SearchAction","target":{"@type":"EntryPoint","urlTemplate":"https:\/\/acefootball.com\/da\/?s={search_term_string}"},"query-input":"required name=search_term_string"}],"inLanguage":"en-US"},{"@type":"ImageObject","@id":"https:\/\/acefootball.com\/da\/fodboldnyheder\/email-koks-skyld-i-bayern-angribers-manglende-landsholdsudtagelse\/#primaryimage","inLanguage":"en-US","url":"https:\/\/acefootball.com\/da\/wp-content\/uploads\/sites\/2\/2021\/03\/Laes-mere-generel-85-1.jpg","contentUrl":"https:\/\/acefootball.com\/da\/wp-content\/uploads\/sites\/2\/2021\/03\/Laes-mere-generel-85-1.jpg","width":1920,"height":1008,"caption":"choupo-moting"},{"@type":"WebPage","@id":"https:\/\/acefootball.com\/da\/fodboldnyheder\/email-koks-skyld-i-bayern-angribers-manglende-landsholdsudtagelse\/#webpage","url":"https:\/\/acefootball.com\/da\/fodboldnyheder\/email-koks-skyld-i-bayern-angribers-manglende-landsholdsudtagelse\/","name":"Email-koks skyld i Bayern-angribers manglende landsholdsudtagelse","isPartOf":{"@id":"https:\/\/acefootball.com\/da\/#website"},"primaryImageOfPage":{"@id":"https:\/\/acefootball.com\/da\/fodboldnyheder\/email-koks-skyld-i-bayern-angribers-manglende-landsholdsudtagelse\/#primaryimage"},"datePublished":"2021-03-22T21:48:42+00:00","dateModified":"2021-03-22T21:48:42+00:00","description":"Bayern M\u00fcnchens Eric-Maxim Choupo-Moting er ved en fejl ikke blevet udtaget til det camerounske landshold","breadcrumb":{"@id":"https:\/\/acefootball.com\/da\/fodboldnyheder\/email-koks-skyld-i-bayern-angribers-manglende-landsholdsudtagelse\/#breadcrumb"},"inLanguage":"en-US","potentialAction":[{"@type":"ReadAction","target":["https:\/\/acefootball.com\/da\/fodboldnyheder\/email-koks-skyld-i-bayern-angribers-manglende-landsholdsudtagelse\/"]}]},{"@type":"BreadcrumbList","@id":"https:\/\/acefootball.com\/da\/fodboldnyheder\/email-koks-skyld-i-bayern-angribers-manglende-landsholdsudtagelse\/#breadcrumb","itemListElement":[{"@type":"ListItem","position":1,"name":"Home","item":"https:\/\/acefootball.com\/da\/"},{"@type":"ListItem","position":2,"name":"Email-koks skyld i Bayern-angribers manglende landsholdsudtagelse"}]},{"@type":"Article","@id":"https:\/\/acefootball.com\/da\/fodboldnyheder\/email-koks-skyld-i-bayern-angribers-manglende-landsholdsudtagelse\/#article","isPartOf":{"@id":"https:\/\/acefootball.com\/da\/fodboldnyheder\/email-koks-skyld-i-bayern-angribers-manglende-landsholdsudtagelse\/#webpage"},"author":{"@id":"https:\/\/acefootball.com\/da\/#\/schema\/person\/ee67e9cf04a276f144100ffa722f10cd"},"headline":"Email-koks skyld i Bayern-angribers manglende landsholdsudtagelse","datePublished":"2021-03-22T21:48:42+00:00","dateModified":"2021-03-22T21:48:42+00:00","mainEntityOfPage":{"@id":"https:\/\/acefootball.com\/da\/fodboldnyheder\/email-koks-skyld-i-bayern-angribers-manglende-landsholdsudtagelse\/#webpage"},"wordCount":195,"commentCount":0,"publisher":{"@id":"https:\/\/acefootball.com\/da\/#organization"},"image":{"@id":"https:\/\/acefootball.com\/da\/fodboldnyheder\/email-koks-skyld-i-bayern-angribers-manglende-landsholdsudtagelse\/#primaryimage"},"thumbnailUrl":"https:\/\/acefootball.com\/da\/wp-content\/uploads\/sites\/2\/2021\/03\/GettyImages-1280426769.jpg","keywords":["Bayern M\u00fcnchen","Bundesliga","Eric Maxim Choupo-Moting"],"articleSection":["Nyhed"],"inLanguage":"en-US","potentialAction":[{"@type":"CommentAction","name":"Comment","target":["https:\/\/acefootball.com\/da\/fodboldnyheder\/email-koks-skyld-i-bayern-angribers-manglende-landsholdsudtagelse\/#respond"]}]},{"@type":"Person","@id":"https:\/\/acefootball.com\/da\/#\/schema\/person\/ee67e9cf04a276f144100ffa722f10cd","name":"Mads Dreyer","image":{"@type":"ImageObject","@id":"https:\/\/acefootball.com\/da\/#personlogo","inLanguage":"en-US","url":"https:\/\/secure.gravatar.com\/avatar\/7c7abf72cfde9902b6a60efe60c88d4c?s=96&d=mm&r=g","contentUrl":"https:\/\/secure.gravatar.com\/avatar\/7c7abf72cfde9902b6a60efe60c88d4c?s=96&d=mm&r=g","caption":"Mads Dreyer"},"description":"Skribent og fodboldn\u00f8rd, der lige nu fort\u00e6ller om alt og intet i fodboldverdenen p\u00e5 acefootball.com. Uddannet i kommunikation fra Aalborg Universitet.","sameAs":["https:\/\/www.linkedin.com\/in\/mads-dreyer-b9b08266\/"],"url":"https:\/\/acefootball.com\/da\/fodboldnyheder\/author\/mdnronaldo\/"}]}},"fimg_url":"https:\/\/acefootball.com\/da\/wp-content\/uploads\/sites\/2\/2021\/03\/GettyImages-1280426769.jpg","_links":{"self":[{"href":"https:\/\/acefootball.com\/da\/wp-json\/wp\/v2\/posts\/255432"}],"collection":[{"href":"https:\/\/acefootball.com\/da\/wp-json\/wp\/v2\/posts"}],"about":[{"href":"https:\/\/acefootball.com\/da\/wp-json\/wp\/v2\/types\/post"}],"author":[{"embeddable":true,"href":"https:\/\/acefootball.com\/da\/wp-json\/wp\/v2\/users\/705"}],"replies":[{"embeddable":true,"href":"https:\/\/acefootball.com\/da\/wp-json\/wp\/v2\/comments?post=255432"}],"version-history":[{"count":0,"href":"https:\/\/acefootball.com\/da\/wp-json\/wp\/v2\/posts\/255432\/revisions"}],"wp:featuredmedia":[{"embeddable":true,"href":"https:\/\/acefootball.com\/da\/wp-json\/wp\/v2\/media\/255433"}],"wp:attachment":[{"href":"https:\/\/acefootball.com\/da\/wp-json\/wp\/v2\/media?parent=255432"}],"wp:term":[{"taxonomy":"category","embeddable":true,"href":"https:\/\/acefootball.com\/da\/wp-json\/wp\/v2\/categories?post=255432"},{"taxonomy":"post_tag","embeddable":true,"href":"https:\/\/acefootball.com\/da\/wp-json\/wp\/v2\/tags?post=255432"}],"curies":[{"name":"wp","href":"https:\/\/api.w.org\/{rel}","templated":true}]}}